{"id":14764,"date":"2023-11-20T12:23:25","date_gmt":"2023-11-20T11:23:25","guid":{"rendered":"https:\/\/www.asajacyl.com\/palencia\/?p=14764"},"modified":"2023-11-20T12:23:27","modified_gmt":"2023-11-20T11:23:27","slug":"los-empleados-de-asaja-en-castilla-y-leon-celebran-su-xiii-convencion-en-el-bierzo","status":"publish","type":"post","link":"https:\/\/www.asajacyl.com\/palencia\/asaja-palencia-informa\/los-empleados-de-asaja-en-castilla-y-leon-celebran-su-xiii-convencion-en-el-bierzo","title":{"rendered":"Los empleados de ASAJA en Castilla y Le\u00f3n celebran su XIII Convenci\u00f3n en El Bierzo"},"content":{"rendered":"\n<h2 class=\"wp-block-heading\">El Bierzo acogi\u00f3 el viernes 17 y el s\u00e1bado 18 de noviembre la XIII Convenci\u00f3n de Empleados de ASAJA en Castilla y Le\u00f3n, que ha reunido a cerca de 160 profesionales que trabajan en la principal organizaci\u00f3n agraria de la comunidad aut\u00f3noma, as\u00ed como a sus m\u00e1ximos directivos regionales y provinciales.<\/h2>\n\n\n\n<figure class=\"wp-block-image size-large is-resized\"><img loading=\"lazy\" decoding=\"async\" src=\"https:\/\/www.asajacyl.com\/palencia\/wp-content\/uploads\/sites\/3\/2023\/11\/Convencion-ret-empleados-ASAJA-Ponferrada-1024x468.jpg\" alt=\"\" class=\"wp-image-14765\" width=\"1067\" height=\"510\" \/><figcaption class=\"wp-element-caption\">Plantilla de trabajadores y directivos de ASAJA en Castilla y Le\u00f3n, durante la d\u00e9cimo tercera convenci\u00f3n celebrada en El Bierzo.<\/figcaption><\/figure>\n\n\n\n<p>Se cumple la d\u00e9cimo tercera edici\u00f3n de este encuentro, que se celebra anualmente, y que por primera vez tuvo una sede fuera de una capital de las nueve provincias. ASAJA se ha trasladado a Ponferrada, la capital berciana, para este encuentro de trabajo con los 157 empleados de las nueve organizaciones provinciales y de la regional que desempe\u00f1an su labor de informaci\u00f3n, formaci\u00f3n, asesoramiento y gesti\u00f3n de ayudas, as\u00ed como toda la acci\u00f3n de defensa del sector agroganadero, procedentes de las cuarenta y cinco oficinas distribuidas por todo el territorio de Castilla y Le\u00f3n (entre ellas, la de Ponferrada).<\/p>\n\n\n\n<p>En la inauguraci\u00f3n del encuentro, en el Hotel Ponferrada Plaza, intervinieron el alcalde de la localidad, Marco Antonio Morala; el presidente de ASAJA-Castilla y Le\u00f3n, Donaciano Dujo; el presidente de ASAJA Le\u00f3n, Arsenio Garc\u00eda Vidal; y la vicepresidenta y delegada de ASAJA en El Bierzo, Bego\u00f1a Bello. Asimismo, tambi\u00e9n particip\u00f3 el secretario general de la organizaci\u00f3n a nivel regional, Jos\u00e9 Antonio Turrado, que habl\u00f3 a los empleados sobre los objetivos de la jornada, adem\u00e1s de ofrecer un balance sobre el \u00faltimo a\u00f1o en la vida de ASAJA-Castilla y Le\u00f3n. <\/p>\n\n\n\n<p><strong>MULTIDISCIPLINAR. <\/strong>Seguidamente, se iniciaron las conferencias y mesas de trabajo, donde se abordaron aspectos como la ciberseguridad, la aplicaci\u00f3n de las nuevas tecnolog\u00edas en la gesti\u00f3n de explotaciones (en concreto, la aplicaci\u00f3n del cuaderno digital de explotaci\u00f3n), la gesti\u00f3n del seguro agrario y de otros seguros generales que ofrece nuestra organizaci\u00f3n, la incorporaci\u00f3n de j\u00f3venes al campo, la gesti\u00f3n de la PAC, la modernizaci\u00f3n de las explotaciones, la fiscalidad y los temas laborales, entre otros. <\/p>\n\n\n\n<p>Los participantes se trasladaron el s\u00e1bado a Villafranca del Bierzo para visitar las instalaciones de Casta\u00f1as Campelo, una empresa puntera agroalimentaria centrada en el envasado y elaboraci\u00f3n de casta\u00f1as y sus derivados, as\u00ed como en el envasado de ajos y cebollas.<\/p>\n\n\n\n<p>La esencia de esta organizaci\u00f3n agraria, mayoritaria en Castilla y Le\u00f3n \u2014y tambi\u00e9n en la comarca de El Bierzo\u2014, como se acredit\u00f3 en las elecciones agrarias del mes de febrero de este a\u00f1o, es defender los intereses del sector reivindicando mejoras de la profesi\u00f3n ante las administraciones p\u00fablicas y ante las empresas del sector agroalimentario que compran los productos, labor que asumen los dirigentes de la entidad, como destac\u00f3 su presidente regional, Donaciano Dujo.<\/p>\n\n\n\n<p>Los empleados de la organizaci\u00f3n, con formaci\u00f3n t\u00e9cnica en diferentes \u00e1reas, tienen el cometido de sacar adelante los programas de formaci\u00f3n, asesoramiento t\u00e9cnico y jur\u00eddico, gesti\u00f3n de las ayudas, contrataci\u00f3n de los seguros agrarios y generales, la contabilidad y fiscalidad, el asesoramiento laboral, los programas de incorporaci\u00f3n de j\u00f3venes al sector agrario y, en definitiva, todos los tr\u00e1mites necesarios en la gesti\u00f3n de una explotaci\u00f3n agr\u00edcola o ganadera. <\/p>\n\n\n\n<p><strong>ENTIDAD COLABORADORA. <\/strong>Este trabajo se ver\u00e1 reforzado con el reconocimiento como entidad colaboradora que est\u00e1 a punto de aprobar la Junta de Castilla y Le\u00f3n, con rango de decreto legislativo, desarrollando lo establecido sobre esta cuesti\u00f3n en la Ley Agraria de Castilla y Le\u00f3n (2014).<\/p>\n\n\n\n<p>El equipo de profesionales de ASAJA es la cara visible de nuestra organizaci\u00f3n, en quienes conf\u00edan los agricultores y ganaderos y a quienes consultan cualquier tipo de problema relacionado con sus explotaciones, tanto de car\u00e1cter econ\u00f3mico y laboral, como t\u00e9cnico.<\/p>\n\n\n\n<p>ASAJA entiende que ser la organizaci\u00f3n agraria mayoritaria del campo de Castilla y Le\u00f3n le obliga a ir tambi\u00e9n en cabeza a la hora de ampliar y renovar conocimientos para dar los mejores servicios a los profesionales de la agricultura y la ganader\u00eda. En ese compromiso se enmarcan estos encuentros anuales que actualizan los conocimientos y la preparaci\u00f3n de la plantilla, adem\u00e1s de servir de intercambio de experiencias y procedimientos entre los profesionales de las diversas provincias de la comunidad y de la oficina regional.<strong>\/<\/strong><\/p>\n","protected":false},"excerpt":{"rendered":"<p>El Bierzo acogi\u00f3 el viernes 17 y el s\u00e1bado 18 de noviembre la XIII Convenci\u00f3n de Empleados de ASAJA en Castilla y Le\u00f3n, que ha reunido a cerca de 160 profesionales que trabajan en la principal organizaci\u00f3n agraria de la comunidad aut\u00f3noma, as\u00ed como a sus m\u00e1ximos directivos regionales y provinciales. Se cumple la d\u00e9cimo [&hellip;]<\/p>\n","protected":false},"author":9,"featured_media":14766,"comment_status":"open","ping_status":"open","sticky":false,"template":"","format":"standard","meta":{"footnotes":""},"categories":[9,28],"tags":[58,142,351,107,77,215,66,110,127],"yoast_head":"<!-- This site is optimized with the Yoast SEO plugin v24.5 - https:\/\/yoast.com\/wordpress\/plugins\/seo\/ -->\n<title>Los empleados de ASAJA en Castilla y Le\u00f3n celebran su XIII Convenci\u00f3n en El Bierzo - ASAJA Palencia<\/title>\n<meta name=\"description\" content=\"El Bierzo acogi\u00f3 el viernes 17 y el s\u00e1bado 18 de noviembre la XIII Convenci\u00f3n de Empleados de ASAJA en Castilla y Le\u00f3n, que ha reunido a cerca de 160\" \/>\n<meta name=\"robots\" content=\"index, follow, max-snippet:-1, max-image-preview:large, max-video-preview:-1\" \/>\n<link rel=\"canonical\" href=\"https:\/\/www.asajacyl.com\/palencia\/asaja-palencia-informa\/los-empleados-de-asaja-en-castilla-y-leon-celebran-su-xiii-convencion-en-el-bierzo\" \/>\n<meta property=\"og:locale\" content=\"es_ES\" \/>\n<meta property=\"og:type\" content=\"article\" \/>\n<meta property=\"og:title\" content=\"Los empleados de ASAJA en Castilla y Le\u00f3n celebran su XIII Convenci\u00f3n en El Bierzo - ASAJA Palencia\" \/>\n<meta property=\"og:description\" content=\"El Bierzo acogi\u00f3 el viernes 17 y el s\u00e1bado 18 de noviembre la XIII Convenci\u00f3n de Empleados de ASAJA en Castilla y Le\u00f3n, que ha reunido a cerca de 160\" \/>\n<meta property=\"og:url\" content=\"https:\/\/www.asajacyl.com\/palencia\/asaja-palencia-informa\/los-empleados-de-asaja-en-castilla-y-leon-celebran-su-xiii-convencion-en-el-bierzo\" \/>\n<meta property=\"og:site_name\" content=\"ASAJA Palencia\" \/>\n<meta property=\"article:published_time\" content=\"2023-11-20T11:23:25+00:00\" \/>\n<meta property=\"article:modified_time\" content=\"2023-11-20T11:23:27+00:00\" \/>\n<meta property=\"og:image\" content=\"https:\/\/www.asajacyl.com\/palencia\/wp-content\/uploads\/sites\/3\/2023\/11\/Convencion-ret-empleados-ASAJA-Ponferrada-1.jpg\" \/>\n\t<meta property=\"og:image:width\" content=\"2500\" \/>\n\t<meta property=\"og:image:height\" content=\"1143\" \/>\n\t<meta property=\"og:image:type\" content=\"image\/jpeg\" \/>\n<meta name=\"author\" content=\"Administrador\" \/>\n<meta name=\"twitter:card\" content=\"summary_large_image\" \/>\n<meta name=\"twitter:label1\" content=\"Escrito por\" \/>\n\t<meta name=\"twitter:data1\" content=\"Administrador\" \/>\n\t<meta name=\"twitter:label2\" content=\"Tiempo de lectura\" \/>\n\t<meta name=\"twitter:data2\" content=\"4 minutos\" \/>\n<script type=\"application\/ld+json\" class=\"yoast-schema-graph\">{\"@context\":\"https:\/\/schema.org\",\"@graph\":[{\"@type\":\"WebPage\",\"@id\":\"https:\/\/www.asajacyl.com\/palencia\/asaja-palencia-informa\/los-empleados-de-asaja-en-castilla-y-leon-celebran-su-xiii-convencion-en-el-bierzo\",\"url\":\"https:\/\/www.asajacyl.com\/palencia\/asaja-palencia-informa\/los-empleados-de-asaja-en-castilla-y-leon-celebran-su-xiii-convencion-en-el-bierzo\",\"name\":\"Los empleados de ASAJA en Castilla y Le\u00f3n celebran su XIII Convenci\u00f3n en El Bierzo - ASAJA Palencia\",\"isPartOf\":{\"@id\":\"https:\/\/www.asajacyl.com\/palencia\/#website\"},\"primaryImageOfPage\":{\"@id\":\"https:\/\/www.asajacyl.com\/palencia\/asaja-palencia-informa\/los-empleados-de-asaja-en-castilla-y-leon-celebran-su-xiii-convencion-en-el-bierzo#primaryimage\"},\"image\":{\"@id\":\"https:\/\/www.asajacyl.com\/palencia\/asaja-palencia-informa\/los-empleados-de-asaja-en-castilla-y-leon-celebran-su-xiii-convencion-en-el-bierzo#primaryimage\"},\"thumbnailUrl\":\"https:\/\/www.asajacyl.com\/palencia\/wp-content\/uploads\/sites\/3\/2023\/11\/Convencion-ret-empleados-ASAJA-Ponferrada-1.jpg\",\"datePublished\":\"2023-11-20T11:23:25+00:00\",\"dateModified\":\"2023-11-20T11:23:27+00:00\",\"author\":{\"@id\":\"https:\/\/www.asajacyl.com\/palencia\/#\/schema\/person\/3ab17aeb03527485c317557fae64aab1\"},\"description\":\"El Bierzo acogi\u00f3 el viernes 17 y el s\u00e1bado 18 de noviembre la XIII Convenci\u00f3n de Empleados de ASAJA en Castilla y Le\u00f3n, que ha reunido a cerca de 160\",\"breadcrumb\":{\"@id\":\"https:\/\/www.asajacyl.com\/palencia\/asaja-palencia-informa\/los-empleados-de-asaja-en-castilla-y-leon-celebran-su-xiii-convencion-en-el-bierzo#breadcrumb\"},\"inLanguage\":\"es\",\"potentialAction\":[{\"@type\":\"ReadAction\",\"target\":[\"https:\/\/www.asajacyl.com\/palencia\/asaja-palencia-informa\/los-empleados-de-asaja-en-castilla-y-leon-celebran-su-xiii-convencion-en-el-bierzo\"]}]},{\"@type\":\"ImageObject\",\"inLanguage\":\"es\",\"@id\":\"https:\/\/www.asajacyl.com\/palencia\/asaja-palencia-informa\/los-empleados-de-asaja-en-castilla-y-leon-celebran-su-xiii-convencion-en-el-bierzo#primaryimage\",\"url\":\"https:\/\/www.asajacyl.com\/palencia\/wp-content\/uploads\/sites\/3\/2023\/11\/Convencion-ret-empleados-ASAJA-Ponferrada-1.jpg\",\"contentUrl\":\"https:\/\/www.asajacyl.com\/palencia\/wp-content\/uploads\/sites\/3\/2023\/11\/Convencion-ret-empleados-ASAJA-Ponferrada-1.jpg\",\"width\":2500,\"height\":1143},{\"@type\":\"BreadcrumbList\",\"@id\":\"https:\/\/www.asajacyl.com\/palencia\/asaja-palencia-informa\/los-empleados-de-asaja-en-castilla-y-leon-celebran-su-xiii-convencion-en-el-bierzo#breadcrumb\",\"itemListElement\":[{\"@type\":\"ListItem\",\"position\":1,\"name\":\"Portada\",\"item\":\"https:\/\/www.asajacyl.com\/palencia\/\"},{\"@type\":\"ListItem\",\"position\":2,\"name\":\"Los empleados de ASAJA en Castilla y Le\u00f3n celebran su XIII Convenci\u00f3n en El Bierzo\"}]},{\"@type\":\"WebSite\",\"@id\":\"https:\/\/www.asajacyl.com\/palencia\/#website\",\"url\":\"https:\/\/www.asajacyl.com\/palencia\/\",\"name\":\"ASAJA Palencia\",\"description\":\"Otro sitio m\u00e1s de Provincias ASAJA Castilla y Le\u00f3n\",\"potentialAction\":[{\"@type\":\"SearchAction\",\"target\":{\"@type\":\"EntryPoint\",\"urlTemplate\":\"https:\/\/www.asajacyl.com\/palencia\/?s={search_term_string}\"},\"query-input\":{\"@type\":\"PropertyValueSpecification\",\"valueRequired\":true,\"valueName\":\"search_term_string\"}}],\"inLanguage\":\"es\"},{\"@type\":\"Person\",\"@id\":\"https:\/\/www.asajacyl.com\/palencia\/#\/schema\/person\/3ab17aeb03527485c317557fae64aab1\",\"name\":\"Administrador\",\"image\":{\"@type\":\"ImageObject\",\"inLanguage\":\"es\",\"@id\":\"https:\/\/www.asajacyl.com\/palencia\/#\/schema\/person\/image\/\",\"url\":\"https:\/\/secure.gravatar.com\/avatar\/517384810d242ca9e38c180f3c9fb973?s=96&d=mm&r=g\",\"contentUrl\":\"https:\/\/secure.gravatar.com\/avatar\/517384810d242ca9e38c180f3c9fb973?s=96&d=mm&r=g\",\"caption\":\"Administrador\"},\"url\":\"https:\/\/www.asajacyl.com\/palencia\/author\/carlosrm\"}]}<\/script>\n<!-- \/ Yoast SEO plugin. -->","yoast_head_json":{"title":"Los empleados de ASAJA en Castilla y Le\u00f3n celebran su XIII Convenci\u00f3n en El Bierzo - ASAJA Palencia","description":"El Bierzo acogi\u00f3 el viernes 17 y el s\u00e1bado 18 de noviembre la XIII Convenci\u00f3n de Empleados de ASAJA en Castilla y Le\u00f3n, que ha reunido a cerca de 160","robots":{"index":"index","follow":"follow","max-snippet":"max-snippet:-1","max-image-preview":"max-image-preview:large","max-video-preview":"max-video-preview:-1"},"canonical":"https:\/\/www.asajacyl.com\/palencia\/asaja-palencia-informa\/los-empleados-de-asaja-en-castilla-y-leon-celebran-su-xiii-convencion-en-el-bierzo","og_locale":"es_ES","og_type":"article","og_title":"Los empleados de ASAJA en Castilla y Le\u00f3n celebran su XIII Convenci\u00f3n en El Bierzo - ASAJA Palencia","og_description":"El Bierzo acogi\u00f3 el viernes 17 y el s\u00e1bado 18 de noviembre la XIII Convenci\u00f3n de Empleados de ASAJA en Castilla y Le\u00f3n, que ha reunido a cerca de 160","og_url":"https:\/\/www.asajacyl.com\/palencia\/asaja-palencia-informa\/los-empleados-de-asaja-en-castilla-y-leon-celebran-su-xiii-convencion-en-el-bierzo","og_site_name":"ASAJA Palencia","article_published_time":"2023-11-20T11:23:25+00:00","article_modified_time":"2023-11-20T11:23:27+00:00","og_image":[{"width":2500,"height":1143,"url":"https:\/\/www.asajacyl.com\/palencia\/wp-content\/uploads\/sites\/3\/2023\/11\/Convencion-ret-empleados-ASAJA-Ponferrada-1.jpg","type":"image\/jpeg"}],"author":"Administrador","twitter_card":"summary_large_image","twitter_misc":{"Escrito por":"Administrador","Tiempo de lectura":"4 minutos"},"schema":{"@context":"https:\/\/schema.org","@graph":[{"@type":"WebPage","@id":"https:\/\/www.asajacyl.com\/palencia\/asaja-palencia-informa\/los-empleados-de-asaja-en-castilla-y-leon-celebran-su-xiii-convencion-en-el-bierzo","url":"https:\/\/www.asajacyl.com\/palencia\/asaja-palencia-informa\/los-empleados-de-asaja-en-castilla-y-leon-celebran-su-xiii-convencion-en-el-bierzo","name":"Los empleados de ASAJA en Castilla y Le\u00f3n celebran su XIII Convenci\u00f3n en El Bierzo - ASAJA Palencia","isPartOf":{"@id":"https:\/\/www.asajacyl.com\/palencia\/#website"},"primaryImageOfPage":{"@id":"https:\/\/www.asajacyl.com\/palencia\/asaja-palencia-informa\/los-empleados-de-asaja-en-castilla-y-leon-celebran-su-xiii-convencion-en-el-bierzo#primaryimage"},"image":{"@id":"https:\/\/www.asajacyl.com\/palencia\/asaja-palencia-informa\/los-empleados-de-asaja-en-castilla-y-leon-celebran-su-xiii-convencion-en-el-bierzo#primaryimage"},"thumbnailUrl":"https:\/\/www.asajacyl.com\/palencia\/wp-content\/uploads\/sites\/3\/2023\/11\/Convencion-ret-empleados-ASAJA-Ponferrada-1.jpg","datePublished":"2023-11-20T11:23:25+00:00","dateModified":"2023-11-20T11:23:27+00:00","author":{"@id":"https:\/\/www.asajacyl.com\/palencia\/#\/schema\/person\/3ab17aeb03527485c317557fae64aab1"},"description":"El Bierzo acogi\u00f3 el viernes 17 y el s\u00e1bado 18 de noviembre la XIII Convenci\u00f3n de Empleados de ASAJA en Castilla y Le\u00f3n, que ha reunido a cerca de 160","breadcrumb":{"@id":"https:\/\/www.asajacyl.com\/palencia\/asaja-palencia-informa\/los-empleados-de-asaja-en-castilla-y-leon-celebran-su-xiii-convencion-en-el-bierzo#breadcrumb"},"inLanguage":"es","potentialAction":[{"@type":"ReadAction","target":["https:\/\/www.asajacyl.com\/palencia\/asaja-palencia-informa\/los-empleados-de-asaja-en-castilla-y-leon-celebran-su-xiii-convencion-en-el-bierzo"]}]},{"@type":"ImageObject","inLanguage":"es","@id":"https:\/\/www.asajacyl.com\/palencia\/asaja-palencia-informa\/los-empleados-de-asaja-en-castilla-y-leon-celebran-su-xiii-convencion-en-el-bierzo#primaryimage","url":"https:\/\/www.asajacyl.com\/palencia\/wp-content\/uploads\/sites\/3\/2023\/11\/Convencion-ret-empleados-ASAJA-Ponferrada-1.jpg","contentUrl":"https:\/\/www.asajacyl.com\/palencia\/wp-content\/uploads\/sites\/3\/2023\/11\/Convencion-ret-empleados-ASAJA-Ponferrada-1.jpg","width":2500,"height":1143},{"@type":"BreadcrumbList","@id":"https:\/\/www.asajacyl.com\/palencia\/asaja-palencia-informa\/los-empleados-de-asaja-en-castilla-y-leon-celebran-su-xiii-convencion-en-el-bierzo#breadcrumb","itemListElement":[{"@type":"ListItem","position":1,"name":"Portada","item":"https:\/\/www.asajacyl.com\/palencia\/"},{"@type":"ListItem","position":2,"name":"Los empleados de ASAJA en Castilla y Le\u00f3n celebran su XIII Convenci\u00f3n en El Bierzo"}]},{"@type":"WebSite","@id":"https:\/\/www.asajacyl.com\/palencia\/#website","url":"https:\/\/www.asajacyl.com\/palencia\/","name":"ASAJA Palencia","description":"Otro sitio m\u00e1s de Provincias ASAJA Castilla y Le\u00f3n","potentialAction":[{"@type":"SearchAction","target":{"@type":"EntryPoint","urlTemplate":"https:\/\/www.asajacyl.com\/palencia\/?s={search_term_string}"},"query-input":{"@type":"PropertyValueSpecification","valueRequired":true,"valueName":"search_term_string"}}],"inLanguage":"es"},{"@type":"Person","@id":"https:\/\/www.asajacyl.com\/palencia\/#\/schema\/person\/3ab17aeb03527485c317557fae64aab1","name":"Administrador","image":{"@type":"ImageObject","inLanguage":"es","@id":"https:\/\/www.asajacyl.com\/palencia\/#\/schema\/person\/image\/","url":"https:\/\/secure.gravatar.com\/avatar\/517384810d242ca9e38c180f3c9fb973?s=96&d=mm&r=g","contentUrl":"https:\/\/secure.gravatar.com\/avatar\/517384810d242ca9e38c180f3c9fb973?s=96&d=mm&r=g","caption":"Administrador"},"url":"https:\/\/www.asajacyl.com\/palencia\/author\/carlosrm"}]}},"_links":{"self":[{"href":"https:\/\/www.asajacyl.com\/palencia\/wp-json\/wp\/v2\/posts\/14764"}],"collection":[{"href":"https:\/\/www.asajacyl.com\/palencia\/wp-json\/wp\/v2\/posts"}],"about":[{"href":"https:\/\/www.asajacyl.com\/palencia\/wp-json\/wp\/v2\/types\/post"}],"author":[{"embeddable":true,"href":"https:\/\/www.asajacyl.com\/palencia\/wp-json\/wp\/v2\/users\/9"}],"replies":[{"embeddable":true,"href":"https:\/\/www.asajacyl.com\/palencia\/wp-json\/wp\/v2\/comments?post=14764"}],"version-history":[{"count":1,"href":"https:\/\/www.asajacyl.com\/palencia\/wp-json\/wp\/v2\/posts\/14764\/revisions"}],"predecessor-version":[{"id":14767,"href":"https:\/\/www.asajacyl.com\/palencia\/wp-json\/wp\/v2\/posts\/14764\/revisions\/14767"}],"wp:featuredmedia":[{"embeddable":true,"href":"https:\/\/www.asajacyl.com\/palencia\/wp-json\/wp\/v2\/media\/14766"}],"wp:attachment":[{"href":"https:\/\/www.asajacyl.com\/palencia\/wp-json\/wp\/v2\/media?parent=14764"}],"wp:term":[{"taxonomy":"category","embeddable":true,"href":"https:\/\/www.asajacyl.com\/palencia\/wp-json\/wp\/v2\/categories?post=14764"},{"taxonomy":"post_tag","embeddable":true,"href":"https:\/\/www.asajacyl.com\/palencia\/wp-json\/wp\/v2\/tags?post=14764"}],"curies":[{"name":"wp","href":"https:\/\/api.w.org\/{rel}","templated":true}]}}