{"id":14768,"date":"2023-11-21T13:26:28","date_gmt":"2023-11-21T12:26:28","guid":{"rendered":"https:\/\/www.asajacyl.com\/palencia\/?p=14768"},"modified":"2023-11-22T09:11:46","modified_gmt":"2023-11-22T08:11:46","slug":"asaja-recuerda-que-250-000-euros-es-el-limite-de-ventas-anual-de-2023-para-poder-tributar-en-modulos","status":"publish","type":"post","link":"https:\/\/www.asajacyl.com\/palencia\/asaja-palencia-informa\/asaja-recuerda-que-250-000-euros-es-el-limite-de-ventas-anual-de-2023-para-poder-tributar-en-modulos","title":{"rendered":"ASAJA recuerda que 250.000 euros es el l\u00edmite de ventas anual de 2023 para poder tributar en m\u00f3dulos"},"content":{"rendered":"\n<h2 class=\"wp-block-heading\">ASAJA recuerda que el volumen anual de ventas para permanecer en el&nbsp;<strong>sistema fiscal de m\u00f3dulos de la agricultura<\/strong> en 2023 sigue fijado en 250.000 euros anuales, incluido el IVA, y sin tener en cuenta ni subvenciones ni indemnizaciones. Los agricultores y ganaderos que hayan facturado m\u00e1s de esa cantidad al finalizar el ejercicio actual necesariamente habr\u00e1n de abandonar el sistema fiscal de m\u00f3dulos y permanecer en el nuevo sistema al menos tres a\u00f1os.<\/h2>\n\n\n\n<p>El r\u00e9gimen especial de la agricultura, ganader\u00eda y pesca se aplica a los titulares de explotaciones agr\u00edcolas, ganaderas, forestales o pesqueras que no hayan renunciado ni est\u00e9n excluidos de \u00e9l.<\/p>\n\n\n\n<p>La&nbsp;<strong>renuncia<\/strong>&nbsp;se realiza:<\/p>\n\n\n\n<ol>\n<li>Expresamente, presentando el modelo 036 \u00f3 037 de declaraci\u00f3n censal de comienzo, o el mes de diciembre anterior al inicio del a\u00f1o natural en que debe surtir efecto.<\/li>\n\n\n\n<li>T\u00e1citamente, cuando la declaraci\u00f3n-liquidaci\u00f3n del primer trimestre del a\u00f1o natural (o la primera declaraci\u00f3n-liquidaci\u00f3n tras comienzo de actividad) se presente en plazo, aplicando el r\u00e9gimen general en el modelo 303.<\/li>\n<\/ol>\n\n\n\n<p>La renuncia produce efectos durante&nbsp;<strong>un per\u00edodo m\u00ednimo de tres a\u00f1os<\/strong>&nbsp;y se entender\u00e1 prorrogada t\u00e1citamente en los a\u00f1os siguientes, salvo que se revoque el diciembre anterior al a\u00f1o natural en que deba surtir efecto. <\/p>\n\n\n\n<p>La renuncia al r\u00e9gimen de la agricultura, ganader\u00eda y pesca <strong>determina la renuncia a la estimaci\u00f3n objetiva de IRPF y la exclusi\u00f3n del r\u00e9gimen simplificado del IVA<\/strong>, lo que puede tener un impacto significativo en la carga fiscal de los empresarios y profesionales del sector.<\/p>\n\n\n\n<p>Quedan&nbsp;<strong>excluidos<\/strong>&nbsp;y no pueden acogerse al r\u00e9gimen especial de la agricultura, ganader\u00eda y pesca :<\/p>\n\n\n\n<ul>\n<li>Las sociedades mercantiles.<\/li>\n\n\n\n<li>Las sociedades cooperativas y sociedades agrarias de transformaci\u00f3n.<\/li>\n\n\n\n<li>Quienes realicen operaciones en las actividades comprendidas en este r\u00e9gimen el a\u00f1o anterior por importe que supere los&nbsp;<strong>250.000 euros (IVA incluido)<\/strong>.<\/li>\n\n\n\n<li>Quienes el a\u00f1o inmediato anterior superen los 250.000 euros para la totalidad de las operaciones realizadas, distintas de las comprendidas en este r\u00e9gimen especial.<\/li>\n\n\n\n<li>Los empresarios o profesionales que hubiesen renunciado a la aplicaci\u00f3n del r\u00e9gimen de estimaci\u00f3n objetiva del IRPF por cualquiera de sus actividades econ\u00f3micas.<\/li>\n\n\n\n<li>Los empresarios o profesionales que hubieran renunciado a la aplicaci\u00f3n del r\u00e9gimen simplificado.<\/li>\n\n\n\n<li>Aquellos empresarios o profesionales cuyas adquisiciones e importaciones de bienes y servicios para el conjunto de sus actividades empresariales o profesionales hayan superado en el a\u00f1o anterior&nbsp;<strong>250.000 euros<\/strong>&nbsp;anuales, IVA excluido (sin tener en cuenta las adquisiciones de inmovilizado).<strong>\/<\/strong><\/li>\n<\/ul>\n","protected":false},"excerpt":{"rendered":"<p>ASAJA recuerda que el volumen anual de ventas para permanecer en el&nbsp;sistema fiscal de m\u00f3dulos de la agricultura en 2023 sigue fijado en 250.000 euros anuales, incluido el IVA, y sin tener en cuenta ni subvenciones ni indemnizaciones. Los agricultores y ganaderos que hayan facturado m\u00e1s de esa cantidad al finalizar el ejercicio actual necesariamente [&hellip;]<\/p>\n","protected":false},"author":9,"featured_media":14779,"comment_status":"open","ping_status":"open","sticky":false,"template":"","format":"standard","meta":{"footnotes":""},"categories":[9,31,29,28,13],"tags":[58,128,77,280,582,584,129],"yoast_head":"<!-- This site is optimized with the Yoast SEO plugin v24.5 - https:\/\/yoast.com\/wordpress\/plugins\/seo\/ -->\n<title>ASAJA recuerda que 250.000 euros es el l\u00edmite de ventas anual de 2023 para poder tributar en m\u00f3dulos - ASAJA Palencia<\/title>\n<meta name=\"description\" content=\"ASAJA recuerda que el volumen anual de ventas para permanecer en el&nbsp;sistema fiscal de m\u00f3dulos de la agricultura en 2023 sigue fijado en 250.000 euros\" \/>\n<meta name=\"robots\" content=\"index, follow, max-snippet:-1, max-image-preview:large, max-video-preview:-1\" \/>\n<link rel=\"canonical\" href=\"https:\/\/www.asajacyl.com\/palencia\/asaja-palencia-informa\/asaja-recuerda-que-250-000-euros-es-el-limite-de-ventas-anual-de-2023-para-poder-tributar-en-modulos\" \/>\n<meta property=\"og:locale\" content=\"es_ES\" \/>\n<meta property=\"og:type\" content=\"article\" \/>\n<meta property=\"og:title\" content=\"ASAJA recuerda que 250.000 euros es el l\u00edmite de ventas anual de 2023 para poder tributar en m\u00f3dulos - ASAJA Palencia\" \/>\n<meta property=\"og:description\" content=\"ASAJA recuerda que el volumen anual de ventas para permanecer en el&nbsp;sistema fiscal de m\u00f3dulos de la agricultura en 2023 sigue fijado en 250.000 euros\" \/>\n<meta property=\"og:url\" content=\"https:\/\/www.asajacyl.com\/palencia\/asaja-palencia-informa\/asaja-recuerda-que-250-000-euros-es-el-limite-de-ventas-anual-de-2023-para-poder-tributar-en-modulos\" \/>\n<meta property=\"og:site_name\" content=\"ASAJA Palencia\" \/>\n<meta property=\"article:published_time\" content=\"2023-11-21T12:26:28+00:00\" \/>\n<meta property=\"article:modified_time\" content=\"2023-11-22T08:11:46+00:00\" \/>\n<meta property=\"og:image\" content=\"https:\/\/www.asajacyl.com\/palencia\/wp-content\/uploads\/sites\/3\/2023\/11\/Agencia-Tributaria.jpg\" \/>\n\t<meta property=\"og:image:width\" content=\"1890\" \/>\n\t<meta property=\"og:image:height\" content=\"1654\" \/>\n\t<meta property=\"og:image:type\" content=\"image\/jpeg\" \/>\n<meta name=\"author\" content=\"Administrador\" \/>\n<meta name=\"twitter:card\" content=\"summary_large_image\" \/>\n<meta name=\"twitter:label1\" content=\"Escrito por\" \/>\n\t<meta name=\"twitter:data1\" content=\"Administrador\" \/>\n\t<meta name=\"twitter:label2\" content=\"Tiempo de lectura\" \/>\n\t<meta name=\"twitter:data2\" content=\"2 minutos\" \/>\n<script type=\"application\/ld+json\" class=\"yoast-schema-graph\">{\"@context\":\"https:\/\/schema.org\",\"@graph\":[{\"@type\":\"WebPage\",\"@id\":\"https:\/\/www.asajacyl.com\/palencia\/asaja-palencia-informa\/asaja-recuerda-que-250-000-euros-es-el-limite-de-ventas-anual-de-2023-para-poder-tributar-en-modulos\",\"url\":\"https:\/\/www.asajacyl.com\/palencia\/asaja-palencia-informa\/asaja-recuerda-que-250-000-euros-es-el-limite-de-ventas-anual-de-2023-para-poder-tributar-en-modulos\",\"name\":\"ASAJA recuerda que 250.000 euros es el l\u00edmite de ventas anual de 2023 para poder tributar en m\u00f3dulos - ASAJA Palencia\",\"isPartOf\":{\"@id\":\"https:\/\/www.asajacyl.com\/palencia\/#website\"},\"primaryImageOfPage\":{\"@id\":\"https:\/\/www.asajacyl.com\/palencia\/asaja-palencia-informa\/asaja-recuerda-que-250-000-euros-es-el-limite-de-ventas-anual-de-2023-para-poder-tributar-en-modulos#primaryimage\"},\"image\":{\"@id\":\"https:\/\/www.asajacyl.com\/palencia\/asaja-palencia-informa\/asaja-recuerda-que-250-000-euros-es-el-limite-de-ventas-anual-de-2023-para-poder-tributar-en-modulos#primaryimage\"},\"thumbnailUrl\":\"https:\/\/www.asajacyl.com\/palencia\/wp-content\/uploads\/sites\/3\/2023\/11\/Agencia-Tributaria.jpg\",\"datePublished\":\"2023-11-21T12:26:28+00:00\",\"dateModified\":\"2023-11-22T08:11:46+00:00\",\"author\":{\"@id\":\"https:\/\/www.asajacyl.com\/palencia\/#\/schema\/person\/3ab17aeb03527485c317557fae64aab1\"},\"description\":\"ASAJA recuerda que el volumen anual de ventas para permanecer en el&nbsp;sistema fiscal de m\u00f3dulos de la agricultura en 2023 sigue fijado en 250.000 euros\",\"breadcrumb\":{\"@id\":\"https:\/\/www.asajacyl.com\/palencia\/asaja-palencia-informa\/asaja-recuerda-que-250-000-euros-es-el-limite-de-ventas-anual-de-2023-para-poder-tributar-en-modulos#breadcrumb\"},\"inLanguage\":\"es\",\"potentialAction\":[{\"@type\":\"ReadAction\",\"target\":[\"https:\/\/www.asajacyl.com\/palencia\/asaja-palencia-informa\/asaja-recuerda-que-250-000-euros-es-el-limite-de-ventas-anual-de-2023-para-poder-tributar-en-modulos\"]}]},{\"@type\":\"ImageObject\",\"inLanguage\":\"es\",\"@id\":\"https:\/\/www.asajacyl.com\/palencia\/asaja-palencia-informa\/asaja-recuerda-que-250-000-euros-es-el-limite-de-ventas-anual-de-2023-para-poder-tributar-en-modulos#primaryimage\",\"url\":\"https:\/\/www.asajacyl.com\/palencia\/wp-content\/uploads\/sites\/3\/2023\/11\/Agencia-Tributaria.jpg\",\"contentUrl\":\"https:\/\/www.asajacyl.com\/palencia\/wp-content\/uploads\/sites\/3\/2023\/11\/Agencia-Tributaria.jpg\",\"width\":1890,\"height\":1654},{\"@type\":\"BreadcrumbList\",\"@id\":\"https:\/\/www.asajacyl.com\/palencia\/asaja-palencia-informa\/asaja-recuerda-que-250-000-euros-es-el-limite-de-ventas-anual-de-2023-para-poder-tributar-en-modulos#breadcrumb\",\"itemListElement\":[{\"@type\":\"ListItem\",\"position\":1,\"name\":\"Portada\",\"item\":\"https:\/\/www.asajacyl.com\/palencia\/\"},{\"@type\":\"ListItem\",\"position\":2,\"name\":\"ASAJA recuerda que 250.000 euros es el l\u00edmite de ventas anual de 2023 para poder tributar en m\u00f3dulos\"}]},{\"@type\":\"WebSite\",\"@id\":\"https:\/\/www.asajacyl.com\/palencia\/#website\",\"url\":\"https:\/\/www.asajacyl.com\/palencia\/\",\"name\":\"ASAJA Palencia\",\"description\":\"Otro sitio m\u00e1s de Provincias ASAJA Castilla y Le\u00f3n\",\"potentialAction\":[{\"@type\":\"SearchAction\",\"target\":{\"@type\":\"EntryPoint\",\"urlTemplate\":\"https:\/\/www.asajacyl.com\/palencia\/?s={search_term_string}\"},\"query-input\":{\"@type\":\"PropertyValueSpecification\",\"valueRequired\":true,\"valueName\":\"search_term_string\"}}],\"inLanguage\":\"es\"},{\"@type\":\"Person\",\"@id\":\"https:\/\/www.asajacyl.com\/palencia\/#\/schema\/person\/3ab17aeb03527485c317557fae64aab1\",\"name\":\"Administrador\",\"image\":{\"@type\":\"ImageObject\",\"inLanguage\":\"es\",\"@id\":\"https:\/\/www.asajacyl.com\/palencia\/#\/schema\/person\/image\/\",\"url\":\"https:\/\/secure.gravatar.com\/avatar\/517384810d242ca9e38c180f3c9fb973?s=96&d=mm&r=g\",\"contentUrl\":\"https:\/\/secure.gravatar.com\/avatar\/517384810d242ca9e38c180f3c9fb973?s=96&d=mm&r=g\",\"caption\":\"Administrador\"},\"url\":\"https:\/\/www.asajacyl.com\/palencia\/author\/carlosrm\"}]}<\/script>\n<!-- \/ Yoast SEO plugin. -->","yoast_head_json":{"title":"ASAJA recuerda que 250.000 euros es el l\u00edmite de ventas anual de 2023 para poder tributar en m\u00f3dulos - ASAJA Palencia","description":"ASAJA recuerda que el volumen anual de ventas para permanecer en el&nbsp;sistema fiscal de m\u00f3dulos de la agricultura en 2023 sigue fijado en 250.000 euros","robots":{"index":"index","follow":"follow","max-snippet":"max-snippet:-1","max-image-preview":"max-image-preview:large","max-video-preview":"max-video-preview:-1"},"canonical":"https:\/\/www.asajacyl.com\/palencia\/asaja-palencia-informa\/asaja-recuerda-que-250-000-euros-es-el-limite-de-ventas-anual-de-2023-para-poder-tributar-en-modulos","og_locale":"es_ES","og_type":"article","og_title":"ASAJA recuerda que 250.000 euros es el l\u00edmite de ventas anual de 2023 para poder tributar en m\u00f3dulos - ASAJA Palencia","og_description":"ASAJA recuerda que el volumen anual de ventas para permanecer en el&nbsp;sistema fiscal de m\u00f3dulos de la agricultura en 2023 sigue fijado en 250.000 euros","og_url":"https:\/\/www.asajacyl.com\/palencia\/asaja-palencia-informa\/asaja-recuerda-que-250-000-euros-es-el-limite-de-ventas-anual-de-2023-para-poder-tributar-en-modulos","og_site_name":"ASAJA Palencia","article_published_time":"2023-11-21T12:26:28+00:00","article_modified_time":"2023-11-22T08:11:46+00:00","og_image":[{"width":1890,"height":1654,"url":"https:\/\/www.asajacyl.com\/palencia\/wp-content\/uploads\/sites\/3\/2023\/11\/Agencia-Tributaria.jpg","type":"image\/jpeg"}],"author":"Administrador","twitter_card":"summary_large_image","twitter_misc":{"Escrito por":"Administrador","Tiempo de lectura":"2 minutos"},"schema":{"@context":"https:\/\/schema.org","@graph":[{"@type":"WebPage","@id":"https:\/\/www.asajacyl.com\/palencia\/asaja-palencia-informa\/asaja-recuerda-que-250-000-euros-es-el-limite-de-ventas-anual-de-2023-para-poder-tributar-en-modulos","url":"https:\/\/www.asajacyl.com\/palencia\/asaja-palencia-informa\/asaja-recuerda-que-250-000-euros-es-el-limite-de-ventas-anual-de-2023-para-poder-tributar-en-modulos","name":"ASAJA recuerda que 250.000 euros es el l\u00edmite de ventas anual de 2023 para poder tributar en m\u00f3dulos - ASAJA Palencia","isPartOf":{"@id":"https:\/\/www.asajacyl.com\/palencia\/#website"},"primaryImageOfPage":{"@id":"https:\/\/www.asajacyl.com\/palencia\/asaja-palencia-informa\/asaja-recuerda-que-250-000-euros-es-el-limite-de-ventas-anual-de-2023-para-poder-tributar-en-modulos#primaryimage"},"image":{"@id":"https:\/\/www.asajacyl.com\/palencia\/asaja-palencia-informa\/asaja-recuerda-que-250-000-euros-es-el-limite-de-ventas-anual-de-2023-para-poder-tributar-en-modulos#primaryimage"},"thumbnailUrl":"https:\/\/www.asajacyl.com\/palencia\/wp-content\/uploads\/sites\/3\/2023\/11\/Agencia-Tributaria.jpg","datePublished":"2023-11-21T12:26:28+00:00","dateModified":"2023-11-22T08:11:46+00:00","author":{"@id":"https:\/\/www.asajacyl.com\/palencia\/#\/schema\/person\/3ab17aeb03527485c317557fae64aab1"},"description":"ASAJA recuerda que el volumen anual de ventas para permanecer en el&nbsp;sistema fiscal de m\u00f3dulos de la agricultura en 2023 sigue fijado en 250.000 euros","breadcrumb":{"@id":"https:\/\/www.asajacyl.com\/palencia\/asaja-palencia-informa\/asaja-recuerda-que-250-000-euros-es-el-limite-de-ventas-anual-de-2023-para-poder-tributar-en-modulos#breadcrumb"},"inLanguage":"es","potentialAction":[{"@type":"ReadAction","target":["https:\/\/www.asajacyl.com\/palencia\/asaja-palencia-informa\/asaja-recuerda-que-250-000-euros-es-el-limite-de-ventas-anual-de-2023-para-poder-tributar-en-modulos"]}]},{"@type":"ImageObject","inLanguage":"es","@id":"https:\/\/www.asajacyl.com\/palencia\/asaja-palencia-informa\/asaja-recuerda-que-250-000-euros-es-el-limite-de-ventas-anual-de-2023-para-poder-tributar-en-modulos#primaryimage","url":"https:\/\/www.asajacyl.com\/palencia\/wp-content\/uploads\/sites\/3\/2023\/11\/Agencia-Tributaria.jpg","contentUrl":"https:\/\/www.asajacyl.com\/palencia\/wp-content\/uploads\/sites\/3\/2023\/11\/Agencia-Tributaria.jpg","width":1890,"height":1654},{"@type":"BreadcrumbList","@id":"https:\/\/www.asajacyl.com\/palencia\/asaja-palencia-informa\/asaja-recuerda-que-250-000-euros-es-el-limite-de-ventas-anual-de-2023-para-poder-tributar-en-modulos#breadcrumb","itemListElement":[{"@type":"ListItem","position":1,"name":"Portada","item":"https:\/\/www.asajacyl.com\/palencia\/"},{"@type":"ListItem","position":2,"name":"ASAJA recuerda que 250.000 euros es el l\u00edmite de ventas anual de 2023 para poder tributar en m\u00f3dulos"}]},{"@type":"WebSite","@id":"https:\/\/www.asajacyl.com\/palencia\/#website","url":"https:\/\/www.asajacyl.com\/palencia\/","name":"ASAJA Palencia","description":"Otro sitio m\u00e1s de Provincias ASAJA Castilla y Le\u00f3n","potentialAction":[{"@type":"SearchAction","target":{"@type":"EntryPoint","urlTemplate":"https:\/\/www.asajacyl.com\/palencia\/?s={search_term_string}"},"query-input":{"@type":"PropertyValueSpecification","valueRequired":true,"valueName":"search_term_string"}}],"inLanguage":"es"},{"@type":"Person","@id":"https:\/\/www.asajacyl.com\/palencia\/#\/schema\/person\/3ab17aeb03527485c317557fae64aab1","name":"Administrador","image":{"@type":"ImageObject","inLanguage":"es","@id":"https:\/\/www.asajacyl.com\/palencia\/#\/schema\/person\/image\/","url":"https:\/\/secure.gravatar.com\/avatar\/517384810d242ca9e38c180f3c9fb973?s=96&d=mm&r=g","contentUrl":"https:\/\/secure.gravatar.com\/avatar\/517384810d242ca9e38c180f3c9fb973?s=96&d=mm&r=g","caption":"Administrador"},"url":"https:\/\/www.asajacyl.com\/palencia\/author\/carlosrm"}]}},"_links":{"self":[{"href":"https:\/\/www.asajacyl.com\/palencia\/wp-json\/wp\/v2\/posts\/14768"}],"collection":[{"href":"https:\/\/www.asajacyl.com\/palencia\/wp-json\/wp\/v2\/posts"}],"about":[{"href":"https:\/\/www.asajacyl.com\/palencia\/wp-json\/wp\/v2\/types\/post"}],"author":[{"embeddable":true,"href":"https:\/\/www.asajacyl.com\/palencia\/wp-json\/wp\/v2\/users\/9"}],"replies":[{"embeddable":true,"href":"https:\/\/www.asajacyl.com\/palencia\/wp-json\/wp\/v2\/comments?post=14768"}],"version-history":[{"count":2,"href":"https:\/\/www.asajacyl.com\/palencia\/wp-json\/wp\/v2\/posts\/14768\/revisions"}],"predecessor-version":[{"id":14776,"href":"https:\/\/www.asajacyl.com\/palencia\/wp-json\/wp\/v2\/posts\/14768\/revisions\/14776"}],"wp:featuredmedia":[{"embeddable":true,"href":"https:\/\/www.asajacyl.com\/palencia\/wp-json\/wp\/v2\/media\/14779"}],"wp:attachment":[{"href":"https:\/\/www.asajacyl.com\/palencia\/wp-json\/wp\/v2\/media?parent=14768"}],"wp:term":[{"taxonomy":"category","embeddable":true,"href":"https:\/\/www.asajacyl.com\/palencia\/wp-json\/wp\/v2\/categories?post=14768"},{"taxonomy":"post_tag","embeddable":true,"href":"https:\/\/www.asajacyl.com\/palencia\/wp-json\/wp\/v2\/tags?post=14768"}],"curies":[{"name":"wp","href":"https:\/\/api.w.org\/{rel}","templated":true}]}}