{"id":14835,"date":"2023-11-25T09:42:19","date_gmt":"2023-11-25T08:42:19","guid":{"rendered":"https:\/\/www.asajacyl.com\/palencia\/?p=14835"},"modified":"2023-11-24T10:07:23","modified_gmt":"2023-11-24T09:07:23","slug":"el-ministerio-reconoce-los-logros-de-la-ganaderia-de-espana-para-reducir-los-gases-de-efecto-invernadero","status":"publish","type":"post","link":"https:\/\/www.asajacyl.com\/palencia\/asaja-palencia-informa\/el-ministerio-reconoce-los-logros-de-la-ganaderia-de-espana-para-reducir-los-gases-de-efecto-invernadero","title":{"rendered":"El Ministerio reconoce los logros de la ganader\u00eda de Espa\u00f1a para reducir los gases de efecto invernadero"},"content":{"rendered":"\n<h2 class=\"wp-block-heading\">Esperanza Orellana, directora general de&nbsp;Producciones y Mercados Agrarios del Ministerio de Agricultura, Pesca y Alimentaci\u00f3n (MAPA), ha destacado recientemente la reducci\u00f3n de las emisiones de gases de efecto invernadero en las actividades agr\u00edcola y ganadera conseguida en los \u00faltimos a\u00f1os, pese a que \u00e9stas han incrementado su producci\u00f3n para atender de forma suficiente la creciente demanda de alimentos. En concreto, inform\u00f3 que la ganader\u00eda no s\u00f3lo cumpli\u00f3 en 2021 (\u00faltimos datos disponibles) los compromisos nacionales de reducci\u00f3n de emisiones de amoniaco, sino que adem\u00e1s casi duplic\u00f3 el objetivo de reducci\u00f3n anual del 3 % de las emisiones de amoniaco con respecto al a\u00f1o 2005.  <\/h2>\n\n\n\n<p>Esperanza Orellana sostuvo la importancia de iniciativas adoptadas por el Gobierno de Espa\u00f1a para conseguir este avance, tanto regulatorias como las incentivadoras que recoge la nueva Pol\u00edtica Agraria Com\u00fan (PAC). <\/p>\n\n\n\n<p>La directora general se\u00f1al\u00f3 que los retos clim\u00e1ticos actuales tienen un impacto especialmente significativo en la agricultura, durante su intervenci\u00f3n en el Seminario internacional \u201cEmisiones de gases de efecto invernadero y mitigaci\u00f3n del cambio clim\u00e1tico en los sistemas agrarios mediterr\u00e1neos\u201d, celebrada este mes en el Instituto Agron\u00f3mico Mediterr\u00e1neo (CIHEAM), en Zaragoza.<\/p>\n\n\n\n<p><strong>EL SECTOR, PAPEL CLAVE. <\/strong>La directora general defendi\u00f3 que la agricultura y la ganader\u00eda son parte importante de la soluci\u00f3n al reto clim\u00e1tico, ya que la producci\u00f3n primaria tiene un papel clave que desempe\u00f1ar en el suministro de alimentos a los ciudadanos de una forma sostenible. <\/p>\n\n\n\n<p>Esperanza Orellana analiz\u00f3 en el seminario el asunto de las emisiones de gases de efecto invernadero en ganader\u00eda y en agricultura, as\u00ed como las medidas aplicadas en Espa\u00f1a para reducirlas.<\/p>\n\n\n\n<p>En el caso de la ganader\u00eda, destac\u00f3 la reducci\u00f3n del 2,7 % de las emisiones totales de NH<sub>3<\/sub>&nbsp;(amoniaco) estimadas para 2021. Esa rebaja ha permitido no solo cumplir en ese ejercicio los compromisos nacionales de reducci\u00f3n de emisiones de amoniaco, sino casi duplicar el objetivo de reducci\u00f3n anual del 3 % de las emisiones de amoniaco con respecto a 2005. <\/p>\n\n\n\n<p><strong>MEJORES T\u00c9CNICAS. <\/strong>La misma dirigente ministerial subray\u00f3 que ese logro se debe al trabajo de los ganaderos en la aplicaci\u00f3n de las Mejores T\u00e9cnicas Disponibles (MTD), ya que m\u00e1s del 89 % del censo ganadero ha notificado su aplicaci\u00f3n.<\/p>\n\n\n\n<p>Las MTD son t\u00e9cnicas para reducir las emisiones durante todas las etapas de la cr\u00eda animal hasta su aplicaci\u00f3n al campo del esti\u00e9rcol como nutriente esencial, e incluyen t\u00e9cnicas de alimentaci\u00f3n, dise\u00f1o de los alojamientos, almacenamiento y gesti\u00f3n de esti\u00e9rcoles, entre otras. <\/p>\n\n\n\n<p>Est\u00e1n recogidas en los reales decreto de ordenaci\u00f3n de los distintos sectores ganaderos y existe un registro individualizado de las MTD utilizadas por cada explotaci\u00f3n en el sistema inform\u00e1tico ECOGAN.<\/p>\n\n\n\n<p>ASAJA, que tambi\u00e9n conoce y valora ese esfuerzo de nuestros ganaderos, siempre se ha mostrado consciente de los problemas presentes y futuros del cambio clim\u00e1tico, que afectar\u00e1n de forma significativa al desarrollo de los cultivos y al manejo y la productividad de los animales. <\/p>\n\n\n\n<p>Por eso, nuestra organizaci\u00f3n se compromete en la promoci\u00f3n de pr\u00e1cticas que reduzcan la emisi\u00f3n de gases efecto invernadero, en la utilizaci\u00f3n eficiente de las fuentes de energ\u00eda y del agua, y en contribuir en medidas de secuestro de carbono a trav\u00e9s de cultivos y plantas forestales.<\/p>\n\n\n\n<p><strong>AGRICULTURA DE CARBONO. <\/strong>Esperanza Orellana se refiri\u00f3 tambi\u00e9n a las medidas puestas en marcha a trav\u00e9s de la nueva PAC, en particular para aumentar las absorciones de carbono a trav\u00e9s de las pr\u00e1cticas de agricultura de carbono que constituyen los ecorreg\u00edmenes, as\u00ed como para facilitar las inversiones en las explotaciones para reducir las emisiones, a trav\u00e9s de los fondos del Plan de Recuperaci\u00f3n, Transformaci\u00f3n y Resiliencia.<\/p>\n\n\n\n<p>En lo que respecta a la agricultura, hizo hincapi\u00e9 en la importancia de la nutrici\u00f3n sostenible de suelos agr\u00edcolas, cuyo objetivo es encontrar un equilibrio entre mejorar la productividad y minimizar los problemas medioambientales, racionalizando el uso de los fertilizantes, reduciendo el coste y el impacto ambiental de la fertilizaci\u00f3n.<strong>\/<\/strong><\/p>\n\n\n\n<p><\/p>\n","protected":false},"excerpt":{"rendered":"<p>Esperanza Orellana, directora general de&nbsp;Producciones y Mercados Agrarios del Ministerio de Agricultura, Pesca y Alimentaci\u00f3n (MAPA), ha destacado recientemente la reducci\u00f3n de las emisiones de gases de efecto invernadero en las actividades agr\u00edcola y ganadera conseguida en los \u00faltimos a\u00f1os, pese a que \u00e9stas han incrementado su producci\u00f3n para atender de forma suficiente la creciente [&hellip;]<\/p>\n","protected":false},"author":9,"featured_media":14836,"comment_status":"open","ping_status":"open","sticky":false,"template":"","format":"standard","meta":{"footnotes":""},"categories":[9,29,28],"tags":[58,436,594,278,250,598,77,595,104,597,110,596,45],"yoast_head":"<!-- This site is optimized with the Yoast SEO plugin v24.5 - https:\/\/yoast.com\/wordpress\/plugins\/seo\/ -->\n<title>El Ministerio reconoce los logros de la ganader\u00eda de Espa\u00f1a para reducir los gases de efecto invernadero - ASAJA Palencia<\/title>\n<meta name=\"description\" content=\"Esperanza Orellana, directora general de&nbsp;Producciones y Mercados Agrarios del Ministerio de Agricultura, Pesca y Alimentaci\u00f3n (MAPA), ha destacado\" \/>\n<meta name=\"robots\" content=\"index, follow, max-snippet:-1, max-image-preview:large, max-video-preview:-1\" \/>\n<link rel=\"canonical\" href=\"https:\/\/www.asajacyl.com\/palencia\/asaja-palencia-informa\/el-ministerio-reconoce-los-logros-de-la-ganaderia-de-espana-para-reducir-los-gases-de-efecto-invernadero\" \/>\n<meta property=\"og:locale\" content=\"es_ES\" \/>\n<meta property=\"og:type\" content=\"article\" \/>\n<meta property=\"og:title\" content=\"El Ministerio reconoce los logros de la ganader\u00eda de Espa\u00f1a para reducir los gases de efecto invernadero - ASAJA Palencia\" \/>\n<meta property=\"og:description\" content=\"Esperanza Orellana, directora general de&nbsp;Producciones y Mercados Agrarios del Ministerio de Agricultura, Pesca y Alimentaci\u00f3n (MAPA), ha destacado\" \/>\n<meta property=\"og:url\" content=\"https:\/\/www.asajacyl.com\/palencia\/asaja-palencia-informa\/el-ministerio-reconoce-los-logros-de-la-ganaderia-de-espana-para-reducir-los-gases-de-efecto-invernadero\" \/>\n<meta property=\"og:site_name\" content=\"ASAJA Palencia\" \/>\n<meta property=\"article:published_time\" content=\"2023-11-25T08:42:19+00:00\" \/>\n<meta property=\"og:image\" content=\"https:\/\/www.asajacyl.com\/palencia\/wp-content\/uploads\/sites\/3\/2023\/11\/Vacuno-Montana-Palentina-Tania-1024x896.jpg\" \/>\n\t<meta property=\"og:image:width\" content=\"1024\" \/>\n\t<meta property=\"og:image:height\" content=\"896\" \/>\n\t<meta property=\"og:image:type\" content=\"image\/jpeg\" \/>\n<meta name=\"author\" content=\"Administrador\" \/>\n<meta name=\"twitter:card\" content=\"summary_large_image\" \/>\n<meta name=\"twitter:label1\" content=\"Escrito por\" \/>\n\t<meta name=\"twitter:data1\" content=\"Administrador\" \/>\n\t<meta name=\"twitter:label2\" content=\"Tiempo de lectura\" \/>\n\t<meta name=\"twitter:data2\" content=\"3 minutos\" \/>\n<script type=\"application\/ld+json\" class=\"yoast-schema-graph\">{\"@context\":\"https:\/\/schema.org\",\"@graph\":[{\"@type\":\"WebPage\",\"@id\":\"https:\/\/www.asajacyl.com\/palencia\/asaja-palencia-informa\/el-ministerio-reconoce-los-logros-de-la-ganaderia-de-espana-para-reducir-los-gases-de-efecto-invernadero\",\"url\":\"https:\/\/www.asajacyl.com\/palencia\/asaja-palencia-informa\/el-ministerio-reconoce-los-logros-de-la-ganaderia-de-espana-para-reducir-los-gases-de-efecto-invernadero\",\"name\":\"El Ministerio reconoce los logros de la ganader\u00eda de Espa\u00f1a para reducir los gases de efecto invernadero - ASAJA Palencia\",\"isPartOf\":{\"@id\":\"https:\/\/www.asajacyl.com\/palencia\/#website\"},\"primaryImageOfPage\":{\"@id\":\"https:\/\/www.asajacyl.com\/palencia\/asaja-palencia-informa\/el-ministerio-reconoce-los-logros-de-la-ganaderia-de-espana-para-reducir-los-gases-de-efecto-invernadero#primaryimage\"},\"image\":{\"@id\":\"https:\/\/www.asajacyl.com\/palencia\/asaja-palencia-informa\/el-ministerio-reconoce-los-logros-de-la-ganaderia-de-espana-para-reducir-los-gases-de-efecto-invernadero#primaryimage\"},\"thumbnailUrl\":\"https:\/\/www.asajacyl.com\/palencia\/wp-content\/uploads\/sites\/3\/2023\/11\/Vacuno-Montana-Palentina-Tania.jpg\",\"datePublished\":\"2023-11-25T08:42:19+00:00\",\"author\":{\"@id\":\"https:\/\/www.asajacyl.com\/palencia\/#\/schema\/person\/3ab17aeb03527485c317557fae64aab1\"},\"description\":\"Esperanza Orellana, directora general de&nbsp;Producciones y Mercados Agrarios del Ministerio de Agricultura, Pesca y Alimentaci\u00f3n (MAPA), ha destacado\",\"breadcrumb\":{\"@id\":\"https:\/\/www.asajacyl.com\/palencia\/asaja-palencia-informa\/el-ministerio-reconoce-los-logros-de-la-ganaderia-de-espana-para-reducir-los-gases-de-efecto-invernadero#breadcrumb\"},\"inLanguage\":\"es\",\"potentialAction\":[{\"@type\":\"ReadAction\",\"target\":[\"https:\/\/www.asajacyl.com\/palencia\/asaja-palencia-informa\/el-ministerio-reconoce-los-logros-de-la-ganaderia-de-espana-para-reducir-los-gases-de-efecto-invernadero\"]}]},{\"@type\":\"ImageObject\",\"inLanguage\":\"es\",\"@id\":\"https:\/\/www.asajacyl.com\/palencia\/asaja-palencia-informa\/el-ministerio-reconoce-los-logros-de-la-ganaderia-de-espana-para-reducir-los-gases-de-efecto-invernadero#primaryimage\",\"url\":\"https:\/\/www.asajacyl.com\/palencia\/wp-content\/uploads\/sites\/3\/2023\/11\/Vacuno-Montana-Palentina-Tania.jpg\",\"contentUrl\":\"https:\/\/www.asajacyl.com\/palencia\/wp-content\/uploads\/sites\/3\/2023\/11\/Vacuno-Montana-Palentina-Tania.jpg\",\"width\":1890,\"height\":1654},{\"@type\":\"BreadcrumbList\",\"@id\":\"https:\/\/www.asajacyl.com\/palencia\/asaja-palencia-informa\/el-ministerio-reconoce-los-logros-de-la-ganaderia-de-espana-para-reducir-los-gases-de-efecto-invernadero#breadcrumb\",\"itemListElement\":[{\"@type\":\"ListItem\",\"position\":1,\"name\":\"Portada\",\"item\":\"https:\/\/www.asajacyl.com\/palencia\/\"},{\"@type\":\"ListItem\",\"position\":2,\"name\":\"El Ministerio reconoce los logros de la ganader\u00eda de Espa\u00f1a para reducir los gases de efecto invernadero\"}]},{\"@type\":\"WebSite\",\"@id\":\"https:\/\/www.asajacyl.com\/palencia\/#website\",\"url\":\"https:\/\/www.asajacyl.com\/palencia\/\",\"name\":\"ASAJA Palencia\",\"description\":\"Otro sitio m\u00e1s de Provincias ASAJA Castilla y Le\u00f3n\",\"potentialAction\":[{\"@type\":\"SearchAction\",\"target\":{\"@type\":\"EntryPoint\",\"urlTemplate\":\"https:\/\/www.asajacyl.com\/palencia\/?s={search_term_string}\"},\"query-input\":{\"@type\":\"PropertyValueSpecification\",\"valueRequired\":true,\"valueName\":\"search_term_string\"}}],\"inLanguage\":\"es\"},{\"@type\":\"Person\",\"@id\":\"https:\/\/www.asajacyl.com\/palencia\/#\/schema\/person\/3ab17aeb03527485c317557fae64aab1\",\"name\":\"Administrador\",\"image\":{\"@type\":\"ImageObject\",\"inLanguage\":\"es\",\"@id\":\"https:\/\/www.asajacyl.com\/palencia\/#\/schema\/person\/image\/\",\"url\":\"https:\/\/secure.gravatar.com\/avatar\/517384810d242ca9e38c180f3c9fb973?s=96&d=mm&r=g\",\"contentUrl\":\"https:\/\/secure.gravatar.com\/avatar\/517384810d242ca9e38c180f3c9fb973?s=96&d=mm&r=g\",\"caption\":\"Administrador\"},\"url\":\"https:\/\/www.asajacyl.com\/palencia\/author\/carlosrm\"}]}<\/script>\n<!-- \/ Yoast SEO plugin. -->","yoast_head_json":{"title":"El Ministerio reconoce los logros de la ganader\u00eda de Espa\u00f1a para reducir los gases de efecto invernadero - ASAJA Palencia","description":"Esperanza Orellana, directora general de&nbsp;Producciones y Mercados Agrarios del Ministerio de Agricultura, Pesca y Alimentaci\u00f3n (MAPA), ha destacado","robots":{"index":"index","follow":"follow","max-snippet":"max-snippet:-1","max-image-preview":"max-image-preview:large","max-video-preview":"max-video-preview:-1"},"canonical":"https:\/\/www.asajacyl.com\/palencia\/asaja-palencia-informa\/el-ministerio-reconoce-los-logros-de-la-ganaderia-de-espana-para-reducir-los-gases-de-efecto-invernadero","og_locale":"es_ES","og_type":"article","og_title":"El Ministerio reconoce los logros de la ganader\u00eda de Espa\u00f1a para reducir los gases de efecto invernadero - ASAJA Palencia","og_description":"Esperanza Orellana, directora general de&nbsp;Producciones y Mercados Agrarios del Ministerio de Agricultura, Pesca y Alimentaci\u00f3n (MAPA), ha destacado","og_url":"https:\/\/www.asajacyl.com\/palencia\/asaja-palencia-informa\/el-ministerio-reconoce-los-logros-de-la-ganaderia-de-espana-para-reducir-los-gases-de-efecto-invernadero","og_site_name":"ASAJA Palencia","article_published_time":"2023-11-25T08:42:19+00:00","og_image":[{"width":1024,"height":896,"url":"https:\/\/www.asajacyl.com\/palencia\/wp-content\/uploads\/sites\/3\/2023\/11\/Vacuno-Montana-Palentina-Tania-1024x896.jpg","type":"image\/jpeg"}],"author":"Administrador","twitter_card":"summary_large_image","twitter_misc":{"Escrito por":"Administrador","Tiempo de lectura":"3 minutos"},"schema":{"@context":"https:\/\/schema.org","@graph":[{"@type":"WebPage","@id":"https:\/\/www.asajacyl.com\/palencia\/asaja-palencia-informa\/el-ministerio-reconoce-los-logros-de-la-ganaderia-de-espana-para-reducir-los-gases-de-efecto-invernadero","url":"https:\/\/www.asajacyl.com\/palencia\/asaja-palencia-informa\/el-ministerio-reconoce-los-logros-de-la-ganaderia-de-espana-para-reducir-los-gases-de-efecto-invernadero","name":"El Ministerio reconoce los logros de la ganader\u00eda de Espa\u00f1a para reducir los gases de efecto invernadero - ASAJA Palencia","isPartOf":{"@id":"https:\/\/www.asajacyl.com\/palencia\/#website"},"primaryImageOfPage":{"@id":"https:\/\/www.asajacyl.com\/palencia\/asaja-palencia-informa\/el-ministerio-reconoce-los-logros-de-la-ganaderia-de-espana-para-reducir-los-gases-de-efecto-invernadero#primaryimage"},"image":{"@id":"https:\/\/www.asajacyl.com\/palencia\/asaja-palencia-informa\/el-ministerio-reconoce-los-logros-de-la-ganaderia-de-espana-para-reducir-los-gases-de-efecto-invernadero#primaryimage"},"thumbnailUrl":"https:\/\/www.asajacyl.com\/palencia\/wp-content\/uploads\/sites\/3\/2023\/11\/Vacuno-Montana-Palentina-Tania.jpg","datePublished":"2023-11-25T08:42:19+00:00","author":{"@id":"https:\/\/www.asajacyl.com\/palencia\/#\/schema\/person\/3ab17aeb03527485c317557fae64aab1"},"description":"Esperanza Orellana, directora general de&nbsp;Producciones y Mercados Agrarios del Ministerio de Agricultura, Pesca y Alimentaci\u00f3n (MAPA), ha destacado","breadcrumb":{"@id":"https:\/\/www.asajacyl.com\/palencia\/asaja-palencia-informa\/el-ministerio-reconoce-los-logros-de-la-ganaderia-de-espana-para-reducir-los-gases-de-efecto-invernadero#breadcrumb"},"inLanguage":"es","potentialAction":[{"@type":"ReadAction","target":["https:\/\/www.asajacyl.com\/palencia\/asaja-palencia-informa\/el-ministerio-reconoce-los-logros-de-la-ganaderia-de-espana-para-reducir-los-gases-de-efecto-invernadero"]}]},{"@type":"ImageObject","inLanguage":"es","@id":"https:\/\/www.asajacyl.com\/palencia\/asaja-palencia-informa\/el-ministerio-reconoce-los-logros-de-la-ganaderia-de-espana-para-reducir-los-gases-de-efecto-invernadero#primaryimage","url":"https:\/\/www.asajacyl.com\/palencia\/wp-content\/uploads\/sites\/3\/2023\/11\/Vacuno-Montana-Palentina-Tania.jpg","contentUrl":"https:\/\/www.asajacyl.com\/palencia\/wp-content\/uploads\/sites\/3\/2023\/11\/Vacuno-Montana-Palentina-Tania.jpg","width":1890,"height":1654},{"@type":"BreadcrumbList","@id":"https:\/\/www.asajacyl.com\/palencia\/asaja-palencia-informa\/el-ministerio-reconoce-los-logros-de-la-ganaderia-de-espana-para-reducir-los-gases-de-efecto-invernadero#breadcrumb","itemListElement":[{"@type":"ListItem","position":1,"name":"Portada","item":"https:\/\/www.asajacyl.com\/palencia\/"},{"@type":"ListItem","position":2,"name":"El Ministerio reconoce los logros de la ganader\u00eda de Espa\u00f1a para reducir los gases de efecto invernadero"}]},{"@type":"WebSite","@id":"https:\/\/www.asajacyl.com\/palencia\/#website","url":"https:\/\/www.asajacyl.com\/palencia\/","name":"ASAJA Palencia","description":"Otro sitio m\u00e1s de Provincias ASAJA Castilla y Le\u00f3n","potentialAction":[{"@type":"SearchAction","target":{"@type":"EntryPoint","urlTemplate":"https:\/\/www.asajacyl.com\/palencia\/?s={search_term_string}"},"query-input":{"@type":"PropertyValueSpecification","valueRequired":true,"valueName":"search_term_string"}}],"inLanguage":"es"},{"@type":"Person","@id":"https:\/\/www.asajacyl.com\/palencia\/#\/schema\/person\/3ab17aeb03527485c317557fae64aab1","name":"Administrador","image":{"@type":"ImageObject","inLanguage":"es","@id":"https:\/\/www.asajacyl.com\/palencia\/#\/schema\/person\/image\/","url":"https:\/\/secure.gravatar.com\/avatar\/517384810d242ca9e38c180f3c9fb973?s=96&d=mm&r=g","contentUrl":"https:\/\/secure.gravatar.com\/avatar\/517384810d242ca9e38c180f3c9fb973?s=96&d=mm&r=g","caption":"Administrador"},"url":"https:\/\/www.asajacyl.com\/palencia\/author\/carlosrm"}]}},"_links":{"self":[{"href":"https:\/\/www.asajacyl.com\/palencia\/wp-json\/wp\/v2\/posts\/14835"}],"collection":[{"href":"https:\/\/www.asajacyl.com\/palencia\/wp-json\/wp\/v2\/posts"}],"about":[{"href":"https:\/\/www.asajacyl.com\/palencia\/wp-json\/wp\/v2\/types\/post"}],"author":[{"embeddable":true,"href":"https:\/\/www.asajacyl.com\/palencia\/wp-json\/wp\/v2\/users\/9"}],"replies":[{"embeddable":true,"href":"https:\/\/www.asajacyl.com\/palencia\/wp-json\/wp\/v2\/comments?post=14835"}],"version-history":[{"count":3,"href":"https:\/\/www.asajacyl.com\/palencia\/wp-json\/wp\/v2\/posts\/14835\/revisions"}],"predecessor-version":[{"id":14840,"href":"https:\/\/www.asajacyl.com\/palencia\/wp-json\/wp\/v2\/posts\/14835\/revisions\/14840"}],"wp:featuredmedia":[{"embeddable":true,"href":"https:\/\/www.asajacyl.com\/palencia\/wp-json\/wp\/v2\/media\/14836"}],"wp:attachment":[{"href":"https:\/\/www.asajacyl.com\/palencia\/wp-json\/wp\/v2\/media?parent=14835"}],"wp:term":[{"taxonomy":"category","embeddable":true,"href":"https:\/\/www.asajacyl.com\/palencia\/wp-json\/wp\/v2\/categories?post=14835"},{"taxonomy":"post_tag","embeddable":true,"href":"https:\/\/www.asajacyl.com\/palencia\/wp-json\/wp\/v2\/tags?post=14835"}],"curies":[{"name":"wp","href":"https:\/\/api.w.org\/{rel}","templated":true}]}}