{"id":14841,"date":"2023-11-27T09:38:58","date_gmt":"2023-11-27T08:38:58","guid":{"rendered":"https:\/\/www.asajacyl.com\/palencia\/?p=14841"},"modified":"2023-11-27T09:39:01","modified_gmt":"2023-11-27T08:39:01","slug":"el-fega-actualiza-los-importes-provisionales-de-las-ayudas-directas-de-los-ecorregimenes-de-la-pac-2023","status":"publish","type":"post","link":"https:\/\/www.asajacyl.com\/palencia\/asaja-palencia-informa\/el-fega-actualiza-los-importes-provisionales-de-las-ayudas-directas-de-los-ecorregimenes-de-la-pac-2023","title":{"rendered":"El FEGA actualiza los importes provisionales de las ayudas directas de los ecorreg\u00edmenes de la PAC 2023"},"content":{"rendered":"\n<h2 class=\"wp-block-heading\">El Fondo Espa\u00f1ol de Garant\u00eda Agraria (<a href=\"https:\/\/www.fega.gob.es\/es\" target=\"_blank\" rel=\"noreferrer noopener\">FEGA<\/a>) ha publicado recientemente los importes unitarios provisionales revisados para el pago de las ayudas directas a partir del 1 de diciembre relativos a la campa\u00f1a 2023. Entre ellos, figuran los correspondientes a una de las principales novedades de la PAC 2023-2027, los reg\u00edmenes en favor del clima y el medio ambiente, m\u00e1s conocidos como ecorreg\u00edmenes. Son los reg\u00edmenes voluntarios que asume voluntariamente el agricultor con pr\u00e1cticas medioambientales que van m\u00e1s all\u00e1 de lo b\u00e1sico, conocidas como condicionalidad reforzada.<\/h2>\n\n\n\n<p>Seg\u00fan informa el organismo ministerial, el pago anual de estas ayudas podr\u00e1 efectuarse en dos periodos: el anticipo del 70 % del importe total al que tiene derecho cada agricultor o ganadero, percibido antes del 30 de noviembre del a\u00f1o de solicitud; y el abono del saldo que se realizar\u00eda a partir del 1 diciembre y a lo largo del primer semestre del a\u00f1o siguiente (es decir, antes del 30 de junio).<\/p>\n\n\n\n<p>Estos importes unitarios provisionales revisados, as\u00ed pues, se utilizar\u00e1n para que la comunidad aut\u00f3noma haga efectivo el primer pago del saldo a partir del 1 de diciembre, que podr\u00e1 alcanzar hasta el 90% del importe total de la ayuda. <\/p>\n\n\n\n<p>Las cantidades se han calculado con los datos de superficies solicitadas por los agricultores y ganaderos en su solicitud \u00fanica de ayudas de la PAC, comunicados al FEGA por parte de las comunidades aut\u00f3nomas.<\/p>\n\n\n\n<p><strong>COMPLEMENTO PLURIANUAL. <\/strong>Al igual que los importes provisionales calculados el pasado septiembre, se ha tenido en cuenta adem\u00e1s que la normativa establece, para las pr\u00e1cticas de siembra directa y de cubiertas vegetales, un complemento de plurianualidad de <strong>veinticinco euros por hect\u00e1rea<\/strong>, que debe ser pagado \u00edntegramente a los titulares que hayan contra\u00eddo el compromiso de realizar nuevamente estas pr\u00e1cticas en la pr\u00f3xima campa\u00f1a. Por otro lado, tambi\u00e9n se aplica el llamado mecanismo de trasvase de remanentes. <\/p>\n\n\n\n<p>En virtud de esos c\u00e1lculos, los importes unitarios provisionales revisados para la campa\u00f1a 2023 para el pago de los diferentes ecorreg\u00edmenes quedan conforme a la siguiente tabla difundida por el FEGA:<\/p>\n\n\n\n<figure class=\"wp-block-image size-large is-resized\"><img loading=\"lazy\" decoding=\"async\" src=\"https:\/\/www.asajacyl.com\/palencia\/wp-content\/uploads\/sites\/3\/2023\/11\/Ecorregimenes2023-PRI-1024x652.jpg\" alt=\"\" class=\"wp-image-14842\" width=\"1070\" height=\"703\" \/><\/figure>\n","protected":false},"excerpt":{"rendered":"<p>El Fondo Espa\u00f1ol de Garant\u00eda Agraria (FEGA) ha publicado recientemente los importes unitarios provisionales revisados para el pago de las ayudas directas a partir del 1 de diciembre relativos a la campa\u00f1a 2023. Entre ellos, figuran los correspondientes a una de las principales novedades de la PAC 2023-2027, los reg\u00edmenes en favor del clima y [&hellip;]<\/p>\n","protected":false},"author":9,"featured_media":14281,"comment_status":"open","ping_status":"open","sticky":false,"template":"","format":"standard","meta":{"footnotes":""},"categories":[9,31,29,28,13],"tags":[58,59,383,599,142,250,56,77,66,45,342,458,89],"yoast_head":"<!-- This site is optimized with the Yoast SEO plugin v24.5 - https:\/\/yoast.com\/wordpress\/plugins\/seo\/ -->\n<title>El FEGA actualiza los importes provisionales de las ayudas directas de los ecorreg\u00edmenes de la PAC 2023 - ASAJA Palencia<\/title>\n<meta name=\"description\" content=\"El Fondo Espa\u00f1ol de Garant\u00eda Agraria (FEGA) ha publicado recientemente los importes unitarios provisionales revisados para el pago de las ayudas directas\" \/>\n<meta name=\"robots\" content=\"index, follow, max-snippet:-1, max-image-preview:large, max-video-preview:-1\" \/>\n<link rel=\"canonical\" href=\"https:\/\/www.asajacyl.com\/palencia\/asaja-palencia-informa\/el-fega-actualiza-los-importes-provisionales-de-las-ayudas-directas-de-los-ecorregimenes-de-la-pac-2023\" \/>\n<meta property=\"og:locale\" content=\"es_ES\" \/>\n<meta property=\"og:type\" content=\"article\" \/>\n<meta property=\"og:title\" content=\"El FEGA actualiza los importes provisionales de las ayudas directas de los ecorreg\u00edmenes de la PAC 2023 - ASAJA Palencia\" \/>\n<meta property=\"og:description\" content=\"El Fondo Espa\u00f1ol de Garant\u00eda Agraria (FEGA) ha publicado recientemente los importes unitarios provisionales revisados para el pago de las ayudas directas\" \/>\n<meta property=\"og:url\" content=\"https:\/\/www.asajacyl.com\/palencia\/asaja-palencia-informa\/el-fega-actualiza-los-importes-provisionales-de-las-ayudas-directas-de-los-ecorregimenes-de-la-pac-2023\" \/>\n<meta property=\"og:site_name\" content=\"ASAJA Palencia\" \/>\n<meta property=\"article:published_time\" content=\"2023-11-27T08:38:58+00:00\" \/>\n<meta property=\"article:modified_time\" content=\"2023-11-27T08:39:01+00:00\" \/>\n<meta property=\"og:image\" content=\"https:\/\/www.asajacyl.com\/palencia\/wp-content\/uploads\/sites\/3\/2023\/09\/Sembradora-siembra-directa--1024x896.jpg\" \/>\n\t<meta property=\"og:image:width\" content=\"1024\" \/>\n\t<meta property=\"og:image:height\" content=\"896\" \/>\n\t<meta property=\"og:image:type\" content=\"image\/jpeg\" \/>\n<meta name=\"author\" content=\"Administrador\" \/>\n<meta name=\"twitter:card\" content=\"summary_large_image\" \/>\n<meta name=\"twitter:label1\" content=\"Escrito por\" \/>\n\t<meta name=\"twitter:data1\" content=\"Administrador\" \/>\n\t<meta name=\"twitter:label2\" content=\"Tiempo de lectura\" \/>\n\t<meta name=\"twitter:data2\" content=\"2 minutos\" \/>\n<script type=\"application\/ld+json\" class=\"yoast-schema-graph\">{\"@context\":\"https:\/\/schema.org\",\"@graph\":[{\"@type\":\"WebPage\",\"@id\":\"https:\/\/www.asajacyl.com\/palencia\/asaja-palencia-informa\/el-fega-actualiza-los-importes-provisionales-de-las-ayudas-directas-de-los-ecorregimenes-de-la-pac-2023\",\"url\":\"https:\/\/www.asajacyl.com\/palencia\/asaja-palencia-informa\/el-fega-actualiza-los-importes-provisionales-de-las-ayudas-directas-de-los-ecorregimenes-de-la-pac-2023\",\"name\":\"El FEGA actualiza los importes provisionales de las ayudas directas de los ecorreg\u00edmenes de la PAC 2023 - ASAJA Palencia\",\"isPartOf\":{\"@id\":\"https:\/\/www.asajacyl.com\/palencia\/#website\"},\"primaryImageOfPage\":{\"@id\":\"https:\/\/www.asajacyl.com\/palencia\/asaja-palencia-informa\/el-fega-actualiza-los-importes-provisionales-de-las-ayudas-directas-de-los-ecorregimenes-de-la-pac-2023#primaryimage\"},\"image\":{\"@id\":\"https:\/\/www.asajacyl.com\/palencia\/asaja-palencia-informa\/el-fega-actualiza-los-importes-provisionales-de-las-ayudas-directas-de-los-ecorregimenes-de-la-pac-2023#primaryimage\"},\"thumbnailUrl\":\"https:\/\/www.asajacyl.com\/palencia\/wp-content\/uploads\/sites\/3\/2023\/09\/Sembradora-siembra-directa-.jpg\",\"datePublished\":\"2023-11-27T08:38:58+00:00\",\"dateModified\":\"2023-11-27T08:39:01+00:00\",\"author\":{\"@id\":\"https:\/\/www.asajacyl.com\/palencia\/#\/schema\/person\/3ab17aeb03527485c317557fae64aab1\"},\"description\":\"El Fondo Espa\u00f1ol de Garant\u00eda Agraria (FEGA) ha publicado recientemente los importes unitarios provisionales revisados para el pago de las ayudas directas\",\"breadcrumb\":{\"@id\":\"https:\/\/www.asajacyl.com\/palencia\/asaja-palencia-informa\/el-fega-actualiza-los-importes-provisionales-de-las-ayudas-directas-de-los-ecorregimenes-de-la-pac-2023#breadcrumb\"},\"inLanguage\":\"es\",\"potentialAction\":[{\"@type\":\"ReadAction\",\"target\":[\"https:\/\/www.asajacyl.com\/palencia\/asaja-palencia-informa\/el-fega-actualiza-los-importes-provisionales-de-las-ayudas-directas-de-los-ecorregimenes-de-la-pac-2023\"]}]},{\"@type\":\"ImageObject\",\"inLanguage\":\"es\",\"@id\":\"https:\/\/www.asajacyl.com\/palencia\/asaja-palencia-informa\/el-fega-actualiza-los-importes-provisionales-de-las-ayudas-directas-de-los-ecorregimenes-de-la-pac-2023#primaryimage\",\"url\":\"https:\/\/www.asajacyl.com\/palencia\/wp-content\/uploads\/sites\/3\/2023\/09\/Sembradora-siembra-directa-.jpg\",\"contentUrl\":\"https:\/\/www.asajacyl.com\/palencia\/wp-content\/uploads\/sites\/3\/2023\/09\/Sembradora-siembra-directa-.jpg\",\"width\":1890,\"height\":1654},{\"@type\":\"BreadcrumbList\",\"@id\":\"https:\/\/www.asajacyl.com\/palencia\/asaja-palencia-informa\/el-fega-actualiza-los-importes-provisionales-de-las-ayudas-directas-de-los-ecorregimenes-de-la-pac-2023#breadcrumb\",\"itemListElement\":[{\"@type\":\"ListItem\",\"position\":1,\"name\":\"Portada\",\"item\":\"https:\/\/www.asajacyl.com\/palencia\/\"},{\"@type\":\"ListItem\",\"position\":2,\"name\":\"El FEGA actualiza los importes provisionales de las ayudas directas de los ecorreg\u00edmenes de la PAC 2023\"}]},{\"@type\":\"WebSite\",\"@id\":\"https:\/\/www.asajacyl.com\/palencia\/#website\",\"url\":\"https:\/\/www.asajacyl.com\/palencia\/\",\"name\":\"ASAJA Palencia\",\"description\":\"Otro sitio m\u00e1s de Provincias ASAJA Castilla y Le\u00f3n\",\"potentialAction\":[{\"@type\":\"SearchAction\",\"target\":{\"@type\":\"EntryPoint\",\"urlTemplate\":\"https:\/\/www.asajacyl.com\/palencia\/?s={search_term_string}\"},\"query-input\":{\"@type\":\"PropertyValueSpecification\",\"valueRequired\":true,\"valueName\":\"search_term_string\"}}],\"inLanguage\":\"es\"},{\"@type\":\"Person\",\"@id\":\"https:\/\/www.asajacyl.com\/palencia\/#\/schema\/person\/3ab17aeb03527485c317557fae64aab1\",\"name\":\"Administrador\",\"image\":{\"@type\":\"ImageObject\",\"inLanguage\":\"es\",\"@id\":\"https:\/\/www.asajacyl.com\/palencia\/#\/schema\/person\/image\/\",\"url\":\"https:\/\/secure.gravatar.com\/avatar\/517384810d242ca9e38c180f3c9fb973?s=96&d=mm&r=g\",\"contentUrl\":\"https:\/\/secure.gravatar.com\/avatar\/517384810d242ca9e38c180f3c9fb973?s=96&d=mm&r=g\",\"caption\":\"Administrador\"},\"url\":\"https:\/\/www.asajacyl.com\/palencia\/author\/carlosrm\"}]}<\/script>\n<!-- \/ Yoast SEO plugin. -->","yoast_head_json":{"title":"El FEGA actualiza los importes provisionales de las ayudas directas de los ecorreg\u00edmenes de la PAC 2023 - ASAJA Palencia","description":"El Fondo Espa\u00f1ol de Garant\u00eda Agraria (FEGA) ha publicado recientemente los importes unitarios provisionales revisados para el pago de las ayudas directas","robots":{"index":"index","follow":"follow","max-snippet":"max-snippet:-1","max-image-preview":"max-image-preview:large","max-video-preview":"max-video-preview:-1"},"canonical":"https:\/\/www.asajacyl.com\/palencia\/asaja-palencia-informa\/el-fega-actualiza-los-importes-provisionales-de-las-ayudas-directas-de-los-ecorregimenes-de-la-pac-2023","og_locale":"es_ES","og_type":"article","og_title":"El FEGA actualiza los importes provisionales de las ayudas directas de los ecorreg\u00edmenes de la PAC 2023 - ASAJA Palencia","og_description":"El Fondo Espa\u00f1ol de Garant\u00eda Agraria (FEGA) ha publicado recientemente los importes unitarios provisionales revisados para el pago de las ayudas directas","og_url":"https:\/\/www.asajacyl.com\/palencia\/asaja-palencia-informa\/el-fega-actualiza-los-importes-provisionales-de-las-ayudas-directas-de-los-ecorregimenes-de-la-pac-2023","og_site_name":"ASAJA Palencia","article_published_time":"2023-11-27T08:38:58+00:00","article_modified_time":"2023-11-27T08:39:01+00:00","og_image":[{"width":1024,"height":896,"url":"https:\/\/www.asajacyl.com\/palencia\/wp-content\/uploads\/sites\/3\/2023\/09\/Sembradora-siembra-directa--1024x896.jpg","type":"image\/jpeg"}],"author":"Administrador","twitter_card":"summary_large_image","twitter_misc":{"Escrito por":"Administrador","Tiempo de lectura":"2 minutos"},"schema":{"@context":"https:\/\/schema.org","@graph":[{"@type":"WebPage","@id":"https:\/\/www.asajacyl.com\/palencia\/asaja-palencia-informa\/el-fega-actualiza-los-importes-provisionales-de-las-ayudas-directas-de-los-ecorregimenes-de-la-pac-2023","url":"https:\/\/www.asajacyl.com\/palencia\/asaja-palencia-informa\/el-fega-actualiza-los-importes-provisionales-de-las-ayudas-directas-de-los-ecorregimenes-de-la-pac-2023","name":"El FEGA actualiza los importes provisionales de las ayudas directas de los ecorreg\u00edmenes de la PAC 2023 - ASAJA Palencia","isPartOf":{"@id":"https:\/\/www.asajacyl.com\/palencia\/#website"},"primaryImageOfPage":{"@id":"https:\/\/www.asajacyl.com\/palencia\/asaja-palencia-informa\/el-fega-actualiza-los-importes-provisionales-de-las-ayudas-directas-de-los-ecorregimenes-de-la-pac-2023#primaryimage"},"image":{"@id":"https:\/\/www.asajacyl.com\/palencia\/asaja-palencia-informa\/el-fega-actualiza-los-importes-provisionales-de-las-ayudas-directas-de-los-ecorregimenes-de-la-pac-2023#primaryimage"},"thumbnailUrl":"https:\/\/www.asajacyl.com\/palencia\/wp-content\/uploads\/sites\/3\/2023\/09\/Sembradora-siembra-directa-.jpg","datePublished":"2023-11-27T08:38:58+00:00","dateModified":"2023-11-27T08:39:01+00:00","author":{"@id":"https:\/\/www.asajacyl.com\/palencia\/#\/schema\/person\/3ab17aeb03527485c317557fae64aab1"},"description":"El Fondo Espa\u00f1ol de Garant\u00eda Agraria (FEGA) ha publicado recientemente los importes unitarios provisionales revisados para el pago de las ayudas directas","breadcrumb":{"@id":"https:\/\/www.asajacyl.com\/palencia\/asaja-palencia-informa\/el-fega-actualiza-los-importes-provisionales-de-las-ayudas-directas-de-los-ecorregimenes-de-la-pac-2023#breadcrumb"},"inLanguage":"es","potentialAction":[{"@type":"ReadAction","target":["https:\/\/www.asajacyl.com\/palencia\/asaja-palencia-informa\/el-fega-actualiza-los-importes-provisionales-de-las-ayudas-directas-de-los-ecorregimenes-de-la-pac-2023"]}]},{"@type":"ImageObject","inLanguage":"es","@id":"https:\/\/www.asajacyl.com\/palencia\/asaja-palencia-informa\/el-fega-actualiza-los-importes-provisionales-de-las-ayudas-directas-de-los-ecorregimenes-de-la-pac-2023#primaryimage","url":"https:\/\/www.asajacyl.com\/palencia\/wp-content\/uploads\/sites\/3\/2023\/09\/Sembradora-siembra-directa-.jpg","contentUrl":"https:\/\/www.asajacyl.com\/palencia\/wp-content\/uploads\/sites\/3\/2023\/09\/Sembradora-siembra-directa-.jpg","width":1890,"height":1654},{"@type":"BreadcrumbList","@id":"https:\/\/www.asajacyl.com\/palencia\/asaja-palencia-informa\/el-fega-actualiza-los-importes-provisionales-de-las-ayudas-directas-de-los-ecorregimenes-de-la-pac-2023#breadcrumb","itemListElement":[{"@type":"ListItem","position":1,"name":"Portada","item":"https:\/\/www.asajacyl.com\/palencia\/"},{"@type":"ListItem","position":2,"name":"El FEGA actualiza los importes provisionales de las ayudas directas de los ecorreg\u00edmenes de la PAC 2023"}]},{"@type":"WebSite","@id":"https:\/\/www.asajacyl.com\/palencia\/#website","url":"https:\/\/www.asajacyl.com\/palencia\/","name":"ASAJA Palencia","description":"Otro sitio m\u00e1s de Provincias ASAJA Castilla y Le\u00f3n","potentialAction":[{"@type":"SearchAction","target":{"@type":"EntryPoint","urlTemplate":"https:\/\/www.asajacyl.com\/palencia\/?s={search_term_string}"},"query-input":{"@type":"PropertyValueSpecification","valueRequired":true,"valueName":"search_term_string"}}],"inLanguage":"es"},{"@type":"Person","@id":"https:\/\/www.asajacyl.com\/palencia\/#\/schema\/person\/3ab17aeb03527485c317557fae64aab1","name":"Administrador","image":{"@type":"ImageObject","inLanguage":"es","@id":"https:\/\/www.asajacyl.com\/palencia\/#\/schema\/person\/image\/","url":"https:\/\/secure.gravatar.com\/avatar\/517384810d242ca9e38c180f3c9fb973?s=96&d=mm&r=g","contentUrl":"https:\/\/secure.gravatar.com\/avatar\/517384810d242ca9e38c180f3c9fb973?s=96&d=mm&r=g","caption":"Administrador"},"url":"https:\/\/www.asajacyl.com\/palencia\/author\/carlosrm"}]}},"_links":{"self":[{"href":"https:\/\/www.asajacyl.com\/palencia\/wp-json\/wp\/v2\/posts\/14841"}],"collection":[{"href":"https:\/\/www.asajacyl.com\/palencia\/wp-json\/wp\/v2\/posts"}],"about":[{"href":"https:\/\/www.asajacyl.com\/palencia\/wp-json\/wp\/v2\/types\/post"}],"author":[{"embeddable":true,"href":"https:\/\/www.asajacyl.com\/palencia\/wp-json\/wp\/v2\/users\/9"}],"replies":[{"embeddable":true,"href":"https:\/\/www.asajacyl.com\/palencia\/wp-json\/wp\/v2\/comments?post=14841"}],"version-history":[{"count":1,"href":"https:\/\/www.asajacyl.com\/palencia\/wp-json\/wp\/v2\/posts\/14841\/revisions"}],"predecessor-version":[{"id":14843,"href":"https:\/\/www.asajacyl.com\/palencia\/wp-json\/wp\/v2\/posts\/14841\/revisions\/14843"}],"wp:featuredmedia":[{"embeddable":true,"href":"https:\/\/www.asajacyl.com\/palencia\/wp-json\/wp\/v2\/media\/14281"}],"wp:attachment":[{"href":"https:\/\/www.asajacyl.com\/palencia\/wp-json\/wp\/v2\/media?parent=14841"}],"wp:term":[{"taxonomy":"category","embeddable":true,"href":"https:\/\/www.asajacyl.com\/palencia\/wp-json\/wp\/v2\/categories?post=14841"},{"taxonomy":"post_tag","embeddable":true,"href":"https:\/\/www.asajacyl.com\/palencia\/wp-json\/wp\/v2\/tags?post=14841"}],"curies":[{"name":"wp","href":"https:\/\/api.w.org\/{rel}","templated":true}]}}