{"id":14861,"date":"2023-11-29T09:00:00","date_gmt":"2023-11-29T08:00:00","guid":{"rendered":"https:\/\/www.asajacyl.com\/palencia\/?p=14861"},"modified":"2023-11-27T14:18:13","modified_gmt":"2023-11-27T13:18:13","slug":"la-diputacion-programa-en-buenavista-y-tablares-una-jornada-sobre-pastoreo-racional-y-ganaderia-regenerativa","status":"publish","type":"post","link":"https:\/\/www.asajacyl.com\/palencia\/sin-categoria\/la-diputacion-programa-en-buenavista-y-tablares-una-jornada-sobre-pastoreo-racional-y-ganaderia-regenerativa","title":{"rendered":"La Diputaci\u00f3n programa en Buenavista y Tablares una jornada de pastoreo racional y ganader\u00eda regenerativa"},"content":{"rendered":"\n<h2 class=\"wp-block-heading\">Dentro de las actividades de la Escuela de Formaci\u00f3n Tablares, la Diputaci\u00f3n de Palencia, con la colaboraci\u00f3n de Itagra Formaci\u00f3n, ha organizado para el pr\u00f3ximo s\u00e1bado 2 de diciembre una jornada gratuita, con plazas limitadas, sobre pastoreo racional y ganader\u00eda regenerativa y su relaci\u00f3n con generaci\u00f3n de cr\u00e9ditos del di\u00f3xido de carbono. La jornada se impartir\u00e1 por la ma\u00f1ana (9:00-15:00 horas) de manera presencial en Buenavista de Valdavia, con una visita a la finca de la Dehesa de Tablares, propiedad de la instituci\u00f3n provincial.<\/h2>\n\n\n\n<p>Los interesados en inscribirse pueden matricularse (hasta el viernes 1 de diciembre) o solicitar m\u00e1s informaci\u00f3n en los tel\u00e9fonos de Itagra Formaci\u00f3n, S. L. (979 108 303 | 659 336 189) o en el correo electr\u00f3nico:&nbsp;<a href=\"https:\/\/www.diputaciondepalencia.es\/servicios\/formacion\/inscripciones@itagraformacion.com%C2%A0\"><\/a><a href=\"mailto:inscripciones@itagraformacion.com\">inscripciones@itagraformacion.com<\/a>&nbsp;<\/p>\n\n\n\n<p>Asimismo, en este enlace (<a href=\"https:\/\/itagraformacion.com\/cursos\/343\/pastoreo-racional-021223\" target=\"_blank\" rel=\"noreferrer noopener\">https:\/\/itagraformacion.com\/cursos\/343\/pastoreo-racional-021223<\/a>) pueden conseguir m\u00e1s informaci\u00f3n sobre el programa y los contenidos de la jornada, que en esquema son los siguientes:<\/p>\n\n\n\n<ol>\n<li><strong>Importancia de un suelo vivo<\/strong><\/li>\n\n\n\n<li><strong>Qu\u00e9 es la ganader\u00eda regenerativa<\/strong>\n<ul>\n<li>Principios de la ganader\u00eda regenerativa<\/li>\n\n\n\n<li>Herramientas de la agricultura regenerativa<\/li>\n<\/ul>\n<\/li>\n\n\n\n<li><strong>El suelo. Ciclos de nutrientes y energ\u00eda<\/strong>\n<ul>\n<li>Relaci\u00f3n suelo-pasto-animal<\/li>\n\n\n\n<li>Secuestro del carbono atmosf\u00e9rico<\/li>\n\n\n\n<li>Beneficios econ\u00f3micos, sociales y ambientales<\/li>\n<\/ul>\n<\/li>\n\n\n\n<li><strong>Pastoreo racional<\/strong>\n<ul>\n<li>Fundamentos en la planificaci\u00f3n del pastoreo<\/li>\n\n\n\n<li>Flora y fauna<\/li>\n\n\n\n<li>Manejo del reba\u00f1o<\/li>\n<\/ul>\n<\/li>\n\n\n\n<li><strong>Manejo hol\u00edstico<\/strong><\/li>\n\n\n\n<li><strong>Obtenci\u00f3n de productos diferenciados y comercializaci\u00f3n<\/strong><\/li>\n\n\n\n<li><strong>Innovaci\u00f3n<\/strong>\n<ul>\n<li>Gesti\u00f3n de cercas m\u00f3viles<\/li>\n\n\n\n<li>Gesti\u00f3n del agua<\/li>\n\n\n\n<li>Collares GPS (vallado virtual)<\/li>\n\n\n\n<li>Plantas bioindicadoras de pastos<\/li>\n<\/ul>\n<\/li>\n<\/ol>\n\n\n\n<p>Los objetivos de la jornada son divulgar un m\u00e9todo productivo sostenible econ\u00f3mica y ambientalmente que permite la recuperaci\u00f3n de la fertilidad natural del suelo, el aumento de la capacidad productiva y, por tanto, de la rentabilidad de las explotaciones. Asimismo, se persigue entender la ganader\u00eda regenerativa como una herramienta para hacer frente al proceso de degradaci\u00f3n medioambiental del campo y conseguir mayor secuestro de carbono con la actividad ganadera.<strong>\/<\/strong><\/p>\n","protected":false},"excerpt":{"rendered":"<p>Dentro de las actividades de la Escuela de Formaci\u00f3n Tablares, la Diputaci\u00f3n de Palencia, con la colaboraci\u00f3n de Itagra Formaci\u00f3n, ha organizado para el pr\u00f3ximo s\u00e1bado 2 de diciembre una jornada gratuita, con plazas limitadas, sobre pastoreo racional y ganader\u00eda regenerativa y su relaci\u00f3n con generaci\u00f3n de cr\u00e9ditos del di\u00f3xido de carbono. La jornada se [&hellip;]<\/p>\n","protected":false},"author":9,"featured_media":14863,"comment_status":"open","ping_status":"open","sticky":false,"template":"","format":"standard","meta":{"footnotes":""},"categories":[9,31,39,29,28,13,1],"tags":[77,606,604,576,507,249],"yoast_head":"<!-- This site is optimized with the Yoast SEO plugin v24.5 - https:\/\/yoast.com\/wordpress\/plugins\/seo\/ -->\n<title>La Diputaci\u00f3n programa en Buenavista y Tablares una jornada de pastoreo racional y ganader\u00eda regenerativa - ASAJA Palencia<\/title>\n<meta name=\"description\" content=\"Dentro de las actividades de la Escuela de Formaci\u00f3n Tablares, la Diputaci\u00f3n de Palencia, con la colaboraci\u00f3n de Itagra Formaci\u00f3n, ha organizado para el\" \/>\n<meta name=\"robots\" content=\"index, follow, max-snippet:-1, max-image-preview:large, max-video-preview:-1\" \/>\n<link rel=\"canonical\" href=\"https:\/\/www.asajacyl.com\/palencia\/sin-categoria\/la-diputacion-programa-en-buenavista-y-tablares-una-jornada-sobre-pastoreo-racional-y-ganaderia-regenerativa\" \/>\n<meta property=\"og:locale\" content=\"es_ES\" \/>\n<meta property=\"og:type\" content=\"article\" \/>\n<meta property=\"og:title\" content=\"La Diputaci\u00f3n programa en Buenavista y Tablares una jornada de pastoreo racional y ganader\u00eda regenerativa - ASAJA Palencia\" \/>\n<meta property=\"og:description\" content=\"Dentro de las actividades de la Escuela de Formaci\u00f3n Tablares, la Diputaci\u00f3n de Palencia, con la colaboraci\u00f3n de Itagra Formaci\u00f3n, ha organizado para el\" \/>\n<meta property=\"og:url\" content=\"https:\/\/www.asajacyl.com\/palencia\/sin-categoria\/la-diputacion-programa-en-buenavista-y-tablares-una-jornada-sobre-pastoreo-racional-y-ganaderia-regenerativa\" \/>\n<meta property=\"og:site_name\" content=\"ASAJA Palencia\" \/>\n<meta property=\"article:published_time\" content=\"2023-11-29T08:00:00+00:00\" \/>\n<meta property=\"og:image\" content=\"https:\/\/www.asajacyl.com\/palencia\/wp-content\/uploads\/sites\/3\/2023\/11\/Vacuno-en-montana-1024x896.jpg\" \/>\n\t<meta property=\"og:image:width\" content=\"1024\" \/>\n\t<meta property=\"og:image:height\" content=\"896\" \/>\n\t<meta property=\"og:image:type\" content=\"image\/jpeg\" \/>\n<meta name=\"author\" content=\"Administrador\" \/>\n<meta name=\"twitter:card\" content=\"summary_large_image\" \/>\n<meta name=\"twitter:label1\" content=\"Escrito por\" \/>\n\t<meta name=\"twitter:data1\" content=\"Administrador\" \/>\n\t<meta name=\"twitter:label2\" content=\"Tiempo de lectura\" \/>\n\t<meta name=\"twitter:data2\" content=\"2 minutos\" \/>\n<script type=\"application\/ld+json\" class=\"yoast-schema-graph\">{\"@context\":\"https:\/\/schema.org\",\"@graph\":[{\"@type\":\"WebPage\",\"@id\":\"https:\/\/www.asajacyl.com\/palencia\/sin-categoria\/la-diputacion-programa-en-buenavista-y-tablares-una-jornada-sobre-pastoreo-racional-y-ganaderia-regenerativa\",\"url\":\"https:\/\/www.asajacyl.com\/palencia\/sin-categoria\/la-diputacion-programa-en-buenavista-y-tablares-una-jornada-sobre-pastoreo-racional-y-ganaderia-regenerativa\",\"name\":\"La Diputaci\u00f3n programa en Buenavista y Tablares una jornada de pastoreo racional y ganader\u00eda regenerativa - ASAJA Palencia\",\"isPartOf\":{\"@id\":\"https:\/\/www.asajacyl.com\/palencia\/#website\"},\"primaryImageOfPage\":{\"@id\":\"https:\/\/www.asajacyl.com\/palencia\/sin-categoria\/la-diputacion-programa-en-buenavista-y-tablares-una-jornada-sobre-pastoreo-racional-y-ganaderia-regenerativa#primaryimage\"},\"image\":{\"@id\":\"https:\/\/www.asajacyl.com\/palencia\/sin-categoria\/la-diputacion-programa-en-buenavista-y-tablares-una-jornada-sobre-pastoreo-racional-y-ganaderia-regenerativa#primaryimage\"},\"thumbnailUrl\":\"https:\/\/www.asajacyl.com\/palencia\/wp-content\/uploads\/sites\/3\/2023\/11\/Vacuno-en-montana.jpg\",\"datePublished\":\"2023-11-29T08:00:00+00:00\",\"author\":{\"@id\":\"https:\/\/www.asajacyl.com\/palencia\/#\/schema\/person\/3ab17aeb03527485c317557fae64aab1\"},\"description\":\"Dentro de las actividades de la Escuela de Formaci\u00f3n Tablares, la Diputaci\u00f3n de Palencia, con la colaboraci\u00f3n de Itagra Formaci\u00f3n, ha organizado para el\",\"breadcrumb\":{\"@id\":\"https:\/\/www.asajacyl.com\/palencia\/sin-categoria\/la-diputacion-programa-en-buenavista-y-tablares-una-jornada-sobre-pastoreo-racional-y-ganaderia-regenerativa#breadcrumb\"},\"inLanguage\":\"es\",\"potentialAction\":[{\"@type\":\"ReadAction\",\"target\":[\"https:\/\/www.asajacyl.com\/palencia\/sin-categoria\/la-diputacion-programa-en-buenavista-y-tablares-una-jornada-sobre-pastoreo-racional-y-ganaderia-regenerativa\"]}]},{\"@type\":\"ImageObject\",\"inLanguage\":\"es\",\"@id\":\"https:\/\/www.asajacyl.com\/palencia\/sin-categoria\/la-diputacion-programa-en-buenavista-y-tablares-una-jornada-sobre-pastoreo-racional-y-ganaderia-regenerativa#primaryimage\",\"url\":\"https:\/\/www.asajacyl.com\/palencia\/wp-content\/uploads\/sites\/3\/2023\/11\/Vacuno-en-montana.jpg\",\"contentUrl\":\"https:\/\/www.asajacyl.com\/palencia\/wp-content\/uploads\/sites\/3\/2023\/11\/Vacuno-en-montana.jpg\",\"width\":1890,\"height\":1654},{\"@type\":\"BreadcrumbList\",\"@id\":\"https:\/\/www.asajacyl.com\/palencia\/sin-categoria\/la-diputacion-programa-en-buenavista-y-tablares-una-jornada-sobre-pastoreo-racional-y-ganaderia-regenerativa#breadcrumb\",\"itemListElement\":[{\"@type\":\"ListItem\",\"position\":1,\"name\":\"Portada\",\"item\":\"https:\/\/www.asajacyl.com\/palencia\/\"},{\"@type\":\"ListItem\",\"position\":2,\"name\":\"La Diputaci\u00f3n programa en Buenavista y Tablares una jornada de pastoreo racional y ganader\u00eda regenerativa\"}]},{\"@type\":\"WebSite\",\"@id\":\"https:\/\/www.asajacyl.com\/palencia\/#website\",\"url\":\"https:\/\/www.asajacyl.com\/palencia\/\",\"name\":\"ASAJA Palencia\",\"description\":\"Otro sitio m\u00e1s de Provincias ASAJA Castilla y Le\u00f3n\",\"potentialAction\":[{\"@type\":\"SearchAction\",\"target\":{\"@type\":\"EntryPoint\",\"urlTemplate\":\"https:\/\/www.asajacyl.com\/palencia\/?s={search_term_string}\"},\"query-input\":{\"@type\":\"PropertyValueSpecification\",\"valueRequired\":true,\"valueName\":\"search_term_string\"}}],\"inLanguage\":\"es\"},{\"@type\":\"Person\",\"@id\":\"https:\/\/www.asajacyl.com\/palencia\/#\/schema\/person\/3ab17aeb03527485c317557fae64aab1\",\"name\":\"Administrador\",\"image\":{\"@type\":\"ImageObject\",\"inLanguage\":\"es\",\"@id\":\"https:\/\/www.asajacyl.com\/palencia\/#\/schema\/person\/image\/\",\"url\":\"https:\/\/secure.gravatar.com\/avatar\/517384810d242ca9e38c180f3c9fb973?s=96&d=mm&r=g\",\"contentUrl\":\"https:\/\/secure.gravatar.com\/avatar\/517384810d242ca9e38c180f3c9fb973?s=96&d=mm&r=g\",\"caption\":\"Administrador\"},\"url\":\"https:\/\/www.asajacyl.com\/palencia\/author\/carlosrm\"}]}<\/script>\n<!-- \/ Yoast SEO plugin. -->","yoast_head_json":{"title":"La Diputaci\u00f3n programa en Buenavista y Tablares una jornada de pastoreo racional y ganader\u00eda regenerativa - ASAJA Palencia","description":"Dentro de las actividades de la Escuela de Formaci\u00f3n Tablares, la Diputaci\u00f3n de Palencia, con la colaboraci\u00f3n de Itagra Formaci\u00f3n, ha organizado para el","robots":{"index":"index","follow":"follow","max-snippet":"max-snippet:-1","max-image-preview":"max-image-preview:large","max-video-preview":"max-video-preview:-1"},"canonical":"https:\/\/www.asajacyl.com\/palencia\/sin-categoria\/la-diputacion-programa-en-buenavista-y-tablares-una-jornada-sobre-pastoreo-racional-y-ganaderia-regenerativa","og_locale":"es_ES","og_type":"article","og_title":"La Diputaci\u00f3n programa en Buenavista y Tablares una jornada de pastoreo racional y ganader\u00eda regenerativa - ASAJA Palencia","og_description":"Dentro de las actividades de la Escuela de Formaci\u00f3n Tablares, la Diputaci\u00f3n de Palencia, con la colaboraci\u00f3n de Itagra Formaci\u00f3n, ha organizado para el","og_url":"https:\/\/www.asajacyl.com\/palencia\/sin-categoria\/la-diputacion-programa-en-buenavista-y-tablares-una-jornada-sobre-pastoreo-racional-y-ganaderia-regenerativa","og_site_name":"ASAJA Palencia","article_published_time":"2023-11-29T08:00:00+00:00","og_image":[{"width":1024,"height":896,"url":"https:\/\/www.asajacyl.com\/palencia\/wp-content\/uploads\/sites\/3\/2023\/11\/Vacuno-en-montana-1024x896.jpg","type":"image\/jpeg"}],"author":"Administrador","twitter_card":"summary_large_image","twitter_misc":{"Escrito por":"Administrador","Tiempo de lectura":"2 minutos"},"schema":{"@context":"https:\/\/schema.org","@graph":[{"@type":"WebPage","@id":"https:\/\/www.asajacyl.com\/palencia\/sin-categoria\/la-diputacion-programa-en-buenavista-y-tablares-una-jornada-sobre-pastoreo-racional-y-ganaderia-regenerativa","url":"https:\/\/www.asajacyl.com\/palencia\/sin-categoria\/la-diputacion-programa-en-buenavista-y-tablares-una-jornada-sobre-pastoreo-racional-y-ganaderia-regenerativa","name":"La Diputaci\u00f3n programa en Buenavista y Tablares una jornada de pastoreo racional y ganader\u00eda regenerativa - ASAJA Palencia","isPartOf":{"@id":"https:\/\/www.asajacyl.com\/palencia\/#website"},"primaryImageOfPage":{"@id":"https:\/\/www.asajacyl.com\/palencia\/sin-categoria\/la-diputacion-programa-en-buenavista-y-tablares-una-jornada-sobre-pastoreo-racional-y-ganaderia-regenerativa#primaryimage"},"image":{"@id":"https:\/\/www.asajacyl.com\/palencia\/sin-categoria\/la-diputacion-programa-en-buenavista-y-tablares-una-jornada-sobre-pastoreo-racional-y-ganaderia-regenerativa#primaryimage"},"thumbnailUrl":"https:\/\/www.asajacyl.com\/palencia\/wp-content\/uploads\/sites\/3\/2023\/11\/Vacuno-en-montana.jpg","datePublished":"2023-11-29T08:00:00+00:00","author":{"@id":"https:\/\/www.asajacyl.com\/palencia\/#\/schema\/person\/3ab17aeb03527485c317557fae64aab1"},"description":"Dentro de las actividades de la Escuela de Formaci\u00f3n Tablares, la Diputaci\u00f3n de Palencia, con la colaboraci\u00f3n de Itagra Formaci\u00f3n, ha organizado para el","breadcrumb":{"@id":"https:\/\/www.asajacyl.com\/palencia\/sin-categoria\/la-diputacion-programa-en-buenavista-y-tablares-una-jornada-sobre-pastoreo-racional-y-ganaderia-regenerativa#breadcrumb"},"inLanguage":"es","potentialAction":[{"@type":"ReadAction","target":["https:\/\/www.asajacyl.com\/palencia\/sin-categoria\/la-diputacion-programa-en-buenavista-y-tablares-una-jornada-sobre-pastoreo-racional-y-ganaderia-regenerativa"]}]},{"@type":"ImageObject","inLanguage":"es","@id":"https:\/\/www.asajacyl.com\/palencia\/sin-categoria\/la-diputacion-programa-en-buenavista-y-tablares-una-jornada-sobre-pastoreo-racional-y-ganaderia-regenerativa#primaryimage","url":"https:\/\/www.asajacyl.com\/palencia\/wp-content\/uploads\/sites\/3\/2023\/11\/Vacuno-en-montana.jpg","contentUrl":"https:\/\/www.asajacyl.com\/palencia\/wp-content\/uploads\/sites\/3\/2023\/11\/Vacuno-en-montana.jpg","width":1890,"height":1654},{"@type":"BreadcrumbList","@id":"https:\/\/www.asajacyl.com\/palencia\/sin-categoria\/la-diputacion-programa-en-buenavista-y-tablares-una-jornada-sobre-pastoreo-racional-y-ganaderia-regenerativa#breadcrumb","itemListElement":[{"@type":"ListItem","position":1,"name":"Portada","item":"https:\/\/www.asajacyl.com\/palencia\/"},{"@type":"ListItem","position":2,"name":"La Diputaci\u00f3n programa en Buenavista y Tablares una jornada de pastoreo racional y ganader\u00eda regenerativa"}]},{"@type":"WebSite","@id":"https:\/\/www.asajacyl.com\/palencia\/#website","url":"https:\/\/www.asajacyl.com\/palencia\/","name":"ASAJA Palencia","description":"Otro sitio m\u00e1s de Provincias ASAJA Castilla y Le\u00f3n","potentialAction":[{"@type":"SearchAction","target":{"@type":"EntryPoint","urlTemplate":"https:\/\/www.asajacyl.com\/palencia\/?s={search_term_string}"},"query-input":{"@type":"PropertyValueSpecification","valueRequired":true,"valueName":"search_term_string"}}],"inLanguage":"es"},{"@type":"Person","@id":"https:\/\/www.asajacyl.com\/palencia\/#\/schema\/person\/3ab17aeb03527485c317557fae64aab1","name":"Administrador","image":{"@type":"ImageObject","inLanguage":"es","@id":"https:\/\/www.asajacyl.com\/palencia\/#\/schema\/person\/image\/","url":"https:\/\/secure.gravatar.com\/avatar\/517384810d242ca9e38c180f3c9fb973?s=96&d=mm&r=g","contentUrl":"https:\/\/secure.gravatar.com\/avatar\/517384810d242ca9e38c180f3c9fb973?s=96&d=mm&r=g","caption":"Administrador"},"url":"https:\/\/www.asajacyl.com\/palencia\/author\/carlosrm"}]}},"_links":{"self":[{"href":"https:\/\/www.asajacyl.com\/palencia\/wp-json\/wp\/v2\/posts\/14861"}],"collection":[{"href":"https:\/\/www.asajacyl.com\/palencia\/wp-json\/wp\/v2\/posts"}],"about":[{"href":"https:\/\/www.asajacyl.com\/palencia\/wp-json\/wp\/v2\/types\/post"}],"author":[{"embeddable":true,"href":"https:\/\/www.asajacyl.com\/palencia\/wp-json\/wp\/v2\/users\/9"}],"replies":[{"embeddable":true,"href":"https:\/\/www.asajacyl.com\/palencia\/wp-json\/wp\/v2\/comments?post=14861"}],"version-history":[{"count":3,"href":"https:\/\/www.asajacyl.com\/palencia\/wp-json\/wp\/v2\/posts\/14861\/revisions"}],"predecessor-version":[{"id":14866,"href":"https:\/\/www.asajacyl.com\/palencia\/wp-json\/wp\/v2\/posts\/14861\/revisions\/14866"}],"wp:featuredmedia":[{"embeddable":true,"href":"https:\/\/www.asajacyl.com\/palencia\/wp-json\/wp\/v2\/media\/14863"}],"wp:attachment":[{"href":"https:\/\/www.asajacyl.com\/palencia\/wp-json\/wp\/v2\/media?parent=14861"}],"wp:term":[{"taxonomy":"category","embeddable":true,"href":"https:\/\/www.asajacyl.com\/palencia\/wp-json\/wp\/v2\/categories?post=14861"},{"taxonomy":"post_tag","embeddable":true,"href":"https:\/\/www.asajacyl.com\/palencia\/wp-json\/wp\/v2\/tags?post=14861"}],"curies":[{"name":"wp","href":"https:\/\/api.w.org\/{rel}","templated":true}]}}