{"id":14876,"date":"2023-11-30T11:00:00","date_gmt":"2023-11-30T10:00:00","guid":{"rendered":"https:\/\/www.asajacyl.com\/palencia\/?p=14876"},"modified":"2023-11-29T14:27:44","modified_gmt":"2023-11-29T13:27:44","slug":"asaja-palencia-aclara-que-la-ayuda-al-prestamo-de-sequia-se-pierde-al-dejar-de-ser-agricultor-profesional","status":"publish","type":"post","link":"https:\/\/www.asajacyl.com\/palencia\/asaja-palencia-informa\/asaja-palencia-aclara-que-la-ayuda-al-prestamo-de-sequia-se-pierde-al-dejar-de-ser-agricultor-profesional","title":{"rendered":"ASAJA-Palencia aclara que la ayuda al pr\u00e9stamo de sequ\u00eda se pierde al dejar de ser agricultor profesional"},"content":{"rendered":"\n<h2 class=\"wp-block-heading\">Los servicios t\u00e9cnicos de ASAJA-Palencia informan a sus asociados, tras efectuar una consulta sobre la materia a la Junta de Castilla y Le\u00f3n, que la bonificaci\u00f3n m\u00e1xima de intereses en los pr\u00e9stamos preferenciales por sequ\u00eda se perder\u00eda en caso de dejar de ser agricultor o ganadero profesional. Es decir, el reconocimiento del derecho a percibir esta ayuda de la administraci\u00f3n auton\u00f3mica est\u00e1 directamente vinculado a la titularidad como agricultor profesional, por lo que la subvenci\u00f3n decaer\u00eda al cesar en la actividad. ASAJA aprovecha para recordar que el 15 de febrero de 2024 concluye el plazo para presentar la documentaci\u00f3n sobre estos pr\u00e9stamos en las entidades bancarias que se sumaron a esta l\u00ednea de cr\u00e9ditos preferenciales.<\/h2>\n\n\n\n<p>La Junta ha recibido en el conjunto de Castilla y Le\u00f3n cerca de 13.500 peticiones de reconocimiento de derecho a suscribir estos pr\u00e9stamos, convocados el pasado verano. Si todos los agricultores y ganaderos formalizan la petici\u00f3n, el importe total de pr\u00e9stamo ascender\u00e1 a unos 564 millones de euros, la mayor cantidad suscrita de las tres convocatorias de la administraci\u00f3n auton\u00f3mica para conceder bonificaci\u00f3n de intereses en cr\u00e9ditos preferenciales por sequ\u00eda.<\/p>\n\n\n\n<p>La Consejer\u00eda de Agricultura, Ganader\u00eda y Desarrollo Rural ha habilitado un m\u00e1ximo de sesenta millones de euros para sufragar los intereses de dichos pr\u00e9stamos, seg\u00fan el convenio firmado con once entidades bancarias: Abanca, Banco Santander, BBVA, Caja Rural de Burgos, Caja Rural de Salamanca, Caja Rural de Soria, Caja Rural de Zamora, Cajamar, Caixabank, Ibercaja y Unicaja.<\/p>\n\n\n\n<p><strong>TRES TRAMOS DE CAPITAL, CON UN M\u00c1XIMO DE 60.000 \u20ac. <\/strong>Seg\u00fan las solicitudes presentadas, y en virtud de la capacidad productiva de cada peticionario, aproximadamente la mitad de los profesionales del campo entran en el tramo medio y podr\u00e1n solicitar un pr\u00e9stamo de hasta 40.000 euros. El 13% podr\u00eda pedir un cr\u00e9dito de hasta 10.000 euros; y el 37%, de hasta 60.000 euros, m\u00e1xima cantidad de capital posible por explotaci\u00f3n en estos pr\u00e9stamos preferenciales, seg\u00fan las bases estipuladas en la orden de la Consejer\u00eda del pasado 21 de agosto.<\/p>\n\n\n\n<p>Los pr\u00e9stamos se conciertan a cinco a\u00f1os, con un primer a\u00f1o de carencia y cuatro de amortizaciones constantes, con tipo variable con referencia al Euribor m\u00e1s un diferencial del 0,5. La bonificaci\u00f3n alcanza al 100% para los agricultores y ganaderos profesionales y hasta el 40% para el resto. Quienes hayan obtenido el reconocimiento del derecho a percibir estas ayudas deber\u00e1n presentar toda la documentaci\u00f3n cumplimentada en las entidades bancarias citadas no m\u00e1s tarde del 15 de febrero de 2024.<strong>\/<\/strong><\/p>\n\n\n\n<p><\/p>\n","protected":false},"excerpt":{"rendered":"<p>Los servicios t\u00e9cnicos de ASAJA-Palencia informan a sus asociados, tras efectuar una consulta sobre la materia a la Junta de Castilla y Le\u00f3n, que la bonificaci\u00f3n m\u00e1xima de intereses en los pr\u00e9stamos preferenciales por sequ\u00eda se perder\u00eda en caso de dejar de ser agricultor o ganadero profesional. Es decir, el reconocimiento del derecho a percibir [&hellip;]<\/p>\n","protected":false},"author":9,"featured_media":13576,"comment_status":"open","ping_status":"open","sticky":false,"template":"","format":"standard","meta":{"footnotes":""},"categories":[9,31,38,29,28,13],"tags":[58,59,142,461,190,77,66,433,93],"yoast_head":"<!-- This site is optimized with the Yoast SEO plugin v24.5 - https:\/\/yoast.com\/wordpress\/plugins\/seo\/ -->\n<title>ASAJA-Palencia aclara que la ayuda al pr\u00e9stamo de sequ\u00eda se pierde al dejar de ser agricultor profesional - ASAJA Palencia<\/title>\n<meta name=\"description\" content=\"Los servicios t\u00e9cnicos de ASAJA-Palencia informan a sus asociados, tras efectuar una consulta sobre la materia a la Junta de Castilla y Le\u00f3n, que la\" \/>\n<meta name=\"robots\" content=\"index, follow, max-snippet:-1, max-image-preview:large, max-video-preview:-1\" \/>\n<link rel=\"canonical\" href=\"https:\/\/www.asajacyl.com\/palencia\/asaja-palencia-informa\/asaja-palencia-aclara-que-la-ayuda-al-prestamo-de-sequia-se-pierde-al-dejar-de-ser-agricultor-profesional\" \/>\n<meta property=\"og:locale\" content=\"es_ES\" \/>\n<meta property=\"og:type\" content=\"article\" \/>\n<meta property=\"og:title\" content=\"ASAJA-Palencia aclara que la ayuda al pr\u00e9stamo de sequ\u00eda se pierde al dejar de ser agricultor profesional - ASAJA Palencia\" \/>\n<meta property=\"og:description\" content=\"Los servicios t\u00e9cnicos de ASAJA-Palencia informan a sus asociados, tras efectuar una consulta sobre la materia a la Junta de Castilla y Le\u00f3n, que la\" \/>\n<meta property=\"og:url\" content=\"https:\/\/www.asajacyl.com\/palencia\/asaja-palencia-informa\/asaja-palencia-aclara-que-la-ayuda-al-prestamo-de-sequia-se-pierde-al-dejar-de-ser-agricultor-profesional\" \/>\n<meta property=\"og:site_name\" content=\"ASAJA Palencia\" \/>\n<meta property=\"article:published_time\" content=\"2023-11-30T10:00:00+00:00\" \/>\n<meta property=\"og:image\" content=\"https:\/\/www.asajacyl.com\/palencia\/wp-content\/uploads\/sites\/3\/2023\/06\/Grietas-sequia-portada-jun2-1024x896.jpg\" \/>\n\t<meta property=\"og:image:width\" content=\"1024\" \/>\n\t<meta property=\"og:image:height\" content=\"896\" \/>\n\t<meta property=\"og:image:type\" content=\"image\/jpeg\" \/>\n<meta name=\"author\" content=\"Administrador\" \/>\n<meta name=\"twitter:card\" content=\"summary_large_image\" \/>\n<meta name=\"twitter:label1\" content=\"Escrito por\" \/>\n\t<meta name=\"twitter:data1\" content=\"Administrador\" \/>\n\t<meta name=\"twitter:label2\" content=\"Tiempo de lectura\" \/>\n\t<meta name=\"twitter:data2\" content=\"2 minutos\" \/>\n<script type=\"application\/ld+json\" class=\"yoast-schema-graph\">{\"@context\":\"https:\/\/schema.org\",\"@graph\":[{\"@type\":\"WebPage\",\"@id\":\"https:\/\/www.asajacyl.com\/palencia\/asaja-palencia-informa\/asaja-palencia-aclara-que-la-ayuda-al-prestamo-de-sequia-se-pierde-al-dejar-de-ser-agricultor-profesional\",\"url\":\"https:\/\/www.asajacyl.com\/palencia\/asaja-palencia-informa\/asaja-palencia-aclara-que-la-ayuda-al-prestamo-de-sequia-se-pierde-al-dejar-de-ser-agricultor-profesional\",\"name\":\"ASAJA-Palencia aclara que la ayuda al pr\u00e9stamo de sequ\u00eda se pierde al dejar de ser agricultor profesional - ASAJA Palencia\",\"isPartOf\":{\"@id\":\"https:\/\/www.asajacyl.com\/palencia\/#website\"},\"primaryImageOfPage\":{\"@id\":\"https:\/\/www.asajacyl.com\/palencia\/asaja-palencia-informa\/asaja-palencia-aclara-que-la-ayuda-al-prestamo-de-sequia-se-pierde-al-dejar-de-ser-agricultor-profesional#primaryimage\"},\"image\":{\"@id\":\"https:\/\/www.asajacyl.com\/palencia\/asaja-palencia-informa\/asaja-palencia-aclara-que-la-ayuda-al-prestamo-de-sequia-se-pierde-al-dejar-de-ser-agricultor-profesional#primaryimage\"},\"thumbnailUrl\":\"https:\/\/www.asajacyl.com\/palencia\/wp-content\/uploads\/sites\/3\/2023\/06\/Grietas-sequia-portada-jun2.jpg\",\"datePublished\":\"2023-11-30T10:00:00+00:00\",\"author\":{\"@id\":\"https:\/\/www.asajacyl.com\/palencia\/#\/schema\/person\/3ab17aeb03527485c317557fae64aab1\"},\"description\":\"Los servicios t\u00e9cnicos de ASAJA-Palencia informan a sus asociados, tras efectuar una consulta sobre la materia a la Junta de Castilla y Le\u00f3n, que la\",\"breadcrumb\":{\"@id\":\"https:\/\/www.asajacyl.com\/palencia\/asaja-palencia-informa\/asaja-palencia-aclara-que-la-ayuda-al-prestamo-de-sequia-se-pierde-al-dejar-de-ser-agricultor-profesional#breadcrumb\"},\"inLanguage\":\"es\",\"potentialAction\":[{\"@type\":\"ReadAction\",\"target\":[\"https:\/\/www.asajacyl.com\/palencia\/asaja-palencia-informa\/asaja-palencia-aclara-que-la-ayuda-al-prestamo-de-sequia-se-pierde-al-dejar-de-ser-agricultor-profesional\"]}]},{\"@type\":\"ImageObject\",\"inLanguage\":\"es\",\"@id\":\"https:\/\/www.asajacyl.com\/palencia\/asaja-palencia-informa\/asaja-palencia-aclara-que-la-ayuda-al-prestamo-de-sequia-se-pierde-al-dejar-de-ser-agricultor-profesional#primaryimage\",\"url\":\"https:\/\/www.asajacyl.com\/palencia\/wp-content\/uploads\/sites\/3\/2023\/06\/Grietas-sequia-portada-jun2.jpg\",\"contentUrl\":\"https:\/\/www.asajacyl.com\/palencia\/wp-content\/uploads\/sites\/3\/2023\/06\/Grietas-sequia-portada-jun2.jpg\",\"width\":1890,\"height\":1654},{\"@type\":\"BreadcrumbList\",\"@id\":\"https:\/\/www.asajacyl.com\/palencia\/asaja-palencia-informa\/asaja-palencia-aclara-que-la-ayuda-al-prestamo-de-sequia-se-pierde-al-dejar-de-ser-agricultor-profesional#breadcrumb\",\"itemListElement\":[{\"@type\":\"ListItem\",\"position\":1,\"name\":\"Portada\",\"item\":\"https:\/\/www.asajacyl.com\/palencia\/\"},{\"@type\":\"ListItem\",\"position\":2,\"name\":\"ASAJA-Palencia aclara que la ayuda al pr\u00e9stamo de sequ\u00eda se pierde al dejar de ser agricultor profesional\"}]},{\"@type\":\"WebSite\",\"@id\":\"https:\/\/www.asajacyl.com\/palencia\/#website\",\"url\":\"https:\/\/www.asajacyl.com\/palencia\/\",\"name\":\"ASAJA Palencia\",\"description\":\"Otro sitio m\u00e1s de Provincias ASAJA Castilla y Le\u00f3n\",\"potentialAction\":[{\"@type\":\"SearchAction\",\"target\":{\"@type\":\"EntryPoint\",\"urlTemplate\":\"https:\/\/www.asajacyl.com\/palencia\/?s={search_term_string}\"},\"query-input\":{\"@type\":\"PropertyValueSpecification\",\"valueRequired\":true,\"valueName\":\"search_term_string\"}}],\"inLanguage\":\"es\"},{\"@type\":\"Person\",\"@id\":\"https:\/\/www.asajacyl.com\/palencia\/#\/schema\/person\/3ab17aeb03527485c317557fae64aab1\",\"name\":\"Administrador\",\"image\":{\"@type\":\"ImageObject\",\"inLanguage\":\"es\",\"@id\":\"https:\/\/www.asajacyl.com\/palencia\/#\/schema\/person\/image\/\",\"url\":\"https:\/\/secure.gravatar.com\/avatar\/517384810d242ca9e38c180f3c9fb973?s=96&d=mm&r=g\",\"contentUrl\":\"https:\/\/secure.gravatar.com\/avatar\/517384810d242ca9e38c180f3c9fb973?s=96&d=mm&r=g\",\"caption\":\"Administrador\"},\"url\":\"https:\/\/www.asajacyl.com\/palencia\/author\/carlosrm\"}]}<\/script>\n<!-- \/ Yoast SEO plugin. -->","yoast_head_json":{"title":"ASAJA-Palencia aclara que la ayuda al pr\u00e9stamo de sequ\u00eda se pierde al dejar de ser agricultor profesional - ASAJA Palencia","description":"Los servicios t\u00e9cnicos de ASAJA-Palencia informan a sus asociados, tras efectuar una consulta sobre la materia a la Junta de Castilla y Le\u00f3n, que la","robots":{"index":"index","follow":"follow","max-snippet":"max-snippet:-1","max-image-preview":"max-image-preview:large","max-video-preview":"max-video-preview:-1"},"canonical":"https:\/\/www.asajacyl.com\/palencia\/asaja-palencia-informa\/asaja-palencia-aclara-que-la-ayuda-al-prestamo-de-sequia-se-pierde-al-dejar-de-ser-agricultor-profesional","og_locale":"es_ES","og_type":"article","og_title":"ASAJA-Palencia aclara que la ayuda al pr\u00e9stamo de sequ\u00eda se pierde al dejar de ser agricultor profesional - ASAJA Palencia","og_description":"Los servicios t\u00e9cnicos de ASAJA-Palencia informan a sus asociados, tras efectuar una consulta sobre la materia a la Junta de Castilla y Le\u00f3n, que la","og_url":"https:\/\/www.asajacyl.com\/palencia\/asaja-palencia-informa\/asaja-palencia-aclara-que-la-ayuda-al-prestamo-de-sequia-se-pierde-al-dejar-de-ser-agricultor-profesional","og_site_name":"ASAJA Palencia","article_published_time":"2023-11-30T10:00:00+00:00","og_image":[{"width":1024,"height":896,"url":"https:\/\/www.asajacyl.com\/palencia\/wp-content\/uploads\/sites\/3\/2023\/06\/Grietas-sequia-portada-jun2-1024x896.jpg","type":"image\/jpeg"}],"author":"Administrador","twitter_card":"summary_large_image","twitter_misc":{"Escrito por":"Administrador","Tiempo de lectura":"2 minutos"},"schema":{"@context":"https:\/\/schema.org","@graph":[{"@type":"WebPage","@id":"https:\/\/www.asajacyl.com\/palencia\/asaja-palencia-informa\/asaja-palencia-aclara-que-la-ayuda-al-prestamo-de-sequia-se-pierde-al-dejar-de-ser-agricultor-profesional","url":"https:\/\/www.asajacyl.com\/palencia\/asaja-palencia-informa\/asaja-palencia-aclara-que-la-ayuda-al-prestamo-de-sequia-se-pierde-al-dejar-de-ser-agricultor-profesional","name":"ASAJA-Palencia aclara que la ayuda al pr\u00e9stamo de sequ\u00eda se pierde al dejar de ser agricultor profesional - ASAJA Palencia","isPartOf":{"@id":"https:\/\/www.asajacyl.com\/palencia\/#website"},"primaryImageOfPage":{"@id":"https:\/\/www.asajacyl.com\/palencia\/asaja-palencia-informa\/asaja-palencia-aclara-que-la-ayuda-al-prestamo-de-sequia-se-pierde-al-dejar-de-ser-agricultor-profesional#primaryimage"},"image":{"@id":"https:\/\/www.asajacyl.com\/palencia\/asaja-palencia-informa\/asaja-palencia-aclara-que-la-ayuda-al-prestamo-de-sequia-se-pierde-al-dejar-de-ser-agricultor-profesional#primaryimage"},"thumbnailUrl":"https:\/\/www.asajacyl.com\/palencia\/wp-content\/uploads\/sites\/3\/2023\/06\/Grietas-sequia-portada-jun2.jpg","datePublished":"2023-11-30T10:00:00+00:00","author":{"@id":"https:\/\/www.asajacyl.com\/palencia\/#\/schema\/person\/3ab17aeb03527485c317557fae64aab1"},"description":"Los servicios t\u00e9cnicos de ASAJA-Palencia informan a sus asociados, tras efectuar una consulta sobre la materia a la Junta de Castilla y Le\u00f3n, que la","breadcrumb":{"@id":"https:\/\/www.asajacyl.com\/palencia\/asaja-palencia-informa\/asaja-palencia-aclara-que-la-ayuda-al-prestamo-de-sequia-se-pierde-al-dejar-de-ser-agricultor-profesional#breadcrumb"},"inLanguage":"es","potentialAction":[{"@type":"ReadAction","target":["https:\/\/www.asajacyl.com\/palencia\/asaja-palencia-informa\/asaja-palencia-aclara-que-la-ayuda-al-prestamo-de-sequia-se-pierde-al-dejar-de-ser-agricultor-profesional"]}]},{"@type":"ImageObject","inLanguage":"es","@id":"https:\/\/www.asajacyl.com\/palencia\/asaja-palencia-informa\/asaja-palencia-aclara-que-la-ayuda-al-prestamo-de-sequia-se-pierde-al-dejar-de-ser-agricultor-profesional#primaryimage","url":"https:\/\/www.asajacyl.com\/palencia\/wp-content\/uploads\/sites\/3\/2023\/06\/Grietas-sequia-portada-jun2.jpg","contentUrl":"https:\/\/www.asajacyl.com\/palencia\/wp-content\/uploads\/sites\/3\/2023\/06\/Grietas-sequia-portada-jun2.jpg","width":1890,"height":1654},{"@type":"BreadcrumbList","@id":"https:\/\/www.asajacyl.com\/palencia\/asaja-palencia-informa\/asaja-palencia-aclara-que-la-ayuda-al-prestamo-de-sequia-se-pierde-al-dejar-de-ser-agricultor-profesional#breadcrumb","itemListElement":[{"@type":"ListItem","position":1,"name":"Portada","item":"https:\/\/www.asajacyl.com\/palencia\/"},{"@type":"ListItem","position":2,"name":"ASAJA-Palencia aclara que la ayuda al pr\u00e9stamo de sequ\u00eda se pierde al dejar de ser agricultor profesional"}]},{"@type":"WebSite","@id":"https:\/\/www.asajacyl.com\/palencia\/#website","url":"https:\/\/www.asajacyl.com\/palencia\/","name":"ASAJA Palencia","description":"Otro sitio m\u00e1s de Provincias ASAJA Castilla y Le\u00f3n","potentialAction":[{"@type":"SearchAction","target":{"@type":"EntryPoint","urlTemplate":"https:\/\/www.asajacyl.com\/palencia\/?s={search_term_string}"},"query-input":{"@type":"PropertyValueSpecification","valueRequired":true,"valueName":"search_term_string"}}],"inLanguage":"es"},{"@type":"Person","@id":"https:\/\/www.asajacyl.com\/palencia\/#\/schema\/person\/3ab17aeb03527485c317557fae64aab1","name":"Administrador","image":{"@type":"ImageObject","inLanguage":"es","@id":"https:\/\/www.asajacyl.com\/palencia\/#\/schema\/person\/image\/","url":"https:\/\/secure.gravatar.com\/avatar\/517384810d242ca9e38c180f3c9fb973?s=96&d=mm&r=g","contentUrl":"https:\/\/secure.gravatar.com\/avatar\/517384810d242ca9e38c180f3c9fb973?s=96&d=mm&r=g","caption":"Administrador"},"url":"https:\/\/www.asajacyl.com\/palencia\/author\/carlosrm"}]}},"_links":{"self":[{"href":"https:\/\/www.asajacyl.com\/palencia\/wp-json\/wp\/v2\/posts\/14876"}],"collection":[{"href":"https:\/\/www.asajacyl.com\/palencia\/wp-json\/wp\/v2\/posts"}],"about":[{"href":"https:\/\/www.asajacyl.com\/palencia\/wp-json\/wp\/v2\/types\/post"}],"author":[{"embeddable":true,"href":"https:\/\/www.asajacyl.com\/palencia\/wp-json\/wp\/v2\/users\/9"}],"replies":[{"embeddable":true,"href":"https:\/\/www.asajacyl.com\/palencia\/wp-json\/wp\/v2\/comments?post=14876"}],"version-history":[{"count":6,"href":"https:\/\/www.asajacyl.com\/palencia\/wp-json\/wp\/v2\/posts\/14876\/revisions"}],"predecessor-version":[{"id":14892,"href":"https:\/\/www.asajacyl.com\/palencia\/wp-json\/wp\/v2\/posts\/14876\/revisions\/14892"}],"wp:featuredmedia":[{"embeddable":true,"href":"https:\/\/www.asajacyl.com\/palencia\/wp-json\/wp\/v2\/media\/13576"}],"wp:attachment":[{"href":"https:\/\/www.asajacyl.com\/palencia\/wp-json\/wp\/v2\/media?parent=14876"}],"wp:term":[{"taxonomy":"category","embeddable":true,"href":"https:\/\/www.asajacyl.com\/palencia\/wp-json\/wp\/v2\/categories?post=14876"},{"taxonomy":"post_tag","embeddable":true,"href":"https:\/\/www.asajacyl.com\/palencia\/wp-json\/wp\/v2\/tags?post=14876"}],"curies":[{"name":"wp","href":"https:\/\/api.w.org\/{rel}","templated":true}]}}