{"id":14907,"date":"2023-12-02T09:00:00","date_gmt":"2023-12-02T08:00:00","guid":{"rendered":"https:\/\/www.asajacyl.com\/palencia\/?p=14907"},"modified":"2023-11-30T13:39:07","modified_gmt":"2023-11-30T12:39:07","slug":"la-junta-publica-las-ayudas-por-sequia-al-agricultor-sin-seguro-que-lo-ha-contratado-para-este-ano-y-dos-mas","status":"publish","type":"post","link":"https:\/\/www.asajacyl.com\/palencia\/asaja-palencia-informa\/la-junta-publica-las-ayudas-por-sequia-al-agricultor-sin-seguro-que-lo-ha-contratado-para-este-ano-y-dos-mas","title":{"rendered":"La Junta publica las ayudas por sequ\u00eda al agricultor sin seguro que se compromete a contratarlo tres a\u00f1o"},"content":{"rendered":"\n<h2 class=\"wp-block-heading\">La Junta de Castilla y Le\u00f3n ha hecho p\u00fablica la relaci\u00f3n de beneficiarios de la ayuda directa a los agricultores profesionales titulares de explotaciones de la comunidad sin seguro con cobertura de sequ\u00eda en la pasada campa\u00f1a, que en su declaraci\u00f3n de la PAC 2023 declararon cultivos en municipios indemnizados por Agroseguro dentro de una l\u00ednea de sequ\u00eda, y que antes del pasado 15 de noviembre adem\u00e1s ya han suscrito una p\u00f3liza de seguro con cobertura de sequ\u00eda de cultivos herb\u00e1ceos, forrajeros o seguro de compensaci\u00f3n por p\u00e9rdida de pastos del plan 2023, con compromiso de renovaci\u00f3n en los dos planes siguientes. <\/h2>\n\n\n\n<p>La Direcci\u00f3n General de Producci\u00f3n Agr\u00edcola y Ganadera de la Consejer\u00eda de Agricultura, Ganader\u00eda y Desarrollo Rural dispone la concesi\u00f3n de una ayuda directa con arreglo a esos requisitos, cuyo importe se calcula en funci\u00f3n de las indemnizaciones medias de la zona.<\/p>\n\n\n\n<p>En este caso, seg\u00fan anunci\u00f3 la Junta en su momento, la ayuda que percibir\u00e1 cada agricultor se obtendr\u00e1 utilizando la indemnizaci\u00f3n media en la zona que radique la explotaci\u00f3n, seg\u00fan las diferentes actuaciones de Agroseguro, a la que se aplica un porcentaje tras efectuar el c\u00e1lculo de las ayudas recibidas por quienes s\u00ed eran titulares de p\u00f3lizas, con un m\u00e1ximo del 20%.<\/p>\n\n\n\n<p>Esta l\u00ednea de ayudas, pensadas para no discriminar del apoyo econ\u00f3mico de la Junta a los agricultores de aquellos territorios donde el seguro de sequ\u00eda resulta poco atractivo en las condiciones actuales, complementa las ya concedidas a los agricultores que s\u00ed contrataron seguro de sequ\u00eda en la pasada campa\u00f1a. <\/p>\n\n\n\n<p>El importe, en este caso, se referenci\u00f3 a la indemnizaci\u00f3n saldada por Agroseguro por ese siniestro a cada titular de la p\u00f3liza, abon\u00e1ndole la Junta el equivalente al 25% de su indemnizaci\u00f3n a los agricultores profesionales y el 12,5% a los no profesionales.<\/p>\n\n\n\n<p>La administraci\u00f3n regional calcula que estas ayudas directas a la sequ\u00eda pueden alcanzar los 42 millones de euros. Asimismo, la Junta prev\u00e9 aumentar la partida de bonificaci\u00f3n del seguro agrario, de modo que alcance los pr\u00f3ximos cuatro a\u00f1os los quince millones de euros, frente a los trece actuales, lo que supondr\u00e1 un incremento neto derivado de esta medida del orden de 9,6 millones de euros, seg\u00fan cifras de la propia Consejer\u00eda de Agricultura.<\/p>\n\n\n\n<p>La relaci\u00f3n de beneficiarios de la l\u00ednea de ayudas a agricultores sin seguro en la pasada campa\u00f1a, donde consta el importe concedido, ya se encuentra publicada en la sede electr\u00f3nica de la administraci\u00f3n auton\u00f3mica <em>(https:\/\/www.tramitacastillayleon.jcyl.es).<\/em> El anuncio publicado en el Bolet\u00edn Oficial de Castilla y Le\u00f3n este jueves, 30 de noviembre, abre un plazo de un mes para interponer recurso de reposici\u00f3n ante la Consejer\u00eda, y de dos meses para presentar directamente recurso contencioso administrativo en el Tribunal Superior de Justicia de Castilla y Le\u00f3n.<strong>\/<\/strong><\/p>\n","protected":false},"excerpt":{"rendered":"<p>La Junta de Castilla y Le\u00f3n ha hecho p\u00fablica la relaci\u00f3n de beneficiarios de la ayuda directa a los agricultores profesionales titulares de explotaciones de la comunidad sin seguro con cobertura de sequ\u00eda en la pasada campa\u00f1a, que en su declaraci\u00f3n de la PAC 2023 declararon cultivos en municipios indemnizados por Agroseguro dentro de una [&hellip;]<\/p>\n","protected":false},"author":9,"featured_media":13866,"comment_status":"open","ping_status":"open","sticky":false,"template":"","format":"standard","meta":{"footnotes":""},"categories":[9,29,28],"tags":[58,176,59,142,77,66,92,386,85,185,93],"yoast_head":"<!-- This site is optimized with the Yoast SEO plugin v24.5 - https:\/\/yoast.com\/wordpress\/plugins\/seo\/ -->\n<title>La Junta publica las ayudas por sequ\u00eda al agricultor sin seguro que se compromete a contratarlo tres a\u00f1o - ASAJA Palencia<\/title>\n<meta name=\"description\" content=\"La Junta de Castilla y Le\u00f3n ha hecho p\u00fablica la relaci\u00f3n de beneficiarios de la ayuda directa a los agricultores profesionales titulares de explotaciones\" \/>\n<meta name=\"robots\" content=\"index, follow, max-snippet:-1, max-image-preview:large, max-video-preview:-1\" \/>\n<link rel=\"canonical\" href=\"https:\/\/www.asajacyl.com\/palencia\/asaja-palencia-informa\/la-junta-publica-las-ayudas-por-sequia-al-agricultor-sin-seguro-que-lo-ha-contratado-para-este-ano-y-dos-mas\" \/>\n<meta property=\"og:locale\" content=\"es_ES\" \/>\n<meta property=\"og:type\" content=\"article\" \/>\n<meta property=\"og:title\" content=\"La Junta publica las ayudas por sequ\u00eda al agricultor sin seguro que se compromete a contratarlo tres a\u00f1o - ASAJA Palencia\" \/>\n<meta property=\"og:description\" content=\"La Junta de Castilla y Le\u00f3n ha hecho p\u00fablica la relaci\u00f3n de beneficiarios de la ayuda directa a los agricultores profesionales titulares de explotaciones\" \/>\n<meta property=\"og:url\" content=\"https:\/\/www.asajacyl.com\/palencia\/asaja-palencia-informa\/la-junta-publica-las-ayudas-por-sequia-al-agricultor-sin-seguro-que-lo-ha-contratado-para-este-ano-y-dos-mas\" \/>\n<meta property=\"og:site_name\" content=\"ASAJA Palencia\" \/>\n<meta property=\"article:published_time\" content=\"2023-12-02T08:00:00+00:00\" \/>\n<meta property=\"og:image\" content=\"https:\/\/www.asajacyl.com\/palencia\/wp-content\/uploads\/sites\/3\/2023\/07\/Cosecha-sequia-Ampudia-juni-1024x896.jpg\" \/>\n\t<meta property=\"og:image:width\" content=\"1024\" \/>\n\t<meta property=\"og:image:height\" content=\"896\" \/>\n\t<meta property=\"og:image:type\" content=\"image\/jpeg\" \/>\n<meta name=\"author\" content=\"Administrador\" \/>\n<meta name=\"twitter:card\" content=\"summary_large_image\" \/>\n<meta name=\"twitter:label1\" content=\"Escrito por\" \/>\n\t<meta name=\"twitter:data1\" content=\"Administrador\" \/>\n\t<meta name=\"twitter:label2\" content=\"Tiempo de lectura\" \/>\n\t<meta name=\"twitter:data2\" content=\"3 minutos\" \/>\n<script type=\"application\/ld+json\" class=\"yoast-schema-graph\">{\"@context\":\"https:\/\/schema.org\",\"@graph\":[{\"@type\":\"WebPage\",\"@id\":\"https:\/\/www.asajacyl.com\/palencia\/asaja-palencia-informa\/la-junta-publica-las-ayudas-por-sequia-al-agricultor-sin-seguro-que-lo-ha-contratado-para-este-ano-y-dos-mas\",\"url\":\"https:\/\/www.asajacyl.com\/palencia\/asaja-palencia-informa\/la-junta-publica-las-ayudas-por-sequia-al-agricultor-sin-seguro-que-lo-ha-contratado-para-este-ano-y-dos-mas\",\"name\":\"La Junta publica las ayudas por sequ\u00eda al agricultor sin seguro que se compromete a contratarlo tres a\u00f1o - ASAJA Palencia\",\"isPartOf\":{\"@id\":\"https:\/\/www.asajacyl.com\/palencia\/#website\"},\"primaryImageOfPage\":{\"@id\":\"https:\/\/www.asajacyl.com\/palencia\/asaja-palencia-informa\/la-junta-publica-las-ayudas-por-sequia-al-agricultor-sin-seguro-que-lo-ha-contratado-para-este-ano-y-dos-mas#primaryimage\"},\"image\":{\"@id\":\"https:\/\/www.asajacyl.com\/palencia\/asaja-palencia-informa\/la-junta-publica-las-ayudas-por-sequia-al-agricultor-sin-seguro-que-lo-ha-contratado-para-este-ano-y-dos-mas#primaryimage\"},\"thumbnailUrl\":\"https:\/\/www.asajacyl.com\/palencia\/wp-content\/uploads\/sites\/3\/2023\/07\/Cosecha-sequia-Ampudia-juni.jpg\",\"datePublished\":\"2023-12-02T08:00:00+00:00\",\"author\":{\"@id\":\"https:\/\/www.asajacyl.com\/palencia\/#\/schema\/person\/3ab17aeb03527485c317557fae64aab1\"},\"description\":\"La Junta de Castilla y Le\u00f3n ha hecho p\u00fablica la relaci\u00f3n de beneficiarios de la ayuda directa a los agricultores profesionales titulares de explotaciones\",\"breadcrumb\":{\"@id\":\"https:\/\/www.asajacyl.com\/palencia\/asaja-palencia-informa\/la-junta-publica-las-ayudas-por-sequia-al-agricultor-sin-seguro-que-lo-ha-contratado-para-este-ano-y-dos-mas#breadcrumb\"},\"inLanguage\":\"es\",\"potentialAction\":[{\"@type\":\"ReadAction\",\"target\":[\"https:\/\/www.asajacyl.com\/palencia\/asaja-palencia-informa\/la-junta-publica-las-ayudas-por-sequia-al-agricultor-sin-seguro-que-lo-ha-contratado-para-este-ano-y-dos-mas\"]}]},{\"@type\":\"ImageObject\",\"inLanguage\":\"es\",\"@id\":\"https:\/\/www.asajacyl.com\/palencia\/asaja-palencia-informa\/la-junta-publica-las-ayudas-por-sequia-al-agricultor-sin-seguro-que-lo-ha-contratado-para-este-ano-y-dos-mas#primaryimage\",\"url\":\"https:\/\/www.asajacyl.com\/palencia\/wp-content\/uploads\/sites\/3\/2023\/07\/Cosecha-sequia-Ampudia-juni.jpg\",\"contentUrl\":\"https:\/\/www.asajacyl.com\/palencia\/wp-content\/uploads\/sites\/3\/2023\/07\/Cosecha-sequia-Ampudia-juni.jpg\",\"width\":1890,\"height\":1654},{\"@type\":\"BreadcrumbList\",\"@id\":\"https:\/\/www.asajacyl.com\/palencia\/asaja-palencia-informa\/la-junta-publica-las-ayudas-por-sequia-al-agricultor-sin-seguro-que-lo-ha-contratado-para-este-ano-y-dos-mas#breadcrumb\",\"itemListElement\":[{\"@type\":\"ListItem\",\"position\":1,\"name\":\"Portada\",\"item\":\"https:\/\/www.asajacyl.com\/palencia\/\"},{\"@type\":\"ListItem\",\"position\":2,\"name\":\"La Junta publica las ayudas por sequ\u00eda al agricultor sin seguro que se compromete a contratarlo tres a\u00f1o\"}]},{\"@type\":\"WebSite\",\"@id\":\"https:\/\/www.asajacyl.com\/palencia\/#website\",\"url\":\"https:\/\/www.asajacyl.com\/palencia\/\",\"name\":\"ASAJA Palencia\",\"description\":\"Otro sitio m\u00e1s de Provincias ASAJA Castilla y Le\u00f3n\",\"potentialAction\":[{\"@type\":\"SearchAction\",\"target\":{\"@type\":\"EntryPoint\",\"urlTemplate\":\"https:\/\/www.asajacyl.com\/palencia\/?s={search_term_string}\"},\"query-input\":{\"@type\":\"PropertyValueSpecification\",\"valueRequired\":true,\"valueName\":\"search_term_string\"}}],\"inLanguage\":\"es\"},{\"@type\":\"Person\",\"@id\":\"https:\/\/www.asajacyl.com\/palencia\/#\/schema\/person\/3ab17aeb03527485c317557fae64aab1\",\"name\":\"Administrador\",\"image\":{\"@type\":\"ImageObject\",\"inLanguage\":\"es\",\"@id\":\"https:\/\/www.asajacyl.com\/palencia\/#\/schema\/person\/image\/\",\"url\":\"https:\/\/secure.gravatar.com\/avatar\/517384810d242ca9e38c180f3c9fb973?s=96&d=mm&r=g\",\"contentUrl\":\"https:\/\/secure.gravatar.com\/avatar\/517384810d242ca9e38c180f3c9fb973?s=96&d=mm&r=g\",\"caption\":\"Administrador\"},\"url\":\"https:\/\/www.asajacyl.com\/palencia\/author\/carlosrm\"}]}<\/script>\n<!-- \/ Yoast SEO plugin. -->","yoast_head_json":{"title":"La Junta publica las ayudas por sequ\u00eda al agricultor sin seguro que se compromete a contratarlo tres a\u00f1o - ASAJA Palencia","description":"La Junta de Castilla y Le\u00f3n ha hecho p\u00fablica la relaci\u00f3n de beneficiarios de la ayuda directa a los agricultores profesionales titulares de explotaciones","robots":{"index":"index","follow":"follow","max-snippet":"max-snippet:-1","max-image-preview":"max-image-preview:large","max-video-preview":"max-video-preview:-1"},"canonical":"https:\/\/www.asajacyl.com\/palencia\/asaja-palencia-informa\/la-junta-publica-las-ayudas-por-sequia-al-agricultor-sin-seguro-que-lo-ha-contratado-para-este-ano-y-dos-mas","og_locale":"es_ES","og_type":"article","og_title":"La Junta publica las ayudas por sequ\u00eda al agricultor sin seguro que se compromete a contratarlo tres a\u00f1o - ASAJA Palencia","og_description":"La Junta de Castilla y Le\u00f3n ha hecho p\u00fablica la relaci\u00f3n de beneficiarios de la ayuda directa a los agricultores profesionales titulares de explotaciones","og_url":"https:\/\/www.asajacyl.com\/palencia\/asaja-palencia-informa\/la-junta-publica-las-ayudas-por-sequia-al-agricultor-sin-seguro-que-lo-ha-contratado-para-este-ano-y-dos-mas","og_site_name":"ASAJA Palencia","article_published_time":"2023-12-02T08:00:00+00:00","og_image":[{"width":1024,"height":896,"url":"https:\/\/www.asajacyl.com\/palencia\/wp-content\/uploads\/sites\/3\/2023\/07\/Cosecha-sequia-Ampudia-juni-1024x896.jpg","type":"image\/jpeg"}],"author":"Administrador","twitter_card":"summary_large_image","twitter_misc":{"Escrito por":"Administrador","Tiempo de lectura":"3 minutos"},"schema":{"@context":"https:\/\/schema.org","@graph":[{"@type":"WebPage","@id":"https:\/\/www.asajacyl.com\/palencia\/asaja-palencia-informa\/la-junta-publica-las-ayudas-por-sequia-al-agricultor-sin-seguro-que-lo-ha-contratado-para-este-ano-y-dos-mas","url":"https:\/\/www.asajacyl.com\/palencia\/asaja-palencia-informa\/la-junta-publica-las-ayudas-por-sequia-al-agricultor-sin-seguro-que-lo-ha-contratado-para-este-ano-y-dos-mas","name":"La Junta publica las ayudas por sequ\u00eda al agricultor sin seguro que se compromete a contratarlo tres a\u00f1o - ASAJA Palencia","isPartOf":{"@id":"https:\/\/www.asajacyl.com\/palencia\/#website"},"primaryImageOfPage":{"@id":"https:\/\/www.asajacyl.com\/palencia\/asaja-palencia-informa\/la-junta-publica-las-ayudas-por-sequia-al-agricultor-sin-seguro-que-lo-ha-contratado-para-este-ano-y-dos-mas#primaryimage"},"image":{"@id":"https:\/\/www.asajacyl.com\/palencia\/asaja-palencia-informa\/la-junta-publica-las-ayudas-por-sequia-al-agricultor-sin-seguro-que-lo-ha-contratado-para-este-ano-y-dos-mas#primaryimage"},"thumbnailUrl":"https:\/\/www.asajacyl.com\/palencia\/wp-content\/uploads\/sites\/3\/2023\/07\/Cosecha-sequia-Ampudia-juni.jpg","datePublished":"2023-12-02T08:00:00+00:00","author":{"@id":"https:\/\/www.asajacyl.com\/palencia\/#\/schema\/person\/3ab17aeb03527485c317557fae64aab1"},"description":"La Junta de Castilla y Le\u00f3n ha hecho p\u00fablica la relaci\u00f3n de beneficiarios de la ayuda directa a los agricultores profesionales titulares de explotaciones","breadcrumb":{"@id":"https:\/\/www.asajacyl.com\/palencia\/asaja-palencia-informa\/la-junta-publica-las-ayudas-por-sequia-al-agricultor-sin-seguro-que-lo-ha-contratado-para-este-ano-y-dos-mas#breadcrumb"},"inLanguage":"es","potentialAction":[{"@type":"ReadAction","target":["https:\/\/www.asajacyl.com\/palencia\/asaja-palencia-informa\/la-junta-publica-las-ayudas-por-sequia-al-agricultor-sin-seguro-que-lo-ha-contratado-para-este-ano-y-dos-mas"]}]},{"@type":"ImageObject","inLanguage":"es","@id":"https:\/\/www.asajacyl.com\/palencia\/asaja-palencia-informa\/la-junta-publica-las-ayudas-por-sequia-al-agricultor-sin-seguro-que-lo-ha-contratado-para-este-ano-y-dos-mas#primaryimage","url":"https:\/\/www.asajacyl.com\/palencia\/wp-content\/uploads\/sites\/3\/2023\/07\/Cosecha-sequia-Ampudia-juni.jpg","contentUrl":"https:\/\/www.asajacyl.com\/palencia\/wp-content\/uploads\/sites\/3\/2023\/07\/Cosecha-sequia-Ampudia-juni.jpg","width":1890,"height":1654},{"@type":"BreadcrumbList","@id":"https:\/\/www.asajacyl.com\/palencia\/asaja-palencia-informa\/la-junta-publica-las-ayudas-por-sequia-al-agricultor-sin-seguro-que-lo-ha-contratado-para-este-ano-y-dos-mas#breadcrumb","itemListElement":[{"@type":"ListItem","position":1,"name":"Portada","item":"https:\/\/www.asajacyl.com\/palencia\/"},{"@type":"ListItem","position":2,"name":"La Junta publica las ayudas por sequ\u00eda al agricultor sin seguro que se compromete a contratarlo tres a\u00f1o"}]},{"@type":"WebSite","@id":"https:\/\/www.asajacyl.com\/palencia\/#website","url":"https:\/\/www.asajacyl.com\/palencia\/","name":"ASAJA Palencia","description":"Otro sitio m\u00e1s de Provincias ASAJA Castilla y Le\u00f3n","potentialAction":[{"@type":"SearchAction","target":{"@type":"EntryPoint","urlTemplate":"https:\/\/www.asajacyl.com\/palencia\/?s={search_term_string}"},"query-input":{"@type":"PropertyValueSpecification","valueRequired":true,"valueName":"search_term_string"}}],"inLanguage":"es"},{"@type":"Person","@id":"https:\/\/www.asajacyl.com\/palencia\/#\/schema\/person\/3ab17aeb03527485c317557fae64aab1","name":"Administrador","image":{"@type":"ImageObject","inLanguage":"es","@id":"https:\/\/www.asajacyl.com\/palencia\/#\/schema\/person\/image\/","url":"https:\/\/secure.gravatar.com\/avatar\/517384810d242ca9e38c180f3c9fb973?s=96&d=mm&r=g","contentUrl":"https:\/\/secure.gravatar.com\/avatar\/517384810d242ca9e38c180f3c9fb973?s=96&d=mm&r=g","caption":"Administrador"},"url":"https:\/\/www.asajacyl.com\/palencia\/author\/carlosrm"}]}},"_links":{"self":[{"href":"https:\/\/www.asajacyl.com\/palencia\/wp-json\/wp\/v2\/posts\/14907"}],"collection":[{"href":"https:\/\/www.asajacyl.com\/palencia\/wp-json\/wp\/v2\/posts"}],"about":[{"href":"https:\/\/www.asajacyl.com\/palencia\/wp-json\/wp\/v2\/types\/post"}],"author":[{"embeddable":true,"href":"https:\/\/www.asajacyl.com\/palencia\/wp-json\/wp\/v2\/users\/9"}],"replies":[{"embeddable":true,"href":"https:\/\/www.asajacyl.com\/palencia\/wp-json\/wp\/v2\/comments?post=14907"}],"version-history":[{"count":6,"href":"https:\/\/www.asajacyl.com\/palencia\/wp-json\/wp\/v2\/posts\/14907\/revisions"}],"predecessor-version":[{"id":14915,"href":"https:\/\/www.asajacyl.com\/palencia\/wp-json\/wp\/v2\/posts\/14907\/revisions\/14915"}],"wp:featuredmedia":[{"embeddable":true,"href":"https:\/\/www.asajacyl.com\/palencia\/wp-json\/wp\/v2\/media\/13866"}],"wp:attachment":[{"href":"https:\/\/www.asajacyl.com\/palencia\/wp-json\/wp\/v2\/media?parent=14907"}],"wp:term":[{"taxonomy":"category","embeddable":true,"href":"https:\/\/www.asajacyl.com\/palencia\/wp-json\/wp\/v2\/categories?post=14907"},{"taxonomy":"post_tag","embeddable":true,"href":"https:\/\/www.asajacyl.com\/palencia\/wp-json\/wp\/v2\/tags?post=14907"}],"curies":[{"name":"wp","href":"https:\/\/api.w.org\/{rel}","templated":true}]}}