{"id":14960,"date":"2023-12-09T11:47:02","date_gmt":"2023-12-09T10:47:02","guid":{"rendered":"https:\/\/www.asajacyl.com\/palencia\/?p=14960"},"modified":"2023-12-07T11:58:26","modified_gmt":"2023-12-07T10:58:26","slug":"asaja-critica-los-retrasos-de-la-junta-en-ayudas-del-programa-de-desarrollo-rural","status":"publish","type":"post","link":"https:\/\/www.asajacyl.com\/palencia\/asaja-palencia-informa\/asaja-critica-los-retrasos-de-la-junta-en-ayudas-del-programa-de-desarrollo-rural","title":{"rendered":"ASAJA-Castilla y Le\u00f3n critica los retrasos de la Junta en ayudas del Programa de Desarrollo Rural"},"content":{"rendered":"\n<h2 class=\"wp-block-heading\">A pesar de los compromisos de la Junta de Castilla y Le\u00f3n de abonar al campo los anticipos de las ayudas europeas lo antes posible, lo que la normativa europea permite desde el pasado 15 de octubre, a fecha de hoy los agricultores y ganaderos de la comunidad siguen sin percibir importantes l\u00edneas de ayudas incluidas en el Programa de Desarrollo Rural. As\u00ed pues, tanto la ayuda a zonas con limitaciones naturales y espec\u00edficas (zonas desfavorecidas) como la resoluci\u00f3n y pago del anticipo de las \u00abintervenciones medioambientales y clim\u00e1ticas\u00bb (agroambientales) todav\u00eda siguen retenidos.<\/h2>\n\n\n\n<p>Tal como subraya ASAJA-Castilla y Le\u00f3n, se trata de unas l\u00edneas muy importantes, tanto por su compromiso medioambiental como social, y de las que todav\u00eda los agricultores y ganaderos no tienen noticia \u00abni de cu\u00e1ndo se abonar\u00e1n ni, en el caso de las agroambientales, de la resoluci\u00f3n de las solicitudes para que los beneficiarios puedan firmar los contratos plurianuales, importante en un a\u00f1o como este, de cambio por la nueva PAC\u00bb. <\/p>\n\n\n\n<p>En este paquete de ayudas se encuentran:<strong>&nbsp;agricultura ecol\u00f3gica, cultivos agroindustriales sostenibles, superficies forrajeras pastables y apoyo a la trashumancia, agroecosistemas extensivos de secano, abonado org\u00e1nico, razas aut\u00f3ctonas en peligro de extinci\u00f3n, pastoreo con ovino y caprino y apicultura<\/strong>&nbsp;para mejora de la biodiversidad (PEPAC 2023-2027), as\u00ed, como las ayudas a explotaciones en zonas de monta\u00f1a y otras zonas con limitaciones naturales, todas ellas financiadas por FEADER.<\/p>\n\n\n\n<p>El hecho es que, cuando est\u00e1 a punto de concluir el a\u00f1o y los agricultores ya han tomado sus decisiones de siembra, todav\u00eda no han recibido&nbsp;<strong>ni siquiera saben si se les ha concedido la ayuda medioambiental de la campa\u00f1a pasada para seguir cumpliendo con los <\/strong><em><strong>compromisos<\/strong> <\/em>a\u00fan pendientes de suscribir. Por ello, ASAJA insta a la Consejer\u00eda \u00aba abonar lo antes posible y ya en su totalidad las ayudas pendientes\u00bb.<\/p>\n\n\n\n<p>En similar situaci\u00f3n se encuentra la&nbsp;<strong>ayuda a zonas con limitaciones naturales o desfavorecidas<\/strong>, \u00abaunque en este caso todav\u00eda se comprende menos el retraso en el pago, al tratarse de un apoyo anual y sin complicaciones burocr\u00e1ticas, por lo que deber\u00eda estar ya ingresado en las cuentas de los agricultores y ganaderos\u00bb. <\/p>\n\n\n\n<p>ASAJA subraya la importancia de esta ayuda, con un enorme car\u00e1cter social y que se reparte en las \u00e1reas m\u00e1s complicadas del territorio auton\u00f3mico.<strong>\/<\/strong><\/p>\n","protected":false},"excerpt":{"rendered":"<p>A pesar de los compromisos de la Junta de Castilla y Le\u00f3n de abonar al campo los anticipos de las ayudas europeas lo antes posible, lo que la normativa europea permite desde el pasado 15 de octubre, a fecha de hoy los agricultores y ganaderos de la comunidad siguen sin percibir importantes l\u00edneas de ayudas [&hellip;]<\/p>\n","protected":false},"author":9,"featured_media":14961,"comment_status":"open","ping_status":"open","sticky":false,"template":"","format":"standard","meta":{"footnotes":""},"categories":[9,29,28],"tags":[58,51,59,618,183,142,49,619,77,66,262,249,44],"yoast_head":"<!-- This site is optimized with the Yoast SEO plugin v24.5 - https:\/\/yoast.com\/wordpress\/plugins\/seo\/ -->\n<title>ASAJA-Castilla y Le\u00f3n critica los retrasos de la Junta en ayudas del Programa de Desarrollo Rural - ASAJA Palencia<\/title>\n<meta name=\"description\" content=\"A pesar de los compromisos de la Junta de Castilla y Le\u00f3n de abonar al campo los anticipos de las ayudas europeas lo antes posible, lo que la normativa\" \/>\n<meta name=\"robots\" content=\"index, follow, max-snippet:-1, max-image-preview:large, max-video-preview:-1\" \/>\n<link rel=\"canonical\" href=\"https:\/\/www.asajacyl.com\/palencia\/asaja-palencia-informa\/asaja-critica-los-retrasos-de-la-junta-en-ayudas-del-programa-de-desarrollo-rural\" \/>\n<meta property=\"og:locale\" content=\"es_ES\" \/>\n<meta property=\"og:type\" content=\"article\" \/>\n<meta property=\"og:title\" content=\"ASAJA-Castilla y Le\u00f3n critica los retrasos de la Junta en ayudas del Programa de Desarrollo Rural - ASAJA Palencia\" \/>\n<meta property=\"og:description\" content=\"A pesar de los compromisos de la Junta de Castilla y Le\u00f3n de abonar al campo los anticipos de las ayudas europeas lo antes posible, lo que la normativa\" \/>\n<meta property=\"og:url\" content=\"https:\/\/www.asajacyl.com\/palencia\/asaja-palencia-informa\/asaja-critica-los-retrasos-de-la-junta-en-ayudas-del-programa-de-desarrollo-rural\" \/>\n<meta property=\"og:site_name\" content=\"ASAJA Palencia\" \/>\n<meta property=\"article:published_time\" content=\"2023-12-09T10:47:02+00:00\" \/>\n<meta property=\"og:image\" content=\"https:\/\/www.asajacyl.com\/palencia\/wp-content\/uploads\/sites\/3\/2023\/12\/Pastoreo-ovino-1024x896.jpg\" \/>\n\t<meta property=\"og:image:width\" content=\"1024\" \/>\n\t<meta property=\"og:image:height\" content=\"896\" \/>\n\t<meta property=\"og:image:type\" content=\"image\/jpeg\" \/>\n<meta name=\"author\" content=\"Administrador\" \/>\n<meta name=\"twitter:card\" content=\"summary_large_image\" \/>\n<meta name=\"twitter:label1\" content=\"Escrito por\" \/>\n\t<meta name=\"twitter:data1\" content=\"Administrador\" \/>\n\t<meta name=\"twitter:label2\" content=\"Tiempo de lectura\" \/>\n\t<meta name=\"twitter:data2\" content=\"2 minutos\" \/>\n<script type=\"application\/ld+json\" class=\"yoast-schema-graph\">{\"@context\":\"https:\/\/schema.org\",\"@graph\":[{\"@type\":\"WebPage\",\"@id\":\"https:\/\/www.asajacyl.com\/palencia\/asaja-palencia-informa\/asaja-critica-los-retrasos-de-la-junta-en-ayudas-del-programa-de-desarrollo-rural\",\"url\":\"https:\/\/www.asajacyl.com\/palencia\/asaja-palencia-informa\/asaja-critica-los-retrasos-de-la-junta-en-ayudas-del-programa-de-desarrollo-rural\",\"name\":\"ASAJA-Castilla y Le\u00f3n critica los retrasos de la Junta en ayudas del Programa de Desarrollo Rural - ASAJA Palencia\",\"isPartOf\":{\"@id\":\"https:\/\/www.asajacyl.com\/palencia\/#website\"},\"primaryImageOfPage\":{\"@id\":\"https:\/\/www.asajacyl.com\/palencia\/asaja-palencia-informa\/asaja-critica-los-retrasos-de-la-junta-en-ayudas-del-programa-de-desarrollo-rural#primaryimage\"},\"image\":{\"@id\":\"https:\/\/www.asajacyl.com\/palencia\/asaja-palencia-informa\/asaja-critica-los-retrasos-de-la-junta-en-ayudas-del-programa-de-desarrollo-rural#primaryimage\"},\"thumbnailUrl\":\"https:\/\/www.asajacyl.com\/palencia\/wp-content\/uploads\/sites\/3\/2023\/12\/Pastoreo-ovino.jpg\",\"datePublished\":\"2023-12-09T10:47:02+00:00\",\"author\":{\"@id\":\"https:\/\/www.asajacyl.com\/palencia\/#\/schema\/person\/3ab17aeb03527485c317557fae64aab1\"},\"description\":\"A pesar de los compromisos de la Junta de Castilla y Le\u00f3n de abonar al campo los anticipos de las ayudas europeas lo antes posible, lo que la normativa\",\"breadcrumb\":{\"@id\":\"https:\/\/www.asajacyl.com\/palencia\/asaja-palencia-informa\/asaja-critica-los-retrasos-de-la-junta-en-ayudas-del-programa-de-desarrollo-rural#breadcrumb\"},\"inLanguage\":\"es\",\"potentialAction\":[{\"@type\":\"ReadAction\",\"target\":[\"https:\/\/www.asajacyl.com\/palencia\/asaja-palencia-informa\/asaja-critica-los-retrasos-de-la-junta-en-ayudas-del-programa-de-desarrollo-rural\"]}]},{\"@type\":\"ImageObject\",\"inLanguage\":\"es\",\"@id\":\"https:\/\/www.asajacyl.com\/palencia\/asaja-palencia-informa\/asaja-critica-los-retrasos-de-la-junta-en-ayudas-del-programa-de-desarrollo-rural#primaryimage\",\"url\":\"https:\/\/www.asajacyl.com\/palencia\/wp-content\/uploads\/sites\/3\/2023\/12\/Pastoreo-ovino.jpg\",\"contentUrl\":\"https:\/\/www.asajacyl.com\/palencia\/wp-content\/uploads\/sites\/3\/2023\/12\/Pastoreo-ovino.jpg\",\"width\":1890,\"height\":1654},{\"@type\":\"BreadcrumbList\",\"@id\":\"https:\/\/www.asajacyl.com\/palencia\/asaja-palencia-informa\/asaja-critica-los-retrasos-de-la-junta-en-ayudas-del-programa-de-desarrollo-rural#breadcrumb\",\"itemListElement\":[{\"@type\":\"ListItem\",\"position\":1,\"name\":\"Portada\",\"item\":\"https:\/\/www.asajacyl.com\/palencia\/\"},{\"@type\":\"ListItem\",\"position\":2,\"name\":\"ASAJA-Castilla y Le\u00f3n critica los retrasos de la Junta en ayudas del Programa de Desarrollo Rural\"}]},{\"@type\":\"WebSite\",\"@id\":\"https:\/\/www.asajacyl.com\/palencia\/#website\",\"url\":\"https:\/\/www.asajacyl.com\/palencia\/\",\"name\":\"ASAJA Palencia\",\"description\":\"Otro sitio m\u00e1s de Provincias ASAJA Castilla y Le\u00f3n\",\"potentialAction\":[{\"@type\":\"SearchAction\",\"target\":{\"@type\":\"EntryPoint\",\"urlTemplate\":\"https:\/\/www.asajacyl.com\/palencia\/?s={search_term_string}\"},\"query-input\":{\"@type\":\"PropertyValueSpecification\",\"valueRequired\":true,\"valueName\":\"search_term_string\"}}],\"inLanguage\":\"es\"},{\"@type\":\"Person\",\"@id\":\"https:\/\/www.asajacyl.com\/palencia\/#\/schema\/person\/3ab17aeb03527485c317557fae64aab1\",\"name\":\"Administrador\",\"image\":{\"@type\":\"ImageObject\",\"inLanguage\":\"es\",\"@id\":\"https:\/\/www.asajacyl.com\/palencia\/#\/schema\/person\/image\/\",\"url\":\"https:\/\/secure.gravatar.com\/avatar\/517384810d242ca9e38c180f3c9fb973?s=96&d=mm&r=g\",\"contentUrl\":\"https:\/\/secure.gravatar.com\/avatar\/517384810d242ca9e38c180f3c9fb973?s=96&d=mm&r=g\",\"caption\":\"Administrador\"},\"url\":\"https:\/\/www.asajacyl.com\/palencia\/author\/carlosrm\"}]}<\/script>\n<!-- \/ Yoast SEO plugin. -->","yoast_head_json":{"title":"ASAJA-Castilla y Le\u00f3n critica los retrasos de la Junta en ayudas del Programa de Desarrollo Rural - ASAJA Palencia","description":"A pesar de los compromisos de la Junta de Castilla y Le\u00f3n de abonar al campo los anticipos de las ayudas europeas lo antes posible, lo que la normativa","robots":{"index":"index","follow":"follow","max-snippet":"max-snippet:-1","max-image-preview":"max-image-preview:large","max-video-preview":"max-video-preview:-1"},"canonical":"https:\/\/www.asajacyl.com\/palencia\/asaja-palencia-informa\/asaja-critica-los-retrasos-de-la-junta-en-ayudas-del-programa-de-desarrollo-rural","og_locale":"es_ES","og_type":"article","og_title":"ASAJA-Castilla y Le\u00f3n critica los retrasos de la Junta en ayudas del Programa de Desarrollo Rural - ASAJA Palencia","og_description":"A pesar de los compromisos de la Junta de Castilla y Le\u00f3n de abonar al campo los anticipos de las ayudas europeas lo antes posible, lo que la normativa","og_url":"https:\/\/www.asajacyl.com\/palencia\/asaja-palencia-informa\/asaja-critica-los-retrasos-de-la-junta-en-ayudas-del-programa-de-desarrollo-rural","og_site_name":"ASAJA Palencia","article_published_time":"2023-12-09T10:47:02+00:00","og_image":[{"width":1024,"height":896,"url":"https:\/\/www.asajacyl.com\/palencia\/wp-content\/uploads\/sites\/3\/2023\/12\/Pastoreo-ovino-1024x896.jpg","type":"image\/jpeg"}],"author":"Administrador","twitter_card":"summary_large_image","twitter_misc":{"Escrito por":"Administrador","Tiempo de lectura":"2 minutos"},"schema":{"@context":"https:\/\/schema.org","@graph":[{"@type":"WebPage","@id":"https:\/\/www.asajacyl.com\/palencia\/asaja-palencia-informa\/asaja-critica-los-retrasos-de-la-junta-en-ayudas-del-programa-de-desarrollo-rural","url":"https:\/\/www.asajacyl.com\/palencia\/asaja-palencia-informa\/asaja-critica-los-retrasos-de-la-junta-en-ayudas-del-programa-de-desarrollo-rural","name":"ASAJA-Castilla y Le\u00f3n critica los retrasos de la Junta en ayudas del Programa de Desarrollo Rural - ASAJA Palencia","isPartOf":{"@id":"https:\/\/www.asajacyl.com\/palencia\/#website"},"primaryImageOfPage":{"@id":"https:\/\/www.asajacyl.com\/palencia\/asaja-palencia-informa\/asaja-critica-los-retrasos-de-la-junta-en-ayudas-del-programa-de-desarrollo-rural#primaryimage"},"image":{"@id":"https:\/\/www.asajacyl.com\/palencia\/asaja-palencia-informa\/asaja-critica-los-retrasos-de-la-junta-en-ayudas-del-programa-de-desarrollo-rural#primaryimage"},"thumbnailUrl":"https:\/\/www.asajacyl.com\/palencia\/wp-content\/uploads\/sites\/3\/2023\/12\/Pastoreo-ovino.jpg","datePublished":"2023-12-09T10:47:02+00:00","author":{"@id":"https:\/\/www.asajacyl.com\/palencia\/#\/schema\/person\/3ab17aeb03527485c317557fae64aab1"},"description":"A pesar de los compromisos de la Junta de Castilla y Le\u00f3n de abonar al campo los anticipos de las ayudas europeas lo antes posible, lo que la normativa","breadcrumb":{"@id":"https:\/\/www.asajacyl.com\/palencia\/asaja-palencia-informa\/asaja-critica-los-retrasos-de-la-junta-en-ayudas-del-programa-de-desarrollo-rural#breadcrumb"},"inLanguage":"es","potentialAction":[{"@type":"ReadAction","target":["https:\/\/www.asajacyl.com\/palencia\/asaja-palencia-informa\/asaja-critica-los-retrasos-de-la-junta-en-ayudas-del-programa-de-desarrollo-rural"]}]},{"@type":"ImageObject","inLanguage":"es","@id":"https:\/\/www.asajacyl.com\/palencia\/asaja-palencia-informa\/asaja-critica-los-retrasos-de-la-junta-en-ayudas-del-programa-de-desarrollo-rural#primaryimage","url":"https:\/\/www.asajacyl.com\/palencia\/wp-content\/uploads\/sites\/3\/2023\/12\/Pastoreo-ovino.jpg","contentUrl":"https:\/\/www.asajacyl.com\/palencia\/wp-content\/uploads\/sites\/3\/2023\/12\/Pastoreo-ovino.jpg","width":1890,"height":1654},{"@type":"BreadcrumbList","@id":"https:\/\/www.asajacyl.com\/palencia\/asaja-palencia-informa\/asaja-critica-los-retrasos-de-la-junta-en-ayudas-del-programa-de-desarrollo-rural#breadcrumb","itemListElement":[{"@type":"ListItem","position":1,"name":"Portada","item":"https:\/\/www.asajacyl.com\/palencia\/"},{"@type":"ListItem","position":2,"name":"ASAJA-Castilla y Le\u00f3n critica los retrasos de la Junta en ayudas del Programa de Desarrollo Rural"}]},{"@type":"WebSite","@id":"https:\/\/www.asajacyl.com\/palencia\/#website","url":"https:\/\/www.asajacyl.com\/palencia\/","name":"ASAJA Palencia","description":"Otro sitio m\u00e1s de Provincias ASAJA Castilla y Le\u00f3n","potentialAction":[{"@type":"SearchAction","target":{"@type":"EntryPoint","urlTemplate":"https:\/\/www.asajacyl.com\/palencia\/?s={search_term_string}"},"query-input":{"@type":"PropertyValueSpecification","valueRequired":true,"valueName":"search_term_string"}}],"inLanguage":"es"},{"@type":"Person","@id":"https:\/\/www.asajacyl.com\/palencia\/#\/schema\/person\/3ab17aeb03527485c317557fae64aab1","name":"Administrador","image":{"@type":"ImageObject","inLanguage":"es","@id":"https:\/\/www.asajacyl.com\/palencia\/#\/schema\/person\/image\/","url":"https:\/\/secure.gravatar.com\/avatar\/517384810d242ca9e38c180f3c9fb973?s=96&d=mm&r=g","contentUrl":"https:\/\/secure.gravatar.com\/avatar\/517384810d242ca9e38c180f3c9fb973?s=96&d=mm&r=g","caption":"Administrador"},"url":"https:\/\/www.asajacyl.com\/palencia\/author\/carlosrm"}]}},"_links":{"self":[{"href":"https:\/\/www.asajacyl.com\/palencia\/wp-json\/wp\/v2\/posts\/14960"}],"collection":[{"href":"https:\/\/www.asajacyl.com\/palencia\/wp-json\/wp\/v2\/posts"}],"about":[{"href":"https:\/\/www.asajacyl.com\/palencia\/wp-json\/wp\/v2\/types\/post"}],"author":[{"embeddable":true,"href":"https:\/\/www.asajacyl.com\/palencia\/wp-json\/wp\/v2\/users\/9"}],"replies":[{"embeddable":true,"href":"https:\/\/www.asajacyl.com\/palencia\/wp-json\/wp\/v2\/comments?post=14960"}],"version-history":[{"count":3,"href":"https:\/\/www.asajacyl.com\/palencia\/wp-json\/wp\/v2\/posts\/14960\/revisions"}],"predecessor-version":[{"id":14964,"href":"https:\/\/www.asajacyl.com\/palencia\/wp-json\/wp\/v2\/posts\/14960\/revisions\/14964"}],"wp:featuredmedia":[{"embeddable":true,"href":"https:\/\/www.asajacyl.com\/palencia\/wp-json\/wp\/v2\/media\/14961"}],"wp:attachment":[{"href":"https:\/\/www.asajacyl.com\/palencia\/wp-json\/wp\/v2\/media?parent=14960"}],"wp:term":[{"taxonomy":"category","embeddable":true,"href":"https:\/\/www.asajacyl.com\/palencia\/wp-json\/wp\/v2\/categories?post=14960"},{"taxonomy":"post_tag","embeddable":true,"href":"https:\/\/www.asajacyl.com\/palencia\/wp-json\/wp\/v2\/tags?post=14960"}],"curies":[{"name":"wp","href":"https:\/\/api.w.org\/{rel}","templated":true}]}}