{"id":14965,"date":"2023-12-10T11:00:00","date_gmt":"2023-12-10T10:00:00","guid":{"rendered":"https:\/\/www.asajacyl.com\/palencia\/?p=14965"},"modified":"2023-12-07T12:15:52","modified_gmt":"2023-12-07T11:15:52","slug":"asaja-reclama-al-ministerio-y-a-europa-medidas-de-excepcion-ante-la-grave-crisis-de-la-produccion-vitivinicola","status":"publish","type":"post","link":"https:\/\/www.asajacyl.com\/palencia\/asaja-palencia-informa\/asaja-reclama-al-ministerio-y-a-europa-medidas-de-excepcion-ante-la-grave-crisis-de-la-produccion-vitivinicola","title":{"rendered":"ASAJA pide al Ministerio y a Europa medidas ante la gravedad de la crisis de la producci\u00f3n vitivin\u00edcola"},"content":{"rendered":"\n<h2 class=\"wp-block-heading\">La sectorial vitivin\u00edcola de ASAJA ha analizado la compleja situaci\u00f3n por la que atraviesan sus productores, con precios bajos que no se corresponden a la corta cosecha de este a\u00f1o, una de las menores de la \u00faltima d\u00e9cada. Asimismo, se detecta un alarmante desequilibrio entre producci\u00f3n y comercializaci\u00f3n de vinos, unida a una falta de rentabilidad que cada vez afecta a m\u00e1s explotaciones. Por ello, ASAJA considera ineludible que el Ministerio de Agricultura, Pesca y Alimentaci\u00f3n (MAPA) y la Uni\u00f3n Europea adopten medidas estructurales encaminadas a frenar esta preocupante coyuntura.<\/h2>\n\n\n\n<p>Ni siquiera una de las cosechas m\u00e1s bajas de los \u00faltimos diez a\u00f1os (34 millones de hectolitros frente a los 41 de la campa\u00f1a pasada), ha servido para reflotar unos precios de la uva que en la mayor\u00eda de las zonas productoras han sido similares a los pagados hace un a\u00f1o, y en el caso de algunas variedades tintas, incluso inferiores. <\/p>\n\n\n\n<p>De esta tendencia de precios ruinosos no se han librado ni los vinos m\u00e1s prestigiosos, como ejemplo, el caso de los vinos de la Denominaci\u00f3n de Origen Calificada Rioja, donde se ha registrado cotizaciones por debajo, incluso, de los costes de producci\u00f3n.<\/p>\n\n\n\n<p><strong>CA\u00cdDA DEL CONSUMO. <\/strong>A esta situaci\u00f3n debemos a\u00f1adir dos circunstancias m\u00e1s: por un lado, un importante desequilibrio entre producci\u00f3n y comercializaci\u00f3n de los vinos (principalmente tintos) que viene motivado, fundamentalmente, por unas cifras muy bajas de consumo (este a\u00f1o ha ca\u00eddo un 6,5 % respecto a 2022) y por otro, el desmesurado aumento de los costes de producci\u00f3n que no se ha visto compensado para los productores. Todo ello est\u00e1 provocando que muchas explotaciones vit\u00edcolas dejen de ser rentables y que su viabilidad futura se vea, cada vez, m\u00e1s comprometida.<\/p>\n\n\n\n<p>Por todo ello, la sectorial vitivin\u00edcola de ASAJA reclama a las administraciones, central y comunitaria, la adopci\u00f3n de nuevas medidas, as\u00ed como la flexibilizaci\u00f3n de las medidas actuales de la Intervenci\u00f3n Sectorial Vitivin\u00edcola (ISV), en concreto, promoci\u00f3n, reestructuraci\u00f3n y reconversi\u00f3n, destilaci\u00f3n de subproductos, inversiones y cosecha en verde, con el fin de que no se pierda presupuesto comunitario y se pueda destinar a paliar la situaci\u00f3n. La sectorial reclama, incluso, la adoptaci\u00f3n de medidas nuevas como el arranque de vi\u00f1edo. &nbsp;<\/p>\n\n\n\n<p>Adem\u00e1s, ASAJA entiende necesaria la adopci\u00f3n de medidas estructurales como son el arranque localizado, como ha sido autorizado para el 9% de los vi\u00f1edos de Burdeos en Francia; el incremento de las prestaciones v\u00ednicas del 10 al 15%, que permite Bruselas; y por \u00faltimo, disminuir el rendimiento de transformaci\u00f3n de la uva, con el fin de adaptar la oferta a la demanda y obtener mayor calidad en los vinos.<strong>\/<\/strong>&nbsp;<\/p>\n","protected":false},"excerpt":{"rendered":"<p>La sectorial vitivin\u00edcola de ASAJA ha analizado la compleja situaci\u00f3n por la que atraviesan sus productores, con precios bajos que no se corresponden a la corta cosecha de este a\u00f1o, una de las menores de la \u00faltima d\u00e9cada. Asimismo, se detecta un alarmante desequilibrio entre producci\u00f3n y comercializaci\u00f3n de vinos, unida a una falta de [&hellip;]<\/p>\n","protected":false},"author":9,"featured_media":14966,"comment_status":"open","ping_status":"open","sticky":false,"template":"","format":"standard","meta":{"footnotes":""},"categories":[9,29,28],"tags":[58,195,59,210,374,110,357,514,44,392,116,358],"yoast_head":"<!-- This site is optimized with the Yoast SEO plugin v24.5 - https:\/\/yoast.com\/wordpress\/plugins\/seo\/ -->\n<title>ASAJA pide al Ministerio y a Europa medidas ante la gravedad de la crisis de la producci\u00f3n vitivin\u00edcola - ASAJA Palencia<\/title>\n<meta name=\"description\" content=\"La sectorial vitivin\u00edcola de ASAJA ha analizado la compleja situaci\u00f3n por la que atraviesan sus productores, con precios bajos que no se corresponden a la\" \/>\n<meta name=\"robots\" content=\"index, follow, max-snippet:-1, max-image-preview:large, max-video-preview:-1\" \/>\n<link rel=\"canonical\" href=\"https:\/\/www.asajacyl.com\/palencia\/asaja-palencia-informa\/asaja-reclama-al-ministerio-y-a-europa-medidas-de-excepcion-ante-la-grave-crisis-de-la-produccion-vitivinicola\" \/>\n<meta property=\"og:locale\" content=\"es_ES\" \/>\n<meta property=\"og:type\" content=\"article\" \/>\n<meta property=\"og:title\" content=\"ASAJA pide al Ministerio y a Europa medidas ante la gravedad de la crisis de la producci\u00f3n vitivin\u00edcola - ASAJA Palencia\" \/>\n<meta property=\"og:description\" content=\"La sectorial vitivin\u00edcola de ASAJA ha analizado la compleja situaci\u00f3n por la que atraviesan sus productores, con precios bajos que no se corresponden a la\" \/>\n<meta property=\"og:url\" content=\"https:\/\/www.asajacyl.com\/palencia\/asaja-palencia-informa\/asaja-reclama-al-ministerio-y-a-europa-medidas-de-excepcion-ante-la-grave-crisis-de-la-produccion-vitivinicola\" \/>\n<meta property=\"og:site_name\" content=\"ASAJA Palencia\" \/>\n<meta property=\"article:published_time\" content=\"2023-12-10T10:00:00+00:00\" \/>\n<meta property=\"og:image\" content=\"https:\/\/www.asajacyl.com\/palencia\/wp-content\/uploads\/sites\/3\/2023\/12\/Vinedo-Pagos-Negredo-Palenz-1024x896.jpg\" \/>\n\t<meta property=\"og:image:width\" content=\"1024\" \/>\n\t<meta property=\"og:image:height\" content=\"896\" \/>\n\t<meta property=\"og:image:type\" content=\"image\/jpeg\" \/>\n<meta name=\"author\" content=\"Administrador\" \/>\n<meta name=\"twitter:card\" content=\"summary_large_image\" \/>\n<meta name=\"twitter:label1\" content=\"Escrito por\" \/>\n\t<meta name=\"twitter:data1\" content=\"Administrador\" \/>\n\t<meta name=\"twitter:label2\" content=\"Tiempo de lectura\" \/>\n\t<meta name=\"twitter:data2\" content=\"2 minutos\" \/>\n<script type=\"application\/ld+json\" class=\"yoast-schema-graph\">{\"@context\":\"https:\/\/schema.org\",\"@graph\":[{\"@type\":\"WebPage\",\"@id\":\"https:\/\/www.asajacyl.com\/palencia\/asaja-palencia-informa\/asaja-reclama-al-ministerio-y-a-europa-medidas-de-excepcion-ante-la-grave-crisis-de-la-produccion-vitivinicola\",\"url\":\"https:\/\/www.asajacyl.com\/palencia\/asaja-palencia-informa\/asaja-reclama-al-ministerio-y-a-europa-medidas-de-excepcion-ante-la-grave-crisis-de-la-produccion-vitivinicola\",\"name\":\"ASAJA pide al Ministerio y a Europa medidas ante la gravedad de la crisis de la producci\u00f3n vitivin\u00edcola - ASAJA Palencia\",\"isPartOf\":{\"@id\":\"https:\/\/www.asajacyl.com\/palencia\/#website\"},\"primaryImageOfPage\":{\"@id\":\"https:\/\/www.asajacyl.com\/palencia\/asaja-palencia-informa\/asaja-reclama-al-ministerio-y-a-europa-medidas-de-excepcion-ante-la-grave-crisis-de-la-produccion-vitivinicola#primaryimage\"},\"image\":{\"@id\":\"https:\/\/www.asajacyl.com\/palencia\/asaja-palencia-informa\/asaja-reclama-al-ministerio-y-a-europa-medidas-de-excepcion-ante-la-grave-crisis-de-la-produccion-vitivinicola#primaryimage\"},\"thumbnailUrl\":\"https:\/\/www.asajacyl.com\/palencia\/wp-content\/uploads\/sites\/3\/2023\/12\/Vinedo-Pagos-Negredo-Palenz.jpg\",\"datePublished\":\"2023-12-10T10:00:00+00:00\",\"author\":{\"@id\":\"https:\/\/www.asajacyl.com\/palencia\/#\/schema\/person\/3ab17aeb03527485c317557fae64aab1\"},\"description\":\"La sectorial vitivin\u00edcola de ASAJA ha analizado la compleja situaci\u00f3n por la que atraviesan sus productores, con precios bajos que no se corresponden a la\",\"breadcrumb\":{\"@id\":\"https:\/\/www.asajacyl.com\/palencia\/asaja-palencia-informa\/asaja-reclama-al-ministerio-y-a-europa-medidas-de-excepcion-ante-la-grave-crisis-de-la-produccion-vitivinicola#breadcrumb\"},\"inLanguage\":\"es\",\"potentialAction\":[{\"@type\":\"ReadAction\",\"target\":[\"https:\/\/www.asajacyl.com\/palencia\/asaja-palencia-informa\/asaja-reclama-al-ministerio-y-a-europa-medidas-de-excepcion-ante-la-grave-crisis-de-la-produccion-vitivinicola\"]}]},{\"@type\":\"ImageObject\",\"inLanguage\":\"es\",\"@id\":\"https:\/\/www.asajacyl.com\/palencia\/asaja-palencia-informa\/asaja-reclama-al-ministerio-y-a-europa-medidas-de-excepcion-ante-la-grave-crisis-de-la-produccion-vitivinicola#primaryimage\",\"url\":\"https:\/\/www.asajacyl.com\/palencia\/wp-content\/uploads\/sites\/3\/2023\/12\/Vinedo-Pagos-Negredo-Palenz.jpg\",\"contentUrl\":\"https:\/\/www.asajacyl.com\/palencia\/wp-content\/uploads\/sites\/3\/2023\/12\/Vinedo-Pagos-Negredo-Palenz.jpg\",\"width\":1890,\"height\":1654},{\"@type\":\"BreadcrumbList\",\"@id\":\"https:\/\/www.asajacyl.com\/palencia\/asaja-palencia-informa\/asaja-reclama-al-ministerio-y-a-europa-medidas-de-excepcion-ante-la-grave-crisis-de-la-produccion-vitivinicola#breadcrumb\",\"itemListElement\":[{\"@type\":\"ListItem\",\"position\":1,\"name\":\"Portada\",\"item\":\"https:\/\/www.asajacyl.com\/palencia\/\"},{\"@type\":\"ListItem\",\"position\":2,\"name\":\"ASAJA pide al Ministerio y a Europa medidas ante la gravedad de la crisis de la producci\u00f3n vitivin\u00edcola\"}]},{\"@type\":\"WebSite\",\"@id\":\"https:\/\/www.asajacyl.com\/palencia\/#website\",\"url\":\"https:\/\/www.asajacyl.com\/palencia\/\",\"name\":\"ASAJA Palencia\",\"description\":\"Otro sitio m\u00e1s de Provincias ASAJA Castilla y Le\u00f3n\",\"potentialAction\":[{\"@type\":\"SearchAction\",\"target\":{\"@type\":\"EntryPoint\",\"urlTemplate\":\"https:\/\/www.asajacyl.com\/palencia\/?s={search_term_string}\"},\"query-input\":{\"@type\":\"PropertyValueSpecification\",\"valueRequired\":true,\"valueName\":\"search_term_string\"}}],\"inLanguage\":\"es\"},{\"@type\":\"Person\",\"@id\":\"https:\/\/www.asajacyl.com\/palencia\/#\/schema\/person\/3ab17aeb03527485c317557fae64aab1\",\"name\":\"Administrador\",\"image\":{\"@type\":\"ImageObject\",\"inLanguage\":\"es\",\"@id\":\"https:\/\/www.asajacyl.com\/palencia\/#\/schema\/person\/image\/\",\"url\":\"https:\/\/secure.gravatar.com\/avatar\/517384810d242ca9e38c180f3c9fb973?s=96&d=mm&r=g\",\"contentUrl\":\"https:\/\/secure.gravatar.com\/avatar\/517384810d242ca9e38c180f3c9fb973?s=96&d=mm&r=g\",\"caption\":\"Administrador\"},\"url\":\"https:\/\/www.asajacyl.com\/palencia\/author\/carlosrm\"}]}<\/script>\n<!-- \/ Yoast SEO plugin. -->","yoast_head_json":{"title":"ASAJA pide al Ministerio y a Europa medidas ante la gravedad de la crisis de la producci\u00f3n vitivin\u00edcola - ASAJA Palencia","description":"La sectorial vitivin\u00edcola de ASAJA ha analizado la compleja situaci\u00f3n por la que atraviesan sus productores, con precios bajos que no se corresponden a la","robots":{"index":"index","follow":"follow","max-snippet":"max-snippet:-1","max-image-preview":"max-image-preview:large","max-video-preview":"max-video-preview:-1"},"canonical":"https:\/\/www.asajacyl.com\/palencia\/asaja-palencia-informa\/asaja-reclama-al-ministerio-y-a-europa-medidas-de-excepcion-ante-la-grave-crisis-de-la-produccion-vitivinicola","og_locale":"es_ES","og_type":"article","og_title":"ASAJA pide al Ministerio y a Europa medidas ante la gravedad de la crisis de la producci\u00f3n vitivin\u00edcola - ASAJA Palencia","og_description":"La sectorial vitivin\u00edcola de ASAJA ha analizado la compleja situaci\u00f3n por la que atraviesan sus productores, con precios bajos que no se corresponden a la","og_url":"https:\/\/www.asajacyl.com\/palencia\/asaja-palencia-informa\/asaja-reclama-al-ministerio-y-a-europa-medidas-de-excepcion-ante-la-grave-crisis-de-la-produccion-vitivinicola","og_site_name":"ASAJA Palencia","article_published_time":"2023-12-10T10:00:00+00:00","og_image":[{"width":1024,"height":896,"url":"https:\/\/www.asajacyl.com\/palencia\/wp-content\/uploads\/sites\/3\/2023\/12\/Vinedo-Pagos-Negredo-Palenz-1024x896.jpg","type":"image\/jpeg"}],"author":"Administrador","twitter_card":"summary_large_image","twitter_misc":{"Escrito por":"Administrador","Tiempo de lectura":"2 minutos"},"schema":{"@context":"https:\/\/schema.org","@graph":[{"@type":"WebPage","@id":"https:\/\/www.asajacyl.com\/palencia\/asaja-palencia-informa\/asaja-reclama-al-ministerio-y-a-europa-medidas-de-excepcion-ante-la-grave-crisis-de-la-produccion-vitivinicola","url":"https:\/\/www.asajacyl.com\/palencia\/asaja-palencia-informa\/asaja-reclama-al-ministerio-y-a-europa-medidas-de-excepcion-ante-la-grave-crisis-de-la-produccion-vitivinicola","name":"ASAJA pide al Ministerio y a Europa medidas ante la gravedad de la crisis de la producci\u00f3n vitivin\u00edcola - ASAJA Palencia","isPartOf":{"@id":"https:\/\/www.asajacyl.com\/palencia\/#website"},"primaryImageOfPage":{"@id":"https:\/\/www.asajacyl.com\/palencia\/asaja-palencia-informa\/asaja-reclama-al-ministerio-y-a-europa-medidas-de-excepcion-ante-la-grave-crisis-de-la-produccion-vitivinicola#primaryimage"},"image":{"@id":"https:\/\/www.asajacyl.com\/palencia\/asaja-palencia-informa\/asaja-reclama-al-ministerio-y-a-europa-medidas-de-excepcion-ante-la-grave-crisis-de-la-produccion-vitivinicola#primaryimage"},"thumbnailUrl":"https:\/\/www.asajacyl.com\/palencia\/wp-content\/uploads\/sites\/3\/2023\/12\/Vinedo-Pagos-Negredo-Palenz.jpg","datePublished":"2023-12-10T10:00:00+00:00","author":{"@id":"https:\/\/www.asajacyl.com\/palencia\/#\/schema\/person\/3ab17aeb03527485c317557fae64aab1"},"description":"La sectorial vitivin\u00edcola de ASAJA ha analizado la compleja situaci\u00f3n por la que atraviesan sus productores, con precios bajos que no se corresponden a la","breadcrumb":{"@id":"https:\/\/www.asajacyl.com\/palencia\/asaja-palencia-informa\/asaja-reclama-al-ministerio-y-a-europa-medidas-de-excepcion-ante-la-grave-crisis-de-la-produccion-vitivinicola#breadcrumb"},"inLanguage":"es","potentialAction":[{"@type":"ReadAction","target":["https:\/\/www.asajacyl.com\/palencia\/asaja-palencia-informa\/asaja-reclama-al-ministerio-y-a-europa-medidas-de-excepcion-ante-la-grave-crisis-de-la-produccion-vitivinicola"]}]},{"@type":"ImageObject","inLanguage":"es","@id":"https:\/\/www.asajacyl.com\/palencia\/asaja-palencia-informa\/asaja-reclama-al-ministerio-y-a-europa-medidas-de-excepcion-ante-la-grave-crisis-de-la-produccion-vitivinicola#primaryimage","url":"https:\/\/www.asajacyl.com\/palencia\/wp-content\/uploads\/sites\/3\/2023\/12\/Vinedo-Pagos-Negredo-Palenz.jpg","contentUrl":"https:\/\/www.asajacyl.com\/palencia\/wp-content\/uploads\/sites\/3\/2023\/12\/Vinedo-Pagos-Negredo-Palenz.jpg","width":1890,"height":1654},{"@type":"BreadcrumbList","@id":"https:\/\/www.asajacyl.com\/palencia\/asaja-palencia-informa\/asaja-reclama-al-ministerio-y-a-europa-medidas-de-excepcion-ante-la-grave-crisis-de-la-produccion-vitivinicola#breadcrumb","itemListElement":[{"@type":"ListItem","position":1,"name":"Portada","item":"https:\/\/www.asajacyl.com\/palencia\/"},{"@type":"ListItem","position":2,"name":"ASAJA pide al Ministerio y a Europa medidas ante la gravedad de la crisis de la producci\u00f3n vitivin\u00edcola"}]},{"@type":"WebSite","@id":"https:\/\/www.asajacyl.com\/palencia\/#website","url":"https:\/\/www.asajacyl.com\/palencia\/","name":"ASAJA Palencia","description":"Otro sitio m\u00e1s de Provincias ASAJA Castilla y Le\u00f3n","potentialAction":[{"@type":"SearchAction","target":{"@type":"EntryPoint","urlTemplate":"https:\/\/www.asajacyl.com\/palencia\/?s={search_term_string}"},"query-input":{"@type":"PropertyValueSpecification","valueRequired":true,"valueName":"search_term_string"}}],"inLanguage":"es"},{"@type":"Person","@id":"https:\/\/www.asajacyl.com\/palencia\/#\/schema\/person\/3ab17aeb03527485c317557fae64aab1","name":"Administrador","image":{"@type":"ImageObject","inLanguage":"es","@id":"https:\/\/www.asajacyl.com\/palencia\/#\/schema\/person\/image\/","url":"https:\/\/secure.gravatar.com\/avatar\/517384810d242ca9e38c180f3c9fb973?s=96&d=mm&r=g","contentUrl":"https:\/\/secure.gravatar.com\/avatar\/517384810d242ca9e38c180f3c9fb973?s=96&d=mm&r=g","caption":"Administrador"},"url":"https:\/\/www.asajacyl.com\/palencia\/author\/carlosrm"}]}},"_links":{"self":[{"href":"https:\/\/www.asajacyl.com\/palencia\/wp-json\/wp\/v2\/posts\/14965"}],"collection":[{"href":"https:\/\/www.asajacyl.com\/palencia\/wp-json\/wp\/v2\/posts"}],"about":[{"href":"https:\/\/www.asajacyl.com\/palencia\/wp-json\/wp\/v2\/types\/post"}],"author":[{"embeddable":true,"href":"https:\/\/www.asajacyl.com\/palencia\/wp-json\/wp\/v2\/users\/9"}],"replies":[{"embeddable":true,"href":"https:\/\/www.asajacyl.com\/palencia\/wp-json\/wp\/v2\/comments?post=14965"}],"version-history":[{"count":3,"href":"https:\/\/www.asajacyl.com\/palencia\/wp-json\/wp\/v2\/posts\/14965\/revisions"}],"predecessor-version":[{"id":14969,"href":"https:\/\/www.asajacyl.com\/palencia\/wp-json\/wp\/v2\/posts\/14965\/revisions\/14969"}],"wp:featuredmedia":[{"embeddable":true,"href":"https:\/\/www.asajacyl.com\/palencia\/wp-json\/wp\/v2\/media\/14966"}],"wp:attachment":[{"href":"https:\/\/www.asajacyl.com\/palencia\/wp-json\/wp\/v2\/media?parent=14965"}],"wp:term":[{"taxonomy":"category","embeddable":true,"href":"https:\/\/www.asajacyl.com\/palencia\/wp-json\/wp\/v2\/categories?post=14965"},{"taxonomy":"post_tag","embeddable":true,"href":"https:\/\/www.asajacyl.com\/palencia\/wp-json\/wp\/v2\/tags?post=14965"}],"curies":[{"name":"wp","href":"https:\/\/api.w.org\/{rel}","templated":true}]}}