{"id":15000,"date":"2023-12-15T12:02:31","date_gmt":"2023-12-15T11:02:31","guid":{"rendered":"https:\/\/www.asajacyl.com\/palencia\/?p=15000"},"modified":"2023-12-15T12:02:36","modified_gmt":"2023-12-15T11:02:36","slug":"el-20-de-diciembre-acaba-el-plazo-del-seguro-mas-amplio-en-forrajes-herbaceos-y-uva-de-vino","status":"publish","type":"post","link":"https:\/\/www.asajacyl.com\/palencia\/sin-categoria\/el-20-de-diciembre-acaba-el-plazo-del-seguro-mas-amplio-en-forrajes-herbaceos-y-uva-de-vino","title":{"rendered":"El 20 de diciembre acaba el plazo del seguro m\u00e1s amplio en forrajes, herb\u00e1ceos y uva de vino"},"content":{"rendered":"\n<h2 class=\"wp-block-heading\">ASAJA-Palencia recuerda a sus asociados que este mi\u00e9rcoles 20 de diciembre finaliza el plazo para contratar las opciones del seguro m\u00e1s completas para la pr\u00f3xima campa\u00f1a de cultivos herb\u00e1ceos, forrajes y uva de vino. Nuestra organizaci\u00f3n aconseja formalizar las p\u00f3lizas en este plazo, para aprovechar todas las coberturas de riesgo previstas en cada seguro, y en todo caso, ponerse en manos de nuestro equipo experto para informarse del modo m\u00e1s riguroso, conocer las alternativas t\u00e9cnicas y de precios, y as\u00ed cada agricultor podr\u00e1 acogerse a la opci\u00f3n que estime m\u00e1s ventajosa. De cualquier modo, en el seguro agrario conviene confiar en una entidad como ASAJA-Palencia, por experiencia, conocimiento del sector y asesor\u00eda continuada, un servicio que no todas las &#8216;ventanillas&#8217; pueden prestar a lo largo de los muchos meses de vigencia de la p\u00f3liza.<\/h2>\n\n\n\n<p>Agroseguro ha destacado en una nota de prensa publicada esta misma semana que todas estas producciones agrarias cuyo plazo de aseguramiento m\u00e1s amplio finaliza el d\u00eda 20 de diciembre no s\u00f3lo resultan \u00abvitales para el medio rural y la econom\u00eda espa\u00f1ola\u00bb, sino que han experimentado en los \u00faltimos a\u00f1os importantes incrementos tanto en el nivel de contrataci\u00f3n como en el de siniestralidad, que el propio consorcio califica de \u00abmuy elevada\u00bb.<\/p>\n\n\n\n<p>Tambi\u00e9n va creciendo la implantaci\u00f3n del relativamente reciente seguro de <strong>forrajes con cobertura de sequ\u00eda<\/strong>, una conquista en la que la oficina de ASAJA en Palencia trabaj\u00f3 con rigor hasta que ENESA (Entidad Estatal de Seguros Agrarios, dependiente del Ministerio de Agricultura) y Agroseguro ampliaron ya en el Plan 2020 las coberturas en los m\u00f3dulos 1 y 2 del Seguro de Cultivos Forrajeros, cubriendo los da\u00f1os por sequ\u00eda en el cultivo de la alfalfa para forraje. La organizaci\u00f3n continu\u00f3 en los a\u00f1os sucesivos trabajando para ampliar y mejorar las condiciones del seguro en este tipo de cultivos.<\/p>\n\n\n\n<p>Por su parte, el seguro de\u00a0<strong>cultivos herb\u00e1ceos<\/strong>\u00a0ha contado con una implantaci\u00f3n del 70% a nivel nacional en las \u00faltimas cosechas, con un capital asegurado de 3.365 millones de euros. Ese porcentaje ha superado el 80% en regiones como Catalu\u00f1a, Navarra y Castilla y Le\u00f3n. <\/p>\n\n\n\n<p>Incluso dentro de nuestra comunidad, Palencia es una de las provincias con niveles de seguro en herb\u00e1ceos a\u00fan superiores en los \u00faltimos a\u00f1os, debido en gran medida al mejor rendimiento relativo que en otros territorios castellanoleoneses, donde la contrataci\u00f3n de las p\u00f3lizas en las condiciones en las que se viene ofreciendo no resulta atractivo para el profesional. <\/p>\n\n\n\n<p>De hecho, esto es uno de los caballos de batalla de ASAJA-Castilla y Le\u00f3n: reclamar a Agroseguro y a las administraciones p\u00fablicas competentes un esfuerzo de adaptaci\u00f3n para que todas las zonas vean en el seguro agrario una herramienta de garant\u00eda de unos ingresos m\u00ednimos aun en los a\u00f1os con siniestros m\u00e1s frecuentes (sequ\u00edas, granizos&#8230;)<\/p>\n\n\n\n<p><strong>EL 13% M\u00c1S EN HERB\u00c1CEOS. <\/strong>Seg\u00fan Agroseguro, las indemnizaciones abonadas a los productores en esta l\u00ednea de seguro han alcanzado los 474 millones de euros en 2023, principalmente a causa de la sequ\u00eda, que provoc\u00f3 un siniestro grave y generalizado en m\u00e1s del 90% de la superficie de secano asegurada, seg\u00fan los datos del propio consorcio.<\/p>\n\n\n\n<p>Sin duda alguna, esa elevada siniestralidad ha impulsado este a\u00f1o claramente el aseguramiento de esta l\u00ednea cara a la campa\u00f1a 2024, pese al aumento de precios en determinados cultivos y zonas, subidas no siempre justificadas, sobre las que ASAJA ya ha expresado su malestar en reiteradas ocasiones y en diversos foros.  <\/p>\n\n\n\n<p>Hasta el pasado 30 de noviembre, se hab\u00eda registrado ya un crecimiento interanual del 13% en la superficie y la producci\u00f3n asegurada en las p\u00f3lizas de herb\u00e1ceos.<\/p>\n\n\n\n<p>Menos importancia posee para la provincia de Palencia el seguro de <strong>uva de vino<\/strong>, que tambi\u00e9n cierra este 20 de diciembre la contrataci\u00f3n para las m\u00e1ximas coberturas. La implantaci\u00f3n del seguro de este cultivo ya alcanz\u00f3 el 56% de la producci\u00f3n nacional en la \u00faltima campa\u00f1a, con un capital asegurado de 1.152 millones de euros, seg\u00fan Agroseguro.<\/p>\n\n\n\n<p>Sobresalen, con aseguramiento cercanos al 70%, los profesionales del vi\u00f1edo de Castilla y Le\u00f3n, La Rioja, Catalu\u00f1a y Comunidad Valenciana, y aun llega a superarse el 80% en provincias como \u00c1lava. <\/p>\n\n\n\n<p>La suscripci\u00f3n de p\u00f3lizas de esta l\u00ednea de seguro tambi\u00e9n ha aumentado cara a la vendimia de 2024, con un 3% m\u00e1s de superficie de vi\u00f1edo asegurada y un 5% m\u00e1s de producci\u00f3n. Las indemnizaciones de la \u00faltima campa\u00f1a en uva de vino rondan los 106 millones de euros, principalmente por da\u00f1os de sequ\u00eda en vi\u00f1edos de secano, heladas y pedriscos.<strong>\/<\/strong> <\/p>\n","protected":false},"excerpt":{"rendered":"<p>ASAJA-Palencia recuerda a sus asociados que este mi\u00e9rcoles 20 de diciembre finaliza el plazo para contratar las opciones del seguro m\u00e1s completas para la pr\u00f3xima campa\u00f1a de cultivos herb\u00e1ceos, forrajes y uva de vino. Nuestra organizaci\u00f3n aconseja formalizar las p\u00f3lizas en este plazo, para aprovechar todas las coberturas de riesgo previstas en cada seguro, y [&hellip;]<\/p>\n","protected":false},"author":9,"featured_media":10558,"comment_status":"open","ping_status":"open","sticky":false,"template":"","format":"standard","meta":{"footnotes":""},"categories":[29,28,1],"tags":[58,176,46,432,99,146,92,501,93,392,116],"yoast_head":"<!-- This site is optimized with the Yoast SEO plugin v24.5 - https:\/\/yoast.com\/wordpress\/plugins\/seo\/ -->\n<title>El 20 de diciembre acaba el plazo del seguro m\u00e1s amplio en forrajes, herb\u00e1ceos y uva de vino - ASAJA Palencia<\/title>\n<meta name=\"description\" content=\"ASAJA-Palencia recuerda a sus asociados que este mi\u00e9rcoles 20 de diciembre finaliza el plazo para contratar las opciones del seguro m\u00e1s completas para la\" \/>\n<meta name=\"robots\" content=\"index, follow, max-snippet:-1, max-image-preview:large, max-video-preview:-1\" \/>\n<link rel=\"canonical\" href=\"https:\/\/www.asajacyl.com\/palencia\/sin-categoria\/el-20-de-diciembre-acaba-el-plazo-del-seguro-mas-amplio-en-forrajes-herbaceos-y-uva-de-vino\" \/>\n<meta property=\"og:locale\" content=\"es_ES\" \/>\n<meta property=\"og:type\" content=\"article\" \/>\n<meta property=\"og:title\" content=\"El 20 de diciembre acaba el plazo del seguro m\u00e1s amplio en forrajes, herb\u00e1ceos y uva de vino - ASAJA Palencia\" \/>\n<meta property=\"og:description\" content=\"ASAJA-Palencia recuerda a sus asociados que este mi\u00e9rcoles 20 de diciembre finaliza el plazo para contratar las opciones del seguro m\u00e1s completas para la\" \/>\n<meta property=\"og:url\" content=\"https:\/\/www.asajacyl.com\/palencia\/sin-categoria\/el-20-de-diciembre-acaba-el-plazo-del-seguro-mas-amplio-en-forrajes-herbaceos-y-uva-de-vino\" \/>\n<meta property=\"og:site_name\" content=\"ASAJA Palencia\" \/>\n<meta property=\"article:published_time\" content=\"2023-12-15T11:02:31+00:00\" \/>\n<meta property=\"article:modified_time\" content=\"2023-12-15T11:02:36+00:00\" \/>\n<meta property=\"og:image\" content=\"https:\/\/www.asajacyl.com\/palencia\/wp-content\/uploads\/sites\/3\/2022\/05\/ALFALFA-PACAS-PAQUETES.jpg\" \/>\n\t<meta property=\"og:image:width\" content=\"1824\" \/>\n\t<meta property=\"og:image:height\" content=\"1368\" \/>\n\t<meta property=\"og:image:type\" content=\"image\/jpeg\" \/>\n<meta name=\"author\" content=\"Administrador\" \/>\n<meta name=\"twitter:card\" content=\"summary_large_image\" \/>\n<meta name=\"twitter:label1\" content=\"Escrito por\" \/>\n\t<meta name=\"twitter:data1\" content=\"Administrador\" \/>\n\t<meta name=\"twitter:label2\" content=\"Tiempo de lectura\" \/>\n\t<meta name=\"twitter:data2\" content=\"4 minutos\" \/>\n<script type=\"application\/ld+json\" class=\"yoast-schema-graph\">{\"@context\":\"https:\/\/schema.org\",\"@graph\":[{\"@type\":\"WebPage\",\"@id\":\"https:\/\/www.asajacyl.com\/palencia\/sin-categoria\/el-20-de-diciembre-acaba-el-plazo-del-seguro-mas-amplio-en-forrajes-herbaceos-y-uva-de-vino\",\"url\":\"https:\/\/www.asajacyl.com\/palencia\/sin-categoria\/el-20-de-diciembre-acaba-el-plazo-del-seguro-mas-amplio-en-forrajes-herbaceos-y-uva-de-vino\",\"name\":\"El 20 de diciembre acaba el plazo del seguro m\u00e1s amplio en forrajes, herb\u00e1ceos y uva de vino - ASAJA Palencia\",\"isPartOf\":{\"@id\":\"https:\/\/www.asajacyl.com\/palencia\/#website\"},\"primaryImageOfPage\":{\"@id\":\"https:\/\/www.asajacyl.com\/palencia\/sin-categoria\/el-20-de-diciembre-acaba-el-plazo-del-seguro-mas-amplio-en-forrajes-herbaceos-y-uva-de-vino#primaryimage\"},\"image\":{\"@id\":\"https:\/\/www.asajacyl.com\/palencia\/sin-categoria\/el-20-de-diciembre-acaba-el-plazo-del-seguro-mas-amplio-en-forrajes-herbaceos-y-uva-de-vino#primaryimage\"},\"thumbnailUrl\":\"https:\/\/www.asajacyl.com\/palencia\/wp-content\/uploads\/sites\/3\/2022\/05\/ALFALFA-PACAS-PAQUETES.jpg\",\"datePublished\":\"2023-12-15T11:02:31+00:00\",\"dateModified\":\"2023-12-15T11:02:36+00:00\",\"author\":{\"@id\":\"https:\/\/www.asajacyl.com\/palencia\/#\/schema\/person\/3ab17aeb03527485c317557fae64aab1\"},\"description\":\"ASAJA-Palencia recuerda a sus asociados que este mi\u00e9rcoles 20 de diciembre finaliza el plazo para contratar las opciones del seguro m\u00e1s completas para la\",\"breadcrumb\":{\"@id\":\"https:\/\/www.asajacyl.com\/palencia\/sin-categoria\/el-20-de-diciembre-acaba-el-plazo-del-seguro-mas-amplio-en-forrajes-herbaceos-y-uva-de-vino#breadcrumb\"},\"inLanguage\":\"es\",\"potentialAction\":[{\"@type\":\"ReadAction\",\"target\":[\"https:\/\/www.asajacyl.com\/palencia\/sin-categoria\/el-20-de-diciembre-acaba-el-plazo-del-seguro-mas-amplio-en-forrajes-herbaceos-y-uva-de-vino\"]}]},{\"@type\":\"ImageObject\",\"inLanguage\":\"es\",\"@id\":\"https:\/\/www.asajacyl.com\/palencia\/sin-categoria\/el-20-de-diciembre-acaba-el-plazo-del-seguro-mas-amplio-en-forrajes-herbaceos-y-uva-de-vino#primaryimage\",\"url\":\"https:\/\/www.asajacyl.com\/palencia\/wp-content\/uploads\/sites\/3\/2022\/05\/ALFALFA-PACAS-PAQUETES.jpg\",\"contentUrl\":\"https:\/\/www.asajacyl.com\/palencia\/wp-content\/uploads\/sites\/3\/2022\/05\/ALFALFA-PACAS-PAQUETES.jpg\",\"width\":1824,\"height\":1368},{\"@type\":\"BreadcrumbList\",\"@id\":\"https:\/\/www.asajacyl.com\/palencia\/sin-categoria\/el-20-de-diciembre-acaba-el-plazo-del-seguro-mas-amplio-en-forrajes-herbaceos-y-uva-de-vino#breadcrumb\",\"itemListElement\":[{\"@type\":\"ListItem\",\"position\":1,\"name\":\"Portada\",\"item\":\"https:\/\/www.asajacyl.com\/palencia\/\"},{\"@type\":\"ListItem\",\"position\":2,\"name\":\"El 20 de diciembre acaba el plazo del seguro m\u00e1s amplio en forrajes, herb\u00e1ceos y uva de vino\"}]},{\"@type\":\"WebSite\",\"@id\":\"https:\/\/www.asajacyl.com\/palencia\/#website\",\"url\":\"https:\/\/www.asajacyl.com\/palencia\/\",\"name\":\"ASAJA Palencia\",\"description\":\"Otro sitio m\u00e1s de Provincias ASAJA Castilla y Le\u00f3n\",\"potentialAction\":[{\"@type\":\"SearchAction\",\"target\":{\"@type\":\"EntryPoint\",\"urlTemplate\":\"https:\/\/www.asajacyl.com\/palencia\/?s={search_term_string}\"},\"query-input\":{\"@type\":\"PropertyValueSpecification\",\"valueRequired\":true,\"valueName\":\"search_term_string\"}}],\"inLanguage\":\"es\"},{\"@type\":\"Person\",\"@id\":\"https:\/\/www.asajacyl.com\/palencia\/#\/schema\/person\/3ab17aeb03527485c317557fae64aab1\",\"name\":\"Administrador\",\"image\":{\"@type\":\"ImageObject\",\"inLanguage\":\"es\",\"@id\":\"https:\/\/www.asajacyl.com\/palencia\/#\/schema\/person\/image\/\",\"url\":\"https:\/\/secure.gravatar.com\/avatar\/517384810d242ca9e38c180f3c9fb973?s=96&d=mm&r=g\",\"contentUrl\":\"https:\/\/secure.gravatar.com\/avatar\/517384810d242ca9e38c180f3c9fb973?s=96&d=mm&r=g\",\"caption\":\"Administrador\"},\"url\":\"https:\/\/www.asajacyl.com\/palencia\/author\/carlosrm\"}]}<\/script>\n<!-- \/ Yoast SEO plugin. -->","yoast_head_json":{"title":"El 20 de diciembre acaba el plazo del seguro m\u00e1s amplio en forrajes, herb\u00e1ceos y uva de vino - ASAJA Palencia","description":"ASAJA-Palencia recuerda a sus asociados que este mi\u00e9rcoles 20 de diciembre finaliza el plazo para contratar las opciones del seguro m\u00e1s completas para la","robots":{"index":"index","follow":"follow","max-snippet":"max-snippet:-1","max-image-preview":"max-image-preview:large","max-video-preview":"max-video-preview:-1"},"canonical":"https:\/\/www.asajacyl.com\/palencia\/sin-categoria\/el-20-de-diciembre-acaba-el-plazo-del-seguro-mas-amplio-en-forrajes-herbaceos-y-uva-de-vino","og_locale":"es_ES","og_type":"article","og_title":"El 20 de diciembre acaba el plazo del seguro m\u00e1s amplio en forrajes, herb\u00e1ceos y uva de vino - ASAJA Palencia","og_description":"ASAJA-Palencia recuerda a sus asociados que este mi\u00e9rcoles 20 de diciembre finaliza el plazo para contratar las opciones del seguro m\u00e1s completas para la","og_url":"https:\/\/www.asajacyl.com\/palencia\/sin-categoria\/el-20-de-diciembre-acaba-el-plazo-del-seguro-mas-amplio-en-forrajes-herbaceos-y-uva-de-vino","og_site_name":"ASAJA Palencia","article_published_time":"2023-12-15T11:02:31+00:00","article_modified_time":"2023-12-15T11:02:36+00:00","og_image":[{"width":1824,"height":1368,"url":"https:\/\/www.asajacyl.com\/palencia\/wp-content\/uploads\/sites\/3\/2022\/05\/ALFALFA-PACAS-PAQUETES.jpg","type":"image\/jpeg"}],"author":"Administrador","twitter_card":"summary_large_image","twitter_misc":{"Escrito por":"Administrador","Tiempo de lectura":"4 minutos"},"schema":{"@context":"https:\/\/schema.org","@graph":[{"@type":"WebPage","@id":"https:\/\/www.asajacyl.com\/palencia\/sin-categoria\/el-20-de-diciembre-acaba-el-plazo-del-seguro-mas-amplio-en-forrajes-herbaceos-y-uva-de-vino","url":"https:\/\/www.asajacyl.com\/palencia\/sin-categoria\/el-20-de-diciembre-acaba-el-plazo-del-seguro-mas-amplio-en-forrajes-herbaceos-y-uva-de-vino","name":"El 20 de diciembre acaba el plazo del seguro m\u00e1s amplio en forrajes, herb\u00e1ceos y uva de vino - ASAJA Palencia","isPartOf":{"@id":"https:\/\/www.asajacyl.com\/palencia\/#website"},"primaryImageOfPage":{"@id":"https:\/\/www.asajacyl.com\/palencia\/sin-categoria\/el-20-de-diciembre-acaba-el-plazo-del-seguro-mas-amplio-en-forrajes-herbaceos-y-uva-de-vino#primaryimage"},"image":{"@id":"https:\/\/www.asajacyl.com\/palencia\/sin-categoria\/el-20-de-diciembre-acaba-el-plazo-del-seguro-mas-amplio-en-forrajes-herbaceos-y-uva-de-vino#primaryimage"},"thumbnailUrl":"https:\/\/www.asajacyl.com\/palencia\/wp-content\/uploads\/sites\/3\/2022\/05\/ALFALFA-PACAS-PAQUETES.jpg","datePublished":"2023-12-15T11:02:31+00:00","dateModified":"2023-12-15T11:02:36+00:00","author":{"@id":"https:\/\/www.asajacyl.com\/palencia\/#\/schema\/person\/3ab17aeb03527485c317557fae64aab1"},"description":"ASAJA-Palencia recuerda a sus asociados que este mi\u00e9rcoles 20 de diciembre finaliza el plazo para contratar las opciones del seguro m\u00e1s completas para la","breadcrumb":{"@id":"https:\/\/www.asajacyl.com\/palencia\/sin-categoria\/el-20-de-diciembre-acaba-el-plazo-del-seguro-mas-amplio-en-forrajes-herbaceos-y-uva-de-vino#breadcrumb"},"inLanguage":"es","potentialAction":[{"@type":"ReadAction","target":["https:\/\/www.asajacyl.com\/palencia\/sin-categoria\/el-20-de-diciembre-acaba-el-plazo-del-seguro-mas-amplio-en-forrajes-herbaceos-y-uva-de-vino"]}]},{"@type":"ImageObject","inLanguage":"es","@id":"https:\/\/www.asajacyl.com\/palencia\/sin-categoria\/el-20-de-diciembre-acaba-el-plazo-del-seguro-mas-amplio-en-forrajes-herbaceos-y-uva-de-vino#primaryimage","url":"https:\/\/www.asajacyl.com\/palencia\/wp-content\/uploads\/sites\/3\/2022\/05\/ALFALFA-PACAS-PAQUETES.jpg","contentUrl":"https:\/\/www.asajacyl.com\/palencia\/wp-content\/uploads\/sites\/3\/2022\/05\/ALFALFA-PACAS-PAQUETES.jpg","width":1824,"height":1368},{"@type":"BreadcrumbList","@id":"https:\/\/www.asajacyl.com\/palencia\/sin-categoria\/el-20-de-diciembre-acaba-el-plazo-del-seguro-mas-amplio-en-forrajes-herbaceos-y-uva-de-vino#breadcrumb","itemListElement":[{"@type":"ListItem","position":1,"name":"Portada","item":"https:\/\/www.asajacyl.com\/palencia\/"},{"@type":"ListItem","position":2,"name":"El 20 de diciembre acaba el plazo del seguro m\u00e1s amplio en forrajes, herb\u00e1ceos y uva de vino"}]},{"@type":"WebSite","@id":"https:\/\/www.asajacyl.com\/palencia\/#website","url":"https:\/\/www.asajacyl.com\/palencia\/","name":"ASAJA Palencia","description":"Otro sitio m\u00e1s de Provincias ASAJA Castilla y Le\u00f3n","potentialAction":[{"@type":"SearchAction","target":{"@type":"EntryPoint","urlTemplate":"https:\/\/www.asajacyl.com\/palencia\/?s={search_term_string}"},"query-input":{"@type":"PropertyValueSpecification","valueRequired":true,"valueName":"search_term_string"}}],"inLanguage":"es"},{"@type":"Person","@id":"https:\/\/www.asajacyl.com\/palencia\/#\/schema\/person\/3ab17aeb03527485c317557fae64aab1","name":"Administrador","image":{"@type":"ImageObject","inLanguage":"es","@id":"https:\/\/www.asajacyl.com\/palencia\/#\/schema\/person\/image\/","url":"https:\/\/secure.gravatar.com\/avatar\/517384810d242ca9e38c180f3c9fb973?s=96&d=mm&r=g","contentUrl":"https:\/\/secure.gravatar.com\/avatar\/517384810d242ca9e38c180f3c9fb973?s=96&d=mm&r=g","caption":"Administrador"},"url":"https:\/\/www.asajacyl.com\/palencia\/author\/carlosrm"}]}},"_links":{"self":[{"href":"https:\/\/www.asajacyl.com\/palencia\/wp-json\/wp\/v2\/posts\/15000"}],"collection":[{"href":"https:\/\/www.asajacyl.com\/palencia\/wp-json\/wp\/v2\/posts"}],"about":[{"href":"https:\/\/www.asajacyl.com\/palencia\/wp-json\/wp\/v2\/types\/post"}],"author":[{"embeddable":true,"href":"https:\/\/www.asajacyl.com\/palencia\/wp-json\/wp\/v2\/users\/9"}],"replies":[{"embeddable":true,"href":"https:\/\/www.asajacyl.com\/palencia\/wp-json\/wp\/v2\/comments?post=15000"}],"version-history":[{"count":4,"href":"https:\/\/www.asajacyl.com\/palencia\/wp-json\/wp\/v2\/posts\/15000\/revisions"}],"predecessor-version":[{"id":15007,"href":"https:\/\/www.asajacyl.com\/palencia\/wp-json\/wp\/v2\/posts\/15000\/revisions\/15007"}],"wp:featuredmedia":[{"embeddable":true,"href":"https:\/\/www.asajacyl.com\/palencia\/wp-json\/wp\/v2\/media\/10558"}],"wp:attachment":[{"href":"https:\/\/www.asajacyl.com\/palencia\/wp-json\/wp\/v2\/media?parent=15000"}],"wp:term":[{"taxonomy":"category","embeddable":true,"href":"https:\/\/www.asajacyl.com\/palencia\/wp-json\/wp\/v2\/categories?post=15000"},{"taxonomy":"post_tag","embeddable":true,"href":"https:\/\/www.asajacyl.com\/palencia\/wp-json\/wp\/v2\/tags?post=15000"}],"curies":[{"name":"wp","href":"https:\/\/api.w.org\/{rel}","templated":true}]}}