{"id":15039,"date":"2023-12-21T10:00:00","date_gmt":"2023-12-21T09:00:00","guid":{"rendered":"https:\/\/www.asajacyl.com\/palencia\/?p=15039"},"modified":"2023-12-20T12:54:15","modified_gmt":"2023-12-20T11:54:15","slug":"el-profesional-agroganadero-el-gran-perjudicado-del-plan-de-forestacion-de-tierras-agrarias-de-la-junta","status":"publish","type":"post","link":"https:\/\/www.asajacyl.com\/palencia\/asaja-palencia-informa\/el-profesional-agroganadero-el-gran-perjudicado-del-plan-de-forestacion-de-tierras-agrarias-de-la-junta","title":{"rendered":"El profesional agroganadero, el gran perjudicado del plan de forestaci\u00f3n de tierras agrarias de la Junta"},"content":{"rendered":"\n<h2 class=\"wp-block-heading\">ASAJA-Castilla y Le\u00f3n sale al paso del comunicado de prensa emitido esta semana por la Consejer\u00eda de Medio Ambiente, Vivienda y Ordenaci\u00f3n del Territorio de la Junta de Castilla y Le\u00f3n, donde valoraba como un \u00ab\u00e9xito\u00bb el programa de forestaci\u00f3n de tierras agrarias iniciado en 1993. Sin embargo, para nuestra organizaci\u00f3n este programa, ideado cuando la Uni\u00f3n Europea pensaba en excedentes de alimentos y no en las necesidades de alimentaci\u00f3n del planeta, sobre todo ha servido para retirar tierras de la producci\u00f3n agraria y ganadera, sin un criterio medioambiental aparente. Para ASAJA, en este programa ha prevalecido \u00fanicamente el inter\u00e9s por captar subvenciones.<\/h2>\n\n\n\n<p>Con frecuencia, propietarios de terrenos forestales y la propia Junta de Castilla y Le\u00f3n han descuidado la gesti\u00f3n de millones de hect\u00e1reas de monte y matorral, con el peligro que ello supone en caso de incendio, y han centrado sus esfuerzos econ\u00f3micos en forestar terrenos de vocaci\u00f3n agr\u00edcola o pastizales, mermando as\u00ed la riqueza agraria y ganadera de Castilla y Le\u00f3n. A los agricultores y ganaderos se les ha echado de las fincas que ten\u00edan arrendadas, igual que ahora se le echa con la instalaci\u00f3n de macroparques fotovoltaicos.<\/p>\n\n\n\n<p>ASAJA quiere poner de manifiesto que los agricultores no se han beneficiado de este programa de forestaci\u00f3n de tierras agrarias, pues los beneficiarios han sido los propietarios de tierras no agricultores, y particularmente las administraciones p\u00fablicas del \u00e1mbito local. <\/p>\n\n\n\n<p>Las generosas ayudas (en concepto de \u201cgastos de forestaci\u00f3n\u201d, \u201cprima de mantenimiento\u201d y \u201cprima compensatoria\u201d) han servido para que hayan montado un buen negocio empresas de forestaci\u00f3n, que por lo general son las mismas que contratan diversos trabajos con la administraci\u00f3n (entre otros, la extinci\u00f3n de incendios).<\/p>\n\n\n\n<p><strong>SEGUIDISMO. <\/strong>ASAJA acusa a la Junta de Castilla y Le\u00f3n de no tener una pol\u00edtica de ordenaci\u00f3n del territorio propia y no meramente seguidista de lo que marca Europa. Una pol\u00edtica que verdaderamente sirva para poner en valor la riqueza de la comunidad aut\u00f3noma, y que proteja al sector primario agrario y ganadero de la especulaci\u00f3n, como ha sido el caso de las pol\u00edticas de forestaci\u00f3n, o como lo est\u00e1n siendo los proyectos de energ\u00edas renovables.<\/p>\n\n\n\n<p>ASAJA afirma con rotundidad que Castilla y Le\u00f3n no necesita m\u00e1s superficie forestal de la que hist\u00f3ricamente ha tenido, tomando una referencia temporal de cincuenta a\u00f1os atr\u00e1s. Lo que hace falta es una buena gesti\u00f3n de los montes que ya existen para evitar los incendios forestales, poner en valor los recursos maderables, favorecer el crecimiento de la masa arb\u00f3rea, y regenerar y aprovechar el pasto all\u00ed donde sea posible con la caba\u00f1a de ganado extensivo.<strong>\/<\/strong><\/p>\n","protected":false},"excerpt":{"rendered":"<p>ASAJA-Castilla y Le\u00f3n sale al paso del comunicado de prensa emitido esta semana por la Consejer\u00eda de Medio Ambiente, Vivienda y Ordenaci\u00f3n del Territorio de la Junta de Castilla y Le\u00f3n, donde valoraba como un \u00ab\u00e9xito\u00bb el programa de forestaci\u00f3n de tierras agrarias iniciado en 1993. Sin embargo, para nuestra organizaci\u00f3n este programa, ideado cuando [&hellip;]<\/p>\n","protected":false},"author":9,"featured_media":15040,"comment_status":"open","ping_status":"open","sticky":false,"template":"","format":"standard","meta":{"footnotes":""},"categories":[9,29,28],"tags":[58,71,173,494,48,77,474,94,66,635,123,633,634,44],"yoast_head":"<!-- This site is optimized with the Yoast SEO plugin v24.5 - https:\/\/yoast.com\/wordpress\/plugins\/seo\/ -->\n<title>El profesional agroganadero, el gran perjudicado del plan de forestaci\u00f3n de tierras agrarias de la Junta - ASAJA Palencia<\/title>\n<meta name=\"description\" content=\"ASAJA-Castilla y Le\u00f3n sale al paso del comunicado de prensa emitido esta semana por la Consejer\u00eda de Medio Ambiente, Vivienda y Ordenaci\u00f3n del Territorio\" \/>\n<meta name=\"robots\" content=\"index, follow, max-snippet:-1, max-image-preview:large, max-video-preview:-1\" \/>\n<link rel=\"canonical\" href=\"https:\/\/www.asajacyl.com\/palencia\/asaja-palencia-informa\/el-profesional-agroganadero-el-gran-perjudicado-del-plan-de-forestacion-de-tierras-agrarias-de-la-junta\" \/>\n<meta property=\"og:locale\" content=\"es_ES\" \/>\n<meta property=\"og:type\" content=\"article\" \/>\n<meta property=\"og:title\" content=\"El profesional agroganadero, el gran perjudicado del plan de forestaci\u00f3n de tierras agrarias de la Junta - ASAJA Palencia\" \/>\n<meta property=\"og:description\" content=\"ASAJA-Castilla y Le\u00f3n sale al paso del comunicado de prensa emitido esta semana por la Consejer\u00eda de Medio Ambiente, Vivienda y Ordenaci\u00f3n del Territorio\" \/>\n<meta property=\"og:url\" content=\"https:\/\/www.asajacyl.com\/palencia\/asaja-palencia-informa\/el-profesional-agroganadero-el-gran-perjudicado-del-plan-de-forestacion-de-tierras-agrarias-de-la-junta\" \/>\n<meta property=\"og:site_name\" content=\"ASAJA Palencia\" \/>\n<meta property=\"article:published_time\" content=\"2023-12-21T09:00:00+00:00\" \/>\n<meta property=\"og:image\" content=\"https:\/\/www.asajacyl.com\/palencia\/wp-content\/uploads\/sites\/3\/2023\/12\/Chopera-forestacion-1024x896.jpg\" \/>\n\t<meta property=\"og:image:width\" content=\"1024\" \/>\n\t<meta property=\"og:image:height\" content=\"896\" \/>\n\t<meta property=\"og:image:type\" content=\"image\/jpeg\" \/>\n<meta name=\"author\" content=\"Administrador\" \/>\n<meta name=\"twitter:card\" content=\"summary_large_image\" \/>\n<meta name=\"twitter:label1\" content=\"Escrito por\" \/>\n\t<meta name=\"twitter:data1\" content=\"Administrador\" \/>\n\t<meta name=\"twitter:label2\" content=\"Tiempo de lectura\" \/>\n\t<meta name=\"twitter:data2\" content=\"3 minutos\" \/>\n<script type=\"application\/ld+json\" class=\"yoast-schema-graph\">{\"@context\":\"https:\/\/schema.org\",\"@graph\":[{\"@type\":\"WebPage\",\"@id\":\"https:\/\/www.asajacyl.com\/palencia\/asaja-palencia-informa\/el-profesional-agroganadero-el-gran-perjudicado-del-plan-de-forestacion-de-tierras-agrarias-de-la-junta\",\"url\":\"https:\/\/www.asajacyl.com\/palencia\/asaja-palencia-informa\/el-profesional-agroganadero-el-gran-perjudicado-del-plan-de-forestacion-de-tierras-agrarias-de-la-junta\",\"name\":\"El profesional agroganadero, el gran perjudicado del plan de forestaci\u00f3n de tierras agrarias de la Junta - ASAJA Palencia\",\"isPartOf\":{\"@id\":\"https:\/\/www.asajacyl.com\/palencia\/#website\"},\"primaryImageOfPage\":{\"@id\":\"https:\/\/www.asajacyl.com\/palencia\/asaja-palencia-informa\/el-profesional-agroganadero-el-gran-perjudicado-del-plan-de-forestacion-de-tierras-agrarias-de-la-junta#primaryimage\"},\"image\":{\"@id\":\"https:\/\/www.asajacyl.com\/palencia\/asaja-palencia-informa\/el-profesional-agroganadero-el-gran-perjudicado-del-plan-de-forestacion-de-tierras-agrarias-de-la-junta#primaryimage\"},\"thumbnailUrl\":\"https:\/\/www.asajacyl.com\/palencia\/wp-content\/uploads\/sites\/3\/2023\/12\/Chopera-forestacion.jpg\",\"datePublished\":\"2023-12-21T09:00:00+00:00\",\"author\":{\"@id\":\"https:\/\/www.asajacyl.com\/palencia\/#\/schema\/person\/3ab17aeb03527485c317557fae64aab1\"},\"description\":\"ASAJA-Castilla y Le\u00f3n sale al paso del comunicado de prensa emitido esta semana por la Consejer\u00eda de Medio Ambiente, Vivienda y Ordenaci\u00f3n del Territorio\",\"breadcrumb\":{\"@id\":\"https:\/\/www.asajacyl.com\/palencia\/asaja-palencia-informa\/el-profesional-agroganadero-el-gran-perjudicado-del-plan-de-forestacion-de-tierras-agrarias-de-la-junta#breadcrumb\"},\"inLanguage\":\"es\",\"potentialAction\":[{\"@type\":\"ReadAction\",\"target\":[\"https:\/\/www.asajacyl.com\/palencia\/asaja-palencia-informa\/el-profesional-agroganadero-el-gran-perjudicado-del-plan-de-forestacion-de-tierras-agrarias-de-la-junta\"]}]},{\"@type\":\"ImageObject\",\"inLanguage\":\"es\",\"@id\":\"https:\/\/www.asajacyl.com\/palencia\/asaja-palencia-informa\/el-profesional-agroganadero-el-gran-perjudicado-del-plan-de-forestacion-de-tierras-agrarias-de-la-junta#primaryimage\",\"url\":\"https:\/\/www.asajacyl.com\/palencia\/wp-content\/uploads\/sites\/3\/2023\/12\/Chopera-forestacion.jpg\",\"contentUrl\":\"https:\/\/www.asajacyl.com\/palencia\/wp-content\/uploads\/sites\/3\/2023\/12\/Chopera-forestacion.jpg\",\"width\":1890,\"height\":1654},{\"@type\":\"BreadcrumbList\",\"@id\":\"https:\/\/www.asajacyl.com\/palencia\/asaja-palencia-informa\/el-profesional-agroganadero-el-gran-perjudicado-del-plan-de-forestacion-de-tierras-agrarias-de-la-junta#breadcrumb\",\"itemListElement\":[{\"@type\":\"ListItem\",\"position\":1,\"name\":\"Portada\",\"item\":\"https:\/\/www.asajacyl.com\/palencia\/\"},{\"@type\":\"ListItem\",\"position\":2,\"name\":\"El profesional agroganadero, el gran perjudicado del plan de forestaci\u00f3n de tierras agrarias de la Junta\"}]},{\"@type\":\"WebSite\",\"@id\":\"https:\/\/www.asajacyl.com\/palencia\/#website\",\"url\":\"https:\/\/www.asajacyl.com\/palencia\/\",\"name\":\"ASAJA Palencia\",\"description\":\"Otro sitio m\u00e1s de Provincias ASAJA Castilla y Le\u00f3n\",\"potentialAction\":[{\"@type\":\"SearchAction\",\"target\":{\"@type\":\"EntryPoint\",\"urlTemplate\":\"https:\/\/www.asajacyl.com\/palencia\/?s={search_term_string}\"},\"query-input\":{\"@type\":\"PropertyValueSpecification\",\"valueRequired\":true,\"valueName\":\"search_term_string\"}}],\"inLanguage\":\"es\"},{\"@type\":\"Person\",\"@id\":\"https:\/\/www.asajacyl.com\/palencia\/#\/schema\/person\/3ab17aeb03527485c317557fae64aab1\",\"name\":\"Administrador\",\"image\":{\"@type\":\"ImageObject\",\"inLanguage\":\"es\",\"@id\":\"https:\/\/www.asajacyl.com\/palencia\/#\/schema\/person\/image\/\",\"url\":\"https:\/\/secure.gravatar.com\/avatar\/517384810d242ca9e38c180f3c9fb973?s=96&d=mm&r=g\",\"contentUrl\":\"https:\/\/secure.gravatar.com\/avatar\/517384810d242ca9e38c180f3c9fb973?s=96&d=mm&r=g\",\"caption\":\"Administrador\"},\"url\":\"https:\/\/www.asajacyl.com\/palencia\/author\/carlosrm\"}]}<\/script>\n<!-- \/ Yoast SEO plugin. -->","yoast_head_json":{"title":"El profesional agroganadero, el gran perjudicado del plan de forestaci\u00f3n de tierras agrarias de la Junta - ASAJA Palencia","description":"ASAJA-Castilla y Le\u00f3n sale al paso del comunicado de prensa emitido esta semana por la Consejer\u00eda de Medio Ambiente, Vivienda y Ordenaci\u00f3n del Territorio","robots":{"index":"index","follow":"follow","max-snippet":"max-snippet:-1","max-image-preview":"max-image-preview:large","max-video-preview":"max-video-preview:-1"},"canonical":"https:\/\/www.asajacyl.com\/palencia\/asaja-palencia-informa\/el-profesional-agroganadero-el-gran-perjudicado-del-plan-de-forestacion-de-tierras-agrarias-de-la-junta","og_locale":"es_ES","og_type":"article","og_title":"El profesional agroganadero, el gran perjudicado del plan de forestaci\u00f3n de tierras agrarias de la Junta - ASAJA Palencia","og_description":"ASAJA-Castilla y Le\u00f3n sale al paso del comunicado de prensa emitido esta semana por la Consejer\u00eda de Medio Ambiente, Vivienda y Ordenaci\u00f3n del Territorio","og_url":"https:\/\/www.asajacyl.com\/palencia\/asaja-palencia-informa\/el-profesional-agroganadero-el-gran-perjudicado-del-plan-de-forestacion-de-tierras-agrarias-de-la-junta","og_site_name":"ASAJA Palencia","article_published_time":"2023-12-21T09:00:00+00:00","og_image":[{"width":1024,"height":896,"url":"https:\/\/www.asajacyl.com\/palencia\/wp-content\/uploads\/sites\/3\/2023\/12\/Chopera-forestacion-1024x896.jpg","type":"image\/jpeg"}],"author":"Administrador","twitter_card":"summary_large_image","twitter_misc":{"Escrito por":"Administrador","Tiempo de lectura":"3 minutos"},"schema":{"@context":"https:\/\/schema.org","@graph":[{"@type":"WebPage","@id":"https:\/\/www.asajacyl.com\/palencia\/asaja-palencia-informa\/el-profesional-agroganadero-el-gran-perjudicado-del-plan-de-forestacion-de-tierras-agrarias-de-la-junta","url":"https:\/\/www.asajacyl.com\/palencia\/asaja-palencia-informa\/el-profesional-agroganadero-el-gran-perjudicado-del-plan-de-forestacion-de-tierras-agrarias-de-la-junta","name":"El profesional agroganadero, el gran perjudicado del plan de forestaci\u00f3n de tierras agrarias de la Junta - ASAJA Palencia","isPartOf":{"@id":"https:\/\/www.asajacyl.com\/palencia\/#website"},"primaryImageOfPage":{"@id":"https:\/\/www.asajacyl.com\/palencia\/asaja-palencia-informa\/el-profesional-agroganadero-el-gran-perjudicado-del-plan-de-forestacion-de-tierras-agrarias-de-la-junta#primaryimage"},"image":{"@id":"https:\/\/www.asajacyl.com\/palencia\/asaja-palencia-informa\/el-profesional-agroganadero-el-gran-perjudicado-del-plan-de-forestacion-de-tierras-agrarias-de-la-junta#primaryimage"},"thumbnailUrl":"https:\/\/www.asajacyl.com\/palencia\/wp-content\/uploads\/sites\/3\/2023\/12\/Chopera-forestacion.jpg","datePublished":"2023-12-21T09:00:00+00:00","author":{"@id":"https:\/\/www.asajacyl.com\/palencia\/#\/schema\/person\/3ab17aeb03527485c317557fae64aab1"},"description":"ASAJA-Castilla y Le\u00f3n sale al paso del comunicado de prensa emitido esta semana por la Consejer\u00eda de Medio Ambiente, Vivienda y Ordenaci\u00f3n del Territorio","breadcrumb":{"@id":"https:\/\/www.asajacyl.com\/palencia\/asaja-palencia-informa\/el-profesional-agroganadero-el-gran-perjudicado-del-plan-de-forestacion-de-tierras-agrarias-de-la-junta#breadcrumb"},"inLanguage":"es","potentialAction":[{"@type":"ReadAction","target":["https:\/\/www.asajacyl.com\/palencia\/asaja-palencia-informa\/el-profesional-agroganadero-el-gran-perjudicado-del-plan-de-forestacion-de-tierras-agrarias-de-la-junta"]}]},{"@type":"ImageObject","inLanguage":"es","@id":"https:\/\/www.asajacyl.com\/palencia\/asaja-palencia-informa\/el-profesional-agroganadero-el-gran-perjudicado-del-plan-de-forestacion-de-tierras-agrarias-de-la-junta#primaryimage","url":"https:\/\/www.asajacyl.com\/palencia\/wp-content\/uploads\/sites\/3\/2023\/12\/Chopera-forestacion.jpg","contentUrl":"https:\/\/www.asajacyl.com\/palencia\/wp-content\/uploads\/sites\/3\/2023\/12\/Chopera-forestacion.jpg","width":1890,"height":1654},{"@type":"BreadcrumbList","@id":"https:\/\/www.asajacyl.com\/palencia\/asaja-palencia-informa\/el-profesional-agroganadero-el-gran-perjudicado-del-plan-de-forestacion-de-tierras-agrarias-de-la-junta#breadcrumb","itemListElement":[{"@type":"ListItem","position":1,"name":"Portada","item":"https:\/\/www.asajacyl.com\/palencia\/"},{"@type":"ListItem","position":2,"name":"El profesional agroganadero, el gran perjudicado del plan de forestaci\u00f3n de tierras agrarias de la Junta"}]},{"@type":"WebSite","@id":"https:\/\/www.asajacyl.com\/palencia\/#website","url":"https:\/\/www.asajacyl.com\/palencia\/","name":"ASAJA Palencia","description":"Otro sitio m\u00e1s de Provincias ASAJA Castilla y Le\u00f3n","potentialAction":[{"@type":"SearchAction","target":{"@type":"EntryPoint","urlTemplate":"https:\/\/www.asajacyl.com\/palencia\/?s={search_term_string}"},"query-input":{"@type":"PropertyValueSpecification","valueRequired":true,"valueName":"search_term_string"}}],"inLanguage":"es"},{"@type":"Person","@id":"https:\/\/www.asajacyl.com\/palencia\/#\/schema\/person\/3ab17aeb03527485c317557fae64aab1","name":"Administrador","image":{"@type":"ImageObject","inLanguage":"es","@id":"https:\/\/www.asajacyl.com\/palencia\/#\/schema\/person\/image\/","url":"https:\/\/secure.gravatar.com\/avatar\/517384810d242ca9e38c180f3c9fb973?s=96&d=mm&r=g","contentUrl":"https:\/\/secure.gravatar.com\/avatar\/517384810d242ca9e38c180f3c9fb973?s=96&d=mm&r=g","caption":"Administrador"},"url":"https:\/\/www.asajacyl.com\/palencia\/author\/carlosrm"}]}},"_links":{"self":[{"href":"https:\/\/www.asajacyl.com\/palencia\/wp-json\/wp\/v2\/posts\/15039"}],"collection":[{"href":"https:\/\/www.asajacyl.com\/palencia\/wp-json\/wp\/v2\/posts"}],"about":[{"href":"https:\/\/www.asajacyl.com\/palencia\/wp-json\/wp\/v2\/types\/post"}],"author":[{"embeddable":true,"href":"https:\/\/www.asajacyl.com\/palencia\/wp-json\/wp\/v2\/users\/9"}],"replies":[{"embeddable":true,"href":"https:\/\/www.asajacyl.com\/palencia\/wp-json\/wp\/v2\/comments?post=15039"}],"version-history":[{"count":1,"href":"https:\/\/www.asajacyl.com\/palencia\/wp-json\/wp\/v2\/posts\/15039\/revisions"}],"predecessor-version":[{"id":15041,"href":"https:\/\/www.asajacyl.com\/palencia\/wp-json\/wp\/v2\/posts\/15039\/revisions\/15041"}],"wp:featuredmedia":[{"embeddable":true,"href":"https:\/\/www.asajacyl.com\/palencia\/wp-json\/wp\/v2\/media\/15040"}],"wp:attachment":[{"href":"https:\/\/www.asajacyl.com\/palencia\/wp-json\/wp\/v2\/media?parent=15039"}],"wp:term":[{"taxonomy":"category","embeddable":true,"href":"https:\/\/www.asajacyl.com\/palencia\/wp-json\/wp\/v2\/categories?post=15039"},{"taxonomy":"post_tag","embeddable":true,"href":"https:\/\/www.asajacyl.com\/palencia\/wp-json\/wp\/v2\/tags?post=15039"}],"curies":[{"name":"wp","href":"https:\/\/api.w.org\/{rel}","templated":true}]}}