{"id":15057,"date":"2023-12-29T10:22:40","date_gmt":"2023-12-29T09:22:40","guid":{"rendered":"https:\/\/www.asajacyl.com\/palencia\/?p=15057"},"modified":"2023-12-28T10:59:39","modified_gmt":"2023-12-28T09:59:39","slug":"insulso-fin-de-ano-en-la-lonja-de-leon-con-repeticion-de-cotizaciones-y-grandes-bajadas-respecto-a-2022","status":"publish","type":"post","link":"https:\/\/www.asajacyl.com\/palencia\/asaja-palencia-informa\/insulso-fin-de-ano-en-la-lonja-de-leon-con-repeticion-de-cotizaciones-y-grandes-bajadas-respecto-a-2022","title":{"rendered":"Insulso fin de a\u00f1o en la Lonja de Le\u00f3n con repetici\u00f3n de cotizaciones y grandes bajadas respecto a 2022"},"content":{"rendered":"\n<h2 class=\"wp-block-heading has-regular-font-size\">La Lonja de Le\u00f3n celebr\u00f3 el pasado mi\u00e9rcoles la \u00faltima sesi\u00f3n del a\u00f1o. En dicha sesi\u00f3n, los precios de los cereales mantuvieron sus cotizaciones de la semana anterior. El precio m\u00e1s alto lo sigue marcando la avena, la cual cerr\u00f3 su cotizaci\u00f3n anual en 258 euros\/tonelada. Por su parte, el trigo cotiz\u00f3 a 229 euros\/tonelada, seguido de cerca por el ma\u00edz, que alcanz\u00f3 los 225 euros\/tonelada. El valor m\u00e1s reducido lo ha marcado el centeno, con 202 euros\/tonelada, que por encima tiene a la cebada, que cierra el a\u00f1o a 213 euros\/tonelada, y el triticale, que marc\u00f3 219 euros\/tonelada.<\/h2>\n\n\n\n<p>Seg\u00fan indica la Lonja de Le\u00f3n, el a\u00f1o 2022 se cerr\u00f3 con unos precios aproximadamente un 30% superiores a los actuales. Concretamente el trigo cotizaba a 310 euros\/tonelada, la cebada a 294 euros\/tonelada, el triticale a 295 euros\/tonelada, el centeno a 285 euros\/tonelada, la avena a 291 euros\/tonelada y el ma\u00edz a 310 euros\/tonelada.<\/p>\n\n\n\n<p><strong>BALANCE DE 2023. <\/strong>La propia Lonja de Le\u00f3n recuerda que \u00abel mucha menor medida han bajado los insumos que el agricultor debe comprar para realizar las siembras, y por tanto la ca\u00edda de la rentabilidad es a\u00fan mucho m\u00e1s acusada de lo que en realidad se puede percibir\u00bb. Tambi\u00e9n realizan un balance de 2023 indicando que la moral del agricultor est\u00e1 por los suelos tras un a\u00f1o de malas producciones.<\/p>\n\n\n\n<p>El girasol linoleico repite a 375 euros\/tonelada mientras que el oleico cotiza a diez euros m\u00e1s, alcanzando los 385 euros\/tonelada. Estas cifras son muy inferiores a las de finales de 2022 donde se alcanz\u00f3 un precio relativamente estable y superior a los 600 euros\/tonelada.<\/p>\n","protected":false},"excerpt":{"rendered":"<p>La Lonja de Le\u00f3n celebr\u00f3 el pasado mi\u00e9rcoles la \u00faltima sesi\u00f3n del a\u00f1o. En dicha sesi\u00f3n, los precios de los cereales mantuvieron sus cotizaciones de la semana anterior. El precio m\u00e1s alto lo sigue marcando la avena, la cual cerr\u00f3 su cotizaci\u00f3n anual en 258 euros\/tonelada. Por su parte, el trigo cotiz\u00f3 a 229 euros\/tonelada, [&hellip;]<\/p>\n","protected":false},"author":9,"featured_media":11775,"comment_status":"open","ping_status":"open","sticky":false,"template":"","format":"standard","meta":{"footnotes":""},"categories":[9,29,28],"tags":[],"yoast_head":"<!-- This site is optimized with the Yoast SEO plugin v24.5 - https:\/\/yoast.com\/wordpress\/plugins\/seo\/ -->\n<title>Insulso fin de a\u00f1o en la Lonja de Le\u00f3n con repetici\u00f3n de cotizaciones y grandes bajadas respecto a 2022 - ASAJA Palencia<\/title>\n<meta name=\"description\" content=\"La Lonja de Le\u00f3n celebr\u00f3 el pasado mi\u00e9rcoles la \u00faltima sesi\u00f3n del a\u00f1o. En dicha sesi\u00f3n, los precios de los cereales mantuvieron sus cotizaciones de la\" \/>\n<meta name=\"robots\" content=\"index, follow, max-snippet:-1, max-image-preview:large, max-video-preview:-1\" \/>\n<link rel=\"canonical\" href=\"https:\/\/www.asajacyl.com\/palencia\/asaja-palencia-informa\/insulso-fin-de-ano-en-la-lonja-de-leon-con-repeticion-de-cotizaciones-y-grandes-bajadas-respecto-a-2022\" \/>\n<meta property=\"og:locale\" content=\"es_ES\" \/>\n<meta property=\"og:type\" content=\"article\" \/>\n<meta property=\"og:title\" content=\"Insulso fin de a\u00f1o en la Lonja de Le\u00f3n con repetici\u00f3n de cotizaciones y grandes bajadas respecto a 2022 - ASAJA Palencia\" \/>\n<meta property=\"og:description\" content=\"La Lonja de Le\u00f3n celebr\u00f3 el pasado mi\u00e9rcoles la \u00faltima sesi\u00f3n del a\u00f1o. En dicha sesi\u00f3n, los precios de los cereales mantuvieron sus cotizaciones de la\" \/>\n<meta property=\"og:url\" content=\"https:\/\/www.asajacyl.com\/palencia\/asaja-palencia-informa\/insulso-fin-de-ano-en-la-lonja-de-leon-con-repeticion-de-cotizaciones-y-grandes-bajadas-respecto-a-2022\" \/>\n<meta property=\"og:site_name\" content=\"ASAJA Palencia\" \/>\n<meta property=\"article:published_time\" content=\"2023-12-29T09:22:40+00:00\" \/>\n<meta property=\"og:image\" content=\"https:\/\/www.asajacyl.com\/palencia\/wp-content\/uploads\/sites\/3\/2022\/11\/TRIGO-SIEMBRA-DIRECTA-2.jpg\" \/>\n\t<meta property=\"og:image:width\" content=\"2500\" \/>\n\t<meta property=\"og:image:height\" content=\"1875\" \/>\n\t<meta property=\"og:image:type\" content=\"image\/jpeg\" \/>\n<meta name=\"author\" content=\"Administrador\" \/>\n<meta name=\"twitter:card\" content=\"summary_large_image\" \/>\n<meta name=\"twitter:label1\" content=\"Escrito por\" \/>\n\t<meta name=\"twitter:data1\" content=\"Administrador\" \/>\n\t<meta name=\"twitter:label2\" content=\"Tiempo de lectura\" \/>\n\t<meta name=\"twitter:data2\" content=\"2 minutos\" \/>\n<script type=\"application\/ld+json\" class=\"yoast-schema-graph\">{\"@context\":\"https:\/\/schema.org\",\"@graph\":[{\"@type\":\"WebPage\",\"@id\":\"https:\/\/www.asajacyl.com\/palencia\/asaja-palencia-informa\/insulso-fin-de-ano-en-la-lonja-de-leon-con-repeticion-de-cotizaciones-y-grandes-bajadas-respecto-a-2022\",\"url\":\"https:\/\/www.asajacyl.com\/palencia\/asaja-palencia-informa\/insulso-fin-de-ano-en-la-lonja-de-leon-con-repeticion-de-cotizaciones-y-grandes-bajadas-respecto-a-2022\",\"name\":\"Insulso fin de a\u00f1o en la Lonja de Le\u00f3n con repetici\u00f3n de cotizaciones y grandes bajadas respecto a 2022 - ASAJA Palencia\",\"isPartOf\":{\"@id\":\"https:\/\/www.asajacyl.com\/palencia\/#website\"},\"primaryImageOfPage\":{\"@id\":\"https:\/\/www.asajacyl.com\/palencia\/asaja-palencia-informa\/insulso-fin-de-ano-en-la-lonja-de-leon-con-repeticion-de-cotizaciones-y-grandes-bajadas-respecto-a-2022#primaryimage\"},\"image\":{\"@id\":\"https:\/\/www.asajacyl.com\/palencia\/asaja-palencia-informa\/insulso-fin-de-ano-en-la-lonja-de-leon-con-repeticion-de-cotizaciones-y-grandes-bajadas-respecto-a-2022#primaryimage\"},\"thumbnailUrl\":\"https:\/\/www.asajacyl.com\/palencia\/wp-content\/uploads\/sites\/3\/2022\/11\/TRIGO-SIEMBRA-DIRECTA-2.jpg\",\"datePublished\":\"2023-12-29T09:22:40+00:00\",\"author\":{\"@id\":\"https:\/\/www.asajacyl.com\/palencia\/#\/schema\/person\/3ab17aeb03527485c317557fae64aab1\"},\"description\":\"La Lonja de Le\u00f3n celebr\u00f3 el pasado mi\u00e9rcoles la \u00faltima sesi\u00f3n del a\u00f1o. En dicha sesi\u00f3n, los precios de los cereales mantuvieron sus cotizaciones de la\",\"breadcrumb\":{\"@id\":\"https:\/\/www.asajacyl.com\/palencia\/asaja-palencia-informa\/insulso-fin-de-ano-en-la-lonja-de-leon-con-repeticion-de-cotizaciones-y-grandes-bajadas-respecto-a-2022#breadcrumb\"},\"inLanguage\":\"es\",\"potentialAction\":[{\"@type\":\"ReadAction\",\"target\":[\"https:\/\/www.asajacyl.com\/palencia\/asaja-palencia-informa\/insulso-fin-de-ano-en-la-lonja-de-leon-con-repeticion-de-cotizaciones-y-grandes-bajadas-respecto-a-2022\"]}]},{\"@type\":\"ImageObject\",\"inLanguage\":\"es\",\"@id\":\"https:\/\/www.asajacyl.com\/palencia\/asaja-palencia-informa\/insulso-fin-de-ano-en-la-lonja-de-leon-con-repeticion-de-cotizaciones-y-grandes-bajadas-respecto-a-2022#primaryimage\",\"url\":\"https:\/\/www.asajacyl.com\/palencia\/wp-content\/uploads\/sites\/3\/2022\/11\/TRIGO-SIEMBRA-DIRECTA-2.jpg\",\"contentUrl\":\"https:\/\/www.asajacyl.com\/palencia\/wp-content\/uploads\/sites\/3\/2022\/11\/TRIGO-SIEMBRA-DIRECTA-2.jpg\",\"width\":2500,\"height\":1875},{\"@type\":\"BreadcrumbList\",\"@id\":\"https:\/\/www.asajacyl.com\/palencia\/asaja-palencia-informa\/insulso-fin-de-ano-en-la-lonja-de-leon-con-repeticion-de-cotizaciones-y-grandes-bajadas-respecto-a-2022#breadcrumb\",\"itemListElement\":[{\"@type\":\"ListItem\",\"position\":1,\"name\":\"Portada\",\"item\":\"https:\/\/www.asajacyl.com\/palencia\/\"},{\"@type\":\"ListItem\",\"position\":2,\"name\":\"Insulso fin de a\u00f1o en la Lonja de Le\u00f3n con repetici\u00f3n de cotizaciones y grandes bajadas respecto a 2022\"}]},{\"@type\":\"WebSite\",\"@id\":\"https:\/\/www.asajacyl.com\/palencia\/#website\",\"url\":\"https:\/\/www.asajacyl.com\/palencia\/\",\"name\":\"ASAJA Palencia\",\"description\":\"Otro sitio m\u00e1s de Provincias ASAJA Castilla y Le\u00f3n\",\"potentialAction\":[{\"@type\":\"SearchAction\",\"target\":{\"@type\":\"EntryPoint\",\"urlTemplate\":\"https:\/\/www.asajacyl.com\/palencia\/?s={search_term_string}\"},\"query-input\":{\"@type\":\"PropertyValueSpecification\",\"valueRequired\":true,\"valueName\":\"search_term_string\"}}],\"inLanguage\":\"es\"},{\"@type\":\"Person\",\"@id\":\"https:\/\/www.asajacyl.com\/palencia\/#\/schema\/person\/3ab17aeb03527485c317557fae64aab1\",\"name\":\"Administrador\",\"image\":{\"@type\":\"ImageObject\",\"inLanguage\":\"es\",\"@id\":\"https:\/\/www.asajacyl.com\/palencia\/#\/schema\/person\/image\/\",\"url\":\"https:\/\/secure.gravatar.com\/avatar\/517384810d242ca9e38c180f3c9fb973?s=96&d=mm&r=g\",\"contentUrl\":\"https:\/\/secure.gravatar.com\/avatar\/517384810d242ca9e38c180f3c9fb973?s=96&d=mm&r=g\",\"caption\":\"Administrador\"},\"url\":\"https:\/\/www.asajacyl.com\/palencia\/author\/carlosrm\"}]}<\/script>\n<!-- \/ Yoast SEO plugin. -->","yoast_head_json":{"title":"Insulso fin de a\u00f1o en la Lonja de Le\u00f3n con repetici\u00f3n de cotizaciones y grandes bajadas respecto a 2022 - ASAJA Palencia","description":"La Lonja de Le\u00f3n celebr\u00f3 el pasado mi\u00e9rcoles la \u00faltima sesi\u00f3n del a\u00f1o. En dicha sesi\u00f3n, los precios de los cereales mantuvieron sus cotizaciones de la","robots":{"index":"index","follow":"follow","max-snippet":"max-snippet:-1","max-image-preview":"max-image-preview:large","max-video-preview":"max-video-preview:-1"},"canonical":"https:\/\/www.asajacyl.com\/palencia\/asaja-palencia-informa\/insulso-fin-de-ano-en-la-lonja-de-leon-con-repeticion-de-cotizaciones-y-grandes-bajadas-respecto-a-2022","og_locale":"es_ES","og_type":"article","og_title":"Insulso fin de a\u00f1o en la Lonja de Le\u00f3n con repetici\u00f3n de cotizaciones y grandes bajadas respecto a 2022 - ASAJA Palencia","og_description":"La Lonja de Le\u00f3n celebr\u00f3 el pasado mi\u00e9rcoles la \u00faltima sesi\u00f3n del a\u00f1o. En dicha sesi\u00f3n, los precios de los cereales mantuvieron sus cotizaciones de la","og_url":"https:\/\/www.asajacyl.com\/palencia\/asaja-palencia-informa\/insulso-fin-de-ano-en-la-lonja-de-leon-con-repeticion-de-cotizaciones-y-grandes-bajadas-respecto-a-2022","og_site_name":"ASAJA Palencia","article_published_time":"2023-12-29T09:22:40+00:00","og_image":[{"width":2500,"height":1875,"url":"https:\/\/www.asajacyl.com\/palencia\/wp-content\/uploads\/sites\/3\/2022\/11\/TRIGO-SIEMBRA-DIRECTA-2.jpg","type":"image\/jpeg"}],"author":"Administrador","twitter_card":"summary_large_image","twitter_misc":{"Escrito por":"Administrador","Tiempo de lectura":"2 minutos"},"schema":{"@context":"https:\/\/schema.org","@graph":[{"@type":"WebPage","@id":"https:\/\/www.asajacyl.com\/palencia\/asaja-palencia-informa\/insulso-fin-de-ano-en-la-lonja-de-leon-con-repeticion-de-cotizaciones-y-grandes-bajadas-respecto-a-2022","url":"https:\/\/www.asajacyl.com\/palencia\/asaja-palencia-informa\/insulso-fin-de-ano-en-la-lonja-de-leon-con-repeticion-de-cotizaciones-y-grandes-bajadas-respecto-a-2022","name":"Insulso fin de a\u00f1o en la Lonja de Le\u00f3n con repetici\u00f3n de cotizaciones y grandes bajadas respecto a 2022 - ASAJA Palencia","isPartOf":{"@id":"https:\/\/www.asajacyl.com\/palencia\/#website"},"primaryImageOfPage":{"@id":"https:\/\/www.asajacyl.com\/palencia\/asaja-palencia-informa\/insulso-fin-de-ano-en-la-lonja-de-leon-con-repeticion-de-cotizaciones-y-grandes-bajadas-respecto-a-2022#primaryimage"},"image":{"@id":"https:\/\/www.asajacyl.com\/palencia\/asaja-palencia-informa\/insulso-fin-de-ano-en-la-lonja-de-leon-con-repeticion-de-cotizaciones-y-grandes-bajadas-respecto-a-2022#primaryimage"},"thumbnailUrl":"https:\/\/www.asajacyl.com\/palencia\/wp-content\/uploads\/sites\/3\/2022\/11\/TRIGO-SIEMBRA-DIRECTA-2.jpg","datePublished":"2023-12-29T09:22:40+00:00","author":{"@id":"https:\/\/www.asajacyl.com\/palencia\/#\/schema\/person\/3ab17aeb03527485c317557fae64aab1"},"description":"La Lonja de Le\u00f3n celebr\u00f3 el pasado mi\u00e9rcoles la \u00faltima sesi\u00f3n del a\u00f1o. En dicha sesi\u00f3n, los precios de los cereales mantuvieron sus cotizaciones de la","breadcrumb":{"@id":"https:\/\/www.asajacyl.com\/palencia\/asaja-palencia-informa\/insulso-fin-de-ano-en-la-lonja-de-leon-con-repeticion-de-cotizaciones-y-grandes-bajadas-respecto-a-2022#breadcrumb"},"inLanguage":"es","potentialAction":[{"@type":"ReadAction","target":["https:\/\/www.asajacyl.com\/palencia\/asaja-palencia-informa\/insulso-fin-de-ano-en-la-lonja-de-leon-con-repeticion-de-cotizaciones-y-grandes-bajadas-respecto-a-2022"]}]},{"@type":"ImageObject","inLanguage":"es","@id":"https:\/\/www.asajacyl.com\/palencia\/asaja-palencia-informa\/insulso-fin-de-ano-en-la-lonja-de-leon-con-repeticion-de-cotizaciones-y-grandes-bajadas-respecto-a-2022#primaryimage","url":"https:\/\/www.asajacyl.com\/palencia\/wp-content\/uploads\/sites\/3\/2022\/11\/TRIGO-SIEMBRA-DIRECTA-2.jpg","contentUrl":"https:\/\/www.asajacyl.com\/palencia\/wp-content\/uploads\/sites\/3\/2022\/11\/TRIGO-SIEMBRA-DIRECTA-2.jpg","width":2500,"height":1875},{"@type":"BreadcrumbList","@id":"https:\/\/www.asajacyl.com\/palencia\/asaja-palencia-informa\/insulso-fin-de-ano-en-la-lonja-de-leon-con-repeticion-de-cotizaciones-y-grandes-bajadas-respecto-a-2022#breadcrumb","itemListElement":[{"@type":"ListItem","position":1,"name":"Portada","item":"https:\/\/www.asajacyl.com\/palencia\/"},{"@type":"ListItem","position":2,"name":"Insulso fin de a\u00f1o en la Lonja de Le\u00f3n con repetici\u00f3n de cotizaciones y grandes bajadas respecto a 2022"}]},{"@type":"WebSite","@id":"https:\/\/www.asajacyl.com\/palencia\/#website","url":"https:\/\/www.asajacyl.com\/palencia\/","name":"ASAJA Palencia","description":"Otro sitio m\u00e1s de Provincias ASAJA Castilla y Le\u00f3n","potentialAction":[{"@type":"SearchAction","target":{"@type":"EntryPoint","urlTemplate":"https:\/\/www.asajacyl.com\/palencia\/?s={search_term_string}"},"query-input":{"@type":"PropertyValueSpecification","valueRequired":true,"valueName":"search_term_string"}}],"inLanguage":"es"},{"@type":"Person","@id":"https:\/\/www.asajacyl.com\/palencia\/#\/schema\/person\/3ab17aeb03527485c317557fae64aab1","name":"Administrador","image":{"@type":"ImageObject","inLanguage":"es","@id":"https:\/\/www.asajacyl.com\/palencia\/#\/schema\/person\/image\/","url":"https:\/\/secure.gravatar.com\/avatar\/517384810d242ca9e38c180f3c9fb973?s=96&d=mm&r=g","contentUrl":"https:\/\/secure.gravatar.com\/avatar\/517384810d242ca9e38c180f3c9fb973?s=96&d=mm&r=g","caption":"Administrador"},"url":"https:\/\/www.asajacyl.com\/palencia\/author\/carlosrm"}]}},"_links":{"self":[{"href":"https:\/\/www.asajacyl.com\/palencia\/wp-json\/wp\/v2\/posts\/15057"}],"collection":[{"href":"https:\/\/www.asajacyl.com\/palencia\/wp-json\/wp\/v2\/posts"}],"about":[{"href":"https:\/\/www.asajacyl.com\/palencia\/wp-json\/wp\/v2\/types\/post"}],"author":[{"embeddable":true,"href":"https:\/\/www.asajacyl.com\/palencia\/wp-json\/wp\/v2\/users\/9"}],"replies":[{"embeddable":true,"href":"https:\/\/www.asajacyl.com\/palencia\/wp-json\/wp\/v2\/comments?post=15057"}],"version-history":[{"count":3,"href":"https:\/\/www.asajacyl.com\/palencia\/wp-json\/wp\/v2\/posts\/15057\/revisions"}],"predecessor-version":[{"id":15060,"href":"https:\/\/www.asajacyl.com\/palencia\/wp-json\/wp\/v2\/posts\/15057\/revisions\/15060"}],"wp:featuredmedia":[{"embeddable":true,"href":"https:\/\/www.asajacyl.com\/palencia\/wp-json\/wp\/v2\/media\/11775"}],"wp:attachment":[{"href":"https:\/\/www.asajacyl.com\/palencia\/wp-json\/wp\/v2\/media?parent=15057"}],"wp:term":[{"taxonomy":"category","embeddable":true,"href":"https:\/\/www.asajacyl.com\/palencia\/wp-json\/wp\/v2\/categories?post=15057"},{"taxonomy":"post_tag","embeddable":true,"href":"https:\/\/www.asajacyl.com\/palencia\/wp-json\/wp\/v2\/tags?post=15057"}],"curies":[{"name":"wp","href":"https:\/\/api.w.org\/{rel}","templated":true}]}}