{"id":15115,"date":"2024-01-05T11:40:17","date_gmt":"2024-01-05T10:40:17","guid":{"rendered":"https:\/\/www.asajacyl.com\/palencia\/?p=15115"},"modified":"2024-11-27T10:00:35","modified_gmt":"2024-11-27T09:00:35","slug":"la-confederacion-publica-el-canon-de-regulacion-y-las-tarifas-del-agua-para-2024-en-el-carrion-y-el-pisuerga","status":"publish","type":"post","link":"https:\/\/www.asajacyl.com\/palencia\/asaja-palencia-informa\/la-confederacion-publica-el-canon-de-regulacion-y-las-tarifas-del-agua-para-2024-en-el-carrion-y-el-pisuerga","title":{"rendered":"La Confederaci\u00f3n publica el canon de regulaci\u00f3n y las tarifas del agua para 2024 en el Carri\u00f3n y el Pisuerga"},"content":{"rendered":"\n<h2 class=\"wp-block-heading\">La Confederaci\u00f3n Hidrogr\u00e1fica del Duero ha publicado en el Bolet\u00edn Oficial del Estado el canon de regulaci\u00f3n correspondiente a las juntas de explotaci\u00f3n de los sistemas Carri\u00f3n y Pisuerga que regir\u00e1n en 2024, que ascender\u00e1n a 37,61 euros\/hect\u00e1rea y 34,28 euros\/hect\u00e1rea, respectivamente. Asimismo, el anuncio del Ministerio para la Transici\u00f3n Ecol\u00f3gica y el Reto Demogr\u00e1fico tambi\u00e9n incluye las diferentes tarifas establecidas por el organismo regulador de la cuenca sobre la utilizaci\u00f3n de agua en los distintos canales en este ejercicio (se detallan a continuaci\u00f3n). <\/h2>\n\n\n\n<p>El canon del sistema Carri\u00f3n el pasado 2023 fue de 46,13 euros\/hect\u00e1rea, por lo que en este caso se ha reducido en unos ocho euros y medio por hect\u00e1rea. En cambio, el canon del sistema Pisuerga ha bajado sesenta c\u00e9ntimos por hect\u00e1rea con respecto al ejercicio anterior (34,88 \u20ac\/ha).<\/p>\n\n\n\n<p>Seg\u00fan indica la Ley de Aguas, deben satisfacer el canon de regulaci\u00f3n \u00ablos beneficiados por las obras de regulaci\u00f3n de las aguas superficiales o subterr\u00e1neas, financiadas total o parcialmente con cargo al Estado\u00bb. Esas cantidades se destinan a \u00abcompensar los costes de la inversi\u00f3n que soporte la Administraci\u00f3n estatal y atender los gastos de explotaci\u00f3n y conservaci\u00f3n de tales obras\u00bb. <\/p>\n\n\n\n<p>Por lo que respecta a la tarifa de utilizaci\u00f3n del agua, deben abonarla los \u00abbeneficiados por otras obras hidr\u00e1ulicas espec\u00edficas financiadas total o parcialmente a cargo del Estado, incluidas las de correcci\u00f3n del deterioro del dominio p\u00fablico hidr\u00e1ulico, derivado de su utilizaci\u00f3n\u00bb. Su recaudaci\u00f3n se destina \u00aba compensar los costes de inversi\u00f3n que soporte la Administraci\u00f3n estatal y a atender a los gastos de explotaci\u00f3n y conservaci\u00f3n de tales obras\u00bb.<\/p>\n\n\n\n<p>Para 2024, las tarifas de utilizaci\u00f3n del agua en los diversos canales del <strong>sistema Carri\u00f3n<\/strong> en la provincia de Palencia son las siguientes:<\/p>\n\n\n\n<ul>\n<li><strong>Canal de Carri\u00f3n-Salda\u00f1a<\/strong>: 5,17 euros\/hect\u00e1rea <\/li>\n\n\n\n<li><strong>Canal del Bajo Carri\u00f3n<\/strong>: 5,22 euros\/hect\u00e1rea <\/li>\n\n\n\n<li><strong>Canal de Castilla (Ramal de Campos)<\/strong>: 15,76 euros\/hect\u00e1rea<\/li>\n\n\n\n<li><strong>Canal de la Retenci\u00f3n:<\/strong> 18,21 euros\/hect\u00e1rea<\/li>\n\n\n\n<li><strong>Conjunto de Las Navas: <\/strong>14,51 euros\/hect\u00e1rea<\/li>\n\n\n\n<li><strong>Canal de Castilla (Ramal Sur): <\/strong>46,12 euros\/hect\u00e1rea<\/li>\n\n\n\n<li><strong>Canal de Palencia:<\/strong> 24,53 euros\/hect\u00e1rea<\/li>\n<\/ul>\n\n\n\n<p>Para 2024, las tarifas de utilizaci\u00f3n del agua en los diversos canales del <strong>sistema Pisuerga <\/strong>en la provincia de Palencia son las siguientes:<\/p>\n\n\n\n<ul>\n<li><strong>Canal de Cervera-Arbejal: <\/strong>0,40 euros\/hect\u00e1rea<\/li>\n\n\n\n<li><strong>Canal de Castilla (Ramal Norte):<\/strong> 68,06 euros\/hect\u00e1rea<\/li>\n\n\n\n<li><strong>Canal de Pisuerga:<\/strong> 4,91 euros\/hect\u00e1rea<\/li>\n\n\n\n<li><strong>Canal de Villalaco: <\/strong>150,12 euros\/hect\u00e1rea.<\/li>\n<\/ul>\n\n\n\n<p>Al tratarse de una resoluci\u00f3n econ\u00f3mico administrativa, la publicaci\u00f3n en el BOE el pasado 18 de diciembre abre el plazo de un mes para poder interponer ante la presidencia de la Confederaci\u00f3n recurso de reposici\u00f3n, o para presentar reclamaci\u00f3n ante el Tribunal Econ\u00f3mico Administrativo Regional de Castilla y Le\u00f3n. No obstante, la presentaci\u00f3n de impugnaci\u00f3n no suspender\u00eda la aplicaci\u00f3n de la resoluci\u00f3n, ni demorar\u00eda la liquidaci\u00f3n de pagos.<strong>\/<\/strong> <\/p>\n","protected":false},"excerpt":{"rendered":"<p>La Confederaci\u00f3n Hidrogr\u00e1fica del Duero ha publicado en el Bolet\u00edn Oficial del Estado el canon de regulaci\u00f3n correspondiente a las juntas de explotaci\u00f3n de los sistemas Carri\u00f3n y Pisuerga que regir\u00e1n en 2024, que ascender\u00e1n a 37,61 euros\/hect\u00e1rea y 34,28 euros\/hect\u00e1rea, respectivamente. Asimismo, el anuncio del Ministerio para la Transici\u00f3n Ecol\u00f3gica y el Reto Demogr\u00e1fico [&hellip;]<\/p>\n","protected":false},"author":9,"featured_media":15116,"comment_status":"open","ping_status":"open","sticky":false,"template":"","format":"standard","meta":{"footnotes":""},"categories":[9,31,29,28,13],"tags":[58,511,134,131,389,642],"yoast_head":"<!-- This site is optimized with the Yoast SEO plugin v24.5 - https:\/\/yoast.com\/wordpress\/plugins\/seo\/ -->\n<title>La Confederaci\u00f3n publica el canon de regulaci\u00f3n y las tarifas del agua para 2024 en el Carri\u00f3n y el Pisuerga - ASAJA Palencia<\/title>\n<meta name=\"description\" content=\"La Confederaci\u00f3n Hidrogr\u00e1fica del Duero ha publicado en el Bolet\u00edn Oficial del Estado el canon de regulaci\u00f3n correspondiente a las juntas de explotaci\u00f3n\" \/>\n<meta name=\"robots\" content=\"index, follow, max-snippet:-1, max-image-preview:large, max-video-preview:-1\" \/>\n<link rel=\"canonical\" href=\"https:\/\/www.asajacyl.com\/palencia\/asaja-palencia-informa\/la-confederacion-publica-el-canon-de-regulacion-y-las-tarifas-del-agua-para-2024-en-el-carrion-y-el-pisuerga\" \/>\n<meta property=\"og:locale\" content=\"es_ES\" \/>\n<meta property=\"og:type\" content=\"article\" \/>\n<meta property=\"og:title\" content=\"La Confederaci\u00f3n publica el canon de regulaci\u00f3n y las tarifas del agua para 2024 en el Carri\u00f3n y el Pisuerga - ASAJA Palencia\" \/>\n<meta property=\"og:description\" content=\"La Confederaci\u00f3n Hidrogr\u00e1fica del Duero ha publicado en el Bolet\u00edn Oficial del Estado el canon de regulaci\u00f3n correspondiente a las juntas de explotaci\u00f3n\" \/>\n<meta property=\"og:url\" content=\"https:\/\/www.asajacyl.com\/palencia\/asaja-palencia-informa\/la-confederacion-publica-el-canon-de-regulacion-y-las-tarifas-del-agua-para-2024-en-el-carrion-y-el-pisuerga\" \/>\n<meta property=\"og:site_name\" content=\"ASAJA Palencia\" \/>\n<meta property=\"article:published_time\" content=\"2024-01-05T10:40:17+00:00\" \/>\n<meta property=\"article:modified_time\" content=\"2024-11-27T09:00:35+00:00\" \/>\n<meta property=\"og:image\" content=\"https:\/\/www.asajacyl.com\/palencia\/wp-content\/uploads\/sites\/3\/2024\/01\/Pivot-regadio-1024x896.jpg\" \/>\n\t<meta property=\"og:image:width\" content=\"1024\" \/>\n\t<meta property=\"og:image:height\" content=\"896\" \/>\n\t<meta property=\"og:image:type\" content=\"image\/jpeg\" \/>\n<meta name=\"author\" content=\"Administrador\" \/>\n<meta name=\"twitter:card\" content=\"summary_large_image\" \/>\n<meta name=\"twitter:label1\" content=\"Escrito por\" \/>\n\t<meta name=\"twitter:data1\" content=\"Administrador\" \/>\n\t<meta name=\"twitter:label2\" content=\"Tiempo de lectura\" \/>\n\t<meta name=\"twitter:data2\" content=\"3 minutos\" \/>\n<script type=\"application\/ld+json\" class=\"yoast-schema-graph\">{\"@context\":\"https:\/\/schema.org\",\"@graph\":[{\"@type\":\"WebPage\",\"@id\":\"https:\/\/www.asajacyl.com\/palencia\/asaja-palencia-informa\/la-confederacion-publica-el-canon-de-regulacion-y-las-tarifas-del-agua-para-2024-en-el-carrion-y-el-pisuerga\",\"url\":\"https:\/\/www.asajacyl.com\/palencia\/asaja-palencia-informa\/la-confederacion-publica-el-canon-de-regulacion-y-las-tarifas-del-agua-para-2024-en-el-carrion-y-el-pisuerga\",\"name\":\"La Confederaci\u00f3n publica el canon de regulaci\u00f3n y las tarifas del agua para 2024 en el Carri\u00f3n y el Pisuerga - ASAJA Palencia\",\"isPartOf\":{\"@id\":\"https:\/\/www.asajacyl.com\/palencia\/#website\"},\"primaryImageOfPage\":{\"@id\":\"https:\/\/www.asajacyl.com\/palencia\/asaja-palencia-informa\/la-confederacion-publica-el-canon-de-regulacion-y-las-tarifas-del-agua-para-2024-en-el-carrion-y-el-pisuerga#primaryimage\"},\"image\":{\"@id\":\"https:\/\/www.asajacyl.com\/palencia\/asaja-palencia-informa\/la-confederacion-publica-el-canon-de-regulacion-y-las-tarifas-del-agua-para-2024-en-el-carrion-y-el-pisuerga#primaryimage\"},\"thumbnailUrl\":\"https:\/\/www.asajacyl.com\/palencia\/wp-content\/uploads\/sites\/3\/2024\/01\/Pivot-regadio.jpg\",\"datePublished\":\"2024-01-05T10:40:17+00:00\",\"dateModified\":\"2024-11-27T09:00:35+00:00\",\"author\":{\"@id\":\"https:\/\/www.asajacyl.com\/palencia\/#\/schema\/person\/3ab17aeb03527485c317557fae64aab1\"},\"description\":\"La Confederaci\u00f3n Hidrogr\u00e1fica del Duero ha publicado en el Bolet\u00edn Oficial del Estado el canon de regulaci\u00f3n correspondiente a las juntas de explotaci\u00f3n\",\"breadcrumb\":{\"@id\":\"https:\/\/www.asajacyl.com\/palencia\/asaja-palencia-informa\/la-confederacion-publica-el-canon-de-regulacion-y-las-tarifas-del-agua-para-2024-en-el-carrion-y-el-pisuerga#breadcrumb\"},\"inLanguage\":\"es\",\"potentialAction\":[{\"@type\":\"ReadAction\",\"target\":[\"https:\/\/www.asajacyl.com\/palencia\/asaja-palencia-informa\/la-confederacion-publica-el-canon-de-regulacion-y-las-tarifas-del-agua-para-2024-en-el-carrion-y-el-pisuerga\"]}]},{\"@type\":\"ImageObject\",\"inLanguage\":\"es\",\"@id\":\"https:\/\/www.asajacyl.com\/palencia\/asaja-palencia-informa\/la-confederacion-publica-el-canon-de-regulacion-y-las-tarifas-del-agua-para-2024-en-el-carrion-y-el-pisuerga#primaryimage\",\"url\":\"https:\/\/www.asajacyl.com\/palencia\/wp-content\/uploads\/sites\/3\/2024\/01\/Pivot-regadio.jpg\",\"contentUrl\":\"https:\/\/www.asajacyl.com\/palencia\/wp-content\/uploads\/sites\/3\/2024\/01\/Pivot-regadio.jpg\",\"width\":1890,\"height\":1654},{\"@type\":\"BreadcrumbList\",\"@id\":\"https:\/\/www.asajacyl.com\/palencia\/asaja-palencia-informa\/la-confederacion-publica-el-canon-de-regulacion-y-las-tarifas-del-agua-para-2024-en-el-carrion-y-el-pisuerga#breadcrumb\",\"itemListElement\":[{\"@type\":\"ListItem\",\"position\":1,\"name\":\"Portada\",\"item\":\"https:\/\/www.asajacyl.com\/palencia\/\"},{\"@type\":\"ListItem\",\"position\":2,\"name\":\"La Confederaci\u00f3n publica el canon de regulaci\u00f3n y las tarifas del agua para 2024 en el Carri\u00f3n y el Pisuerga\"}]},{\"@type\":\"WebSite\",\"@id\":\"https:\/\/www.asajacyl.com\/palencia\/#website\",\"url\":\"https:\/\/www.asajacyl.com\/palencia\/\",\"name\":\"ASAJA Palencia\",\"description\":\"Otro sitio m\u00e1s de Provincias ASAJA Castilla y Le\u00f3n\",\"potentialAction\":[{\"@type\":\"SearchAction\",\"target\":{\"@type\":\"EntryPoint\",\"urlTemplate\":\"https:\/\/www.asajacyl.com\/palencia\/?s={search_term_string}\"},\"query-input\":{\"@type\":\"PropertyValueSpecification\",\"valueRequired\":true,\"valueName\":\"search_term_string\"}}],\"inLanguage\":\"es\"},{\"@type\":\"Person\",\"@id\":\"https:\/\/www.asajacyl.com\/palencia\/#\/schema\/person\/3ab17aeb03527485c317557fae64aab1\",\"name\":\"Administrador\",\"image\":{\"@type\":\"ImageObject\",\"inLanguage\":\"es\",\"@id\":\"https:\/\/www.asajacyl.com\/palencia\/#\/schema\/person\/image\/\",\"url\":\"https:\/\/secure.gravatar.com\/avatar\/517384810d242ca9e38c180f3c9fb973?s=96&d=mm&r=g\",\"contentUrl\":\"https:\/\/secure.gravatar.com\/avatar\/517384810d242ca9e38c180f3c9fb973?s=96&d=mm&r=g\",\"caption\":\"Administrador\"},\"url\":\"https:\/\/www.asajacyl.com\/palencia\/author\/carlosrm\"}]}<\/script>\n<!-- \/ Yoast SEO plugin. -->","yoast_head_json":{"title":"La Confederaci\u00f3n publica el canon de regulaci\u00f3n y las tarifas del agua para 2024 en el Carri\u00f3n y el Pisuerga - ASAJA Palencia","description":"La Confederaci\u00f3n Hidrogr\u00e1fica del Duero ha publicado en el Bolet\u00edn Oficial del Estado el canon de regulaci\u00f3n correspondiente a las juntas de explotaci\u00f3n","robots":{"index":"index","follow":"follow","max-snippet":"max-snippet:-1","max-image-preview":"max-image-preview:large","max-video-preview":"max-video-preview:-1"},"canonical":"https:\/\/www.asajacyl.com\/palencia\/asaja-palencia-informa\/la-confederacion-publica-el-canon-de-regulacion-y-las-tarifas-del-agua-para-2024-en-el-carrion-y-el-pisuerga","og_locale":"es_ES","og_type":"article","og_title":"La Confederaci\u00f3n publica el canon de regulaci\u00f3n y las tarifas del agua para 2024 en el Carri\u00f3n y el Pisuerga - ASAJA Palencia","og_description":"La Confederaci\u00f3n Hidrogr\u00e1fica del Duero ha publicado en el Bolet\u00edn Oficial del Estado el canon de regulaci\u00f3n correspondiente a las juntas de explotaci\u00f3n","og_url":"https:\/\/www.asajacyl.com\/palencia\/asaja-palencia-informa\/la-confederacion-publica-el-canon-de-regulacion-y-las-tarifas-del-agua-para-2024-en-el-carrion-y-el-pisuerga","og_site_name":"ASAJA Palencia","article_published_time":"2024-01-05T10:40:17+00:00","article_modified_time":"2024-11-27T09:00:35+00:00","og_image":[{"width":1024,"height":896,"url":"https:\/\/www.asajacyl.com\/palencia\/wp-content\/uploads\/sites\/3\/2024\/01\/Pivot-regadio-1024x896.jpg","type":"image\/jpeg"}],"author":"Administrador","twitter_card":"summary_large_image","twitter_misc":{"Escrito por":"Administrador","Tiempo de lectura":"3 minutos"},"schema":{"@context":"https:\/\/schema.org","@graph":[{"@type":"WebPage","@id":"https:\/\/www.asajacyl.com\/palencia\/asaja-palencia-informa\/la-confederacion-publica-el-canon-de-regulacion-y-las-tarifas-del-agua-para-2024-en-el-carrion-y-el-pisuerga","url":"https:\/\/www.asajacyl.com\/palencia\/asaja-palencia-informa\/la-confederacion-publica-el-canon-de-regulacion-y-las-tarifas-del-agua-para-2024-en-el-carrion-y-el-pisuerga","name":"La Confederaci\u00f3n publica el canon de regulaci\u00f3n y las tarifas del agua para 2024 en el Carri\u00f3n y el Pisuerga - ASAJA Palencia","isPartOf":{"@id":"https:\/\/www.asajacyl.com\/palencia\/#website"},"primaryImageOfPage":{"@id":"https:\/\/www.asajacyl.com\/palencia\/asaja-palencia-informa\/la-confederacion-publica-el-canon-de-regulacion-y-las-tarifas-del-agua-para-2024-en-el-carrion-y-el-pisuerga#primaryimage"},"image":{"@id":"https:\/\/www.asajacyl.com\/palencia\/asaja-palencia-informa\/la-confederacion-publica-el-canon-de-regulacion-y-las-tarifas-del-agua-para-2024-en-el-carrion-y-el-pisuerga#primaryimage"},"thumbnailUrl":"https:\/\/www.asajacyl.com\/palencia\/wp-content\/uploads\/sites\/3\/2024\/01\/Pivot-regadio.jpg","datePublished":"2024-01-05T10:40:17+00:00","dateModified":"2024-11-27T09:00:35+00:00","author":{"@id":"https:\/\/www.asajacyl.com\/palencia\/#\/schema\/person\/3ab17aeb03527485c317557fae64aab1"},"description":"La Confederaci\u00f3n Hidrogr\u00e1fica del Duero ha publicado en el Bolet\u00edn Oficial del Estado el canon de regulaci\u00f3n correspondiente a las juntas de explotaci\u00f3n","breadcrumb":{"@id":"https:\/\/www.asajacyl.com\/palencia\/asaja-palencia-informa\/la-confederacion-publica-el-canon-de-regulacion-y-las-tarifas-del-agua-para-2024-en-el-carrion-y-el-pisuerga#breadcrumb"},"inLanguage":"es","potentialAction":[{"@type":"ReadAction","target":["https:\/\/www.asajacyl.com\/palencia\/asaja-palencia-informa\/la-confederacion-publica-el-canon-de-regulacion-y-las-tarifas-del-agua-para-2024-en-el-carrion-y-el-pisuerga"]}]},{"@type":"ImageObject","inLanguage":"es","@id":"https:\/\/www.asajacyl.com\/palencia\/asaja-palencia-informa\/la-confederacion-publica-el-canon-de-regulacion-y-las-tarifas-del-agua-para-2024-en-el-carrion-y-el-pisuerga#primaryimage","url":"https:\/\/www.asajacyl.com\/palencia\/wp-content\/uploads\/sites\/3\/2024\/01\/Pivot-regadio.jpg","contentUrl":"https:\/\/www.asajacyl.com\/palencia\/wp-content\/uploads\/sites\/3\/2024\/01\/Pivot-regadio.jpg","width":1890,"height":1654},{"@type":"BreadcrumbList","@id":"https:\/\/www.asajacyl.com\/palencia\/asaja-palencia-informa\/la-confederacion-publica-el-canon-de-regulacion-y-las-tarifas-del-agua-para-2024-en-el-carrion-y-el-pisuerga#breadcrumb","itemListElement":[{"@type":"ListItem","position":1,"name":"Portada","item":"https:\/\/www.asajacyl.com\/palencia\/"},{"@type":"ListItem","position":2,"name":"La Confederaci\u00f3n publica el canon de regulaci\u00f3n y las tarifas del agua para 2024 en el Carri\u00f3n y el Pisuerga"}]},{"@type":"WebSite","@id":"https:\/\/www.asajacyl.com\/palencia\/#website","url":"https:\/\/www.asajacyl.com\/palencia\/","name":"ASAJA Palencia","description":"Otro sitio m\u00e1s de Provincias ASAJA Castilla y Le\u00f3n","potentialAction":[{"@type":"SearchAction","target":{"@type":"EntryPoint","urlTemplate":"https:\/\/www.asajacyl.com\/palencia\/?s={search_term_string}"},"query-input":{"@type":"PropertyValueSpecification","valueRequired":true,"valueName":"search_term_string"}}],"inLanguage":"es"},{"@type":"Person","@id":"https:\/\/www.asajacyl.com\/palencia\/#\/schema\/person\/3ab17aeb03527485c317557fae64aab1","name":"Administrador","image":{"@type":"ImageObject","inLanguage":"es","@id":"https:\/\/www.asajacyl.com\/palencia\/#\/schema\/person\/image\/","url":"https:\/\/secure.gravatar.com\/avatar\/517384810d242ca9e38c180f3c9fb973?s=96&d=mm&r=g","contentUrl":"https:\/\/secure.gravatar.com\/avatar\/517384810d242ca9e38c180f3c9fb973?s=96&d=mm&r=g","caption":"Administrador"},"url":"https:\/\/www.asajacyl.com\/palencia\/author\/carlosrm"}]}},"_links":{"self":[{"href":"https:\/\/www.asajacyl.com\/palencia\/wp-json\/wp\/v2\/posts\/15115"}],"collection":[{"href":"https:\/\/www.asajacyl.com\/palencia\/wp-json\/wp\/v2\/posts"}],"about":[{"href":"https:\/\/www.asajacyl.com\/palencia\/wp-json\/wp\/v2\/types\/post"}],"author":[{"embeddable":true,"href":"https:\/\/www.asajacyl.com\/palencia\/wp-json\/wp\/v2\/users\/9"}],"replies":[{"embeddable":true,"href":"https:\/\/www.asajacyl.com\/palencia\/wp-json\/wp\/v2\/comments?post=15115"}],"version-history":[{"count":2,"href":"https:\/\/www.asajacyl.com\/palencia\/wp-json\/wp\/v2\/posts\/15115\/revisions"}],"predecessor-version":[{"id":18171,"href":"https:\/\/www.asajacyl.com\/palencia\/wp-json\/wp\/v2\/posts\/15115\/revisions\/18171"}],"wp:featuredmedia":[{"embeddable":true,"href":"https:\/\/www.asajacyl.com\/palencia\/wp-json\/wp\/v2\/media\/15116"}],"wp:attachment":[{"href":"https:\/\/www.asajacyl.com\/palencia\/wp-json\/wp\/v2\/media?parent=15115"}],"wp:term":[{"taxonomy":"category","embeddable":true,"href":"https:\/\/www.asajacyl.com\/palencia\/wp-json\/wp\/v2\/categories?post=15115"},{"taxonomy":"post_tag","embeddable":true,"href":"https:\/\/www.asajacyl.com\/palencia\/wp-json\/wp\/v2\/tags?post=15115"}],"curies":[{"name":"wp","href":"https:\/\/api.w.org\/{rel}","templated":true}]}}