{"id":15249,"date":"2024-01-28T10:00:00","date_gmt":"2024-01-28T09:00:00","guid":{"rendered":"https:\/\/www.asajacyl.com\/palencia\/?p=15249"},"modified":"2024-01-26T14:13:55","modified_gmt":"2024-01-26T13:13:55","slug":"asaja-plantea-en-el-consejo-agrario-provincial-que-se-permita-construir-naves-agrarias-de-mas-altura","status":"publish","type":"post","link":"https:\/\/www.asajacyl.com\/palencia\/asaja-palencia-informa\/asaja-plantea-en-el-consejo-agrario-provincial-que-se-permita-construir-naves-agrarias-de-mas-altura","title":{"rendered":"ASAJA plantea en el Consejo Agrario Provincial que se permita construir naves agrarias de m\u00e1s altura"},"content":{"rendered":"\n<h2 class=\"wp-block-heading\">ASAJA-Palencia ha planteado en la reuni\u00f3n del Consejo Agrario Provincial, celebrada el lunes 22 de enero en el Palacio de la Diputaci\u00f3n, que se permita la construcci\u00f3n de naves agrarias de mayor altura. La organizaci\u00f3n profesional del sector, mayoritaria en el sector de la provincia, explic\u00f3 que las actuales limitaciones frustran la inversi\u00f3n en nuevas naves, ya que con las alturas permitidas no sirven para guardar determinada maquinaria, que cada vez posee una mayor envergadura.<\/h2>\n\n\n\n<p>El Consejo Agrario Provincial escuch\u00f3 este planteamiento de ASAJA-Palencia, entre otras inquietudes del sector agroganadero, al hilo de la modificaci\u00f3n de las normas urban\u00edsticas provinciales, que en estos momentos est\u00e1n revisando los t\u00e9cnicos del Servicio de Asistencia a los Municipios de la Diputaci\u00f3n de Palencia. <\/p>\n\n\n\n<p>La reuni\u00f3n del consejo, presidida por \u00c1ngeles Armis\u00e9n, presidenta de la Diputaci\u00f3n, analiz\u00f3 en este primer encuentro del a\u00f1o el conjunto de actuaciones previstas para el sector agropecuario por parte de la instituci\u00f3n provincial.<\/p>\n\n\n\n<p>El Consejo Agrario Provincial es el \u00f3rgano de participaci\u00f3n, colaboraci\u00f3n y coordinaci\u00f3n de la Diputaci\u00f3n con el sector agroganadero de Palencia, en el que est\u00e1n representadas, adem\u00e1s de las formaciones pol\u00edticas de la instituci\u00f3n, el diputado provincial delegado del \u00e1rea de Desarrollo Agrario, Luis Calder\u00f3n; los diputados provinciales que presiden las comisiones informativas de Desarrollo Agrario y Desarrollo Socioecon\u00f3mico (Jes\u00fas Manuel Sevilla y Miguel Abia, respectivamente), las organizaciones profesionales ASAJA y Alianza UPA-COAG, la direcci\u00f3n de la Escuela T\u00e9cnica Superior de Ingenier\u00edas Agrarias de Palencia (Universidad de Valladolid) y la cooperativa Agropal.\u00a0<\/p>\n\n\n\n<p>Con un presupuesto que supera los 4,6 millones de euros, el \u00c1rea de Desarrollo Agrario y Medio Ambiente de la Diputaci\u00f3n prev\u00e9, entre otras actuaciones, las siguientes, seg\u00fan ha informado la administraci\u00f3n provincial al t\u00e9rmino del encuentro:<\/p>\n\n\n\n<ul>\n<li>ayudar a los ayuntamientos a\u00a0mejorar las infraestructuras agropecuarias\u00a0de uso com\u00fan, los caminos rurales y la maquinaria y el utillaje que usan de manera conjunta las Juntas Agropecuarias Locales (724.000 euros, que llegar a m\u00e1s de 121 municipios),<\/li>\n\n\n\n<li>apoyar a los ganaderos en la\u00a0recogida de los pl\u00e1sticos de sus explotaciones, a trav\u00e9s del Consorcio Provincial de Residuos, <\/li>\n\n\n\n<li>mantener el\u00a0trabajo de las cuadrillas de salubridad ambiental\u00a0y la\u00a0formaci\u00f3n\u00a0a trav\u00e9s del programa mixto de empleo Tablares XI, en colaboraci\u00f3n con la Junta de Castilla y Le\u00f3n<\/li>\n\n\n\n<li>el programa formativo de la Escuela de Tablares, en colaboraci\u00f3n con el Itagra-Centro Tecnol\u00f3gico Agrario y Agroalimentario, <\/li>\n\n\n\n<li>contribuir en el\u00a0mantenimiento y plantaciones de los caminos naturales y entornos especiales\u00a0enmarcados en los planes de sostenibilidad <\/li>\n\n\n\n<li>y el\u00a0apoyo al control de ataques de animales salvajes, mediante las ayudas a los gastos que ocasionan los perros mastines.<strong>\/<\/strong><\/li>\n<\/ul>\n","protected":false},"excerpt":{"rendered":"<p>ASAJA-Palencia ha planteado en la reuni\u00f3n del Consejo Agrario Provincial, celebrada el lunes 22 de enero en el Palacio de la Diputaci\u00f3n, que se permita la construcci\u00f3n de naves agrarias de mayor altura. La organizaci\u00f3n profesional del sector, mayoritaria en el sector de la provincia, explic\u00f3 que las actuales limitaciones frustran la inversi\u00f3n en nuevas [&hellip;]<\/p>\n","protected":false},"author":9,"featured_media":15250,"comment_status":"open","ping_status":"open","sticky":false,"template":"","format":"standard","meta":{"footnotes":""},"categories":[9,29,28],"tags":[58,351,188,77],"yoast_head":"<!-- This site is optimized with the Yoast SEO plugin v24.5 - https:\/\/yoast.com\/wordpress\/plugins\/seo\/ -->\n<title>ASAJA plantea en el Consejo Agrario Provincial que se permita construir naves agrarias de m\u00e1s altura - ASAJA Palencia<\/title>\n<meta name=\"description\" content=\"ASAJA-Palencia ha planteado en la reuni\u00f3n del Consejo Agrario Provincial, celebrada el lunes 22 de enero en el Palacio de la Diputaci\u00f3n, que se permita la\" \/>\n<meta name=\"robots\" content=\"index, follow, max-snippet:-1, max-image-preview:large, max-video-preview:-1\" \/>\n<link rel=\"canonical\" href=\"https:\/\/www.asajacyl.com\/palencia\/asaja-palencia-informa\/asaja-plantea-en-el-consejo-agrario-provincial-que-se-permita-construir-naves-agrarias-de-mas-altura\" \/>\n<meta property=\"og:locale\" content=\"es_ES\" \/>\n<meta property=\"og:type\" content=\"article\" \/>\n<meta property=\"og:title\" content=\"ASAJA plantea en el Consejo Agrario Provincial que se permita construir naves agrarias de m\u00e1s altura - ASAJA Palencia\" \/>\n<meta property=\"og:description\" content=\"ASAJA-Palencia ha planteado en la reuni\u00f3n del Consejo Agrario Provincial, celebrada el lunes 22 de enero en el Palacio de la Diputaci\u00f3n, que se permita la\" \/>\n<meta property=\"og:url\" content=\"https:\/\/www.asajacyl.com\/palencia\/asaja-palencia-informa\/asaja-plantea-en-el-consejo-agrario-provincial-que-se-permita-construir-naves-agrarias-de-mas-altura\" \/>\n<meta property=\"og:site_name\" content=\"ASAJA Palencia\" \/>\n<meta property=\"article:published_time\" content=\"2024-01-28T09:00:00+00:00\" \/>\n<meta property=\"og:image\" content=\"https:\/\/www.asajacyl.com\/palencia\/wp-content\/uploads\/sites\/3\/2024\/01\/Naves-en-pueblo-1024x896.jpg\" \/>\n\t<meta property=\"og:image:width\" content=\"1024\" \/>\n\t<meta property=\"og:image:height\" content=\"896\" \/>\n\t<meta property=\"og:image:type\" content=\"image\/jpeg\" \/>\n<meta name=\"author\" content=\"Administrador\" \/>\n<meta name=\"twitter:card\" content=\"summary_large_image\" \/>\n<meta name=\"twitter:label1\" content=\"Escrito por\" \/>\n\t<meta name=\"twitter:data1\" content=\"Administrador\" \/>\n\t<meta name=\"twitter:label2\" content=\"Tiempo de lectura\" \/>\n\t<meta name=\"twitter:data2\" content=\"3 minutos\" \/>\n<script type=\"application\/ld+json\" class=\"yoast-schema-graph\">{\"@context\":\"https:\/\/schema.org\",\"@graph\":[{\"@type\":\"WebPage\",\"@id\":\"https:\/\/www.asajacyl.com\/palencia\/asaja-palencia-informa\/asaja-plantea-en-el-consejo-agrario-provincial-que-se-permita-construir-naves-agrarias-de-mas-altura\",\"url\":\"https:\/\/www.asajacyl.com\/palencia\/asaja-palencia-informa\/asaja-plantea-en-el-consejo-agrario-provincial-que-se-permita-construir-naves-agrarias-de-mas-altura\",\"name\":\"ASAJA plantea en el Consejo Agrario Provincial que se permita construir naves agrarias de m\u00e1s altura - ASAJA Palencia\",\"isPartOf\":{\"@id\":\"https:\/\/www.asajacyl.com\/palencia\/#website\"},\"primaryImageOfPage\":{\"@id\":\"https:\/\/www.asajacyl.com\/palencia\/asaja-palencia-informa\/asaja-plantea-en-el-consejo-agrario-provincial-que-se-permita-construir-naves-agrarias-de-mas-altura#primaryimage\"},\"image\":{\"@id\":\"https:\/\/www.asajacyl.com\/palencia\/asaja-palencia-informa\/asaja-plantea-en-el-consejo-agrario-provincial-que-se-permita-construir-naves-agrarias-de-mas-altura#primaryimage\"},\"thumbnailUrl\":\"https:\/\/www.asajacyl.com\/palencia\/wp-content\/uploads\/sites\/3\/2024\/01\/Naves-en-pueblo.jpg\",\"datePublished\":\"2024-01-28T09:00:00+00:00\",\"author\":{\"@id\":\"https:\/\/www.asajacyl.com\/palencia\/#\/schema\/person\/3ab17aeb03527485c317557fae64aab1\"},\"description\":\"ASAJA-Palencia ha planteado en la reuni\u00f3n del Consejo Agrario Provincial, celebrada el lunes 22 de enero en el Palacio de la Diputaci\u00f3n, que se permita la\",\"breadcrumb\":{\"@id\":\"https:\/\/www.asajacyl.com\/palencia\/asaja-palencia-informa\/asaja-plantea-en-el-consejo-agrario-provincial-que-se-permita-construir-naves-agrarias-de-mas-altura#breadcrumb\"},\"inLanguage\":\"es\",\"potentialAction\":[{\"@type\":\"ReadAction\",\"target\":[\"https:\/\/www.asajacyl.com\/palencia\/asaja-palencia-informa\/asaja-plantea-en-el-consejo-agrario-provincial-que-se-permita-construir-naves-agrarias-de-mas-altura\"]}]},{\"@type\":\"ImageObject\",\"inLanguage\":\"es\",\"@id\":\"https:\/\/www.asajacyl.com\/palencia\/asaja-palencia-informa\/asaja-plantea-en-el-consejo-agrario-provincial-que-se-permita-construir-naves-agrarias-de-mas-altura#primaryimage\",\"url\":\"https:\/\/www.asajacyl.com\/palencia\/wp-content\/uploads\/sites\/3\/2024\/01\/Naves-en-pueblo.jpg\",\"contentUrl\":\"https:\/\/www.asajacyl.com\/palencia\/wp-content\/uploads\/sites\/3\/2024\/01\/Naves-en-pueblo.jpg\",\"width\":1890,\"height\":1654},{\"@type\":\"BreadcrumbList\",\"@id\":\"https:\/\/www.asajacyl.com\/palencia\/asaja-palencia-informa\/asaja-plantea-en-el-consejo-agrario-provincial-que-se-permita-construir-naves-agrarias-de-mas-altura#breadcrumb\",\"itemListElement\":[{\"@type\":\"ListItem\",\"position\":1,\"name\":\"Portada\",\"item\":\"https:\/\/www.asajacyl.com\/palencia\/\"},{\"@type\":\"ListItem\",\"position\":2,\"name\":\"ASAJA plantea en el Consejo Agrario Provincial que se permita construir naves agrarias de m\u00e1s altura\"}]},{\"@type\":\"WebSite\",\"@id\":\"https:\/\/www.asajacyl.com\/palencia\/#website\",\"url\":\"https:\/\/www.asajacyl.com\/palencia\/\",\"name\":\"ASAJA Palencia\",\"description\":\"Otro sitio m\u00e1s de Provincias ASAJA Castilla y Le\u00f3n\",\"potentialAction\":[{\"@type\":\"SearchAction\",\"target\":{\"@type\":\"EntryPoint\",\"urlTemplate\":\"https:\/\/www.asajacyl.com\/palencia\/?s={search_term_string}\"},\"query-input\":{\"@type\":\"PropertyValueSpecification\",\"valueRequired\":true,\"valueName\":\"search_term_string\"}}],\"inLanguage\":\"es\"},{\"@type\":\"Person\",\"@id\":\"https:\/\/www.asajacyl.com\/palencia\/#\/schema\/person\/3ab17aeb03527485c317557fae64aab1\",\"name\":\"Administrador\",\"image\":{\"@type\":\"ImageObject\",\"inLanguage\":\"es\",\"@id\":\"https:\/\/www.asajacyl.com\/palencia\/#\/schema\/person\/image\/\",\"url\":\"https:\/\/secure.gravatar.com\/avatar\/517384810d242ca9e38c180f3c9fb973?s=96&d=mm&r=g\",\"contentUrl\":\"https:\/\/secure.gravatar.com\/avatar\/517384810d242ca9e38c180f3c9fb973?s=96&d=mm&r=g\",\"caption\":\"Administrador\"},\"url\":\"https:\/\/www.asajacyl.com\/palencia\/author\/carlosrm\"}]}<\/script>\n<!-- \/ Yoast SEO plugin. -->","yoast_head_json":{"title":"ASAJA plantea en el Consejo Agrario Provincial que se permita construir naves agrarias de m\u00e1s altura - ASAJA Palencia","description":"ASAJA-Palencia ha planteado en la reuni\u00f3n del Consejo Agrario Provincial, celebrada el lunes 22 de enero en el Palacio de la Diputaci\u00f3n, que se permita la","robots":{"index":"index","follow":"follow","max-snippet":"max-snippet:-1","max-image-preview":"max-image-preview:large","max-video-preview":"max-video-preview:-1"},"canonical":"https:\/\/www.asajacyl.com\/palencia\/asaja-palencia-informa\/asaja-plantea-en-el-consejo-agrario-provincial-que-se-permita-construir-naves-agrarias-de-mas-altura","og_locale":"es_ES","og_type":"article","og_title":"ASAJA plantea en el Consejo Agrario Provincial que se permita construir naves agrarias de m\u00e1s altura - ASAJA Palencia","og_description":"ASAJA-Palencia ha planteado en la reuni\u00f3n del Consejo Agrario Provincial, celebrada el lunes 22 de enero en el Palacio de la Diputaci\u00f3n, que se permita la","og_url":"https:\/\/www.asajacyl.com\/palencia\/asaja-palencia-informa\/asaja-plantea-en-el-consejo-agrario-provincial-que-se-permita-construir-naves-agrarias-de-mas-altura","og_site_name":"ASAJA Palencia","article_published_time":"2024-01-28T09:00:00+00:00","og_image":[{"width":1024,"height":896,"url":"https:\/\/www.asajacyl.com\/palencia\/wp-content\/uploads\/sites\/3\/2024\/01\/Naves-en-pueblo-1024x896.jpg","type":"image\/jpeg"}],"author":"Administrador","twitter_card":"summary_large_image","twitter_misc":{"Escrito por":"Administrador","Tiempo de lectura":"3 minutos"},"schema":{"@context":"https:\/\/schema.org","@graph":[{"@type":"WebPage","@id":"https:\/\/www.asajacyl.com\/palencia\/asaja-palencia-informa\/asaja-plantea-en-el-consejo-agrario-provincial-que-se-permita-construir-naves-agrarias-de-mas-altura","url":"https:\/\/www.asajacyl.com\/palencia\/asaja-palencia-informa\/asaja-plantea-en-el-consejo-agrario-provincial-que-se-permita-construir-naves-agrarias-de-mas-altura","name":"ASAJA plantea en el Consejo Agrario Provincial que se permita construir naves agrarias de m\u00e1s altura - ASAJA Palencia","isPartOf":{"@id":"https:\/\/www.asajacyl.com\/palencia\/#website"},"primaryImageOfPage":{"@id":"https:\/\/www.asajacyl.com\/palencia\/asaja-palencia-informa\/asaja-plantea-en-el-consejo-agrario-provincial-que-se-permita-construir-naves-agrarias-de-mas-altura#primaryimage"},"image":{"@id":"https:\/\/www.asajacyl.com\/palencia\/asaja-palencia-informa\/asaja-plantea-en-el-consejo-agrario-provincial-que-se-permita-construir-naves-agrarias-de-mas-altura#primaryimage"},"thumbnailUrl":"https:\/\/www.asajacyl.com\/palencia\/wp-content\/uploads\/sites\/3\/2024\/01\/Naves-en-pueblo.jpg","datePublished":"2024-01-28T09:00:00+00:00","author":{"@id":"https:\/\/www.asajacyl.com\/palencia\/#\/schema\/person\/3ab17aeb03527485c317557fae64aab1"},"description":"ASAJA-Palencia ha planteado en la reuni\u00f3n del Consejo Agrario Provincial, celebrada el lunes 22 de enero en el Palacio de la Diputaci\u00f3n, que se permita la","breadcrumb":{"@id":"https:\/\/www.asajacyl.com\/palencia\/asaja-palencia-informa\/asaja-plantea-en-el-consejo-agrario-provincial-que-se-permita-construir-naves-agrarias-de-mas-altura#breadcrumb"},"inLanguage":"es","potentialAction":[{"@type":"ReadAction","target":["https:\/\/www.asajacyl.com\/palencia\/asaja-palencia-informa\/asaja-plantea-en-el-consejo-agrario-provincial-que-se-permita-construir-naves-agrarias-de-mas-altura"]}]},{"@type":"ImageObject","inLanguage":"es","@id":"https:\/\/www.asajacyl.com\/palencia\/asaja-palencia-informa\/asaja-plantea-en-el-consejo-agrario-provincial-que-se-permita-construir-naves-agrarias-de-mas-altura#primaryimage","url":"https:\/\/www.asajacyl.com\/palencia\/wp-content\/uploads\/sites\/3\/2024\/01\/Naves-en-pueblo.jpg","contentUrl":"https:\/\/www.asajacyl.com\/palencia\/wp-content\/uploads\/sites\/3\/2024\/01\/Naves-en-pueblo.jpg","width":1890,"height":1654},{"@type":"BreadcrumbList","@id":"https:\/\/www.asajacyl.com\/palencia\/asaja-palencia-informa\/asaja-plantea-en-el-consejo-agrario-provincial-que-se-permita-construir-naves-agrarias-de-mas-altura#breadcrumb","itemListElement":[{"@type":"ListItem","position":1,"name":"Portada","item":"https:\/\/www.asajacyl.com\/palencia\/"},{"@type":"ListItem","position":2,"name":"ASAJA plantea en el Consejo Agrario Provincial que se permita construir naves agrarias de m\u00e1s altura"}]},{"@type":"WebSite","@id":"https:\/\/www.asajacyl.com\/palencia\/#website","url":"https:\/\/www.asajacyl.com\/palencia\/","name":"ASAJA Palencia","description":"Otro sitio m\u00e1s de Provincias ASAJA Castilla y Le\u00f3n","potentialAction":[{"@type":"SearchAction","target":{"@type":"EntryPoint","urlTemplate":"https:\/\/www.asajacyl.com\/palencia\/?s={search_term_string}"},"query-input":{"@type":"PropertyValueSpecification","valueRequired":true,"valueName":"search_term_string"}}],"inLanguage":"es"},{"@type":"Person","@id":"https:\/\/www.asajacyl.com\/palencia\/#\/schema\/person\/3ab17aeb03527485c317557fae64aab1","name":"Administrador","image":{"@type":"ImageObject","inLanguage":"es","@id":"https:\/\/www.asajacyl.com\/palencia\/#\/schema\/person\/image\/","url":"https:\/\/secure.gravatar.com\/avatar\/517384810d242ca9e38c180f3c9fb973?s=96&d=mm&r=g","contentUrl":"https:\/\/secure.gravatar.com\/avatar\/517384810d242ca9e38c180f3c9fb973?s=96&d=mm&r=g","caption":"Administrador"},"url":"https:\/\/www.asajacyl.com\/palencia\/author\/carlosrm"}]}},"_links":{"self":[{"href":"https:\/\/www.asajacyl.com\/palencia\/wp-json\/wp\/v2\/posts\/15249"}],"collection":[{"href":"https:\/\/www.asajacyl.com\/palencia\/wp-json\/wp\/v2\/posts"}],"about":[{"href":"https:\/\/www.asajacyl.com\/palencia\/wp-json\/wp\/v2\/types\/post"}],"author":[{"embeddable":true,"href":"https:\/\/www.asajacyl.com\/palencia\/wp-json\/wp\/v2\/users\/9"}],"replies":[{"embeddable":true,"href":"https:\/\/www.asajacyl.com\/palencia\/wp-json\/wp\/v2\/comments?post=15249"}],"version-history":[{"count":1,"href":"https:\/\/www.asajacyl.com\/palencia\/wp-json\/wp\/v2\/posts\/15249\/revisions"}],"predecessor-version":[{"id":15251,"href":"https:\/\/www.asajacyl.com\/palencia\/wp-json\/wp\/v2\/posts\/15249\/revisions\/15251"}],"wp:featuredmedia":[{"embeddable":true,"href":"https:\/\/www.asajacyl.com\/palencia\/wp-json\/wp\/v2\/media\/15250"}],"wp:attachment":[{"href":"https:\/\/www.asajacyl.com\/palencia\/wp-json\/wp\/v2\/media?parent=15249"}],"wp:term":[{"taxonomy":"category","embeddable":true,"href":"https:\/\/www.asajacyl.com\/palencia\/wp-json\/wp\/v2\/categories?post=15249"},{"taxonomy":"post_tag","embeddable":true,"href":"https:\/\/www.asajacyl.com\/palencia\/wp-json\/wp\/v2\/tags?post=15249"}],"curies":[{"name":"wp","href":"https:\/\/api.w.org\/{rel}","templated":true}]}}