{"id":15267,"date":"2024-01-30T18:43:42","date_gmt":"2024-01-30T17:43:42","guid":{"rendered":"https:\/\/www.asajacyl.com\/palencia\/?p=15267"},"modified":"2024-01-30T18:43:44","modified_gmt":"2024-01-30T17:43:44","slug":"asaja-palencia-enfila-la-recta-final-de-las-asambleas-comarcales-de-2024-en-herrera-osorno-y-la-capital","status":"publish","type":"post","link":"https:\/\/www.asajacyl.com\/palencia\/asaja-palencia-informa\/asaja-palencia-enfila-la-recta-final-de-las-asambleas-comarcales-de-2024-en-herrera-osorno-y-la-capital","title":{"rendered":"ASAJA-Palencia enfila la recta final de las asambleas comarcales de 2024 en Herrera, Osorno y la capital"},"content":{"rendered":"\n<h2 class=\"wp-block-heading\">ASAJA-Palencia enfila esta semana la recta final de su ciclo de asambleas comarcales de 2024, con las que celebrar\u00e1 este mi\u00e9rcoles 31 de enero en HERRERA DE PISUERGA (12:00 horas), para esta comarca y la de ALAR DEL REY, y en OSORNO (17:30 horas), y la que el jueves 1 de febrero (18:00 horas | Hotel Castilla Vieja) cierra en la ciudad de Palencia, correspondiente a las comarcas de AMPUDIA y DUE\u00d1AS. <\/h2>\n\n\n\n<p>La organizaci\u00f3n anima a los socios a acudir y a participar activamente. Asimismo, recomienda que quienes no hayan podido asistir a la asamblea de su comarca, vayan a la que se celebra el 1 de febrero por la tarde en la capital palentina, si sus obligaciones profesionales se lo permiten.<\/p>\n\n\n\n<p>Las asambleas comarcales, que este 2024 est\u00e1n encontrando una buena respuesta de asistencia por parte de los asociados de ASAJA, constituyen una ocasi\u00f3n para el encuentro entre los directivos y t\u00e9cnicos con los socios en sus respectivas zonas de explotaci\u00f3n. <\/p>\n\n\n\n<p>Los asociados reciben informaci\u00f3n sobre el momento actual de la organizaci\u00f3n y las principales novedades de la pr\u00f3xima campa\u00f1a agroganadera, enfocadas a las actividades predominantes en cada zona. <\/p>\n\n\n\n<p>Las reuniones est\u00e1n sirviendo adem\u00e1s para tomar el pulso al estado del sector, que pr\u00f3ximamente se va a movilizar en defensa de la agricultura y la ganader\u00edas de Espa\u00f1a, como ya est\u00e1n haciendo profesionales de otros grandes pa\u00edses de la Uni\u00f3n Europea.<\/p>\n\n\n\n<figure class=\"wp-block-image size-full is-resized\"><img loading=\"lazy\" decoding=\"async\" src=\"https:\/\/www.asajacyl.com\/palencia\/wp-content\/uploads\/sites\/3\/2024\/01\/image.jpg\" alt=\"\" class=\"wp-image-15268\" width=\"1064\" height=\"1108\" \/><\/figure>\n\n\n\n<figure class=\"wp-block-image size-large is-resized\"><img loading=\"lazy\" decoding=\"async\" src=\"https:\/\/www.asajacyl.com\/palencia\/wp-content\/uploads\/sites\/3\/2024\/01\/Asamblea-Fuentes-de-Nava-web-1024x896.jpg\" alt=\"\" class=\"wp-image-15269\" width=\"1067\" height=\"956\" \/><figcaption class=\"wp-element-caption\">Asistentes a la asamblea comarcal de FUENTES DE NAVA celebrada este lunes, 29 de enero, con asociados de ASAJA de esta comarca y de la zona de VILLARRAMIEL.<\/figcaption><\/figure>\n","protected":false},"excerpt":{"rendered":"<p>ASAJA-Palencia enfila esta semana la recta final de su ciclo de asambleas comarcales de 2024, con las que celebrar\u00e1 este mi\u00e9rcoles 31 de enero en HERRERA DE PISUERGA (12:00 horas), para esta comarca y la de ALAR DEL REY, y en OSORNO (17:30 horas), y la que el jueves 1 de febrero (18:00 horas | [&hellip;]<\/p>\n","protected":false},"author":9,"featured_media":15269,"comment_status":"open","ping_status":"open","sticky":false,"template":"","format":"standard","meta":{"footnotes":""},"categories":[9,29,28],"tags":[58,682,351,683,77,680,681],"yoast_head":"<!-- This site is optimized with the Yoast SEO plugin v24.5 - https:\/\/yoast.com\/wordpress\/plugins\/seo\/ -->\n<title>ASAJA-Palencia enfila la recta final de las asambleas comarcales de 2024 en Herrera, Osorno y la capital - ASAJA Palencia<\/title>\n<meta name=\"description\" content=\"ASAJA-Palencia enfila esta semana la recta final de su ciclo de asambleas comarcales de 2024, con las que celebrar\u00e1 este mi\u00e9rcoles 31 de enero en HERRERA\" \/>\n<meta name=\"robots\" content=\"index, follow, max-snippet:-1, max-image-preview:large, max-video-preview:-1\" \/>\n<link rel=\"canonical\" href=\"https:\/\/www.asajacyl.com\/palencia\/asaja-palencia-informa\/asaja-palencia-enfila-la-recta-final-de-las-asambleas-comarcales-de-2024-en-herrera-osorno-y-la-capital\" \/>\n<meta property=\"og:locale\" content=\"es_ES\" \/>\n<meta property=\"og:type\" content=\"article\" \/>\n<meta property=\"og:title\" content=\"ASAJA-Palencia enfila la recta final de las asambleas comarcales de 2024 en Herrera, Osorno y la capital - ASAJA Palencia\" \/>\n<meta property=\"og:description\" content=\"ASAJA-Palencia enfila esta semana la recta final de su ciclo de asambleas comarcales de 2024, con las que celebrar\u00e1 este mi\u00e9rcoles 31 de enero en HERRERA\" \/>\n<meta property=\"og:url\" content=\"https:\/\/www.asajacyl.com\/palencia\/asaja-palencia-informa\/asaja-palencia-enfila-la-recta-final-de-las-asambleas-comarcales-de-2024-en-herrera-osorno-y-la-capital\" \/>\n<meta property=\"og:site_name\" content=\"ASAJA Palencia\" \/>\n<meta property=\"article:published_time\" content=\"2024-01-30T17:43:42+00:00\" \/>\n<meta property=\"article:modified_time\" content=\"2024-01-30T17:43:44+00:00\" \/>\n<meta property=\"og:image\" content=\"https:\/\/www.asajacyl.com\/palencia\/wp-content\/uploads\/sites\/3\/2024\/01\/Asamblea-Fuentes-de-Nava-web.jpg\" \/>\n\t<meta property=\"og:image:width\" content=\"1890\" \/>\n\t<meta property=\"og:image:height\" content=\"1654\" \/>\n\t<meta property=\"og:image:type\" content=\"image\/jpeg\" \/>\n<meta name=\"author\" content=\"Administrador\" \/>\n<meta name=\"twitter:card\" content=\"summary_large_image\" \/>\n<meta name=\"twitter:label1\" content=\"Escrito por\" \/>\n\t<meta name=\"twitter:data1\" content=\"Administrador\" \/>\n\t<meta name=\"twitter:label2\" content=\"Tiempo de lectura\" \/>\n\t<meta name=\"twitter:data2\" content=\"2 minutos\" \/>\n<script type=\"application\/ld+json\" class=\"yoast-schema-graph\">{\"@context\":\"https:\/\/schema.org\",\"@graph\":[{\"@type\":\"WebPage\",\"@id\":\"https:\/\/www.asajacyl.com\/palencia\/asaja-palencia-informa\/asaja-palencia-enfila-la-recta-final-de-las-asambleas-comarcales-de-2024-en-herrera-osorno-y-la-capital\",\"url\":\"https:\/\/www.asajacyl.com\/palencia\/asaja-palencia-informa\/asaja-palencia-enfila-la-recta-final-de-las-asambleas-comarcales-de-2024-en-herrera-osorno-y-la-capital\",\"name\":\"ASAJA-Palencia enfila la recta final de las asambleas comarcales de 2024 en Herrera, Osorno y la capital - ASAJA Palencia\",\"isPartOf\":{\"@id\":\"https:\/\/www.asajacyl.com\/palencia\/#website\"},\"primaryImageOfPage\":{\"@id\":\"https:\/\/www.asajacyl.com\/palencia\/asaja-palencia-informa\/asaja-palencia-enfila-la-recta-final-de-las-asambleas-comarcales-de-2024-en-herrera-osorno-y-la-capital#primaryimage\"},\"image\":{\"@id\":\"https:\/\/www.asajacyl.com\/palencia\/asaja-palencia-informa\/asaja-palencia-enfila-la-recta-final-de-las-asambleas-comarcales-de-2024-en-herrera-osorno-y-la-capital#primaryimage\"},\"thumbnailUrl\":\"https:\/\/www.asajacyl.com\/palencia\/wp-content\/uploads\/sites\/3\/2024\/01\/Asamblea-Fuentes-de-Nava-web.jpg\",\"datePublished\":\"2024-01-30T17:43:42+00:00\",\"dateModified\":\"2024-01-30T17:43:44+00:00\",\"author\":{\"@id\":\"https:\/\/www.asajacyl.com\/palencia\/#\/schema\/person\/3ab17aeb03527485c317557fae64aab1\"},\"description\":\"ASAJA-Palencia enfila esta semana la recta final de su ciclo de asambleas comarcales de 2024, con las que celebrar\u00e1 este mi\u00e9rcoles 31 de enero en HERRERA\",\"breadcrumb\":{\"@id\":\"https:\/\/www.asajacyl.com\/palencia\/asaja-palencia-informa\/asaja-palencia-enfila-la-recta-final-de-las-asambleas-comarcales-de-2024-en-herrera-osorno-y-la-capital#breadcrumb\"},\"inLanguage\":\"es\",\"potentialAction\":[{\"@type\":\"ReadAction\",\"target\":[\"https:\/\/www.asajacyl.com\/palencia\/asaja-palencia-informa\/asaja-palencia-enfila-la-recta-final-de-las-asambleas-comarcales-de-2024-en-herrera-osorno-y-la-capital\"]}]},{\"@type\":\"ImageObject\",\"inLanguage\":\"es\",\"@id\":\"https:\/\/www.asajacyl.com\/palencia\/asaja-palencia-informa\/asaja-palencia-enfila-la-recta-final-de-las-asambleas-comarcales-de-2024-en-herrera-osorno-y-la-capital#primaryimage\",\"url\":\"https:\/\/www.asajacyl.com\/palencia\/wp-content\/uploads\/sites\/3\/2024\/01\/Asamblea-Fuentes-de-Nava-web.jpg\",\"contentUrl\":\"https:\/\/www.asajacyl.com\/palencia\/wp-content\/uploads\/sites\/3\/2024\/01\/Asamblea-Fuentes-de-Nava-web.jpg\",\"width\":1890,\"height\":1654},{\"@type\":\"BreadcrumbList\",\"@id\":\"https:\/\/www.asajacyl.com\/palencia\/asaja-palencia-informa\/asaja-palencia-enfila-la-recta-final-de-las-asambleas-comarcales-de-2024-en-herrera-osorno-y-la-capital#breadcrumb\",\"itemListElement\":[{\"@type\":\"ListItem\",\"position\":1,\"name\":\"Portada\",\"item\":\"https:\/\/www.asajacyl.com\/palencia\/\"},{\"@type\":\"ListItem\",\"position\":2,\"name\":\"ASAJA-Palencia enfila la recta final de las asambleas comarcales de 2024 en Herrera, Osorno y la capital\"}]},{\"@type\":\"WebSite\",\"@id\":\"https:\/\/www.asajacyl.com\/palencia\/#website\",\"url\":\"https:\/\/www.asajacyl.com\/palencia\/\",\"name\":\"ASAJA Palencia\",\"description\":\"Otro sitio m\u00e1s de Provincias ASAJA Castilla y Le\u00f3n\",\"potentialAction\":[{\"@type\":\"SearchAction\",\"target\":{\"@type\":\"EntryPoint\",\"urlTemplate\":\"https:\/\/www.asajacyl.com\/palencia\/?s={search_term_string}\"},\"query-input\":{\"@type\":\"PropertyValueSpecification\",\"valueRequired\":true,\"valueName\":\"search_term_string\"}}],\"inLanguage\":\"es\"},{\"@type\":\"Person\",\"@id\":\"https:\/\/www.asajacyl.com\/palencia\/#\/schema\/person\/3ab17aeb03527485c317557fae64aab1\",\"name\":\"Administrador\",\"image\":{\"@type\":\"ImageObject\",\"inLanguage\":\"es\",\"@id\":\"https:\/\/www.asajacyl.com\/palencia\/#\/schema\/person\/image\/\",\"url\":\"https:\/\/secure.gravatar.com\/avatar\/517384810d242ca9e38c180f3c9fb973?s=96&d=mm&r=g\",\"contentUrl\":\"https:\/\/secure.gravatar.com\/avatar\/517384810d242ca9e38c180f3c9fb973?s=96&d=mm&r=g\",\"caption\":\"Administrador\"},\"url\":\"https:\/\/www.asajacyl.com\/palencia\/author\/carlosrm\"}]}<\/script>\n<!-- \/ Yoast SEO plugin. -->","yoast_head_json":{"title":"ASAJA-Palencia enfila la recta final de las asambleas comarcales de 2024 en Herrera, Osorno y la capital - ASAJA Palencia","description":"ASAJA-Palencia enfila esta semana la recta final de su ciclo de asambleas comarcales de 2024, con las que celebrar\u00e1 este mi\u00e9rcoles 31 de enero en HERRERA","robots":{"index":"index","follow":"follow","max-snippet":"max-snippet:-1","max-image-preview":"max-image-preview:large","max-video-preview":"max-video-preview:-1"},"canonical":"https:\/\/www.asajacyl.com\/palencia\/asaja-palencia-informa\/asaja-palencia-enfila-la-recta-final-de-las-asambleas-comarcales-de-2024-en-herrera-osorno-y-la-capital","og_locale":"es_ES","og_type":"article","og_title":"ASAJA-Palencia enfila la recta final de las asambleas comarcales de 2024 en Herrera, Osorno y la capital - ASAJA Palencia","og_description":"ASAJA-Palencia enfila esta semana la recta final de su ciclo de asambleas comarcales de 2024, con las que celebrar\u00e1 este mi\u00e9rcoles 31 de enero en HERRERA","og_url":"https:\/\/www.asajacyl.com\/palencia\/asaja-palencia-informa\/asaja-palencia-enfila-la-recta-final-de-las-asambleas-comarcales-de-2024-en-herrera-osorno-y-la-capital","og_site_name":"ASAJA Palencia","article_published_time":"2024-01-30T17:43:42+00:00","article_modified_time":"2024-01-30T17:43:44+00:00","og_image":[{"width":1890,"height":1654,"url":"https:\/\/www.asajacyl.com\/palencia\/wp-content\/uploads\/sites\/3\/2024\/01\/Asamblea-Fuentes-de-Nava-web.jpg","type":"image\/jpeg"}],"author":"Administrador","twitter_card":"summary_large_image","twitter_misc":{"Escrito por":"Administrador","Tiempo de lectura":"2 minutos"},"schema":{"@context":"https:\/\/schema.org","@graph":[{"@type":"WebPage","@id":"https:\/\/www.asajacyl.com\/palencia\/asaja-palencia-informa\/asaja-palencia-enfila-la-recta-final-de-las-asambleas-comarcales-de-2024-en-herrera-osorno-y-la-capital","url":"https:\/\/www.asajacyl.com\/palencia\/asaja-palencia-informa\/asaja-palencia-enfila-la-recta-final-de-las-asambleas-comarcales-de-2024-en-herrera-osorno-y-la-capital","name":"ASAJA-Palencia enfila la recta final de las asambleas comarcales de 2024 en Herrera, Osorno y la capital - ASAJA Palencia","isPartOf":{"@id":"https:\/\/www.asajacyl.com\/palencia\/#website"},"primaryImageOfPage":{"@id":"https:\/\/www.asajacyl.com\/palencia\/asaja-palencia-informa\/asaja-palencia-enfila-la-recta-final-de-las-asambleas-comarcales-de-2024-en-herrera-osorno-y-la-capital#primaryimage"},"image":{"@id":"https:\/\/www.asajacyl.com\/palencia\/asaja-palencia-informa\/asaja-palencia-enfila-la-recta-final-de-las-asambleas-comarcales-de-2024-en-herrera-osorno-y-la-capital#primaryimage"},"thumbnailUrl":"https:\/\/www.asajacyl.com\/palencia\/wp-content\/uploads\/sites\/3\/2024\/01\/Asamblea-Fuentes-de-Nava-web.jpg","datePublished":"2024-01-30T17:43:42+00:00","dateModified":"2024-01-30T17:43:44+00:00","author":{"@id":"https:\/\/www.asajacyl.com\/palencia\/#\/schema\/person\/3ab17aeb03527485c317557fae64aab1"},"description":"ASAJA-Palencia enfila esta semana la recta final de su ciclo de asambleas comarcales de 2024, con las que celebrar\u00e1 este mi\u00e9rcoles 31 de enero en HERRERA","breadcrumb":{"@id":"https:\/\/www.asajacyl.com\/palencia\/asaja-palencia-informa\/asaja-palencia-enfila-la-recta-final-de-las-asambleas-comarcales-de-2024-en-herrera-osorno-y-la-capital#breadcrumb"},"inLanguage":"es","potentialAction":[{"@type":"ReadAction","target":["https:\/\/www.asajacyl.com\/palencia\/asaja-palencia-informa\/asaja-palencia-enfila-la-recta-final-de-las-asambleas-comarcales-de-2024-en-herrera-osorno-y-la-capital"]}]},{"@type":"ImageObject","inLanguage":"es","@id":"https:\/\/www.asajacyl.com\/palencia\/asaja-palencia-informa\/asaja-palencia-enfila-la-recta-final-de-las-asambleas-comarcales-de-2024-en-herrera-osorno-y-la-capital#primaryimage","url":"https:\/\/www.asajacyl.com\/palencia\/wp-content\/uploads\/sites\/3\/2024\/01\/Asamblea-Fuentes-de-Nava-web.jpg","contentUrl":"https:\/\/www.asajacyl.com\/palencia\/wp-content\/uploads\/sites\/3\/2024\/01\/Asamblea-Fuentes-de-Nava-web.jpg","width":1890,"height":1654},{"@type":"BreadcrumbList","@id":"https:\/\/www.asajacyl.com\/palencia\/asaja-palencia-informa\/asaja-palencia-enfila-la-recta-final-de-las-asambleas-comarcales-de-2024-en-herrera-osorno-y-la-capital#breadcrumb","itemListElement":[{"@type":"ListItem","position":1,"name":"Portada","item":"https:\/\/www.asajacyl.com\/palencia\/"},{"@type":"ListItem","position":2,"name":"ASAJA-Palencia enfila la recta final de las asambleas comarcales de 2024 en Herrera, Osorno y la capital"}]},{"@type":"WebSite","@id":"https:\/\/www.asajacyl.com\/palencia\/#website","url":"https:\/\/www.asajacyl.com\/palencia\/","name":"ASAJA Palencia","description":"Otro sitio m\u00e1s de Provincias ASAJA Castilla y Le\u00f3n","potentialAction":[{"@type":"SearchAction","target":{"@type":"EntryPoint","urlTemplate":"https:\/\/www.asajacyl.com\/palencia\/?s={search_term_string}"},"query-input":{"@type":"PropertyValueSpecification","valueRequired":true,"valueName":"search_term_string"}}],"inLanguage":"es"},{"@type":"Person","@id":"https:\/\/www.asajacyl.com\/palencia\/#\/schema\/person\/3ab17aeb03527485c317557fae64aab1","name":"Administrador","image":{"@type":"ImageObject","inLanguage":"es","@id":"https:\/\/www.asajacyl.com\/palencia\/#\/schema\/person\/image\/","url":"https:\/\/secure.gravatar.com\/avatar\/517384810d242ca9e38c180f3c9fb973?s=96&d=mm&r=g","contentUrl":"https:\/\/secure.gravatar.com\/avatar\/517384810d242ca9e38c180f3c9fb973?s=96&d=mm&r=g","caption":"Administrador"},"url":"https:\/\/www.asajacyl.com\/palencia\/author\/carlosrm"}]}},"_links":{"self":[{"href":"https:\/\/www.asajacyl.com\/palencia\/wp-json\/wp\/v2\/posts\/15267"}],"collection":[{"href":"https:\/\/www.asajacyl.com\/palencia\/wp-json\/wp\/v2\/posts"}],"about":[{"href":"https:\/\/www.asajacyl.com\/palencia\/wp-json\/wp\/v2\/types\/post"}],"author":[{"embeddable":true,"href":"https:\/\/www.asajacyl.com\/palencia\/wp-json\/wp\/v2\/users\/9"}],"replies":[{"embeddable":true,"href":"https:\/\/www.asajacyl.com\/palencia\/wp-json\/wp\/v2\/comments?post=15267"}],"version-history":[{"count":2,"href":"https:\/\/www.asajacyl.com\/palencia\/wp-json\/wp\/v2\/posts\/15267\/revisions"}],"predecessor-version":[{"id":15271,"href":"https:\/\/www.asajacyl.com\/palencia\/wp-json\/wp\/v2\/posts\/15267\/revisions\/15271"}],"wp:featuredmedia":[{"embeddable":true,"href":"https:\/\/www.asajacyl.com\/palencia\/wp-json\/wp\/v2\/media\/15269"}],"wp:attachment":[{"href":"https:\/\/www.asajacyl.com\/palencia\/wp-json\/wp\/v2\/media?parent=15267"}],"wp:term":[{"taxonomy":"category","embeddable":true,"href":"https:\/\/www.asajacyl.com\/palencia\/wp-json\/wp\/v2\/categories?post=15267"},{"taxonomy":"post_tag","embeddable":true,"href":"https:\/\/www.asajacyl.com\/palencia\/wp-json\/wp\/v2\/tags?post=15267"}],"curies":[{"name":"wp","href":"https:\/\/api.w.org\/{rel}","templated":true}]}}