{"id":15273,"date":"2024-01-31T13:35:51","date_gmt":"2024-01-31T12:35:51","guid":{"rendered":"https:\/\/www.asajacyl.com\/palencia\/?p=15273"},"modified":"2024-02-06T09:20:15","modified_gmt":"2024-02-06T08:20:15","slug":"asaja-palencia-convoca-al-sector-agroganadero-de-la-provincia-a-movilizarse-el-miercoles-14-de-febrero","status":"publish","type":"post","link":"https:\/\/www.asajacyl.com\/palencia\/asaja-palencia-informa\/asaja-palencia-convoca-al-sector-agroganadero-de-la-provincia-a-movilizarse-el-miercoles-14-de-febrero","title":{"rendered":"ASAJA-Palencia convoca al sector agroganadero de la provincia a movilizarse el mi\u00e9rcoles 14 de febrero"},"content":{"rendered":"\n<h2 class=\"wp-block-heading\">ASAJA-Palencia, junto a la alianza UPA-COAG, organizaciones representativas del sector agroganadero de la provincia, llaman a la movilizaci\u00f3n el pr\u00f3ximo mi\u00e9rcoles 14 de febrero. Los agricultores y ganaderos palentinos est\u00e1n convocados a manifestarse para reclamar un cambio profundo del marco normativo y defender el futuro de un sector cuya viabilidad se ve cada vez m\u00e1s amenazada. Inicialmente, se han previsto dos concentraciones de los profesionales, con sus tractores, en Osorno y Magaz de Pisuerga, con una posible marcha de esta \u00faltima \u2018tractorada\u2019 hacia la capital palentina para recorrer las calles de la ciudad y dar m\u00e1s visibilidad a la manifestaci\u00f3n. <\/h2>\n\n\n\n<p>Jos\u00e9 Luis Marcos, presidente de ASAJA-Palencia, ha ofrecido este mi\u00e9rcoles, 31 de enero, una rueda de prensa, junto a los representantes de la alianza, Blas Donis, secretario general de UPA-Palencia; y COAG-Palencia, David Tejerina; para apelar a la movilizaci\u00f3n y presentar la tabla reivindicativa acordada para la unidad de acci\u00f3n entre las tres organizaciones que representan a los agricultores y ganaderos palentinos <em>(se adjunta el documento al final de esta informaci\u00f3n).<\/em><\/p>\n\n\n\n<p>Entre las doce grandes \u00e1reas reivindicativas figuran un cambio en la actual PAC \u2014a la que Jos\u00e9 Luis Marcos insiste en calificar como \u00abla peor de todas las que han existido, por su carga verde y burocr\u00e1tica\u00bb, as\u00ed como la mejora de la cobertura y la financiaci\u00f3n p\u00fablica de los seguros agrogranaderos, el cumplimiento de la Ley de la Cadena Alimentaria y la derogaci\u00f3n de la Agenda 2030. <\/p>\n\n\n\n<p>Asimismo, la tabla reivindicativa recoge cuestiones propias de la provincia, como la b\u00fasqueda de soluciones reales y eficaces para la plaga de topillos que ya amenaza al campo palentino, y la indemnizaci\u00f3n por los da\u00f1os que ocasiona.<\/p>\n\n\n\n<p>Las organizaciones han acordado a nivel nacional volver a la movilizaci\u00f3n para reclamar cambios profundos en las pol\u00edticas que se aplican con el sector, tanto a las administraciones auton\u00f3micas, como al Gobierno de Espa\u00f1a y la Uni\u00f3n Europea.<strong>\/<\/strong><\/p>\n\n\n\n<figure class=\"wp-block-image size-large is-resized\"><img loading=\"lazy\" decoding=\"async\" src=\"https:\/\/www.asajacyl.com\/palencia\/wp-content\/uploads\/sites\/3\/2024\/01\/Tabla-reivindicativa-febrero-2024-724x1024.jpg\" alt=\"\" class=\"wp-image-15275\" width=\"1063\" height=\"1534\" \/><\/figure>\n","protected":false},"excerpt":{"rendered":"<p>ASAJA-Palencia, junto a la alianza UPA-COAG, organizaciones representativas del sector agroganadero de la provincia, llaman a la movilizaci\u00f3n el pr\u00f3ximo mi\u00e9rcoles 14 de febrero. Los agricultores y ganaderos palentinos est\u00e1n convocados a manifestarse para reclamar un cambio profundo del marco normativo y defender el futuro de un sector cuya viabilidad se ve cada vez m\u00e1s [&hellip;]<\/p>\n","protected":false},"author":9,"featured_media":15321,"comment_status":"open","ping_status":"open","sticky":false,"template":"","format":"standard","meta":{"footnotes":""},"categories":[9,28],"tags":[58,142,351,77,66,110,44],"yoast_head":"<!-- This site is optimized with the Yoast SEO plugin v24.5 - https:\/\/yoast.com\/wordpress\/plugins\/seo\/ -->\n<title>ASAJA-Palencia convoca al sector agroganadero de la provincia a movilizarse el mi\u00e9rcoles 14 de febrero - ASAJA Palencia<\/title>\n<meta name=\"description\" content=\"ASAJA-Palencia, junto a la alianza UPA-COAG, organizaciones representativas del sector agroganadero de la provincia, llaman a la movilizaci\u00f3n el pr\u00f3ximo\" \/>\n<meta name=\"robots\" content=\"index, follow, max-snippet:-1, max-image-preview:large, max-video-preview:-1\" \/>\n<link rel=\"canonical\" href=\"https:\/\/www.asajacyl.com\/palencia\/asaja-palencia-informa\/asaja-palencia-convoca-al-sector-agroganadero-de-la-provincia-a-movilizarse-el-miercoles-14-de-febrero\" \/>\n<meta property=\"og:locale\" content=\"es_ES\" \/>\n<meta property=\"og:type\" content=\"article\" \/>\n<meta property=\"og:title\" content=\"ASAJA-Palencia convoca al sector agroganadero de la provincia a movilizarse el mi\u00e9rcoles 14 de febrero - ASAJA Palencia\" \/>\n<meta property=\"og:description\" content=\"ASAJA-Palencia, junto a la alianza UPA-COAG, organizaciones representativas del sector agroganadero de la provincia, llaman a la movilizaci\u00f3n el pr\u00f3ximo\" \/>\n<meta property=\"og:url\" content=\"https:\/\/www.asajacyl.com\/palencia\/asaja-palencia-informa\/asaja-palencia-convoca-al-sector-agroganadero-de-la-provincia-a-movilizarse-el-miercoles-14-de-febrero\" \/>\n<meta property=\"og:site_name\" content=\"ASAJA Palencia\" \/>\n<meta property=\"article:published_time\" content=\"2024-01-31T12:35:51+00:00\" \/>\n<meta property=\"article:modified_time\" content=\"2024-02-06T08:20:15+00:00\" \/>\n<meta property=\"og:image\" content=\"https:\/\/www.asajacyl.com\/palencia\/wp-content\/uploads\/sites\/3\/2024\/01\/RP2-JLMarcos-movilizaciones-14febrero.jpg\" \/>\n\t<meta property=\"og:image:width\" content=\"1890\" \/>\n\t<meta property=\"og:image:height\" content=\"1654\" \/>\n\t<meta property=\"og:image:type\" content=\"image\/jpeg\" \/>\n<meta name=\"author\" content=\"Administrador\" \/>\n<meta name=\"twitter:card\" content=\"summary_large_image\" \/>\n<meta name=\"twitter:label1\" content=\"Escrito por\" \/>\n\t<meta name=\"twitter:data1\" content=\"Administrador\" \/>\n\t<meta name=\"twitter:label2\" content=\"Tiempo de lectura\" \/>\n\t<meta name=\"twitter:data2\" content=\"2 minutos\" \/>\n<script type=\"application\/ld+json\" class=\"yoast-schema-graph\">{\"@context\":\"https:\/\/schema.org\",\"@graph\":[{\"@type\":\"WebPage\",\"@id\":\"https:\/\/www.asajacyl.com\/palencia\/asaja-palencia-informa\/asaja-palencia-convoca-al-sector-agroganadero-de-la-provincia-a-movilizarse-el-miercoles-14-de-febrero\",\"url\":\"https:\/\/www.asajacyl.com\/palencia\/asaja-palencia-informa\/asaja-palencia-convoca-al-sector-agroganadero-de-la-provincia-a-movilizarse-el-miercoles-14-de-febrero\",\"name\":\"ASAJA-Palencia convoca al sector agroganadero de la provincia a movilizarse el mi\u00e9rcoles 14 de febrero - ASAJA Palencia\",\"isPartOf\":{\"@id\":\"https:\/\/www.asajacyl.com\/palencia\/#website\"},\"primaryImageOfPage\":{\"@id\":\"https:\/\/www.asajacyl.com\/palencia\/asaja-palencia-informa\/asaja-palencia-convoca-al-sector-agroganadero-de-la-provincia-a-movilizarse-el-miercoles-14-de-febrero#primaryimage\"},\"image\":{\"@id\":\"https:\/\/www.asajacyl.com\/palencia\/asaja-palencia-informa\/asaja-palencia-convoca-al-sector-agroganadero-de-la-provincia-a-movilizarse-el-miercoles-14-de-febrero#primaryimage\"},\"thumbnailUrl\":\"https:\/\/www.asajacyl.com\/palencia\/wp-content\/uploads\/sites\/3\/2024\/01\/RP2-JLMarcos-movilizaciones-14febrero.jpg\",\"datePublished\":\"2024-01-31T12:35:51+00:00\",\"dateModified\":\"2024-02-06T08:20:15+00:00\",\"author\":{\"@id\":\"https:\/\/www.asajacyl.com\/palencia\/#\/schema\/person\/3ab17aeb03527485c317557fae64aab1\"},\"description\":\"ASAJA-Palencia, junto a la alianza UPA-COAG, organizaciones representativas del sector agroganadero de la provincia, llaman a la movilizaci\u00f3n el pr\u00f3ximo\",\"breadcrumb\":{\"@id\":\"https:\/\/www.asajacyl.com\/palencia\/asaja-palencia-informa\/asaja-palencia-convoca-al-sector-agroganadero-de-la-provincia-a-movilizarse-el-miercoles-14-de-febrero#breadcrumb\"},\"inLanguage\":\"es\",\"potentialAction\":[{\"@type\":\"ReadAction\",\"target\":[\"https:\/\/www.asajacyl.com\/palencia\/asaja-palencia-informa\/asaja-palencia-convoca-al-sector-agroganadero-de-la-provincia-a-movilizarse-el-miercoles-14-de-febrero\"]}]},{\"@type\":\"ImageObject\",\"inLanguage\":\"es\",\"@id\":\"https:\/\/www.asajacyl.com\/palencia\/asaja-palencia-informa\/asaja-palencia-convoca-al-sector-agroganadero-de-la-provincia-a-movilizarse-el-miercoles-14-de-febrero#primaryimage\",\"url\":\"https:\/\/www.asajacyl.com\/palencia\/wp-content\/uploads\/sites\/3\/2024\/01\/RP2-JLMarcos-movilizaciones-14febrero.jpg\",\"contentUrl\":\"https:\/\/www.asajacyl.com\/palencia\/wp-content\/uploads\/sites\/3\/2024\/01\/RP2-JLMarcos-movilizaciones-14febrero.jpg\",\"width\":1890,\"height\":1654},{\"@type\":\"BreadcrumbList\",\"@id\":\"https:\/\/www.asajacyl.com\/palencia\/asaja-palencia-informa\/asaja-palencia-convoca-al-sector-agroganadero-de-la-provincia-a-movilizarse-el-miercoles-14-de-febrero#breadcrumb\",\"itemListElement\":[{\"@type\":\"ListItem\",\"position\":1,\"name\":\"Portada\",\"item\":\"https:\/\/www.asajacyl.com\/palencia\/\"},{\"@type\":\"ListItem\",\"position\":2,\"name\":\"ASAJA-Palencia convoca al sector agroganadero de la provincia a movilizarse el mi\u00e9rcoles 14 de febrero\"}]},{\"@type\":\"WebSite\",\"@id\":\"https:\/\/www.asajacyl.com\/palencia\/#website\",\"url\":\"https:\/\/www.asajacyl.com\/palencia\/\",\"name\":\"ASAJA Palencia\",\"description\":\"Otro sitio m\u00e1s de Provincias ASAJA Castilla y Le\u00f3n\",\"potentialAction\":[{\"@type\":\"SearchAction\",\"target\":{\"@type\":\"EntryPoint\",\"urlTemplate\":\"https:\/\/www.asajacyl.com\/palencia\/?s={search_term_string}\"},\"query-input\":{\"@type\":\"PropertyValueSpecification\",\"valueRequired\":true,\"valueName\":\"search_term_string\"}}],\"inLanguage\":\"es\"},{\"@type\":\"Person\",\"@id\":\"https:\/\/www.asajacyl.com\/palencia\/#\/schema\/person\/3ab17aeb03527485c317557fae64aab1\",\"name\":\"Administrador\",\"image\":{\"@type\":\"ImageObject\",\"inLanguage\":\"es\",\"@id\":\"https:\/\/www.asajacyl.com\/palencia\/#\/schema\/person\/image\/\",\"url\":\"https:\/\/secure.gravatar.com\/avatar\/517384810d242ca9e38c180f3c9fb973?s=96&d=mm&r=g\",\"contentUrl\":\"https:\/\/secure.gravatar.com\/avatar\/517384810d242ca9e38c180f3c9fb973?s=96&d=mm&r=g\",\"caption\":\"Administrador\"},\"url\":\"https:\/\/www.asajacyl.com\/palencia\/author\/carlosrm\"}]}<\/script>\n<!-- \/ Yoast SEO plugin. -->","yoast_head_json":{"title":"ASAJA-Palencia convoca al sector agroganadero de la provincia a movilizarse el mi\u00e9rcoles 14 de febrero - ASAJA Palencia","description":"ASAJA-Palencia, junto a la alianza UPA-COAG, organizaciones representativas del sector agroganadero de la provincia, llaman a la movilizaci\u00f3n el pr\u00f3ximo","robots":{"index":"index","follow":"follow","max-snippet":"max-snippet:-1","max-image-preview":"max-image-preview:large","max-video-preview":"max-video-preview:-1"},"canonical":"https:\/\/www.asajacyl.com\/palencia\/asaja-palencia-informa\/asaja-palencia-convoca-al-sector-agroganadero-de-la-provincia-a-movilizarse-el-miercoles-14-de-febrero","og_locale":"es_ES","og_type":"article","og_title":"ASAJA-Palencia convoca al sector agroganadero de la provincia a movilizarse el mi\u00e9rcoles 14 de febrero - ASAJA Palencia","og_description":"ASAJA-Palencia, junto a la alianza UPA-COAG, organizaciones representativas del sector agroganadero de la provincia, llaman a la movilizaci\u00f3n el pr\u00f3ximo","og_url":"https:\/\/www.asajacyl.com\/palencia\/asaja-palencia-informa\/asaja-palencia-convoca-al-sector-agroganadero-de-la-provincia-a-movilizarse-el-miercoles-14-de-febrero","og_site_name":"ASAJA Palencia","article_published_time":"2024-01-31T12:35:51+00:00","article_modified_time":"2024-02-06T08:20:15+00:00","og_image":[{"width":1890,"height":1654,"url":"https:\/\/www.asajacyl.com\/palencia\/wp-content\/uploads\/sites\/3\/2024\/01\/RP2-JLMarcos-movilizaciones-14febrero.jpg","type":"image\/jpeg"}],"author":"Administrador","twitter_card":"summary_large_image","twitter_misc":{"Escrito por":"Administrador","Tiempo de lectura":"2 minutos"},"schema":{"@context":"https:\/\/schema.org","@graph":[{"@type":"WebPage","@id":"https:\/\/www.asajacyl.com\/palencia\/asaja-palencia-informa\/asaja-palencia-convoca-al-sector-agroganadero-de-la-provincia-a-movilizarse-el-miercoles-14-de-febrero","url":"https:\/\/www.asajacyl.com\/palencia\/asaja-palencia-informa\/asaja-palencia-convoca-al-sector-agroganadero-de-la-provincia-a-movilizarse-el-miercoles-14-de-febrero","name":"ASAJA-Palencia convoca al sector agroganadero de la provincia a movilizarse el mi\u00e9rcoles 14 de febrero - ASAJA Palencia","isPartOf":{"@id":"https:\/\/www.asajacyl.com\/palencia\/#website"},"primaryImageOfPage":{"@id":"https:\/\/www.asajacyl.com\/palencia\/asaja-palencia-informa\/asaja-palencia-convoca-al-sector-agroganadero-de-la-provincia-a-movilizarse-el-miercoles-14-de-febrero#primaryimage"},"image":{"@id":"https:\/\/www.asajacyl.com\/palencia\/asaja-palencia-informa\/asaja-palencia-convoca-al-sector-agroganadero-de-la-provincia-a-movilizarse-el-miercoles-14-de-febrero#primaryimage"},"thumbnailUrl":"https:\/\/www.asajacyl.com\/palencia\/wp-content\/uploads\/sites\/3\/2024\/01\/RP2-JLMarcos-movilizaciones-14febrero.jpg","datePublished":"2024-01-31T12:35:51+00:00","dateModified":"2024-02-06T08:20:15+00:00","author":{"@id":"https:\/\/www.asajacyl.com\/palencia\/#\/schema\/person\/3ab17aeb03527485c317557fae64aab1"},"description":"ASAJA-Palencia, junto a la alianza UPA-COAG, organizaciones representativas del sector agroganadero de la provincia, llaman a la movilizaci\u00f3n el pr\u00f3ximo","breadcrumb":{"@id":"https:\/\/www.asajacyl.com\/palencia\/asaja-palencia-informa\/asaja-palencia-convoca-al-sector-agroganadero-de-la-provincia-a-movilizarse-el-miercoles-14-de-febrero#breadcrumb"},"inLanguage":"es","potentialAction":[{"@type":"ReadAction","target":["https:\/\/www.asajacyl.com\/palencia\/asaja-palencia-informa\/asaja-palencia-convoca-al-sector-agroganadero-de-la-provincia-a-movilizarse-el-miercoles-14-de-febrero"]}]},{"@type":"ImageObject","inLanguage":"es","@id":"https:\/\/www.asajacyl.com\/palencia\/asaja-palencia-informa\/asaja-palencia-convoca-al-sector-agroganadero-de-la-provincia-a-movilizarse-el-miercoles-14-de-febrero#primaryimage","url":"https:\/\/www.asajacyl.com\/palencia\/wp-content\/uploads\/sites\/3\/2024\/01\/RP2-JLMarcos-movilizaciones-14febrero.jpg","contentUrl":"https:\/\/www.asajacyl.com\/palencia\/wp-content\/uploads\/sites\/3\/2024\/01\/RP2-JLMarcos-movilizaciones-14febrero.jpg","width":1890,"height":1654},{"@type":"BreadcrumbList","@id":"https:\/\/www.asajacyl.com\/palencia\/asaja-palencia-informa\/asaja-palencia-convoca-al-sector-agroganadero-de-la-provincia-a-movilizarse-el-miercoles-14-de-febrero#breadcrumb","itemListElement":[{"@type":"ListItem","position":1,"name":"Portada","item":"https:\/\/www.asajacyl.com\/palencia\/"},{"@type":"ListItem","position":2,"name":"ASAJA-Palencia convoca al sector agroganadero de la provincia a movilizarse el mi\u00e9rcoles 14 de febrero"}]},{"@type":"WebSite","@id":"https:\/\/www.asajacyl.com\/palencia\/#website","url":"https:\/\/www.asajacyl.com\/palencia\/","name":"ASAJA Palencia","description":"Otro sitio m\u00e1s de Provincias ASAJA Castilla y Le\u00f3n","potentialAction":[{"@type":"SearchAction","target":{"@type":"EntryPoint","urlTemplate":"https:\/\/www.asajacyl.com\/palencia\/?s={search_term_string}"},"query-input":{"@type":"PropertyValueSpecification","valueRequired":true,"valueName":"search_term_string"}}],"inLanguage":"es"},{"@type":"Person","@id":"https:\/\/www.asajacyl.com\/palencia\/#\/schema\/person\/3ab17aeb03527485c317557fae64aab1","name":"Administrador","image":{"@type":"ImageObject","inLanguage":"es","@id":"https:\/\/www.asajacyl.com\/palencia\/#\/schema\/person\/image\/","url":"https:\/\/secure.gravatar.com\/avatar\/517384810d242ca9e38c180f3c9fb973?s=96&d=mm&r=g","contentUrl":"https:\/\/secure.gravatar.com\/avatar\/517384810d242ca9e38c180f3c9fb973?s=96&d=mm&r=g","caption":"Administrador"},"url":"https:\/\/www.asajacyl.com\/palencia\/author\/carlosrm"}]}},"_links":{"self":[{"href":"https:\/\/www.asajacyl.com\/palencia\/wp-json\/wp\/v2\/posts\/15273"}],"collection":[{"href":"https:\/\/www.asajacyl.com\/palencia\/wp-json\/wp\/v2\/posts"}],"about":[{"href":"https:\/\/www.asajacyl.com\/palencia\/wp-json\/wp\/v2\/types\/post"}],"author":[{"embeddable":true,"href":"https:\/\/www.asajacyl.com\/palencia\/wp-json\/wp\/v2\/users\/9"}],"replies":[{"embeddable":true,"href":"https:\/\/www.asajacyl.com\/palencia\/wp-json\/wp\/v2\/comments?post=15273"}],"version-history":[{"count":2,"href":"https:\/\/www.asajacyl.com\/palencia\/wp-json\/wp\/v2\/posts\/15273\/revisions"}],"predecessor-version":[{"id":15277,"href":"https:\/\/www.asajacyl.com\/palencia\/wp-json\/wp\/v2\/posts\/15273\/revisions\/15277"}],"wp:featuredmedia":[{"embeddable":true,"href":"https:\/\/www.asajacyl.com\/palencia\/wp-json\/wp\/v2\/media\/15321"}],"wp:attachment":[{"href":"https:\/\/www.asajacyl.com\/palencia\/wp-json\/wp\/v2\/media?parent=15273"}],"wp:term":[{"taxonomy":"category","embeddable":true,"href":"https:\/\/www.asajacyl.com\/palencia\/wp-json\/wp\/v2\/categories?post=15273"},{"taxonomy":"post_tag","embeddable":true,"href":"https:\/\/www.asajacyl.com\/palencia\/wp-json\/wp\/v2\/tags?post=15273"}],"curies":[{"name":"wp","href":"https:\/\/api.w.org\/{rel}","templated":true}]}}