{"id":15329,"date":"2024-02-13T09:12:57","date_gmt":"2024-02-13T08:12:57","guid":{"rendered":"https:\/\/www.asajacyl.com\/palencia\/?p=15329"},"modified":"2024-02-13T09:13:00","modified_gmt":"2024-02-13T08:13:00","slug":"la-aplicacion-geofotos-certifica-practicas-de-tipo-plurianual-en-la-opcion-fotos-preventivas-pac-2024","status":"publish","type":"post","link":"https:\/\/www.asajacyl.com\/palencia\/asaja-palencia-informa\/la-aplicacion-geofotos-certifica-practicas-de-tipo-plurianual-en-la-opcion-fotos-preventivas-pac-2024","title":{"rendered":"La aplicaci\u00f3n Geofotos certifica pr\u00e1cticas de tipo plurianual en la opci\u00f3n &#8216;Fotos preventivas PAC 2024&#8217;"},"content":{"rendered":"\n<h2 class=\"wp-block-heading\">La aplicaci\u00f3n Geofotos de la Junta de Castilla y Le\u00f3n incorpora una opci\u00f3n \u2018Fotos Preventivas PAC 2024\u2019 para facilitar la demostraci\u00f3n del cumplimiento de medidas plurianuales en los actuales ecorreg\u00edmenes vigentes, en especial en complementos de siembra directa y de cubiertas vegetales, as\u00ed como en cualquier otro requisito que sea obligado cumplir antes de presentar la PAC.<\/h2>\n\n\n\n<p>Se pueden ir tomando fotos georrefenciadas vinculadas a los conceptos antes mencionados e irlas almacenando (por ejemplo, envi\u00e1ndolas al correo electr\u00f3nico personal) hasta el momento de presentar la PAC 2024.<\/p>\n\n\n\n<p>Usando Geofotos aseguramos una ubicaci\u00f3n precisa de la parcela y aportamos una informaci\u00f3n fiable y de calidad sobre la actuaci\u00f3n agr\u00edcola en cuesti\u00f3n. Por eso es muy aconsejable utilizar la aplicaci\u00f3n as\u00ed como mantenerla actualizada.<\/p>\n\n\n<div class=\"wp-block-image\">\n<figure class=\"alignright size-large is-resized\"><img loading=\"lazy\" decoding=\"async\" src=\"https:\/\/www.asajacyl.com\/palencia\/wp-content\/uploads\/sites\/3\/2024\/02\/Ventana-PAC-2024-Geofotos-1024x785.png\" alt=\"\" class=\"wp-image-15337\" width=\"668\" height=\"539\" \/><\/figure><\/div>\n\n\n<p>Geofotos es una aplicaci\u00f3n creada por la Consejer\u00eda de Agricultura, Ganader\u00eda y Desarrollo Rural que facilita la gesti\u00f3n de requerimientos y tr\u00e1mites administrativos, en especial los relacionados con la&nbsp;solicitud \u00fanica de las ayudas de la PAC. Est\u00e1 disponible tanto para dispositivos Android (Google Play) como iOS (App Store).&nbsp;Al final de esta informaci\u00f3n publicamos dos c\u00f3digos QR con enlace a la descarga de la aplicaci\u00f3n<\/p>\n\n\n\n<p>Esta herramienta no s\u00f3lo permite tomar fotos&nbsp;que incorporan una serie de metadatos (geolocalizaci\u00f3n, identificaci\u00f3n del interesado, tr\u00e1mite relacionado, motivo\u2026), sino que tambi\u00e9n sirve para procesar los archivos garantizando la integridad de esos metadatos, de modo que sirvan de elemento de comprobaci\u00f3n al incorporarse al tr\u00e1mite administrativo que corresponda.<\/p>\n\n\n\n<p>Geofotos permite capturar fotograf\u00edas georreferenciadas para uso propio o para enviarla a cualquier destinatario por correo electr\u00f3nico. El conjunto de metadatos de la imagen identifica la parcela y el punto donde se ha tomado.<\/p>\n\n\n\n<p>La aplicaci\u00f3n incluye adem\u00e1s un apartado que permite gestionar la respuesta a requerimientos de la administraci\u00f3n, as\u00ed como generar desde la misma herramienta&nbsp; un correo electr\u00f3nico con destinatarios prefijados seg\u00fan el requerimiento (depuraci\u00f3n administrativa, controles administrativos o alegaciones SIGPAC).<strong>\/<\/strong><\/p>\n\n\n<div class=\"wp-block-image\">\n<figure class=\"alignright size-large\"><img loading=\"lazy\" decoding=\"async\" width=\"1024\" height=\"576\" src=\"https:\/\/www.asajacyl.com\/palencia\/wp-content\/uploads\/sites\/3\/2024\/02\/Codigos-QR-Geofotos-1-1024x576.jpg\" alt=\"\" class=\"wp-image-15334\" srcset=\"https:\/\/www.asajacyl.com\/palencia\/wp-content\/uploads\/sites\/3\/2024\/02\/Codigos-QR-Geofotos-1-1024x576.jpg 1024w, https:\/\/www.asajacyl.com\/palencia\/wp-content\/uploads\/sites\/3\/2024\/02\/Codigos-QR-Geofotos-1-300x169.jpg 300w, https:\/\/www.asajacyl.com\/palencia\/wp-content\/uploads\/sites\/3\/2024\/02\/Codigos-QR-Geofotos-1-768x432.jpg 768w, https:\/\/www.asajacyl.com\/palencia\/wp-content\/uploads\/sites\/3\/2024\/02\/Codigos-QR-Geofotos-1-1536x864.jpg 1536w, https:\/\/www.asajacyl.com\/palencia\/wp-content\/uploads\/sites\/3\/2024\/02\/Codigos-QR-Geofotos-1-2048x1152.jpg 2048w, https:\/\/www.asajacyl.com\/palencia\/wp-content\/uploads\/sites\/3\/2024\/02\/Codigos-QR-Geofotos-1-696x391.jpg 696w, https:\/\/www.asajacyl.com\/palencia\/wp-content\/uploads\/sites\/3\/2024\/02\/Codigos-QR-Geofotos-1-1068x601.jpg 1068w, https:\/\/www.asajacyl.com\/palencia\/wp-content\/uploads\/sites\/3\/2024\/02\/Codigos-QR-Geofotos-1-1920x1080.jpg 1920w, https:\/\/www.asajacyl.com\/palencia\/wp-content\/uploads\/sites\/3\/2024\/02\/Codigos-QR-Geofotos-1-747x420.jpg 747w\" sizes=\"(max-width: 1024px) 100vw, 1024px\" \/><\/figure><\/div>\n\n","protected":false},"excerpt":{"rendered":"<p>La aplicaci\u00f3n Geofotos de la Junta de Castilla y Le\u00f3n incorpora una opci\u00f3n \u2018Fotos Preventivas PAC 2024\u2019 para facilitar la demostraci\u00f3n del cumplimiento de medidas plurianuales en los actuales ecorreg\u00edmenes vigentes, en especial en complementos de siembra directa y de cubiertas vegetales, as\u00ed como en cualquier otro requisito que sea obligado cumplir antes de presentar [&hellip;]<\/p>\n","protected":false},"author":9,"featured_media":15337,"comment_status":"open","ping_status":"open","sticky":false,"template":"","format":"standard","meta":{"footnotes":""},"categories":[9,28],"tags":[58,142,345,705,704,66,693,229],"yoast_head":"<!-- This site is optimized with the Yoast SEO plugin v24.5 - https:\/\/yoast.com\/wordpress\/plugins\/seo\/ -->\n<title>La aplicaci\u00f3n Geofotos certifica pr\u00e1cticas de tipo plurianual en la opci\u00f3n &#039;Fotos preventivas PAC 2024&#039; - ASAJA Palencia<\/title>\n<meta name=\"description\" content=\"La aplicaci\u00f3n Geofotos de la Junta de Castilla y Le\u00f3n incorpora una opci\u00f3n \u2018Fotos Preventivas PAC 2024\u2019 para facilitar la demostraci\u00f3n del cumplimiento de\" \/>\n<meta name=\"robots\" content=\"index, follow, max-snippet:-1, max-image-preview:large, max-video-preview:-1\" \/>\n<link rel=\"canonical\" href=\"https:\/\/www.asajacyl.com\/palencia\/asaja-palencia-informa\/la-aplicacion-geofotos-certifica-practicas-de-tipo-plurianual-en-la-opcion-fotos-preventivas-pac-2024\" \/>\n<meta property=\"og:locale\" content=\"es_ES\" \/>\n<meta property=\"og:type\" content=\"article\" \/>\n<meta property=\"og:title\" content=\"La aplicaci\u00f3n Geofotos certifica pr\u00e1cticas de tipo plurianual en la opci\u00f3n &#039;Fotos preventivas PAC 2024&#039; - ASAJA Palencia\" \/>\n<meta property=\"og:description\" content=\"La aplicaci\u00f3n Geofotos de la Junta de Castilla y Le\u00f3n incorpora una opci\u00f3n \u2018Fotos Preventivas PAC 2024\u2019 para facilitar la demostraci\u00f3n del cumplimiento de\" \/>\n<meta property=\"og:url\" content=\"https:\/\/www.asajacyl.com\/palencia\/asaja-palencia-informa\/la-aplicacion-geofotos-certifica-practicas-de-tipo-plurianual-en-la-opcion-fotos-preventivas-pac-2024\" \/>\n<meta property=\"og:site_name\" content=\"ASAJA Palencia\" \/>\n<meta property=\"article:published_time\" content=\"2024-02-13T08:12:57+00:00\" \/>\n<meta property=\"article:modified_time\" content=\"2024-02-13T08:13:00+00:00\" \/>\n<meta property=\"og:image\" content=\"https:\/\/www.asajacyl.com\/palencia\/wp-content\/uploads\/sites\/3\/2024\/02\/Ventana-PAC-2024-Geofotos.png\" \/>\n\t<meta property=\"og:image:width\" content=\"2500\" \/>\n\t<meta property=\"og:image:height\" content=\"1916\" \/>\n\t<meta property=\"og:image:type\" content=\"image\/png\" \/>\n<meta name=\"author\" content=\"Administrador\" \/>\n<meta name=\"twitter:card\" content=\"summary_large_image\" \/>\n<meta name=\"twitter:label1\" content=\"Escrito por\" \/>\n\t<meta name=\"twitter:data1\" content=\"Administrador\" \/>\n\t<meta name=\"twitter:label2\" content=\"Tiempo de lectura\" \/>\n\t<meta name=\"twitter:data2\" content=\"2 minutos\" \/>\n<script type=\"application\/ld+json\" class=\"yoast-schema-graph\">{\"@context\":\"https:\/\/schema.org\",\"@graph\":[{\"@type\":\"WebPage\",\"@id\":\"https:\/\/www.asajacyl.com\/palencia\/asaja-palencia-informa\/la-aplicacion-geofotos-certifica-practicas-de-tipo-plurianual-en-la-opcion-fotos-preventivas-pac-2024\",\"url\":\"https:\/\/www.asajacyl.com\/palencia\/asaja-palencia-informa\/la-aplicacion-geofotos-certifica-practicas-de-tipo-plurianual-en-la-opcion-fotos-preventivas-pac-2024\",\"name\":\"La aplicaci\u00f3n Geofotos certifica pr\u00e1cticas de tipo plurianual en la opci\u00f3n 'Fotos preventivas PAC 2024' - ASAJA Palencia\",\"isPartOf\":{\"@id\":\"https:\/\/www.asajacyl.com\/palencia\/#website\"},\"primaryImageOfPage\":{\"@id\":\"https:\/\/www.asajacyl.com\/palencia\/asaja-palencia-informa\/la-aplicacion-geofotos-certifica-practicas-de-tipo-plurianual-en-la-opcion-fotos-preventivas-pac-2024#primaryimage\"},\"image\":{\"@id\":\"https:\/\/www.asajacyl.com\/palencia\/asaja-palencia-informa\/la-aplicacion-geofotos-certifica-practicas-de-tipo-plurianual-en-la-opcion-fotos-preventivas-pac-2024#primaryimage\"},\"thumbnailUrl\":\"https:\/\/www.asajacyl.com\/palencia\/wp-content\/uploads\/sites\/3\/2024\/02\/Ventana-PAC-2024-Geofotos.png\",\"datePublished\":\"2024-02-13T08:12:57+00:00\",\"dateModified\":\"2024-02-13T08:13:00+00:00\",\"author\":{\"@id\":\"https:\/\/www.asajacyl.com\/palencia\/#\/schema\/person\/3ab17aeb03527485c317557fae64aab1\"},\"description\":\"La aplicaci\u00f3n Geofotos de la Junta de Castilla y Le\u00f3n incorpora una opci\u00f3n \u2018Fotos Preventivas PAC 2024\u2019 para facilitar la demostraci\u00f3n del cumplimiento de\",\"breadcrumb\":{\"@id\":\"https:\/\/www.asajacyl.com\/palencia\/asaja-palencia-informa\/la-aplicacion-geofotos-certifica-practicas-de-tipo-plurianual-en-la-opcion-fotos-preventivas-pac-2024#breadcrumb\"},\"inLanguage\":\"es\",\"potentialAction\":[{\"@type\":\"ReadAction\",\"target\":[\"https:\/\/www.asajacyl.com\/palencia\/asaja-palencia-informa\/la-aplicacion-geofotos-certifica-practicas-de-tipo-plurianual-en-la-opcion-fotos-preventivas-pac-2024\"]}]},{\"@type\":\"ImageObject\",\"inLanguage\":\"es\",\"@id\":\"https:\/\/www.asajacyl.com\/palencia\/asaja-palencia-informa\/la-aplicacion-geofotos-certifica-practicas-de-tipo-plurianual-en-la-opcion-fotos-preventivas-pac-2024#primaryimage\",\"url\":\"https:\/\/www.asajacyl.com\/palencia\/wp-content\/uploads\/sites\/3\/2024\/02\/Ventana-PAC-2024-Geofotos.png\",\"contentUrl\":\"https:\/\/www.asajacyl.com\/palencia\/wp-content\/uploads\/sites\/3\/2024\/02\/Ventana-PAC-2024-Geofotos.png\",\"width\":2500,\"height\":1916},{\"@type\":\"BreadcrumbList\",\"@id\":\"https:\/\/www.asajacyl.com\/palencia\/asaja-palencia-informa\/la-aplicacion-geofotos-certifica-practicas-de-tipo-plurianual-en-la-opcion-fotos-preventivas-pac-2024#breadcrumb\",\"itemListElement\":[{\"@type\":\"ListItem\",\"position\":1,\"name\":\"Portada\",\"item\":\"https:\/\/www.asajacyl.com\/palencia\/\"},{\"@type\":\"ListItem\",\"position\":2,\"name\":\"La aplicaci\u00f3n Geofotos certifica pr\u00e1cticas de tipo plurianual en la opci\u00f3n &#8216;Fotos preventivas PAC 2024&#8217;\"}]},{\"@type\":\"WebSite\",\"@id\":\"https:\/\/www.asajacyl.com\/palencia\/#website\",\"url\":\"https:\/\/www.asajacyl.com\/palencia\/\",\"name\":\"ASAJA Palencia\",\"description\":\"Otro sitio m\u00e1s de Provincias ASAJA Castilla y Le\u00f3n\",\"potentialAction\":[{\"@type\":\"SearchAction\",\"target\":{\"@type\":\"EntryPoint\",\"urlTemplate\":\"https:\/\/www.asajacyl.com\/palencia\/?s={search_term_string}\"},\"query-input\":{\"@type\":\"PropertyValueSpecification\",\"valueRequired\":true,\"valueName\":\"search_term_string\"}}],\"inLanguage\":\"es\"},{\"@type\":\"Person\",\"@id\":\"https:\/\/www.asajacyl.com\/palencia\/#\/schema\/person\/3ab17aeb03527485c317557fae64aab1\",\"name\":\"Administrador\",\"image\":{\"@type\":\"ImageObject\",\"inLanguage\":\"es\",\"@id\":\"https:\/\/www.asajacyl.com\/palencia\/#\/schema\/person\/image\/\",\"url\":\"https:\/\/secure.gravatar.com\/avatar\/517384810d242ca9e38c180f3c9fb973?s=96&d=mm&r=g\",\"contentUrl\":\"https:\/\/secure.gravatar.com\/avatar\/517384810d242ca9e38c180f3c9fb973?s=96&d=mm&r=g\",\"caption\":\"Administrador\"},\"url\":\"https:\/\/www.asajacyl.com\/palencia\/author\/carlosrm\"}]}<\/script>\n<!-- \/ Yoast SEO plugin. -->","yoast_head_json":{"title":"La aplicaci\u00f3n Geofotos certifica pr\u00e1cticas de tipo plurianual en la opci\u00f3n 'Fotos preventivas PAC 2024' - ASAJA Palencia","description":"La aplicaci\u00f3n Geofotos de la Junta de Castilla y Le\u00f3n incorpora una opci\u00f3n \u2018Fotos Preventivas PAC 2024\u2019 para facilitar la demostraci\u00f3n del cumplimiento de","robots":{"index":"index","follow":"follow","max-snippet":"max-snippet:-1","max-image-preview":"max-image-preview:large","max-video-preview":"max-video-preview:-1"},"canonical":"https:\/\/www.asajacyl.com\/palencia\/asaja-palencia-informa\/la-aplicacion-geofotos-certifica-practicas-de-tipo-plurianual-en-la-opcion-fotos-preventivas-pac-2024","og_locale":"es_ES","og_type":"article","og_title":"La aplicaci\u00f3n Geofotos certifica pr\u00e1cticas de tipo plurianual en la opci\u00f3n 'Fotos preventivas PAC 2024' - ASAJA Palencia","og_description":"La aplicaci\u00f3n Geofotos de la Junta de Castilla y Le\u00f3n incorpora una opci\u00f3n \u2018Fotos Preventivas PAC 2024\u2019 para facilitar la demostraci\u00f3n del cumplimiento de","og_url":"https:\/\/www.asajacyl.com\/palencia\/asaja-palencia-informa\/la-aplicacion-geofotos-certifica-practicas-de-tipo-plurianual-en-la-opcion-fotos-preventivas-pac-2024","og_site_name":"ASAJA Palencia","article_published_time":"2024-02-13T08:12:57+00:00","article_modified_time":"2024-02-13T08:13:00+00:00","og_image":[{"width":2500,"height":1916,"url":"https:\/\/www.asajacyl.com\/palencia\/wp-content\/uploads\/sites\/3\/2024\/02\/Ventana-PAC-2024-Geofotos.png","type":"image\/png"}],"author":"Administrador","twitter_card":"summary_large_image","twitter_misc":{"Escrito por":"Administrador","Tiempo de lectura":"2 minutos"},"schema":{"@context":"https:\/\/schema.org","@graph":[{"@type":"WebPage","@id":"https:\/\/www.asajacyl.com\/palencia\/asaja-palencia-informa\/la-aplicacion-geofotos-certifica-practicas-de-tipo-plurianual-en-la-opcion-fotos-preventivas-pac-2024","url":"https:\/\/www.asajacyl.com\/palencia\/asaja-palencia-informa\/la-aplicacion-geofotos-certifica-practicas-de-tipo-plurianual-en-la-opcion-fotos-preventivas-pac-2024","name":"La aplicaci\u00f3n Geofotos certifica pr\u00e1cticas de tipo plurianual en la opci\u00f3n 'Fotos preventivas PAC 2024' - ASAJA Palencia","isPartOf":{"@id":"https:\/\/www.asajacyl.com\/palencia\/#website"},"primaryImageOfPage":{"@id":"https:\/\/www.asajacyl.com\/palencia\/asaja-palencia-informa\/la-aplicacion-geofotos-certifica-practicas-de-tipo-plurianual-en-la-opcion-fotos-preventivas-pac-2024#primaryimage"},"image":{"@id":"https:\/\/www.asajacyl.com\/palencia\/asaja-palencia-informa\/la-aplicacion-geofotos-certifica-practicas-de-tipo-plurianual-en-la-opcion-fotos-preventivas-pac-2024#primaryimage"},"thumbnailUrl":"https:\/\/www.asajacyl.com\/palencia\/wp-content\/uploads\/sites\/3\/2024\/02\/Ventana-PAC-2024-Geofotos.png","datePublished":"2024-02-13T08:12:57+00:00","dateModified":"2024-02-13T08:13:00+00:00","author":{"@id":"https:\/\/www.asajacyl.com\/palencia\/#\/schema\/person\/3ab17aeb03527485c317557fae64aab1"},"description":"La aplicaci\u00f3n Geofotos de la Junta de Castilla y Le\u00f3n incorpora una opci\u00f3n \u2018Fotos Preventivas PAC 2024\u2019 para facilitar la demostraci\u00f3n del cumplimiento de","breadcrumb":{"@id":"https:\/\/www.asajacyl.com\/palencia\/asaja-palencia-informa\/la-aplicacion-geofotos-certifica-practicas-de-tipo-plurianual-en-la-opcion-fotos-preventivas-pac-2024#breadcrumb"},"inLanguage":"es","potentialAction":[{"@type":"ReadAction","target":["https:\/\/www.asajacyl.com\/palencia\/asaja-palencia-informa\/la-aplicacion-geofotos-certifica-practicas-de-tipo-plurianual-en-la-opcion-fotos-preventivas-pac-2024"]}]},{"@type":"ImageObject","inLanguage":"es","@id":"https:\/\/www.asajacyl.com\/palencia\/asaja-palencia-informa\/la-aplicacion-geofotos-certifica-practicas-de-tipo-plurianual-en-la-opcion-fotos-preventivas-pac-2024#primaryimage","url":"https:\/\/www.asajacyl.com\/palencia\/wp-content\/uploads\/sites\/3\/2024\/02\/Ventana-PAC-2024-Geofotos.png","contentUrl":"https:\/\/www.asajacyl.com\/palencia\/wp-content\/uploads\/sites\/3\/2024\/02\/Ventana-PAC-2024-Geofotos.png","width":2500,"height":1916},{"@type":"BreadcrumbList","@id":"https:\/\/www.asajacyl.com\/palencia\/asaja-palencia-informa\/la-aplicacion-geofotos-certifica-practicas-de-tipo-plurianual-en-la-opcion-fotos-preventivas-pac-2024#breadcrumb","itemListElement":[{"@type":"ListItem","position":1,"name":"Portada","item":"https:\/\/www.asajacyl.com\/palencia\/"},{"@type":"ListItem","position":2,"name":"La aplicaci\u00f3n Geofotos certifica pr\u00e1cticas de tipo plurianual en la opci\u00f3n &#8216;Fotos preventivas PAC 2024&#8217;"}]},{"@type":"WebSite","@id":"https:\/\/www.asajacyl.com\/palencia\/#website","url":"https:\/\/www.asajacyl.com\/palencia\/","name":"ASAJA Palencia","description":"Otro sitio m\u00e1s de Provincias ASAJA Castilla y Le\u00f3n","potentialAction":[{"@type":"SearchAction","target":{"@type":"EntryPoint","urlTemplate":"https:\/\/www.asajacyl.com\/palencia\/?s={search_term_string}"},"query-input":{"@type":"PropertyValueSpecification","valueRequired":true,"valueName":"search_term_string"}}],"inLanguage":"es"},{"@type":"Person","@id":"https:\/\/www.asajacyl.com\/palencia\/#\/schema\/person\/3ab17aeb03527485c317557fae64aab1","name":"Administrador","image":{"@type":"ImageObject","inLanguage":"es","@id":"https:\/\/www.asajacyl.com\/palencia\/#\/schema\/person\/image\/","url":"https:\/\/secure.gravatar.com\/avatar\/517384810d242ca9e38c180f3c9fb973?s=96&d=mm&r=g","contentUrl":"https:\/\/secure.gravatar.com\/avatar\/517384810d242ca9e38c180f3c9fb973?s=96&d=mm&r=g","caption":"Administrador"},"url":"https:\/\/www.asajacyl.com\/palencia\/author\/carlosrm"}]}},"_links":{"self":[{"href":"https:\/\/www.asajacyl.com\/palencia\/wp-json\/wp\/v2\/posts\/15329"}],"collection":[{"href":"https:\/\/www.asajacyl.com\/palencia\/wp-json\/wp\/v2\/posts"}],"about":[{"href":"https:\/\/www.asajacyl.com\/palencia\/wp-json\/wp\/v2\/types\/post"}],"author":[{"embeddable":true,"href":"https:\/\/www.asajacyl.com\/palencia\/wp-json\/wp\/v2\/users\/9"}],"replies":[{"embeddable":true,"href":"https:\/\/www.asajacyl.com\/palencia\/wp-json\/wp\/v2\/comments?post=15329"}],"version-history":[{"count":6,"href":"https:\/\/www.asajacyl.com\/palencia\/wp-json\/wp\/v2\/posts\/15329\/revisions"}],"predecessor-version":[{"id":15376,"href":"https:\/\/www.asajacyl.com\/palencia\/wp-json\/wp\/v2\/posts\/15329\/revisions\/15376"}],"wp:featuredmedia":[{"embeddable":true,"href":"https:\/\/www.asajacyl.com\/palencia\/wp-json\/wp\/v2\/media\/15337"}],"wp:attachment":[{"href":"https:\/\/www.asajacyl.com\/palencia\/wp-json\/wp\/v2\/media?parent=15329"}],"wp:term":[{"taxonomy":"category","embeddable":true,"href":"https:\/\/www.asajacyl.com\/palencia\/wp-json\/wp\/v2\/categories?post=15329"},{"taxonomy":"post_tag","embeddable":true,"href":"https:\/\/www.asajacyl.com\/palencia\/wp-json\/wp\/v2\/tags?post=15329"}],"curies":[{"name":"wp","href":"https:\/\/api.w.org\/{rel}","templated":true}]}}