{"id":15390,"date":"2024-02-14T13:00:00","date_gmt":"2024-02-14T12:00:00","guid":{"rendered":"https:\/\/www.asajacyl.com\/palencia\/?p=15390"},"modified":"2024-02-27T09:02:55","modified_gmt":"2024-02-27T08:02:55","slug":"asaja-palencia-fletara-autobuses-para-la-manifestacion-del-lunes-26-de-febrero-en-madrid","status":"publish","type":"post","link":"https:\/\/www.asajacyl.com\/palencia\/asaja-palencia-informa\/asaja-palencia-fletara-autobuses-para-la-manifestacion-del-lunes-26-de-febrero-en-madrid","title":{"rendered":"ASAJA-Palencia fletar\u00e1 buses para la manifestaci\u00f3n del campo espa\u00f1ol del lunes 26 de febrero en Madrid"},"content":{"rendered":"\n<h2 class=\"wp-block-heading\">ASAJA-Palencia fletar\u00e1 autobuses para los socios y familiares que quieran acudir a la gran manifestaci\u00f3n que nuestra organizaci\u00f3n, junto con la alianza UPA-COAG, ha convocado en Madrid para el pr\u00f3ximo lunes 26 de febrero, coincidiendo con la celebraci\u00f3n en la capital de Espa\u00f1a del consejo de ministros de Agricultura de la Uni\u00f3n Europea. Los interesados en reservar plaza deben ponerse en contacto cuanto antes con nuestras oficinas (979 752 344 \/ 979 752 336).<\/h2>\n\n\n<div class=\"wp-block-image\">\n<figure class=\"alignright size-full is-resized\"><img loading=\"lazy\" decoding=\"async\" src=\"https:\/\/www.asajacyl.com\/palencia\/wp-content\/uploads\/sites\/3\/2024\/02\/Rutas-26-F-a-Madrid.jpg\" alt=\"\" class=\"wp-image-15421\" width=\"558\" height=\"815\" \/><\/figure><\/div>\n\n\n<p>La manifestaci\u00f3n, a la que tambi\u00e9n acudir\u00e1n profesionales del campo con sus tractores para circular por la capital de Espa\u00f1a, partir\u00e1 a las doce del mediod\u00eda desde la sede del Ministerio de Agricultura, Pesca y Alimentaci\u00f3n (MAPA), el Palacio de Fomento, situado en el n\u00famero uno del Paseo de Santa Isabel, junto a la estaci\u00f3n de ferrocarril de Atocha. Los manifestantes marchar\u00e1n despu\u00e9s hasta la sede de la Representaci\u00f3n de la Comisi\u00f3n Europea en Espa\u00f1a, en el Paseo de la Castellana, 46.<\/p>\n\n\n\n<p>Con miles de participantes de todos los sectores agroganaderos, el campo espa\u00f1ol se est\u00e1 manifestando en todo el pa\u00eds desde los primeros d\u00edas de este mes de febrero, unas protestas que ASAJA y las otras organizaciones profesionales agrarias con la que va en unidad de acci\u00f3n a nivel nacional, COAG y UPA, llevar\u00e1n a Madrid coincidiendo con la reuni\u00f3n del Consejo de Ministros de Agricultura de la Uni\u00f3n Europea, este pr\u00f3ximo lunes 26 de febrero. <\/p>\n\n\n\n<p><strong>MOVILIZACI\u00d3N EUROPEA. <\/strong>Las demandas de los productores de alimentos se dirigen a las administraciones p\u00fablicas competentes a todos los niveles: europeo, nacional y auton\u00f3mico. A todas ellas se les est\u00e1 reclamando que escuchen las peticiones de los profesionales del campo y que se impulsen las reformas y las pol\u00edticas que est\u00e1n demandando los agricultores y los ganaderos de Espa\u00f1a, que en gran medida coinciden con lo que plantean sus hom\u00f3logos en otros pa\u00edses de la Uni\u00f3n Europea.<\/p>\n\n\n\n<p>ASAJA considera que los ministros de Agricultura deben actuar con urgencia y aprobar reformas en asuntos como la cadena alimentaria, los acuerdos comerciales con pa\u00edses extracomunitarios, la simplificaci\u00f3n burocr\u00e1tica y la flexibilizaci\u00f3n de la PAC, entre otros. Asimismo,&nbsp;al Gobierno de Espa\u00f1a le viene reclamando nuestra organizaci\u00f3n que, adem\u00e1s de impulsar los cambios que propone el sector agroganadero a nivel nacional, tambi\u00e9n lidere en Europa estas peticiones justas, necesarias y leg\u00edtimas.<strong>\/<\/strong> <\/p>\n\n\n\n<p><\/p>\n\n\n\n<p><\/p>\n","protected":false},"excerpt":{"rendered":"<p>ASAJA-Palencia fletar\u00e1 autobuses para los socios y familiares que quieran acudir a la gran manifestaci\u00f3n que nuestra organizaci\u00f3n, junto con la alianza UPA-COAG, ha convocado en Madrid para el pr\u00f3ximo lunes 26 de febrero, coincidiendo con la celebraci\u00f3n en la capital de Espa\u00f1a del consejo de ministros de Agricultura de la Uni\u00f3n Europea. Los interesados [&hellip;]<\/p>\n","protected":false},"author":9,"featured_media":15411,"comment_status":"open","ping_status":"open","sticky":false,"template":"","format":"standard","meta":{"footnotes":""},"categories":[9,28],"tags":[711,712,708,58,260,351,77,110,710,338,44],"yoast_head":"<!-- This site is optimized with the Yoast SEO plugin v24.5 - https:\/\/yoast.com\/wordpress\/plugins\/seo\/ -->\n<title>ASAJA-Palencia fletar\u00e1 buses para la manifestaci\u00f3n del campo espa\u00f1ol del lunes 26 de febrero en Madrid - ASAJA Palencia<\/title>\n<meta name=\"description\" content=\"ASAJA-Palencia fletar\u00e1 autobuses para los socios y familiares que quieran acudir a la gran manifestaci\u00f3n que nuestra organizaci\u00f3n, junto con la alianza\" \/>\n<meta name=\"robots\" content=\"index, follow, max-snippet:-1, max-image-preview:large, max-video-preview:-1\" \/>\n<link rel=\"canonical\" href=\"https:\/\/www.asajacyl.com\/palencia\/asaja-palencia-informa\/asaja-palencia-fletara-autobuses-para-la-manifestacion-del-lunes-26-de-febrero-en-madrid\" \/>\n<meta property=\"og:locale\" content=\"es_ES\" \/>\n<meta property=\"og:type\" content=\"article\" \/>\n<meta property=\"og:title\" content=\"ASAJA-Palencia fletar\u00e1 buses para la manifestaci\u00f3n del campo espa\u00f1ol del lunes 26 de febrero en Madrid - ASAJA Palencia\" \/>\n<meta property=\"og:description\" content=\"ASAJA-Palencia fletar\u00e1 autobuses para los socios y familiares que quieran acudir a la gran manifestaci\u00f3n que nuestra organizaci\u00f3n, junto con la alianza\" \/>\n<meta property=\"og:url\" content=\"https:\/\/www.asajacyl.com\/palencia\/asaja-palencia-informa\/asaja-palencia-fletara-autobuses-para-la-manifestacion-del-lunes-26-de-febrero-en-madrid\" \/>\n<meta property=\"og:site_name\" content=\"ASAJA Palencia\" \/>\n<meta property=\"article:published_time\" content=\"2024-02-14T12:00:00+00:00\" \/>\n<meta property=\"article:modified_time\" content=\"2024-02-27T08:02:55+00:00\" \/>\n<meta property=\"og:image\" content=\"https:\/\/www.asajacyl.com\/palencia\/wp-content\/uploads\/sites\/3\/2024\/02\/Movilizacion-web-Ministerio.jpg\" \/>\n\t<meta property=\"og:image:width\" content=\"802\" \/>\n\t<meta property=\"og:image:height\" content=\"702\" \/>\n\t<meta property=\"og:image:type\" content=\"image\/jpeg\" \/>\n<meta name=\"author\" content=\"Administrador\" \/>\n<meta name=\"twitter:card\" content=\"summary_large_image\" \/>\n<meta name=\"twitter:label1\" content=\"Escrito por\" \/>\n\t<meta name=\"twitter:data1\" content=\"Administrador\" \/>\n\t<meta name=\"twitter:label2\" content=\"Tiempo de lectura\" \/>\n\t<meta name=\"twitter:data2\" content=\"3 minutos\" \/>\n<script type=\"application\/ld+json\" class=\"yoast-schema-graph\">{\"@context\":\"https:\/\/schema.org\",\"@graph\":[{\"@type\":\"WebPage\",\"@id\":\"https:\/\/www.asajacyl.com\/palencia\/asaja-palencia-informa\/asaja-palencia-fletara-autobuses-para-la-manifestacion-del-lunes-26-de-febrero-en-madrid\",\"url\":\"https:\/\/www.asajacyl.com\/palencia\/asaja-palencia-informa\/asaja-palencia-fletara-autobuses-para-la-manifestacion-del-lunes-26-de-febrero-en-madrid\",\"name\":\"ASAJA-Palencia fletar\u00e1 buses para la manifestaci\u00f3n del campo espa\u00f1ol del lunes 26 de febrero en Madrid - ASAJA Palencia\",\"isPartOf\":{\"@id\":\"https:\/\/www.asajacyl.com\/palencia\/#website\"},\"primaryImageOfPage\":{\"@id\":\"https:\/\/www.asajacyl.com\/palencia\/asaja-palencia-informa\/asaja-palencia-fletara-autobuses-para-la-manifestacion-del-lunes-26-de-febrero-en-madrid#primaryimage\"},\"image\":{\"@id\":\"https:\/\/www.asajacyl.com\/palencia\/asaja-palencia-informa\/asaja-palencia-fletara-autobuses-para-la-manifestacion-del-lunes-26-de-febrero-en-madrid#primaryimage\"},\"thumbnailUrl\":\"https:\/\/www.asajacyl.com\/palencia\/wp-content\/uploads\/sites\/3\/2024\/02\/Movilizacion-web-Ministerio.jpg\",\"datePublished\":\"2024-02-14T12:00:00+00:00\",\"dateModified\":\"2024-02-27T08:02:55+00:00\",\"author\":{\"@id\":\"https:\/\/www.asajacyl.com\/palencia\/#\/schema\/person\/3ab17aeb03527485c317557fae64aab1\"},\"description\":\"ASAJA-Palencia fletar\u00e1 autobuses para los socios y familiares que quieran acudir a la gran manifestaci\u00f3n que nuestra organizaci\u00f3n, junto con la alianza\",\"breadcrumb\":{\"@id\":\"https:\/\/www.asajacyl.com\/palencia\/asaja-palencia-informa\/asaja-palencia-fletara-autobuses-para-la-manifestacion-del-lunes-26-de-febrero-en-madrid#breadcrumb\"},\"inLanguage\":\"es\",\"potentialAction\":[{\"@type\":\"ReadAction\",\"target\":[\"https:\/\/www.asajacyl.com\/palencia\/asaja-palencia-informa\/asaja-palencia-fletara-autobuses-para-la-manifestacion-del-lunes-26-de-febrero-en-madrid\"]}]},{\"@type\":\"ImageObject\",\"inLanguage\":\"es\",\"@id\":\"https:\/\/www.asajacyl.com\/palencia\/asaja-palencia-informa\/asaja-palencia-fletara-autobuses-para-la-manifestacion-del-lunes-26-de-febrero-en-madrid#primaryimage\",\"url\":\"https:\/\/www.asajacyl.com\/palencia\/wp-content\/uploads\/sites\/3\/2024\/02\/Movilizacion-web-Ministerio.jpg\",\"contentUrl\":\"https:\/\/www.asajacyl.com\/palencia\/wp-content\/uploads\/sites\/3\/2024\/02\/Movilizacion-web-Ministerio.jpg\",\"width\":802,\"height\":702},{\"@type\":\"BreadcrumbList\",\"@id\":\"https:\/\/www.asajacyl.com\/palencia\/asaja-palencia-informa\/asaja-palencia-fletara-autobuses-para-la-manifestacion-del-lunes-26-de-febrero-en-madrid#breadcrumb\",\"itemListElement\":[{\"@type\":\"ListItem\",\"position\":1,\"name\":\"Portada\",\"item\":\"https:\/\/www.asajacyl.com\/palencia\/\"},{\"@type\":\"ListItem\",\"position\":2,\"name\":\"ASAJA-Palencia fletar\u00e1 buses para la manifestaci\u00f3n del campo espa\u00f1ol del lunes 26 de febrero en Madrid\"}]},{\"@type\":\"WebSite\",\"@id\":\"https:\/\/www.asajacyl.com\/palencia\/#website\",\"url\":\"https:\/\/www.asajacyl.com\/palencia\/\",\"name\":\"ASAJA Palencia\",\"description\":\"Otro sitio m\u00e1s de Provincias ASAJA Castilla y Le\u00f3n\",\"potentialAction\":[{\"@type\":\"SearchAction\",\"target\":{\"@type\":\"EntryPoint\",\"urlTemplate\":\"https:\/\/www.asajacyl.com\/palencia\/?s={search_term_string}\"},\"query-input\":{\"@type\":\"PropertyValueSpecification\",\"valueRequired\":true,\"valueName\":\"search_term_string\"}}],\"inLanguage\":\"es\"},{\"@type\":\"Person\",\"@id\":\"https:\/\/www.asajacyl.com\/palencia\/#\/schema\/person\/3ab17aeb03527485c317557fae64aab1\",\"name\":\"Administrador\",\"image\":{\"@type\":\"ImageObject\",\"inLanguage\":\"es\",\"@id\":\"https:\/\/www.asajacyl.com\/palencia\/#\/schema\/person\/image\/\",\"url\":\"https:\/\/secure.gravatar.com\/avatar\/517384810d242ca9e38c180f3c9fb973?s=96&d=mm&r=g\",\"contentUrl\":\"https:\/\/secure.gravatar.com\/avatar\/517384810d242ca9e38c180f3c9fb973?s=96&d=mm&r=g\",\"caption\":\"Administrador\"},\"url\":\"https:\/\/www.asajacyl.com\/palencia\/author\/carlosrm\"}]}<\/script>\n<!-- \/ Yoast SEO plugin. -->","yoast_head_json":{"title":"ASAJA-Palencia fletar\u00e1 buses para la manifestaci\u00f3n del campo espa\u00f1ol del lunes 26 de febrero en Madrid - ASAJA Palencia","description":"ASAJA-Palencia fletar\u00e1 autobuses para los socios y familiares que quieran acudir a la gran manifestaci\u00f3n que nuestra organizaci\u00f3n, junto con la alianza","robots":{"index":"index","follow":"follow","max-snippet":"max-snippet:-1","max-image-preview":"max-image-preview:large","max-video-preview":"max-video-preview:-1"},"canonical":"https:\/\/www.asajacyl.com\/palencia\/asaja-palencia-informa\/asaja-palencia-fletara-autobuses-para-la-manifestacion-del-lunes-26-de-febrero-en-madrid","og_locale":"es_ES","og_type":"article","og_title":"ASAJA-Palencia fletar\u00e1 buses para la manifestaci\u00f3n del campo espa\u00f1ol del lunes 26 de febrero en Madrid - ASAJA Palencia","og_description":"ASAJA-Palencia fletar\u00e1 autobuses para los socios y familiares que quieran acudir a la gran manifestaci\u00f3n que nuestra organizaci\u00f3n, junto con la alianza","og_url":"https:\/\/www.asajacyl.com\/palencia\/asaja-palencia-informa\/asaja-palencia-fletara-autobuses-para-la-manifestacion-del-lunes-26-de-febrero-en-madrid","og_site_name":"ASAJA Palencia","article_published_time":"2024-02-14T12:00:00+00:00","article_modified_time":"2024-02-27T08:02:55+00:00","og_image":[{"width":802,"height":702,"url":"https:\/\/www.asajacyl.com\/palencia\/wp-content\/uploads\/sites\/3\/2024\/02\/Movilizacion-web-Ministerio.jpg","type":"image\/jpeg"}],"author":"Administrador","twitter_card":"summary_large_image","twitter_misc":{"Escrito por":"Administrador","Tiempo de lectura":"3 minutos"},"schema":{"@context":"https:\/\/schema.org","@graph":[{"@type":"WebPage","@id":"https:\/\/www.asajacyl.com\/palencia\/asaja-palencia-informa\/asaja-palencia-fletara-autobuses-para-la-manifestacion-del-lunes-26-de-febrero-en-madrid","url":"https:\/\/www.asajacyl.com\/palencia\/asaja-palencia-informa\/asaja-palencia-fletara-autobuses-para-la-manifestacion-del-lunes-26-de-febrero-en-madrid","name":"ASAJA-Palencia fletar\u00e1 buses para la manifestaci\u00f3n del campo espa\u00f1ol del lunes 26 de febrero en Madrid - ASAJA Palencia","isPartOf":{"@id":"https:\/\/www.asajacyl.com\/palencia\/#website"},"primaryImageOfPage":{"@id":"https:\/\/www.asajacyl.com\/palencia\/asaja-palencia-informa\/asaja-palencia-fletara-autobuses-para-la-manifestacion-del-lunes-26-de-febrero-en-madrid#primaryimage"},"image":{"@id":"https:\/\/www.asajacyl.com\/palencia\/asaja-palencia-informa\/asaja-palencia-fletara-autobuses-para-la-manifestacion-del-lunes-26-de-febrero-en-madrid#primaryimage"},"thumbnailUrl":"https:\/\/www.asajacyl.com\/palencia\/wp-content\/uploads\/sites\/3\/2024\/02\/Movilizacion-web-Ministerio.jpg","datePublished":"2024-02-14T12:00:00+00:00","dateModified":"2024-02-27T08:02:55+00:00","author":{"@id":"https:\/\/www.asajacyl.com\/palencia\/#\/schema\/person\/3ab17aeb03527485c317557fae64aab1"},"description":"ASAJA-Palencia fletar\u00e1 autobuses para los socios y familiares que quieran acudir a la gran manifestaci\u00f3n que nuestra organizaci\u00f3n, junto con la alianza","breadcrumb":{"@id":"https:\/\/www.asajacyl.com\/palencia\/asaja-palencia-informa\/asaja-palencia-fletara-autobuses-para-la-manifestacion-del-lunes-26-de-febrero-en-madrid#breadcrumb"},"inLanguage":"es","potentialAction":[{"@type":"ReadAction","target":["https:\/\/www.asajacyl.com\/palencia\/asaja-palencia-informa\/asaja-palencia-fletara-autobuses-para-la-manifestacion-del-lunes-26-de-febrero-en-madrid"]}]},{"@type":"ImageObject","inLanguage":"es","@id":"https:\/\/www.asajacyl.com\/palencia\/asaja-palencia-informa\/asaja-palencia-fletara-autobuses-para-la-manifestacion-del-lunes-26-de-febrero-en-madrid#primaryimage","url":"https:\/\/www.asajacyl.com\/palencia\/wp-content\/uploads\/sites\/3\/2024\/02\/Movilizacion-web-Ministerio.jpg","contentUrl":"https:\/\/www.asajacyl.com\/palencia\/wp-content\/uploads\/sites\/3\/2024\/02\/Movilizacion-web-Ministerio.jpg","width":802,"height":702},{"@type":"BreadcrumbList","@id":"https:\/\/www.asajacyl.com\/palencia\/asaja-palencia-informa\/asaja-palencia-fletara-autobuses-para-la-manifestacion-del-lunes-26-de-febrero-en-madrid#breadcrumb","itemListElement":[{"@type":"ListItem","position":1,"name":"Portada","item":"https:\/\/www.asajacyl.com\/palencia\/"},{"@type":"ListItem","position":2,"name":"ASAJA-Palencia fletar\u00e1 buses para la manifestaci\u00f3n del campo espa\u00f1ol del lunes 26 de febrero en Madrid"}]},{"@type":"WebSite","@id":"https:\/\/www.asajacyl.com\/palencia\/#website","url":"https:\/\/www.asajacyl.com\/palencia\/","name":"ASAJA Palencia","description":"Otro sitio m\u00e1s de Provincias ASAJA Castilla y Le\u00f3n","potentialAction":[{"@type":"SearchAction","target":{"@type":"EntryPoint","urlTemplate":"https:\/\/www.asajacyl.com\/palencia\/?s={search_term_string}"},"query-input":{"@type":"PropertyValueSpecification","valueRequired":true,"valueName":"search_term_string"}}],"inLanguage":"es"},{"@type":"Person","@id":"https:\/\/www.asajacyl.com\/palencia\/#\/schema\/person\/3ab17aeb03527485c317557fae64aab1","name":"Administrador","image":{"@type":"ImageObject","inLanguage":"es","@id":"https:\/\/www.asajacyl.com\/palencia\/#\/schema\/person\/image\/","url":"https:\/\/secure.gravatar.com\/avatar\/517384810d242ca9e38c180f3c9fb973?s=96&d=mm&r=g","contentUrl":"https:\/\/secure.gravatar.com\/avatar\/517384810d242ca9e38c180f3c9fb973?s=96&d=mm&r=g","caption":"Administrador"},"url":"https:\/\/www.asajacyl.com\/palencia\/author\/carlosrm"}]}},"_links":{"self":[{"href":"https:\/\/www.asajacyl.com\/palencia\/wp-json\/wp\/v2\/posts\/15390"}],"collection":[{"href":"https:\/\/www.asajacyl.com\/palencia\/wp-json\/wp\/v2\/posts"}],"about":[{"href":"https:\/\/www.asajacyl.com\/palencia\/wp-json\/wp\/v2\/types\/post"}],"author":[{"embeddable":true,"href":"https:\/\/www.asajacyl.com\/palencia\/wp-json\/wp\/v2\/users\/9"}],"replies":[{"embeddable":true,"href":"https:\/\/www.asajacyl.com\/palencia\/wp-json\/wp\/v2\/comments?post=15390"}],"version-history":[{"count":6,"href":"https:\/\/www.asajacyl.com\/palencia\/wp-json\/wp\/v2\/posts\/15390\/revisions"}],"predecessor-version":[{"id":15422,"href":"https:\/\/www.asajacyl.com\/palencia\/wp-json\/wp\/v2\/posts\/15390\/revisions\/15422"}],"wp:featuredmedia":[{"embeddable":true,"href":"https:\/\/www.asajacyl.com\/palencia\/wp-json\/wp\/v2\/media\/15411"}],"wp:attachment":[{"href":"https:\/\/www.asajacyl.com\/palencia\/wp-json\/wp\/v2\/media?parent=15390"}],"wp:term":[{"taxonomy":"category","embeddable":true,"href":"https:\/\/www.asajacyl.com\/palencia\/wp-json\/wp\/v2\/categories?post=15390"},{"taxonomy":"post_tag","embeddable":true,"href":"https:\/\/www.asajacyl.com\/palencia\/wp-json\/wp\/v2\/tags?post=15390"}],"curies":[{"name":"wp","href":"https:\/\/api.w.org\/{rel}","templated":true}]}}