{"id":15398,"date":"2024-02-17T10:00:00","date_gmt":"2024-02-17T09:00:00","guid":{"rendered":"https:\/\/www.asajacyl.com\/palencia\/?p=15398"},"modified":"2024-02-27T09:02:06","modified_gmt":"2024-02-27T08:02:06","slug":"asaja-organiza-una-tractorada-infantil-en-palencia-para-la-tarde-del-miercoles-21-de-febrero","status":"publish","type":"post","link":"https:\/\/www.asajacyl.com\/palencia\/asaja-palencia-informa\/asaja-organiza-una-tractorada-infantil-en-palencia-para-la-tarde-del-miercoles-21-de-febrero","title":{"rendered":"ASAJA organiza una tractorada infantil en Palencia para la tarde del mi\u00e9rcoles 21 de febrero"},"content":{"rendered":"\n<h2 class=\"wp-block-heading\">ASAJA-Palencia, junto con las otras organizaciones con representatividad en la provincia (la alianza UPA-COAG), ha organizado una tractorada infantil para la tarde del mi\u00e9rcoles 21 de febrero. Comenzar\u00e1 con una concentraci\u00f3n de los ni\u00f1os con sus tractores y veh\u00edculos agrarios de juguete en la plaza de P\u00edo XII, a partir de las 18:00 horas, para discurrir despu\u00e9s por la Calle Mayor hasta la Plaza Mayor. La convocatoria forma parte de nuestras actuaciones para sensibilizar a la poblaci\u00f3n sobre el momento cr\u00edtico que padece el campo palentino, igual que en otros territorios de Espa\u00f1a y de la Uni\u00f3n Europea.  <\/h2>\n\n\n\n<figure class=\"wp-block-image size-large is-resized\"><img loading=\"lazy\" decoding=\"async\" src=\"https:\/\/www.asajacyl.com\/palencia\/wp-content\/uploads\/sites\/3\/2024\/02\/Tractorada-infantil-Palencia-21FEB-1024x724.jpg\" alt=\"\" class=\"wp-image-15399\" width=\"1066\" height=\"776\" \/><\/figure>\n\n\n\n<p>La tractorada infantil tambi\u00e9n persigue subrayar la importancia de la agricultura y de la ganader\u00eda como sectores estrat\u00e9gicos e indispensables para garantizar la soberan\u00eda alimentaria. <\/p>\n\n\n\n<p><strong>\u00abImagina el futuro del campo para mejorar el presente\u00bb <\/strong>es el lema elegido por ASAJA y la alianza UPA-COAG para esta entra\u00f1able convocatoria. Animamos a participar a todos nuestros socios, sus familiares y amigos, as\u00ed como a la sociedad palentina en general. <\/p>\n\n\n\n<p>A efectos de una mejor organizaci\u00f3n, se ruega a los familiares que nos comuniquen por tel\u00e9fono su posible participaci\u00f3n en la tractorada (979 752 344 | 979 752 336).<\/p>\n\n\n\n<p>La tractorada infantil del mi\u00e9rcoles 21 de febrero se desarrollar\u00e1 con arreglo a este horario:<\/p>\n\n\n\n<ul>\n<li>18:00 horas: Concentraci\u00f3n de los participantes en la plaza de P\u00edo XII*<\/li>\n\n\n\n<li>18:30 horas: Inicio de la marcha por la Calle Mayor<\/li>\n\n\n\n<li>18:50 horas: Llegada a la Plaza Mayor de Palencia<\/li>\n\n\n\n<li>19:00 horas: Lectura del manifiesto<\/li>\n<\/ul>\n\n\n\n<p>* Se recomienda descargar los tractores infantiles y de juguete en P\u00edo XII, pero dejar posteriormente el coche en el<br>aparcamiento de la Estaci\u00f3n de Peque\u00f1a Velocidad, donde es f\u00e1cil llegar desde la Plaza Mayor cuando concluya la actividad.<\/p>\n\n\n\n<p>La distancia que deber\u00e1n recorrer los ni\u00f1os es de aproximadamente un kil\u00f3metro: primero se recorrer\u00e1n los seiscientos metros desde la plaza de P\u00edo XII a la Plaza Mayor, y despu\u00e9s, otros cuatrocientos metros hasta la Estaci\u00f3n de Peque\u00f1a Velocidad, por las calles Felipe Prieto o Ignacio Mart\u00ednez de Azcoitia, y la plaza de los Juzgados.<strong>\/<\/strong><br><\/p>\n\n\n\n<p><\/p>\n","protected":false},"excerpt":{"rendered":"<p>ASAJA-Palencia, junto con las otras organizaciones con representatividad en la provincia (la alianza UPA-COAG), ha organizado una tractorada infantil para la tarde del mi\u00e9rcoles 21 de febrero. Comenzar\u00e1 con una concentraci\u00f3n de los ni\u00f1os con sus tractores y veh\u00edculos agrarios de juguete en la plaza de P\u00edo XII, a partir de las 18:00 horas, para [&hellip;]<\/p>\n","protected":false},"author":9,"featured_media":15400,"comment_status":"open","ping_status":"open","sticky":false,"template":"","format":"standard","meta":{"footnotes":""},"categories":[9,29,28],"tags":[58,351,77,706,686,709,335,325],"yoast_head":"<!-- This site is optimized with the Yoast SEO plugin v24.5 - https:\/\/yoast.com\/wordpress\/plugins\/seo\/ -->\n<title>ASAJA organiza una tractorada infantil en Palencia para la tarde del mi\u00e9rcoles 21 de febrero - ASAJA Palencia<\/title>\n<meta name=\"description\" content=\"ASAJA-Palencia, junto con las otras organizaciones con representatividad en la provincia (la alianza UPA-COAG), ha organizado una tractorada infantil para\" \/>\n<meta name=\"robots\" content=\"index, follow, max-snippet:-1, max-image-preview:large, max-video-preview:-1\" \/>\n<link rel=\"canonical\" href=\"https:\/\/www.asajacyl.com\/palencia\/asaja-palencia-informa\/asaja-organiza-una-tractorada-infantil-en-palencia-para-la-tarde-del-miercoles-21-de-febrero\" \/>\n<meta property=\"og:locale\" content=\"es_ES\" \/>\n<meta property=\"og:type\" content=\"article\" \/>\n<meta property=\"og:title\" content=\"ASAJA organiza una tractorada infantil en Palencia para la tarde del mi\u00e9rcoles 21 de febrero - ASAJA Palencia\" \/>\n<meta property=\"og:description\" content=\"ASAJA-Palencia, junto con las otras organizaciones con representatividad en la provincia (la alianza UPA-COAG), ha organizado una tractorada infantil para\" \/>\n<meta property=\"og:url\" content=\"https:\/\/www.asajacyl.com\/palencia\/asaja-palencia-informa\/asaja-organiza-una-tractorada-infantil-en-palencia-para-la-tarde-del-miercoles-21-de-febrero\" \/>\n<meta property=\"og:site_name\" content=\"ASAJA Palencia\" \/>\n<meta property=\"article:published_time\" content=\"2024-02-17T09:00:00+00:00\" \/>\n<meta property=\"article:modified_time\" content=\"2024-02-27T08:02:06+00:00\" \/>\n<meta property=\"og:image\" content=\"https:\/\/www.asajacyl.com\/palencia\/wp-content\/uploads\/sites\/3\/2024\/02\/Tractorada-infantil-Palencia-21FEB-1.jpg\" \/>\n\t<meta property=\"og:image:width\" content=\"2245\" \/>\n\t<meta property=\"og:image:height\" content=\"1587\" \/>\n\t<meta property=\"og:image:type\" content=\"image\/jpeg\" \/>\n<meta name=\"author\" content=\"Administrador\" \/>\n<meta name=\"twitter:card\" content=\"summary_large_image\" \/>\n<meta name=\"twitter:label1\" content=\"Escrito por\" \/>\n\t<meta name=\"twitter:data1\" content=\"Administrador\" \/>\n\t<meta name=\"twitter:label2\" content=\"Tiempo de lectura\" \/>\n\t<meta name=\"twitter:data2\" content=\"2 minutos\" \/>\n<script type=\"application\/ld+json\" class=\"yoast-schema-graph\">{\"@context\":\"https:\/\/schema.org\",\"@graph\":[{\"@type\":\"WebPage\",\"@id\":\"https:\/\/www.asajacyl.com\/palencia\/asaja-palencia-informa\/asaja-organiza-una-tractorada-infantil-en-palencia-para-la-tarde-del-miercoles-21-de-febrero\",\"url\":\"https:\/\/www.asajacyl.com\/palencia\/asaja-palencia-informa\/asaja-organiza-una-tractorada-infantil-en-palencia-para-la-tarde-del-miercoles-21-de-febrero\",\"name\":\"ASAJA organiza una tractorada infantil en Palencia para la tarde del mi\u00e9rcoles 21 de febrero - ASAJA Palencia\",\"isPartOf\":{\"@id\":\"https:\/\/www.asajacyl.com\/palencia\/#website\"},\"primaryImageOfPage\":{\"@id\":\"https:\/\/www.asajacyl.com\/palencia\/asaja-palencia-informa\/asaja-organiza-una-tractorada-infantil-en-palencia-para-la-tarde-del-miercoles-21-de-febrero#primaryimage\"},\"image\":{\"@id\":\"https:\/\/www.asajacyl.com\/palencia\/asaja-palencia-informa\/asaja-organiza-una-tractorada-infantil-en-palencia-para-la-tarde-del-miercoles-21-de-febrero#primaryimage\"},\"thumbnailUrl\":\"https:\/\/www.asajacyl.com\/palencia\/wp-content\/uploads\/sites\/3\/2024\/02\/Tractorada-infantil-Palencia-21FEB-1.jpg\",\"datePublished\":\"2024-02-17T09:00:00+00:00\",\"dateModified\":\"2024-02-27T08:02:06+00:00\",\"author\":{\"@id\":\"https:\/\/www.asajacyl.com\/palencia\/#\/schema\/person\/3ab17aeb03527485c317557fae64aab1\"},\"description\":\"ASAJA-Palencia, junto con las otras organizaciones con representatividad en la provincia (la alianza UPA-COAG), ha organizado una tractorada infantil para\",\"breadcrumb\":{\"@id\":\"https:\/\/www.asajacyl.com\/palencia\/asaja-palencia-informa\/asaja-organiza-una-tractorada-infantil-en-palencia-para-la-tarde-del-miercoles-21-de-febrero#breadcrumb\"},\"inLanguage\":\"es\",\"potentialAction\":[{\"@type\":\"ReadAction\",\"target\":[\"https:\/\/www.asajacyl.com\/palencia\/asaja-palencia-informa\/asaja-organiza-una-tractorada-infantil-en-palencia-para-la-tarde-del-miercoles-21-de-febrero\"]}]},{\"@type\":\"ImageObject\",\"inLanguage\":\"es\",\"@id\":\"https:\/\/www.asajacyl.com\/palencia\/asaja-palencia-informa\/asaja-organiza-una-tractorada-infantil-en-palencia-para-la-tarde-del-miercoles-21-de-febrero#primaryimage\",\"url\":\"https:\/\/www.asajacyl.com\/palencia\/wp-content\/uploads\/sites\/3\/2024\/02\/Tractorada-infantil-Palencia-21FEB-1.jpg\",\"contentUrl\":\"https:\/\/www.asajacyl.com\/palencia\/wp-content\/uploads\/sites\/3\/2024\/02\/Tractorada-infantil-Palencia-21FEB-1.jpg\",\"width\":2245,\"height\":1587},{\"@type\":\"BreadcrumbList\",\"@id\":\"https:\/\/www.asajacyl.com\/palencia\/asaja-palencia-informa\/asaja-organiza-una-tractorada-infantil-en-palencia-para-la-tarde-del-miercoles-21-de-febrero#breadcrumb\",\"itemListElement\":[{\"@type\":\"ListItem\",\"position\":1,\"name\":\"Portada\",\"item\":\"https:\/\/www.asajacyl.com\/palencia\/\"},{\"@type\":\"ListItem\",\"position\":2,\"name\":\"ASAJA organiza una tractorada infantil en Palencia para la tarde del mi\u00e9rcoles 21 de febrero\"}]},{\"@type\":\"WebSite\",\"@id\":\"https:\/\/www.asajacyl.com\/palencia\/#website\",\"url\":\"https:\/\/www.asajacyl.com\/palencia\/\",\"name\":\"ASAJA Palencia\",\"description\":\"Otro sitio m\u00e1s de Provincias ASAJA Castilla y Le\u00f3n\",\"potentialAction\":[{\"@type\":\"SearchAction\",\"target\":{\"@type\":\"EntryPoint\",\"urlTemplate\":\"https:\/\/www.asajacyl.com\/palencia\/?s={search_term_string}\"},\"query-input\":{\"@type\":\"PropertyValueSpecification\",\"valueRequired\":true,\"valueName\":\"search_term_string\"}}],\"inLanguage\":\"es\"},{\"@type\":\"Person\",\"@id\":\"https:\/\/www.asajacyl.com\/palencia\/#\/schema\/person\/3ab17aeb03527485c317557fae64aab1\",\"name\":\"Administrador\",\"image\":{\"@type\":\"ImageObject\",\"inLanguage\":\"es\",\"@id\":\"https:\/\/www.asajacyl.com\/palencia\/#\/schema\/person\/image\/\",\"url\":\"https:\/\/secure.gravatar.com\/avatar\/517384810d242ca9e38c180f3c9fb973?s=96&d=mm&r=g\",\"contentUrl\":\"https:\/\/secure.gravatar.com\/avatar\/517384810d242ca9e38c180f3c9fb973?s=96&d=mm&r=g\",\"caption\":\"Administrador\"},\"url\":\"https:\/\/www.asajacyl.com\/palencia\/author\/carlosrm\"}]}<\/script>\n<!-- \/ Yoast SEO plugin. -->","yoast_head_json":{"title":"ASAJA organiza una tractorada infantil en Palencia para la tarde del mi\u00e9rcoles 21 de febrero - ASAJA Palencia","description":"ASAJA-Palencia, junto con las otras organizaciones con representatividad en la provincia (la alianza UPA-COAG), ha organizado una tractorada infantil para","robots":{"index":"index","follow":"follow","max-snippet":"max-snippet:-1","max-image-preview":"max-image-preview:large","max-video-preview":"max-video-preview:-1"},"canonical":"https:\/\/www.asajacyl.com\/palencia\/asaja-palencia-informa\/asaja-organiza-una-tractorada-infantil-en-palencia-para-la-tarde-del-miercoles-21-de-febrero","og_locale":"es_ES","og_type":"article","og_title":"ASAJA organiza una tractorada infantil en Palencia para la tarde del mi\u00e9rcoles 21 de febrero - ASAJA Palencia","og_description":"ASAJA-Palencia, junto con las otras organizaciones con representatividad en la provincia (la alianza UPA-COAG), ha organizado una tractorada infantil para","og_url":"https:\/\/www.asajacyl.com\/palencia\/asaja-palencia-informa\/asaja-organiza-una-tractorada-infantil-en-palencia-para-la-tarde-del-miercoles-21-de-febrero","og_site_name":"ASAJA Palencia","article_published_time":"2024-02-17T09:00:00+00:00","article_modified_time":"2024-02-27T08:02:06+00:00","og_image":[{"width":2245,"height":1587,"url":"https:\/\/www.asajacyl.com\/palencia\/wp-content\/uploads\/sites\/3\/2024\/02\/Tractorada-infantil-Palencia-21FEB-1.jpg","type":"image\/jpeg"}],"author":"Administrador","twitter_card":"summary_large_image","twitter_misc":{"Escrito por":"Administrador","Tiempo de lectura":"2 minutos"},"schema":{"@context":"https:\/\/schema.org","@graph":[{"@type":"WebPage","@id":"https:\/\/www.asajacyl.com\/palencia\/asaja-palencia-informa\/asaja-organiza-una-tractorada-infantil-en-palencia-para-la-tarde-del-miercoles-21-de-febrero","url":"https:\/\/www.asajacyl.com\/palencia\/asaja-palencia-informa\/asaja-organiza-una-tractorada-infantil-en-palencia-para-la-tarde-del-miercoles-21-de-febrero","name":"ASAJA organiza una tractorada infantil en Palencia para la tarde del mi\u00e9rcoles 21 de febrero - ASAJA Palencia","isPartOf":{"@id":"https:\/\/www.asajacyl.com\/palencia\/#website"},"primaryImageOfPage":{"@id":"https:\/\/www.asajacyl.com\/palencia\/asaja-palencia-informa\/asaja-organiza-una-tractorada-infantil-en-palencia-para-la-tarde-del-miercoles-21-de-febrero#primaryimage"},"image":{"@id":"https:\/\/www.asajacyl.com\/palencia\/asaja-palencia-informa\/asaja-organiza-una-tractorada-infantil-en-palencia-para-la-tarde-del-miercoles-21-de-febrero#primaryimage"},"thumbnailUrl":"https:\/\/www.asajacyl.com\/palencia\/wp-content\/uploads\/sites\/3\/2024\/02\/Tractorada-infantil-Palencia-21FEB-1.jpg","datePublished":"2024-02-17T09:00:00+00:00","dateModified":"2024-02-27T08:02:06+00:00","author":{"@id":"https:\/\/www.asajacyl.com\/palencia\/#\/schema\/person\/3ab17aeb03527485c317557fae64aab1"},"description":"ASAJA-Palencia, junto con las otras organizaciones con representatividad en la provincia (la alianza UPA-COAG), ha organizado una tractorada infantil para","breadcrumb":{"@id":"https:\/\/www.asajacyl.com\/palencia\/asaja-palencia-informa\/asaja-organiza-una-tractorada-infantil-en-palencia-para-la-tarde-del-miercoles-21-de-febrero#breadcrumb"},"inLanguage":"es","potentialAction":[{"@type":"ReadAction","target":["https:\/\/www.asajacyl.com\/palencia\/asaja-palencia-informa\/asaja-organiza-una-tractorada-infantil-en-palencia-para-la-tarde-del-miercoles-21-de-febrero"]}]},{"@type":"ImageObject","inLanguage":"es","@id":"https:\/\/www.asajacyl.com\/palencia\/asaja-palencia-informa\/asaja-organiza-una-tractorada-infantil-en-palencia-para-la-tarde-del-miercoles-21-de-febrero#primaryimage","url":"https:\/\/www.asajacyl.com\/palencia\/wp-content\/uploads\/sites\/3\/2024\/02\/Tractorada-infantil-Palencia-21FEB-1.jpg","contentUrl":"https:\/\/www.asajacyl.com\/palencia\/wp-content\/uploads\/sites\/3\/2024\/02\/Tractorada-infantil-Palencia-21FEB-1.jpg","width":2245,"height":1587},{"@type":"BreadcrumbList","@id":"https:\/\/www.asajacyl.com\/palencia\/asaja-palencia-informa\/asaja-organiza-una-tractorada-infantil-en-palencia-para-la-tarde-del-miercoles-21-de-febrero#breadcrumb","itemListElement":[{"@type":"ListItem","position":1,"name":"Portada","item":"https:\/\/www.asajacyl.com\/palencia\/"},{"@type":"ListItem","position":2,"name":"ASAJA organiza una tractorada infantil en Palencia para la tarde del mi\u00e9rcoles 21 de febrero"}]},{"@type":"WebSite","@id":"https:\/\/www.asajacyl.com\/palencia\/#website","url":"https:\/\/www.asajacyl.com\/palencia\/","name":"ASAJA Palencia","description":"Otro sitio m\u00e1s de Provincias ASAJA Castilla y Le\u00f3n","potentialAction":[{"@type":"SearchAction","target":{"@type":"EntryPoint","urlTemplate":"https:\/\/www.asajacyl.com\/palencia\/?s={search_term_string}"},"query-input":{"@type":"PropertyValueSpecification","valueRequired":true,"valueName":"search_term_string"}}],"inLanguage":"es"},{"@type":"Person","@id":"https:\/\/www.asajacyl.com\/palencia\/#\/schema\/person\/3ab17aeb03527485c317557fae64aab1","name":"Administrador","image":{"@type":"ImageObject","inLanguage":"es","@id":"https:\/\/www.asajacyl.com\/palencia\/#\/schema\/person\/image\/","url":"https:\/\/secure.gravatar.com\/avatar\/517384810d242ca9e38c180f3c9fb973?s=96&d=mm&r=g","contentUrl":"https:\/\/secure.gravatar.com\/avatar\/517384810d242ca9e38c180f3c9fb973?s=96&d=mm&r=g","caption":"Administrador"},"url":"https:\/\/www.asajacyl.com\/palencia\/author\/carlosrm"}]}},"_links":{"self":[{"href":"https:\/\/www.asajacyl.com\/palencia\/wp-json\/wp\/v2\/posts\/15398"}],"collection":[{"href":"https:\/\/www.asajacyl.com\/palencia\/wp-json\/wp\/v2\/posts"}],"about":[{"href":"https:\/\/www.asajacyl.com\/palencia\/wp-json\/wp\/v2\/types\/post"}],"author":[{"embeddable":true,"href":"https:\/\/www.asajacyl.com\/palencia\/wp-json\/wp\/v2\/users\/9"}],"replies":[{"embeddable":true,"href":"https:\/\/www.asajacyl.com\/palencia\/wp-json\/wp\/v2\/comments?post=15398"}],"version-history":[{"count":1,"href":"https:\/\/www.asajacyl.com\/palencia\/wp-json\/wp\/v2\/posts\/15398\/revisions"}],"predecessor-version":[{"id":15401,"href":"https:\/\/www.asajacyl.com\/palencia\/wp-json\/wp\/v2\/posts\/15398\/revisions\/15401"}],"wp:featuredmedia":[{"embeddable":true,"href":"https:\/\/www.asajacyl.com\/palencia\/wp-json\/wp\/v2\/media\/15400"}],"wp:attachment":[{"href":"https:\/\/www.asajacyl.com\/palencia\/wp-json\/wp\/v2\/media?parent=15398"}],"wp:term":[{"taxonomy":"category","embeddable":true,"href":"https:\/\/www.asajacyl.com\/palencia\/wp-json\/wp\/v2\/categories?post=15398"},{"taxonomy":"post_tag","embeddable":true,"href":"https:\/\/www.asajacyl.com\/palencia\/wp-json\/wp\/v2\/tags?post=15398"}],"curies":[{"name":"wp","href":"https:\/\/api.w.org\/{rel}","templated":true}]}}