{"id":15423,"date":"2024-02-21T09:29:19","date_gmt":"2024-02-21T08:29:19","guid":{"rendered":"https:\/\/www.asajacyl.com\/palencia\/?p=15423"},"modified":"2024-02-21T09:30:30","modified_gmt":"2024-02-21T08:30:30","slug":"el-equipo-tecnico-de-asaja-plantea-las-dudas-del-sector-ante-una-pac-compleja-marcada-por-la-protesta","status":"publish","type":"post","link":"https:\/\/www.asajacyl.com\/palencia\/asaja-palencia-informa\/el-equipo-tecnico-de-asaja-plantea-las-dudas-del-sector-ante-una-pac-compleja-marcada-por-la-protesta","title":{"rendered":"El equipo t\u00e9cnico de ASAJA plantea las dudas del sector ante una PAC compleja marcada por la protesta"},"content":{"rendered":"\n<h2 class=\"wp-block-heading\">Una gran parte del equipo de ciento cincuenta t\u00e9cnicos de las nueve organizaciones provinciales de ASAJA, as\u00ed como de la oficina regional en Castilla y Le\u00f3n, han participado en la ma\u00f1ana de este martes, 20 de febrero, en una reuni\u00f3n monogr\u00e1fica celebrada en la Consejer\u00eda de Agricultura de la Junta sobre la campa\u00f1a de tramitaci\u00f3n de la solicitud \u00fanica de la PAC 2024, que se extender\u00e1 durante los meses de febrero, marzo y abril. Esta segunda campa\u00f1a tras la entrada en vigor de la PAC 2023-2027 se gestionar\u00e1 en un periodo especialmente convulso, con el sector agrario europeo en plenas protestas, en las que reclama modificaciones urgentes y de calado en una normativa comunitaria que en su fallida aplicaci\u00f3n arrincona a sus principales actores y destinatarios, los agricultores y ganaderos, como viene denunciando ASAJA desde que se puso en marcha.<\/h2>\n\n\n\n<figure class=\"wp-block-image size-large is-resized\"><img loading=\"lazy\" decoding=\"async\" src=\"https:\/\/www.asajacyl.com\/palencia\/wp-content\/uploads\/sites\/3\/2024\/02\/Tecnicos-ret-ASAJA-jornada-PAC-2024-20feb2024-1024x500.jpg\" alt=\"\" class=\"wp-image-15424\" width=\"1066\" height=\"542\" \/><\/figure>\n\n\n<div class=\"wp-block-image\">\n<figure class=\"alignright is-resized\"><img loading=\"lazy\" decoding=\"async\" src=\"https:\/\/www.asajacyl.com\/wp-content\/uploads\/2024\/02\/20240220_101122.jpg\" alt=\"\" class=\"wp-image-23180\" width=\"531\" height=\"322\" \/><\/figure><\/div>\n\n<div class=\"wp-block-image\">\n<figure class=\"alignright is-resized\"><img loading=\"lazy\" decoding=\"async\" src=\"https:\/\/www.asajacyl.com\/wp-content\/uploads\/2024\/02\/20240220_101028.jpg\" alt=\"\" class=\"wp-image-23181\" width=\"531\" height=\"279\" \/><\/figure><\/div>\n\n\n<p><\/p>\n\n\n\n<p>A la espera de que las autoridades comunitarias acepten las propuestas enviadas desde el Ministerio de Agricultura, Pesca y Alimentaci\u00f3n, y de cualquier otro avance que pueda lograrse en la PAC -Castilla y Le\u00f3n ha remitido un plan concreto, pactado por la Consejer\u00eda de Agricultura y las organizaciones profesionales agrarias representativas- lo cierto es que todo ello no debe distraer a los profesionales de presentar en plazo su correspondiente solicitud, si quieren contar con el necesario apoyo de los pagos en el pr\u00f3ximo oto\u00f1o.<\/p>\n\n\n\n<p>Desde que comenz\u00f3 el plazo, el pasado 1 de febrero, los equipos t\u00e9cnicos de ASAJA cuentan con toda la informaci\u00f3n para tramitar las solicitudes de ayudas de los agricultores y ganaderos. Algunos detalles y ajustes constatados en este primer tramo de gesti\u00f3n fueron aclarados en la jornada del martes, celebrada en la sede de la Consejer\u00eda de Agricultura, Ganader\u00eda y Desarrollo Rural, y presidida por el director general de la PAC, Angel Mar\u00eda G\u00f3mez Rivero, acompa\u00f1ado de su equipo.<\/p>\n\n\n\n<p>Para ASAJA, el objetivo es completar las solicitudes de los agricultores y ganaderos en tiempo y forma para hacerlo con la m\u00e1xima seguridad y garant\u00eda y evitar problemas futuros. En el caso de que, por la peculiaridad de la explotaci\u00f3n (cultivos, ecoesquemas, etc.) fuera necesario hacer cambios, se realizar\u00e1n los ajustes posibles en plazo, siempre que sea posible, y teniendo en cuenta que existe un margen legal para modificaciones hasta el 15 de mayo. <\/p>\n\n\n\n<p>La fortaleza e implantaci\u00f3n de ASAJA, junto a ser la primera organizaci\u00f3n profesional de Castilla y Le\u00f3n garantiza una interlocuci\u00f3n directa con las Administraciones, de las que reclama la m\u00e1xima transparencia y claridad para que se trate con ecuanimidad y de la forma m\u00e1s favorable a todos los agricultores y ganaderos.<\/p>\n\n\n\n<p><strong>ESTIMACI\u00d3N DEL 2 % MENOS DE SOLICITUDES. <\/strong>ASAJA es la entidad que tramita m\u00e1s PAC en Castilla y Le\u00f3n. La campa\u00f1a 2023 super\u00f3 por primera vez las 15.000 solicitudes. \u201cCada vez hacemos m\u00e1s PAC, cada vez sabemos m\u00e1s de PAC, y cada vez son m\u00e1s los profesionales que saben que con ASAJA tienen las mayores garant\u00edas\u201d, apunta la OPA. &nbsp;Seg\u00fan los datos de la Consejer\u00eda, en esta campa\u00f1a 2024 el n\u00famero aproximado de solicitudes \u00fanicas se acercar\u00e1 a 64.000, lo que significar\u00eda un descenso de m\u00e1s del 2 % respecto al a\u00f1o anterior.<\/p>\n\n\n\n<p>La campa\u00f1a actual se rige por la siguiente normativa:<\/p>\n\n\n\n<p>Normativa auton\u00f3mica: Orden de 29 de enero de 2024, de la Consejer\u00eda de Agricultura, Ganader\u00eda y Desarrollo Rural, por la que se convocan intervenciones en forma de pagos directos, intervenciones de desarrollo rural (medioambientales y clim\u00e1ticas y de ayuda a zonas con limitaciones) y el establecimiento de requisitos comunes en el marco del Plan Estrat\u00e9gico de la Pol\u00edtica Agr\u00edcola Com\u00fan 2023-2027, ayudas de desarrollo rural correspondientes a compromisos suscritos en el periodo 2014-2022.<\/p>\n\n\n\n<p>Normativa nacional: Ley 30\/2022 y varios Reales Decretos publicados en a final de 2022 modificados a lo largo de 2023.<\/p>\n","protected":false},"excerpt":{"rendered":"<p>Una gran parte del equipo de ciento cincuenta t\u00e9cnicos de las nueve organizaciones provinciales de ASAJA, as\u00ed como de la oficina regional en Castilla y Le\u00f3n, han participado en la ma\u00f1ana de este martes, 20 de febrero, en una reuni\u00f3n monogr\u00e1fica celebrada en la Consejer\u00eda de Agricultura de la Junta sobre la campa\u00f1a de tramitaci\u00f3n [&hellip;]<\/p>\n","protected":false},"author":9,"featured_media":15425,"comment_status":"open","ping_status":"open","sticky":false,"template":"","format":"standard","meta":{"footnotes":""},"categories":[9,29,28],"tags":[58,298,142,351,77,66,703,706,45,262,693],"yoast_head":"<!-- This site is optimized with the Yoast SEO plugin v24.5 - https:\/\/yoast.com\/wordpress\/plugins\/seo\/ -->\n<title>El equipo t\u00e9cnico de ASAJA plantea las dudas del sector ante una PAC compleja marcada por la protesta - ASAJA Palencia<\/title>\n<meta name=\"description\" content=\"Una gran parte del equipo de ciento cincuenta t\u00e9cnicos de las nueve organizaciones provinciales de ASAJA, as\u00ed como de la oficina regional en Castilla y\" \/>\n<meta name=\"robots\" content=\"index, follow, max-snippet:-1, max-image-preview:large, max-video-preview:-1\" \/>\n<link rel=\"canonical\" href=\"https:\/\/www.asajacyl.com\/palencia\/asaja-palencia-informa\/el-equipo-tecnico-de-asaja-plantea-las-dudas-del-sector-ante-una-pac-compleja-marcada-por-la-protesta\" \/>\n<meta property=\"og:locale\" content=\"es_ES\" \/>\n<meta property=\"og:type\" content=\"article\" \/>\n<meta property=\"og:title\" content=\"El equipo t\u00e9cnico de ASAJA plantea las dudas del sector ante una PAC compleja marcada por la protesta - ASAJA Palencia\" \/>\n<meta property=\"og:description\" content=\"Una gran parte del equipo de ciento cincuenta t\u00e9cnicos de las nueve organizaciones provinciales de ASAJA, as\u00ed como de la oficina regional en Castilla y\" \/>\n<meta property=\"og:url\" content=\"https:\/\/www.asajacyl.com\/palencia\/asaja-palencia-informa\/el-equipo-tecnico-de-asaja-plantea-las-dudas-del-sector-ante-una-pac-compleja-marcada-por-la-protesta\" \/>\n<meta property=\"og:site_name\" content=\"ASAJA Palencia\" \/>\n<meta property=\"article:published_time\" content=\"2024-02-21T08:29:19+00:00\" \/>\n<meta property=\"article:modified_time\" content=\"2024-02-21T08:30:30+00:00\" \/>\n<meta property=\"og:image\" content=\"https:\/\/www.asajacyl.com\/palencia\/wp-content\/uploads\/sites\/3\/2024\/02\/Tecnicos-ASAJA-jornada-PAC-.jpg\" \/>\n\t<meta property=\"og:image:width\" content=\"1555\" \/>\n\t<meta property=\"og:image:height\" content=\"1361\" \/>\n\t<meta property=\"og:image:type\" content=\"image\/jpeg\" \/>\n<meta name=\"author\" content=\"Administrador\" \/>\n<meta name=\"twitter:card\" content=\"summary_large_image\" \/>\n<meta name=\"twitter:label1\" content=\"Escrito por\" \/>\n\t<meta name=\"twitter:data1\" content=\"Administrador\" \/>\n\t<meta name=\"twitter:label2\" content=\"Tiempo de lectura\" \/>\n\t<meta name=\"twitter:data2\" content=\"4 minutos\" \/>\n<script type=\"application\/ld+json\" class=\"yoast-schema-graph\">{\"@context\":\"https:\/\/schema.org\",\"@graph\":[{\"@type\":\"WebPage\",\"@id\":\"https:\/\/www.asajacyl.com\/palencia\/asaja-palencia-informa\/el-equipo-tecnico-de-asaja-plantea-las-dudas-del-sector-ante-una-pac-compleja-marcada-por-la-protesta\",\"url\":\"https:\/\/www.asajacyl.com\/palencia\/asaja-palencia-informa\/el-equipo-tecnico-de-asaja-plantea-las-dudas-del-sector-ante-una-pac-compleja-marcada-por-la-protesta\",\"name\":\"El equipo t\u00e9cnico de ASAJA plantea las dudas del sector ante una PAC compleja marcada por la protesta - ASAJA Palencia\",\"isPartOf\":{\"@id\":\"https:\/\/www.asajacyl.com\/palencia\/#website\"},\"primaryImageOfPage\":{\"@id\":\"https:\/\/www.asajacyl.com\/palencia\/asaja-palencia-informa\/el-equipo-tecnico-de-asaja-plantea-las-dudas-del-sector-ante-una-pac-compleja-marcada-por-la-protesta#primaryimage\"},\"image\":{\"@id\":\"https:\/\/www.asajacyl.com\/palencia\/asaja-palencia-informa\/el-equipo-tecnico-de-asaja-plantea-las-dudas-del-sector-ante-una-pac-compleja-marcada-por-la-protesta#primaryimage\"},\"thumbnailUrl\":\"https:\/\/www.asajacyl.com\/palencia\/wp-content\/uploads\/sites\/3\/2024\/02\/Tecnicos-ASAJA-jornada-PAC-.jpg\",\"datePublished\":\"2024-02-21T08:29:19+00:00\",\"dateModified\":\"2024-02-21T08:30:30+00:00\",\"author\":{\"@id\":\"https:\/\/www.asajacyl.com\/palencia\/#\/schema\/person\/3ab17aeb03527485c317557fae64aab1\"},\"description\":\"Una gran parte del equipo de ciento cincuenta t\u00e9cnicos de las nueve organizaciones provinciales de ASAJA, as\u00ed como de la oficina regional en Castilla y\",\"breadcrumb\":{\"@id\":\"https:\/\/www.asajacyl.com\/palencia\/asaja-palencia-informa\/el-equipo-tecnico-de-asaja-plantea-las-dudas-del-sector-ante-una-pac-compleja-marcada-por-la-protesta#breadcrumb\"},\"inLanguage\":\"es\",\"potentialAction\":[{\"@type\":\"ReadAction\",\"target\":[\"https:\/\/www.asajacyl.com\/palencia\/asaja-palencia-informa\/el-equipo-tecnico-de-asaja-plantea-las-dudas-del-sector-ante-una-pac-compleja-marcada-por-la-protesta\"]}]},{\"@type\":\"ImageObject\",\"inLanguage\":\"es\",\"@id\":\"https:\/\/www.asajacyl.com\/palencia\/asaja-palencia-informa\/el-equipo-tecnico-de-asaja-plantea-las-dudas-del-sector-ante-una-pac-compleja-marcada-por-la-protesta#primaryimage\",\"url\":\"https:\/\/www.asajacyl.com\/palencia\/wp-content\/uploads\/sites\/3\/2024\/02\/Tecnicos-ASAJA-jornada-PAC-.jpg\",\"contentUrl\":\"https:\/\/www.asajacyl.com\/palencia\/wp-content\/uploads\/sites\/3\/2024\/02\/Tecnicos-ASAJA-jornada-PAC-.jpg\",\"width\":1555,\"height\":1361},{\"@type\":\"BreadcrumbList\",\"@id\":\"https:\/\/www.asajacyl.com\/palencia\/asaja-palencia-informa\/el-equipo-tecnico-de-asaja-plantea-las-dudas-del-sector-ante-una-pac-compleja-marcada-por-la-protesta#breadcrumb\",\"itemListElement\":[{\"@type\":\"ListItem\",\"position\":1,\"name\":\"Portada\",\"item\":\"https:\/\/www.asajacyl.com\/palencia\/\"},{\"@type\":\"ListItem\",\"position\":2,\"name\":\"El equipo t\u00e9cnico de ASAJA plantea las dudas del sector ante una PAC compleja marcada por la protesta\"}]},{\"@type\":\"WebSite\",\"@id\":\"https:\/\/www.asajacyl.com\/palencia\/#website\",\"url\":\"https:\/\/www.asajacyl.com\/palencia\/\",\"name\":\"ASAJA Palencia\",\"description\":\"Otro sitio m\u00e1s de Provincias ASAJA Castilla y Le\u00f3n\",\"potentialAction\":[{\"@type\":\"SearchAction\",\"target\":{\"@type\":\"EntryPoint\",\"urlTemplate\":\"https:\/\/www.asajacyl.com\/palencia\/?s={search_term_string}\"},\"query-input\":{\"@type\":\"PropertyValueSpecification\",\"valueRequired\":true,\"valueName\":\"search_term_string\"}}],\"inLanguage\":\"es\"},{\"@type\":\"Person\",\"@id\":\"https:\/\/www.asajacyl.com\/palencia\/#\/schema\/person\/3ab17aeb03527485c317557fae64aab1\",\"name\":\"Administrador\",\"image\":{\"@type\":\"ImageObject\",\"inLanguage\":\"es\",\"@id\":\"https:\/\/www.asajacyl.com\/palencia\/#\/schema\/person\/image\/\",\"url\":\"https:\/\/secure.gravatar.com\/avatar\/517384810d242ca9e38c180f3c9fb973?s=96&d=mm&r=g\",\"contentUrl\":\"https:\/\/secure.gravatar.com\/avatar\/517384810d242ca9e38c180f3c9fb973?s=96&d=mm&r=g\",\"caption\":\"Administrador\"},\"url\":\"https:\/\/www.asajacyl.com\/palencia\/author\/carlosrm\"}]}<\/script>\n<!-- \/ Yoast SEO plugin. -->","yoast_head_json":{"title":"El equipo t\u00e9cnico de ASAJA plantea las dudas del sector ante una PAC compleja marcada por la protesta - ASAJA Palencia","description":"Una gran parte del equipo de ciento cincuenta t\u00e9cnicos de las nueve organizaciones provinciales de ASAJA, as\u00ed como de la oficina regional en Castilla y","robots":{"index":"index","follow":"follow","max-snippet":"max-snippet:-1","max-image-preview":"max-image-preview:large","max-video-preview":"max-video-preview:-1"},"canonical":"https:\/\/www.asajacyl.com\/palencia\/asaja-palencia-informa\/el-equipo-tecnico-de-asaja-plantea-las-dudas-del-sector-ante-una-pac-compleja-marcada-por-la-protesta","og_locale":"es_ES","og_type":"article","og_title":"El equipo t\u00e9cnico de ASAJA plantea las dudas del sector ante una PAC compleja marcada por la protesta - ASAJA Palencia","og_description":"Una gran parte del equipo de ciento cincuenta t\u00e9cnicos de las nueve organizaciones provinciales de ASAJA, as\u00ed como de la oficina regional en Castilla y","og_url":"https:\/\/www.asajacyl.com\/palencia\/asaja-palencia-informa\/el-equipo-tecnico-de-asaja-plantea-las-dudas-del-sector-ante-una-pac-compleja-marcada-por-la-protesta","og_site_name":"ASAJA Palencia","article_published_time":"2024-02-21T08:29:19+00:00","article_modified_time":"2024-02-21T08:30:30+00:00","og_image":[{"width":1555,"height":1361,"url":"https:\/\/www.asajacyl.com\/palencia\/wp-content\/uploads\/sites\/3\/2024\/02\/Tecnicos-ASAJA-jornada-PAC-.jpg","type":"image\/jpeg"}],"author":"Administrador","twitter_card":"summary_large_image","twitter_misc":{"Escrito por":"Administrador","Tiempo de lectura":"4 minutos"},"schema":{"@context":"https:\/\/schema.org","@graph":[{"@type":"WebPage","@id":"https:\/\/www.asajacyl.com\/palencia\/asaja-palencia-informa\/el-equipo-tecnico-de-asaja-plantea-las-dudas-del-sector-ante-una-pac-compleja-marcada-por-la-protesta","url":"https:\/\/www.asajacyl.com\/palencia\/asaja-palencia-informa\/el-equipo-tecnico-de-asaja-plantea-las-dudas-del-sector-ante-una-pac-compleja-marcada-por-la-protesta","name":"El equipo t\u00e9cnico de ASAJA plantea las dudas del sector ante una PAC compleja marcada por la protesta - ASAJA Palencia","isPartOf":{"@id":"https:\/\/www.asajacyl.com\/palencia\/#website"},"primaryImageOfPage":{"@id":"https:\/\/www.asajacyl.com\/palencia\/asaja-palencia-informa\/el-equipo-tecnico-de-asaja-plantea-las-dudas-del-sector-ante-una-pac-compleja-marcada-por-la-protesta#primaryimage"},"image":{"@id":"https:\/\/www.asajacyl.com\/palencia\/asaja-palencia-informa\/el-equipo-tecnico-de-asaja-plantea-las-dudas-del-sector-ante-una-pac-compleja-marcada-por-la-protesta#primaryimage"},"thumbnailUrl":"https:\/\/www.asajacyl.com\/palencia\/wp-content\/uploads\/sites\/3\/2024\/02\/Tecnicos-ASAJA-jornada-PAC-.jpg","datePublished":"2024-02-21T08:29:19+00:00","dateModified":"2024-02-21T08:30:30+00:00","author":{"@id":"https:\/\/www.asajacyl.com\/palencia\/#\/schema\/person\/3ab17aeb03527485c317557fae64aab1"},"description":"Una gran parte del equipo de ciento cincuenta t\u00e9cnicos de las nueve organizaciones provinciales de ASAJA, as\u00ed como de la oficina regional en Castilla y","breadcrumb":{"@id":"https:\/\/www.asajacyl.com\/palencia\/asaja-palencia-informa\/el-equipo-tecnico-de-asaja-plantea-las-dudas-del-sector-ante-una-pac-compleja-marcada-por-la-protesta#breadcrumb"},"inLanguage":"es","potentialAction":[{"@type":"ReadAction","target":["https:\/\/www.asajacyl.com\/palencia\/asaja-palencia-informa\/el-equipo-tecnico-de-asaja-plantea-las-dudas-del-sector-ante-una-pac-compleja-marcada-por-la-protesta"]}]},{"@type":"ImageObject","inLanguage":"es","@id":"https:\/\/www.asajacyl.com\/palencia\/asaja-palencia-informa\/el-equipo-tecnico-de-asaja-plantea-las-dudas-del-sector-ante-una-pac-compleja-marcada-por-la-protesta#primaryimage","url":"https:\/\/www.asajacyl.com\/palencia\/wp-content\/uploads\/sites\/3\/2024\/02\/Tecnicos-ASAJA-jornada-PAC-.jpg","contentUrl":"https:\/\/www.asajacyl.com\/palencia\/wp-content\/uploads\/sites\/3\/2024\/02\/Tecnicos-ASAJA-jornada-PAC-.jpg","width":1555,"height":1361},{"@type":"BreadcrumbList","@id":"https:\/\/www.asajacyl.com\/palencia\/asaja-palencia-informa\/el-equipo-tecnico-de-asaja-plantea-las-dudas-del-sector-ante-una-pac-compleja-marcada-por-la-protesta#breadcrumb","itemListElement":[{"@type":"ListItem","position":1,"name":"Portada","item":"https:\/\/www.asajacyl.com\/palencia\/"},{"@type":"ListItem","position":2,"name":"El equipo t\u00e9cnico de ASAJA plantea las dudas del sector ante una PAC compleja marcada por la protesta"}]},{"@type":"WebSite","@id":"https:\/\/www.asajacyl.com\/palencia\/#website","url":"https:\/\/www.asajacyl.com\/palencia\/","name":"ASAJA Palencia","description":"Otro sitio m\u00e1s de Provincias ASAJA Castilla y Le\u00f3n","potentialAction":[{"@type":"SearchAction","target":{"@type":"EntryPoint","urlTemplate":"https:\/\/www.asajacyl.com\/palencia\/?s={search_term_string}"},"query-input":{"@type":"PropertyValueSpecification","valueRequired":true,"valueName":"search_term_string"}}],"inLanguage":"es"},{"@type":"Person","@id":"https:\/\/www.asajacyl.com\/palencia\/#\/schema\/person\/3ab17aeb03527485c317557fae64aab1","name":"Administrador","image":{"@type":"ImageObject","inLanguage":"es","@id":"https:\/\/www.asajacyl.com\/palencia\/#\/schema\/person\/image\/","url":"https:\/\/secure.gravatar.com\/avatar\/517384810d242ca9e38c180f3c9fb973?s=96&d=mm&r=g","contentUrl":"https:\/\/secure.gravatar.com\/avatar\/517384810d242ca9e38c180f3c9fb973?s=96&d=mm&r=g","caption":"Administrador"},"url":"https:\/\/www.asajacyl.com\/palencia\/author\/carlosrm"}]}},"_links":{"self":[{"href":"https:\/\/www.asajacyl.com\/palencia\/wp-json\/wp\/v2\/posts\/15423"}],"collection":[{"href":"https:\/\/www.asajacyl.com\/palencia\/wp-json\/wp\/v2\/posts"}],"about":[{"href":"https:\/\/www.asajacyl.com\/palencia\/wp-json\/wp\/v2\/types\/post"}],"author":[{"embeddable":true,"href":"https:\/\/www.asajacyl.com\/palencia\/wp-json\/wp\/v2\/users\/9"}],"replies":[{"embeddable":true,"href":"https:\/\/www.asajacyl.com\/palencia\/wp-json\/wp\/v2\/comments?post=15423"}],"version-history":[{"count":5,"href":"https:\/\/www.asajacyl.com\/palencia\/wp-json\/wp\/v2\/posts\/15423\/revisions"}],"predecessor-version":[{"id":15430,"href":"https:\/\/www.asajacyl.com\/palencia\/wp-json\/wp\/v2\/posts\/15423\/revisions\/15430"}],"wp:featuredmedia":[{"embeddable":true,"href":"https:\/\/www.asajacyl.com\/palencia\/wp-json\/wp\/v2\/media\/15425"}],"wp:attachment":[{"href":"https:\/\/www.asajacyl.com\/palencia\/wp-json\/wp\/v2\/media?parent=15423"}],"wp:term":[{"taxonomy":"category","embeddable":true,"href":"https:\/\/www.asajacyl.com\/palencia\/wp-json\/wp\/v2\/categories?post=15423"},{"taxonomy":"post_tag","embeddable":true,"href":"https:\/\/www.asajacyl.com\/palencia\/wp-json\/wp\/v2\/tags?post=15423"}],"curies":[{"name":"wp","href":"https:\/\/api.w.org\/{rel}","templated":true}]}}