{"id":15474,"date":"2024-02-24T10:00:00","date_gmt":"2024-02-24T09:00:00","guid":{"rendered":"https:\/\/www.asajacyl.com\/palencia\/?p=15474"},"modified":"2024-02-23T13:53:15","modified_gmt":"2024-02-23T12:53:15","slug":"mas-de-800-profesionales-agroganaderos-de-palencia-acudiran-este-lunes-26-a-la-manifestacion-de-madrid","status":"publish","type":"post","link":"https:\/\/www.asajacyl.com\/palencia\/asaja-palencia-informa\/mas-de-800-profesionales-agroganaderos-de-palencia-acudiran-este-lunes-26-a-la-manifestacion-de-madrid","title":{"rendered":"M\u00e1s de 800 profesionales agroganaderos de Palencia acudir\u00e1n este lunes 26 a la manifestaci\u00f3n de Madrid"},"content":{"rendered":"\n<h2 class=\"wp-block-heading\">M\u00e1s de ochocientos agricultores y ganaderos palentinos se desplazar\u00e1n este lunes, 26 de febrero, para participar en la gran movilizaci\u00f3n convocada por ASAJA y la alianza UPA-COAG en Madrid, unidad de acci\u00f3n con el objetivo de reclamar cambios profundos en las pol\u00edticas que se aplican al sector en todos los niveles de las administraciones p\u00fablicas competentes. De hecho, la manifestaci\u00f3n-tractorada se celebrar\u00e1 coincidiendo con la reuni\u00f3n en la capital de Espa\u00f1a de los ministros de agricultura de los pa\u00edses miembros de la Uni\u00f3n Europea. <\/h2>\n\n\n<div class=\"wp-block-image\">\n<figure class=\"alignright is-resized\"><a href=\"https:\/\/www.asaja.com\/files\/noticia\/23022024111620_Cartel-tractorada-26-febrero-1-724x1024.jpg\"><img loading=\"lazy\" decoding=\"async\" src=\"https:\/\/www.asaja.com\/files\/noticia\/23022024111620_Cartel-tractorada-26-febrero-1-724x1024.jpg\" alt=\"Thumb\" width=\"517\" height=\"775\" \/><\/a><\/figure><\/div>\n\n\n<p>Hasta doce autobuses partir\u00e1n desde diversos puntos de la provincia de Palencia (los m\u00e1s madrugadores, desde Cervera de Pisuerga, a las 6:00 horas; y desde Aguilar de Campoo, media hora m\u00e1s tarde) en diversas rutas para acudir a Madrid este lunes, a los que se sumar\u00e1n otro centenar de profesionales del campo que viajar\u00e1n a la capital de Espa\u00f1a en sus veh\u00edculos particulares. En la capital palentina los autobuses partir\u00e1n a las 7:30 horas desde la Nueva Balastera.<\/p>\n\n\n\n<p>Coincidiendo con la celebraci\u00f3n del Consejo de Ministros de Agricultura de la Uni\u00f3n Europea, los manifestantes y cientos de tractores partir\u00e1n a las once de la ma\u00f1ana desde el Ministerio de Agricultura, en la plaza de Carlos V, y discurrir\u00e1n por los paseos del Prado, Recoletos y La Castellana para concentrarse a la altura del n\u00famero 46 ante la sede de la Oficina de la Comisi\u00f3n Europea en Madrid. En su recorrido por algunas de las principales arterias del centro de Madrid expondr\u00e1n las organizaciones convocantes su demanda de soluciones a los muchos problemas que padece actualmente el sector agrario. <br><br>M\u00e1s de ochocientos profesionales del campo palentino se unir\u00e1n a decenas de miles m\u00e1s, procedentes de toda Espa\u00f1a, en torno al lema <em>El campo exige apoyo, respeto y reconocimiento<\/em>, y acompa\u00f1ar\u00e1n a la caravana de tractores que se concentrar\u00e1 ante el edificio de la Comisi\u00f3n Europea, coincidiendo con la importante reuni\u00f3n de los ministros del ramo de los pa\u00edses comunitarios.\u00a0<\/p>\n\n\n\n<p>El campo espa\u00f1ol sigue manifest\u00e1ndose por todo el pa\u00eds y ahora llega esta movilizaci\u00f3n en Madrid, coincidiendo con el debate que los ministros afronten sobre posibles respuestas r\u00e1pidas y estructurales a la crisis actual a la que se enfrenta el sector agrario. <\/p>\n\n\n<div class=\"wp-block-image\">\n<figure class=\"alignright size-large is-resized\"><img loading=\"lazy\" decoding=\"async\" src=\"https:\/\/www.asajacyl.com\/palencia\/wp-content\/uploads\/sites\/3\/2024\/02\/26F-Madrid-horarios-y-ruta-1024x1024.jpg\" alt=\"\" class=\"wp-image-15475\" width=\"529\" height=\"529\" srcset=\"https:\/\/www.asajacyl.com\/palencia\/wp-content\/uploads\/sites\/3\/2024\/02\/26F-Madrid-horarios-y-ruta-1024x1024.jpg 1024w, https:\/\/www.asajacyl.com\/palencia\/wp-content\/uploads\/sites\/3\/2024\/02\/26F-Madrid-horarios-y-ruta-300x300.jpg 300w, https:\/\/www.asajacyl.com\/palencia\/wp-content\/uploads\/sites\/3\/2024\/02\/26F-Madrid-horarios-y-ruta-150x150.jpg 150w, https:\/\/www.asajacyl.com\/palencia\/wp-content\/uploads\/sites\/3\/2024\/02\/26F-Madrid-horarios-y-ruta-768x768.jpg 768w, https:\/\/www.asajacyl.com\/palencia\/wp-content\/uploads\/sites\/3\/2024\/02\/26F-Madrid-horarios-y-ruta-696x696.jpg 696w, https:\/\/www.asajacyl.com\/palencia\/wp-content\/uploads\/sites\/3\/2024\/02\/26F-Madrid-horarios-y-ruta-1068x1068.jpg 1068w, https:\/\/www.asajacyl.com\/palencia\/wp-content\/uploads\/sites\/3\/2024\/02\/26F-Madrid-horarios-y-ruta-420x420.jpg 420w, https:\/\/www.asajacyl.com\/palencia\/wp-content\/uploads\/sites\/3\/2024\/02\/26F-Madrid-horarios-y-ruta.jpg 1080w\" sizes=\"(max-width: 529px) 100vw, 529px\" \/><\/figure><\/div>\n\n\n<p><strong>PAC E IMPORTACIONES, ENTRE OTRAS REVINDICACIONES. <\/strong>Los ministros tambi\u00e9n deber\u00e1n decidir sobre la flexibilizaci\u00f3n de la PAC (normas de la condicionalidad reforzada) y la negociaci\u00f3n de las llamadas cl\u00e1usulas espejo, por las que se exija a los productos importados los mismos requisitos que a los intracomunitarios, dos importantes asuntos que son vitales en las demandas de los productores.\u00a0<\/p>\n\n\n\n<p>Ante la sede del Ministerio de Agricultura tambi\u00e9n se plantear\u00e1n reformas esenciales que necesita el sector, como un cambio en el funcionamiento de la <strong>Ley de la Cadena Agroalimentaria<\/strong>, un sistema de <strong>seguros agrarios<\/strong> que responda a las necesidades de los productores, una <strong>fiscalidad <\/strong>acorde a los incrementos de costes que soporta el sector e inversiones urgentes en materia de <strong>regad\u00edos<\/strong>.\u00a0<\/p>\n\n\n\n<p>Est\u00e1 previsto que los autobuses procedentes de Palencia lleguen a las inmediaciones del parque del Retiro hacia las 10:30 horas. Los tractores partir\u00e1n hacia las 9:00 horas del puente de Arganda y acceder\u00e1n a la capital por la Nacional 3, las avenidas del Mediterr\u00e1neo y Ciudad de Barcelona para concentrarse en el Paseo de Infanta Isabel, frente al Ministerio de Agricultura.\u00a0<\/p>\n\n\n\n<p>Desde all\u00ed, la tractorada-manifestaci\u00f3n multitudinaria partir\u00e1 hacia las 11:00 a la sede de la Oficina de la Comisi\u00f3n Europea (Paseo de la Castellana, 46), en cuyas inmediaciones intervendr\u00e1 nuestro presidente nacional, Pedro Barato, y los m\u00e1ximos responsables de las otras dos organizaciones convocantes.\u00a0Previamente (10:45 horas), ofrecer\u00e1n unas primeras declaraciones a los medios de comunicaci\u00f3n.<strong>\/<\/strong><\/p>\n","protected":false},"excerpt":{"rendered":"<p>M\u00e1s de ochocientos agricultores y ganaderos palentinos se desplazar\u00e1n este lunes, 26 de febrero, para participar en la gran movilizaci\u00f3n convocada por ASAJA y la alianza UPA-COAG en Madrid, unidad de acci\u00f3n con el objetivo de reclamar cambios profundos en las pol\u00edticas que se aplican al sector en todos los niveles de las administraciones p\u00fablicas [&hellip;]<\/p>\n","protected":false},"author":9,"featured_media":15479,"comment_status":"open","ping_status":"open","sticky":false,"template":"","format":"standard","meta":{"footnotes":""},"categories":[9,29,28],"tags":[708,58,59,351,77,110,706,714,686],"yoast_head":"<!-- This site is optimized with the Yoast SEO plugin v24.5 - https:\/\/yoast.com\/wordpress\/plugins\/seo\/ -->\n<title>M\u00e1s de 800 profesionales agroganaderos de Palencia acudir\u00e1n este lunes 26 a la manifestaci\u00f3n de Madrid - ASAJA Palencia<\/title>\n<meta name=\"description\" content=\"M\u00e1s de ochocientos agricultores y ganaderos palentinos se desplazar\u00e1n este lunes, 26 de febrero, para participar en la gran movilizaci\u00f3n convocada por\" \/>\n<meta name=\"robots\" content=\"index, follow, max-snippet:-1, max-image-preview:large, max-video-preview:-1\" \/>\n<link rel=\"canonical\" href=\"https:\/\/www.asajacyl.com\/palencia\/asaja-palencia-informa\/mas-de-800-profesionales-agroganaderos-de-palencia-acudiran-este-lunes-26-a-la-manifestacion-de-madrid\" \/>\n<meta property=\"og:locale\" content=\"es_ES\" \/>\n<meta property=\"og:type\" content=\"article\" \/>\n<meta property=\"og:title\" content=\"M\u00e1s de 800 profesionales agroganaderos de Palencia acudir\u00e1n este lunes 26 a la manifestaci\u00f3n de Madrid - ASAJA Palencia\" \/>\n<meta property=\"og:description\" content=\"M\u00e1s de ochocientos agricultores y ganaderos palentinos se desplazar\u00e1n este lunes, 26 de febrero, para participar en la gran movilizaci\u00f3n convocada por\" \/>\n<meta property=\"og:url\" content=\"https:\/\/www.asajacyl.com\/palencia\/asaja-palencia-informa\/mas-de-800-profesionales-agroganaderos-de-palencia-acudiran-este-lunes-26-a-la-manifestacion-de-madrid\" \/>\n<meta property=\"og:site_name\" content=\"ASAJA Palencia\" \/>\n<meta property=\"article:published_time\" content=\"2024-02-24T09:00:00+00:00\" \/>\n<meta property=\"og:image\" content=\"https:\/\/www.asajacyl.com\/palencia\/wp-content\/uploads\/sites\/3\/2024\/02\/Manifestacion-Madrid-marzo2.jpg\" \/>\n\t<meta property=\"og:image:width\" content=\"1890\" \/>\n\t<meta property=\"og:image:height\" content=\"1654\" \/>\n\t<meta property=\"og:image:type\" content=\"image\/jpeg\" \/>\n<meta name=\"author\" content=\"Administrador\" \/>\n<meta name=\"twitter:card\" content=\"summary_large_image\" \/>\n<meta name=\"twitter:label1\" content=\"Escrito por\" \/>\n\t<meta name=\"twitter:data1\" content=\"Administrador\" \/>\n\t<meta name=\"twitter:label2\" content=\"Tiempo de lectura\" \/>\n\t<meta name=\"twitter:data2\" content=\"3 minutos\" \/>\n<script type=\"application\/ld+json\" class=\"yoast-schema-graph\">{\"@context\":\"https:\/\/schema.org\",\"@graph\":[{\"@type\":\"WebPage\",\"@id\":\"https:\/\/www.asajacyl.com\/palencia\/asaja-palencia-informa\/mas-de-800-profesionales-agroganaderos-de-palencia-acudiran-este-lunes-26-a-la-manifestacion-de-madrid\",\"url\":\"https:\/\/www.asajacyl.com\/palencia\/asaja-palencia-informa\/mas-de-800-profesionales-agroganaderos-de-palencia-acudiran-este-lunes-26-a-la-manifestacion-de-madrid\",\"name\":\"M\u00e1s de 800 profesionales agroganaderos de Palencia acudir\u00e1n este lunes 26 a la manifestaci\u00f3n de Madrid - ASAJA Palencia\",\"isPartOf\":{\"@id\":\"https:\/\/www.asajacyl.com\/palencia\/#website\"},\"primaryImageOfPage\":{\"@id\":\"https:\/\/www.asajacyl.com\/palencia\/asaja-palencia-informa\/mas-de-800-profesionales-agroganaderos-de-palencia-acudiran-este-lunes-26-a-la-manifestacion-de-madrid#primaryimage\"},\"image\":{\"@id\":\"https:\/\/www.asajacyl.com\/palencia\/asaja-palencia-informa\/mas-de-800-profesionales-agroganaderos-de-palencia-acudiran-este-lunes-26-a-la-manifestacion-de-madrid#primaryimage\"},\"thumbnailUrl\":\"https:\/\/www.asajacyl.com\/palencia\/wp-content\/uploads\/sites\/3\/2024\/02\/Manifestacion-Madrid-marzo2.jpg\",\"datePublished\":\"2024-02-24T09:00:00+00:00\",\"author\":{\"@id\":\"https:\/\/www.asajacyl.com\/palencia\/#\/schema\/person\/3ab17aeb03527485c317557fae64aab1\"},\"description\":\"M\u00e1s de ochocientos agricultores y ganaderos palentinos se desplazar\u00e1n este lunes, 26 de febrero, para participar en la gran movilizaci\u00f3n convocada por\",\"breadcrumb\":{\"@id\":\"https:\/\/www.asajacyl.com\/palencia\/asaja-palencia-informa\/mas-de-800-profesionales-agroganaderos-de-palencia-acudiran-este-lunes-26-a-la-manifestacion-de-madrid#breadcrumb\"},\"inLanguage\":\"es\",\"potentialAction\":[{\"@type\":\"ReadAction\",\"target\":[\"https:\/\/www.asajacyl.com\/palencia\/asaja-palencia-informa\/mas-de-800-profesionales-agroganaderos-de-palencia-acudiran-este-lunes-26-a-la-manifestacion-de-madrid\"]}]},{\"@type\":\"ImageObject\",\"inLanguage\":\"es\",\"@id\":\"https:\/\/www.asajacyl.com\/palencia\/asaja-palencia-informa\/mas-de-800-profesionales-agroganaderos-de-palencia-acudiran-este-lunes-26-a-la-manifestacion-de-madrid#primaryimage\",\"url\":\"https:\/\/www.asajacyl.com\/palencia\/wp-content\/uploads\/sites\/3\/2024\/02\/Manifestacion-Madrid-marzo2.jpg\",\"contentUrl\":\"https:\/\/www.asajacyl.com\/palencia\/wp-content\/uploads\/sites\/3\/2024\/02\/Manifestacion-Madrid-marzo2.jpg\",\"width\":1890,\"height\":1654},{\"@type\":\"BreadcrumbList\",\"@id\":\"https:\/\/www.asajacyl.com\/palencia\/asaja-palencia-informa\/mas-de-800-profesionales-agroganaderos-de-palencia-acudiran-este-lunes-26-a-la-manifestacion-de-madrid#breadcrumb\",\"itemListElement\":[{\"@type\":\"ListItem\",\"position\":1,\"name\":\"Portada\",\"item\":\"https:\/\/www.asajacyl.com\/palencia\/\"},{\"@type\":\"ListItem\",\"position\":2,\"name\":\"M\u00e1s de 800 profesionales agroganaderos de Palencia acudir\u00e1n este lunes 26 a la manifestaci\u00f3n de Madrid\"}]},{\"@type\":\"WebSite\",\"@id\":\"https:\/\/www.asajacyl.com\/palencia\/#website\",\"url\":\"https:\/\/www.asajacyl.com\/palencia\/\",\"name\":\"ASAJA Palencia\",\"description\":\"Otro sitio m\u00e1s de Provincias ASAJA Castilla y Le\u00f3n\",\"potentialAction\":[{\"@type\":\"SearchAction\",\"target\":{\"@type\":\"EntryPoint\",\"urlTemplate\":\"https:\/\/www.asajacyl.com\/palencia\/?s={search_term_string}\"},\"query-input\":{\"@type\":\"PropertyValueSpecification\",\"valueRequired\":true,\"valueName\":\"search_term_string\"}}],\"inLanguage\":\"es\"},{\"@type\":\"Person\",\"@id\":\"https:\/\/www.asajacyl.com\/palencia\/#\/schema\/person\/3ab17aeb03527485c317557fae64aab1\",\"name\":\"Administrador\",\"image\":{\"@type\":\"ImageObject\",\"inLanguage\":\"es\",\"@id\":\"https:\/\/www.asajacyl.com\/palencia\/#\/schema\/person\/image\/\",\"url\":\"https:\/\/secure.gravatar.com\/avatar\/517384810d242ca9e38c180f3c9fb973?s=96&d=mm&r=g\",\"contentUrl\":\"https:\/\/secure.gravatar.com\/avatar\/517384810d242ca9e38c180f3c9fb973?s=96&d=mm&r=g\",\"caption\":\"Administrador\"},\"url\":\"https:\/\/www.asajacyl.com\/palencia\/author\/carlosrm\"}]}<\/script>\n<!-- \/ Yoast SEO plugin. -->","yoast_head_json":{"title":"M\u00e1s de 800 profesionales agroganaderos de Palencia acudir\u00e1n este lunes 26 a la manifestaci\u00f3n de Madrid - ASAJA Palencia","description":"M\u00e1s de ochocientos agricultores y ganaderos palentinos se desplazar\u00e1n este lunes, 26 de febrero, para participar en la gran movilizaci\u00f3n convocada por","robots":{"index":"index","follow":"follow","max-snippet":"max-snippet:-1","max-image-preview":"max-image-preview:large","max-video-preview":"max-video-preview:-1"},"canonical":"https:\/\/www.asajacyl.com\/palencia\/asaja-palencia-informa\/mas-de-800-profesionales-agroganaderos-de-palencia-acudiran-este-lunes-26-a-la-manifestacion-de-madrid","og_locale":"es_ES","og_type":"article","og_title":"M\u00e1s de 800 profesionales agroganaderos de Palencia acudir\u00e1n este lunes 26 a la manifestaci\u00f3n de Madrid - ASAJA Palencia","og_description":"M\u00e1s de ochocientos agricultores y ganaderos palentinos se desplazar\u00e1n este lunes, 26 de febrero, para participar en la gran movilizaci\u00f3n convocada por","og_url":"https:\/\/www.asajacyl.com\/palencia\/asaja-palencia-informa\/mas-de-800-profesionales-agroganaderos-de-palencia-acudiran-este-lunes-26-a-la-manifestacion-de-madrid","og_site_name":"ASAJA Palencia","article_published_time":"2024-02-24T09:00:00+00:00","og_image":[{"width":1890,"height":1654,"url":"https:\/\/www.asajacyl.com\/palencia\/wp-content\/uploads\/sites\/3\/2024\/02\/Manifestacion-Madrid-marzo2.jpg","type":"image\/jpeg"}],"author":"Administrador","twitter_card":"summary_large_image","twitter_misc":{"Escrito por":"Administrador","Tiempo de lectura":"3 minutos"},"schema":{"@context":"https:\/\/schema.org","@graph":[{"@type":"WebPage","@id":"https:\/\/www.asajacyl.com\/palencia\/asaja-palencia-informa\/mas-de-800-profesionales-agroganaderos-de-palencia-acudiran-este-lunes-26-a-la-manifestacion-de-madrid","url":"https:\/\/www.asajacyl.com\/palencia\/asaja-palencia-informa\/mas-de-800-profesionales-agroganaderos-de-palencia-acudiran-este-lunes-26-a-la-manifestacion-de-madrid","name":"M\u00e1s de 800 profesionales agroganaderos de Palencia acudir\u00e1n este lunes 26 a la manifestaci\u00f3n de Madrid - ASAJA Palencia","isPartOf":{"@id":"https:\/\/www.asajacyl.com\/palencia\/#website"},"primaryImageOfPage":{"@id":"https:\/\/www.asajacyl.com\/palencia\/asaja-palencia-informa\/mas-de-800-profesionales-agroganaderos-de-palencia-acudiran-este-lunes-26-a-la-manifestacion-de-madrid#primaryimage"},"image":{"@id":"https:\/\/www.asajacyl.com\/palencia\/asaja-palencia-informa\/mas-de-800-profesionales-agroganaderos-de-palencia-acudiran-este-lunes-26-a-la-manifestacion-de-madrid#primaryimage"},"thumbnailUrl":"https:\/\/www.asajacyl.com\/palencia\/wp-content\/uploads\/sites\/3\/2024\/02\/Manifestacion-Madrid-marzo2.jpg","datePublished":"2024-02-24T09:00:00+00:00","author":{"@id":"https:\/\/www.asajacyl.com\/palencia\/#\/schema\/person\/3ab17aeb03527485c317557fae64aab1"},"description":"M\u00e1s de ochocientos agricultores y ganaderos palentinos se desplazar\u00e1n este lunes, 26 de febrero, para participar en la gran movilizaci\u00f3n convocada por","breadcrumb":{"@id":"https:\/\/www.asajacyl.com\/palencia\/asaja-palencia-informa\/mas-de-800-profesionales-agroganaderos-de-palencia-acudiran-este-lunes-26-a-la-manifestacion-de-madrid#breadcrumb"},"inLanguage":"es","potentialAction":[{"@type":"ReadAction","target":["https:\/\/www.asajacyl.com\/palencia\/asaja-palencia-informa\/mas-de-800-profesionales-agroganaderos-de-palencia-acudiran-este-lunes-26-a-la-manifestacion-de-madrid"]}]},{"@type":"ImageObject","inLanguage":"es","@id":"https:\/\/www.asajacyl.com\/palencia\/asaja-palencia-informa\/mas-de-800-profesionales-agroganaderos-de-palencia-acudiran-este-lunes-26-a-la-manifestacion-de-madrid#primaryimage","url":"https:\/\/www.asajacyl.com\/palencia\/wp-content\/uploads\/sites\/3\/2024\/02\/Manifestacion-Madrid-marzo2.jpg","contentUrl":"https:\/\/www.asajacyl.com\/palencia\/wp-content\/uploads\/sites\/3\/2024\/02\/Manifestacion-Madrid-marzo2.jpg","width":1890,"height":1654},{"@type":"BreadcrumbList","@id":"https:\/\/www.asajacyl.com\/palencia\/asaja-palencia-informa\/mas-de-800-profesionales-agroganaderos-de-palencia-acudiran-este-lunes-26-a-la-manifestacion-de-madrid#breadcrumb","itemListElement":[{"@type":"ListItem","position":1,"name":"Portada","item":"https:\/\/www.asajacyl.com\/palencia\/"},{"@type":"ListItem","position":2,"name":"M\u00e1s de 800 profesionales agroganaderos de Palencia acudir\u00e1n este lunes 26 a la manifestaci\u00f3n de Madrid"}]},{"@type":"WebSite","@id":"https:\/\/www.asajacyl.com\/palencia\/#website","url":"https:\/\/www.asajacyl.com\/palencia\/","name":"ASAJA Palencia","description":"Otro sitio m\u00e1s de Provincias ASAJA Castilla y Le\u00f3n","potentialAction":[{"@type":"SearchAction","target":{"@type":"EntryPoint","urlTemplate":"https:\/\/www.asajacyl.com\/palencia\/?s={search_term_string}"},"query-input":{"@type":"PropertyValueSpecification","valueRequired":true,"valueName":"search_term_string"}}],"inLanguage":"es"},{"@type":"Person","@id":"https:\/\/www.asajacyl.com\/palencia\/#\/schema\/person\/3ab17aeb03527485c317557fae64aab1","name":"Administrador","image":{"@type":"ImageObject","inLanguage":"es","@id":"https:\/\/www.asajacyl.com\/palencia\/#\/schema\/person\/image\/","url":"https:\/\/secure.gravatar.com\/avatar\/517384810d242ca9e38c180f3c9fb973?s=96&d=mm&r=g","contentUrl":"https:\/\/secure.gravatar.com\/avatar\/517384810d242ca9e38c180f3c9fb973?s=96&d=mm&r=g","caption":"Administrador"},"url":"https:\/\/www.asajacyl.com\/palencia\/author\/carlosrm"}]}},"_links":{"self":[{"href":"https:\/\/www.asajacyl.com\/palencia\/wp-json\/wp\/v2\/posts\/15474"}],"collection":[{"href":"https:\/\/www.asajacyl.com\/palencia\/wp-json\/wp\/v2\/posts"}],"about":[{"href":"https:\/\/www.asajacyl.com\/palencia\/wp-json\/wp\/v2\/types\/post"}],"author":[{"embeddable":true,"href":"https:\/\/www.asajacyl.com\/palencia\/wp-json\/wp\/v2\/users\/9"}],"replies":[{"embeddable":true,"href":"https:\/\/www.asajacyl.com\/palencia\/wp-json\/wp\/v2\/comments?post=15474"}],"version-history":[{"count":3,"href":"https:\/\/www.asajacyl.com\/palencia\/wp-json\/wp\/v2\/posts\/15474\/revisions"}],"predecessor-version":[{"id":15480,"href":"https:\/\/www.asajacyl.com\/palencia\/wp-json\/wp\/v2\/posts\/15474\/revisions\/15480"}],"wp:featuredmedia":[{"embeddable":true,"href":"https:\/\/www.asajacyl.com\/palencia\/wp-json\/wp\/v2\/media\/15479"}],"wp:attachment":[{"href":"https:\/\/www.asajacyl.com\/palencia\/wp-json\/wp\/v2\/media?parent=15474"}],"wp:term":[{"taxonomy":"category","embeddable":true,"href":"https:\/\/www.asajacyl.com\/palencia\/wp-json\/wp\/v2\/categories?post=15474"},{"taxonomy":"post_tag","embeddable":true,"href":"https:\/\/www.asajacyl.com\/palencia\/wp-json\/wp\/v2\/tags?post=15474"}],"curies":[{"name":"wp","href":"https:\/\/api.w.org\/{rel}","templated":true}]}}