{"id":15488,"date":"2024-02-27T13:10:39","date_gmt":"2024-02-27T12:10:39","guid":{"rendered":"https:\/\/www.asajacyl.com\/palencia\/?p=15488"},"modified":"2024-02-27T13:28:48","modified_gmt":"2024-02-27T12:28:48","slug":"amplia-presencia-del-campo-palentino-en-madrid-para-reivindicar-un-futuro-mejor-en-el-sector-agroganadero","status":"publish","type":"post","link":"https:\/\/www.asajacyl.com\/palencia\/asaja-palencia-informa\/amplia-presencia-del-campo-palentino-en-madrid-para-reivindicar-un-futuro-mejor-en-el-sector-agroganadero","title":{"rendered":"Amplia presencia del campo palentino en Madrid para reivindicar un futuro mejor en el sector agroganadero"},"content":{"rendered":"\n<h2 class=\"wp-block-heading\">La presencia de los profesionales del campo palentino, que super\u00f3 los ochocientos agricultores y ganaderos, fue una de las m\u00e1s numerosas en la manifestaci\u00f3n en Madrid que convocaron este lunes, 26 de febrero, las organizaciones agrarias ASAJA, COAG y UPA. Una docena de autobuses partieron desde primera hora de la ma\u00f1ana de diferentes puntos de la provincia de Palencia en direcci\u00f3n a la capital de Espa\u00f1a, al igual que desde otros territorios peninsulares. A ellos se unieron alrededor de cien agricultores y ganaderos de Palencia que acudieron en sus veh\u00edculos particulares. La manifestaci\u00f3n cont\u00f3 con la participaci\u00f3n de 107 tractores, cifra m\u00e1xima que autoriz\u00f3 la Delegaci\u00f3n del Gobierno en Madrid para circular por el recorrido entre la plaza del Emperador Carlos V y el Paseo de la Castellana, y que se desplazaron en camiones &#8216;g\u00f3ndola&#8217; para interferir lo menos posible en el tr\u00e1fico de acceso a la capital de Espa\u00f1a.<\/h2>\n\n\n<div class=\"wp-block-image\">\n<figure class=\"alignleft size-large is-resized\"><img loading=\"lazy\" decoding=\"async\" src=\"https:\/\/www.asajacyl.com\/palencia\/wp-content\/uploads\/sites\/3\/2024\/02\/Palentinos-ante-Ministerio-de-Agricultura-1024x490.jpg\" alt=\"\" class=\"wp-image-15494\" width=\"1067\" height=\"511\" srcset=\"https:\/\/www.asajacyl.com\/palencia\/wp-content\/uploads\/sites\/3\/2024\/02\/Palentinos-ante-Ministerio-de-Agricultura-1024x490.jpg 1024w, https:\/\/www.asajacyl.com\/palencia\/wp-content\/uploads\/sites\/3\/2024\/02\/Palentinos-ante-Ministerio-de-Agricultura-300x144.jpg 300w, https:\/\/www.asajacyl.com\/palencia\/wp-content\/uploads\/sites\/3\/2024\/02\/Palentinos-ante-Ministerio-de-Agricultura-768x367.jpg 768w, https:\/\/www.asajacyl.com\/palencia\/wp-content\/uploads\/sites\/3\/2024\/02\/Palentinos-ante-Ministerio-de-Agricultura-1536x735.jpg 1536w, https:\/\/www.asajacyl.com\/palencia\/wp-content\/uploads\/sites\/3\/2024\/02\/Palentinos-ante-Ministerio-de-Agricultura-2048x980.jpg 2048w, https:\/\/www.asajacyl.com\/palencia\/wp-content\/uploads\/sites\/3\/2024\/02\/Palentinos-ante-Ministerio-de-Agricultura-696x333.jpg 696w, https:\/\/www.asajacyl.com\/palencia\/wp-content\/uploads\/sites\/3\/2024\/02\/Palentinos-ante-Ministerio-de-Agricultura-1068x511.jpg 1068w, https:\/\/www.asajacyl.com\/palencia\/wp-content\/uploads\/sites\/3\/2024\/02\/Palentinos-ante-Ministerio-de-Agricultura-1920x919.jpg 1920w, https:\/\/www.asajacyl.com\/palencia\/wp-content\/uploads\/sites\/3\/2024\/02\/Palentinos-ante-Ministerio-de-Agricultura-878x420.jpg 878w\" sizes=\"(max-width: 1067px) 100vw, 1067px\" \/><figcaption class=\"wp-element-caption\"><em><em>Agricultores y ganaderos palentinos, a su llegada a la plaza del Emperador Carlos V, ya abarrotada, junto a la sede del Ministerio de Agricultura.<\/em> Bajo estas l\u00edneas, <em>parte de los empleados de ASAJA-Palencia, que tambi\u00e9n se movilizaron para reivindicar cambios profundos en el sector agroganadero, portan la bandera de la provincia en el arranque de la manifestaci\u00f3n.<\/em><\/em><\/figcaption><\/figure><\/div>\n\n\n<p><\/p>\n\n\n\n<p><\/p>\n\n\n<div class=\"wp-block-image\">\n<figure class=\"alignleft size-large is-resized\"><img loading=\"lazy\" decoding=\"async\" src=\"https:\/\/www.asajacyl.com\/palencia\/wp-content\/uploads\/sites\/3\/2024\/02\/Empleados-ASAJA-Palencia-1-1024x685.jpg\" alt=\"\" class=\"wp-image-15496\" width=\"1065\" height=\"736\" \/><\/figure><\/div>\n\n\n<p><\/p>\n\n\n\n<p><\/p>\n\n\n\n<figure class=\"wp-block-image size-large is-resized\"><img loading=\"lazy\" decoding=\"async\" src=\"https:\/\/www.asajacyl.com\/palencia\/wp-content\/uploads\/sites\/3\/2024\/02\/Pancarta-Palencia-ante-Museo-del-Prado-1024x575.jpg\" alt=\"\" class=\"wp-image-15489\" width=\"1066\" height=\"682\" \/><figcaption class=\"wp-element-caption\"><em>Manifestantes de Palencia tras la pancarta provincial siguen a sus colegas de Ciudad Real a la altura del Museo del Prado este lunes 26 de febrero en Madrid. <\/em><\/figcaption><\/figure>\n\n\n<div class=\"wp-block-image\">\n<figure class=\"alignleft size-large is-resized\"><img loading=\"lazy\" decoding=\"async\" src=\"https:\/\/www.asajacyl.com\/palencia\/wp-content\/uploads\/sites\/3\/2024\/02\/Manifestantes-palentinos-1024x510.jpg\" alt=\"\" class=\"wp-image-15490\" width=\"555\" height=\"277\" srcset=\"https:\/\/www.asajacyl.com\/palencia\/wp-content\/uploads\/sites\/3\/2024\/02\/Manifestantes-palentinos-1024x510.jpg 1024w, https:\/\/www.asajacyl.com\/palencia\/wp-content\/uploads\/sites\/3\/2024\/02\/Manifestantes-palentinos-300x150.jpg 300w, https:\/\/www.asajacyl.com\/palencia\/wp-content\/uploads\/sites\/3\/2024\/02\/Manifestantes-palentinos-768x383.jpg 768w, https:\/\/www.asajacyl.com\/palencia\/wp-content\/uploads\/sites\/3\/2024\/02\/Manifestantes-palentinos-1536x766.jpg 1536w, https:\/\/www.asajacyl.com\/palencia\/wp-content\/uploads\/sites\/3\/2024\/02\/Manifestantes-palentinos-2048x1021.jpg 2048w, https:\/\/www.asajacyl.com\/palencia\/wp-content\/uploads\/sites\/3\/2024\/02\/Manifestantes-palentinos-696x347.jpg 696w, https:\/\/www.asajacyl.com\/palencia\/wp-content\/uploads\/sites\/3\/2024\/02\/Manifestantes-palentinos-1068x532.jpg 1068w, https:\/\/www.asajacyl.com\/palencia\/wp-content\/uploads\/sites\/3\/2024\/02\/Manifestantes-palentinos-1920x957.jpg 1920w, https:\/\/www.asajacyl.com\/palencia\/wp-content\/uploads\/sites\/3\/2024\/02\/Manifestantes-palentinos-843x420.jpg 843w\" sizes=\"(max-width: 555px) 100vw, 555px\" \/><figcaption class=\"wp-element-caption\">Agricultores y ganaderos palentinos se manifiestan por el Paseo de Recoletos de Madrid. <\/figcaption><\/figure><\/div>\n\n<div class=\"wp-block-image\">\n<figure class=\"alignleft size-large is-resized\"><img loading=\"lazy\" decoding=\"async\" src=\"https:\/\/www.asajacyl.com\/palencia\/wp-content\/uploads\/sites\/3\/2024\/02\/Pancarta-cabecera-1024x768.jpg\" alt=\"\" class=\"wp-image-15491\" width=\"557\" height=\"450\" \/><figcaption class=\"wp-element-caption\">Cabecera de la manifestaci\u00f3n del campo celebrada este lunes en Madrid.<\/figcaption><\/figure><\/div>\n\n\n<p>ASAJA-Palencia estuvo representada por varios cientos de asociados, encabezados por la directiva y su presidente provincial, Jos\u00e9 Luis Marcos, que al t\u00e9rmino de la manifestaci\u00f3n tuvo ocasi\u00f3n de intercambiar impresiones con los presidentes nacional y regional, Pedro Barato y Donaciano Dujo, respectivamente, as\u00ed como con otros dirigentes provinciales, en las inmediaciones de la sede en Madrid de la Comisi\u00f3n Europea, punto de llegada de la manifestaci\u00f3n y lugar donde se pronunciaron los discursos reivindicativos.<\/p>\n\n\n<div class=\"wp-block-image\">\n<figure class=\"alignleft size-large is-resized\"><img loading=\"lazy\" decoding=\"async\" src=\"https:\/\/www.asajacyl.com\/palencia\/wp-content\/uploads\/sites\/3\/2024\/02\/JLMarcos-con-PedroBarato-D-1024x679.jpg\" alt=\"\" class=\"wp-image-15492\" width=\"558\" height=\"371\" srcset=\"https:\/\/www.asajacyl.com\/palencia\/wp-content\/uploads\/sites\/3\/2024\/02\/JLMarcos-con-PedroBarato-D-1024x679.jpg 1024w, https:\/\/www.asajacyl.com\/palencia\/wp-content\/uploads\/sites\/3\/2024\/02\/JLMarcos-con-PedroBarato-D-300x199.jpg 300w, https:\/\/www.asajacyl.com\/palencia\/wp-content\/uploads\/sites\/3\/2024\/02\/JLMarcos-con-PedroBarato-D-768x509.jpg 768w, https:\/\/www.asajacyl.com\/palencia\/wp-content\/uploads\/sites\/3\/2024\/02\/JLMarcos-con-PedroBarato-D-1536x1018.jpg 1536w, https:\/\/www.asajacyl.com\/palencia\/wp-content\/uploads\/sites\/3\/2024\/02\/JLMarcos-con-PedroBarato-D-2048x1357.jpg 2048w, https:\/\/www.asajacyl.com\/palencia\/wp-content\/uploads\/sites\/3\/2024\/02\/JLMarcos-con-PedroBarato-D-696x461.jpg 696w, https:\/\/www.asajacyl.com\/palencia\/wp-content\/uploads\/sites\/3\/2024\/02\/JLMarcos-con-PedroBarato-D-1068x708.jpg 1068w, https:\/\/www.asajacyl.com\/palencia\/wp-content\/uploads\/sites\/3\/2024\/02\/JLMarcos-con-PedroBarato-D-1920x1273.jpg 1920w, https:\/\/www.asajacyl.com\/palencia\/wp-content\/uploads\/sites\/3\/2024\/02\/JLMarcos-con-PedroBarato-D-634x420.jpg 634w\" sizes=\"(max-width: 558px) 100vw, 558px\" \/><figcaption class=\"wp-element-caption\">Pedro Barato, presidente nacional de ASAJA, entre el presidente regional, Donaciano Dujo; y a su derecha, Jos\u00e9 Luis Marcos (Asaja-Palencia), junto a otros presidentes provinciales de Castilla y Le\u00f3n<\/figcaption><\/figure><\/div>\n\n\n<p>El n\u00famero de participantes ha desbordado las previsiones, con m\u00e1s de veinte mil asistentes que, una hora despu\u00e9s de lo previsto, partieron acompa\u00f1ados por el centenar de tractores autorizados en direcci\u00f3n a la sede de la Comisi\u00f3n Europea. La movilizaci\u00f3n nacional culmina unas intensas semanas de protestas por todo el pa\u00eds y coincidi\u00f3 con la celebrada en Bruselas y con el consejo de ministros de Agricultura. En la sede comunitaria de las organizaciones agrarias europeas tambi\u00e9n se celebr\u00f3 otra concentraci\u00f3n con una delegaci\u00f3n de ASAJA.<\/p>\n\n\n\n<p>Directivos, asociados y empleados de ASAJA-Palencia portaron la pancarta provincial, junto con los de las otras asociaciones convocantes, en la que pod\u00eda leerse el lema \u00abPrecios dignos y respeto al mundo rural\u00bb, en sinton\u00eda con la que encabezaba la manifestaci\u00f3n, portada por los l\u00edderes nacionales y regionales de las tres organizaciones convocantes: \u00abEl campo exige apoyo, respeto y reconocimiento\u00bb<\/p>\n\n\n\n<p>Al t\u00e9rmino de la manifestaci\u00f3n, el presidente de ASAJA en Castilla y Le\u00f3n, Donaciano Dujo, rodeado de nuestros presidentes provinciales, destac\u00f3 que las organizaciones profesionales hab\u00edan acudido \u00aben unidad de acci\u00f3n para exigir al Gobierno de la naci\u00f3n y tambi\u00e9n al europeo que hagan pol\u00edticas para el sector agr\u00edcola y ganadero, no en contra de \u00e9l\u00bb. Hizo hincapi\u00e9 en el plano econ\u00f3mico, \u00abporque necesitamos rentabilidad y costes asequibles\u00bb, pero tambi\u00e9n \u00abque no nos ahoguen en burocracia y que nos permitan trabajar con respeto y dignidad para que podamos ofrecer a la sociedad alimentos de calidad, que es nuestro principal objetivo\u00bb<\/p>\n\n\n\n<p>Nuestro presidente regional apel\u00f3 al ministro de Agricultura, Luis Planas, a \u00abdefendernos en Europa y traer un paquete de medidas que nos permita trabajar, porque los agricultores y ganaderos necesitamos poder trabajar con profesionalidad y libertad\u00bb.<\/p>\n\n\n\n<p>Las organizaciones profesionales agrarias programaron para este lunes la protesta por coincidir con el consejo de ministros de la Uni\u00f3n Europea, que debati\u00f3 posibles formas de garantizar respuestas r\u00e1pidas y estructurales a la crisis actual a la que se enfrenta el sector agrario, as\u00ed como sobre la flexibilizaci\u00f3n de la PAC (normas de la condicionalidad reforzada) y la negociaci\u00f3n de las cl\u00e1usulas espejo ante los productos importados, dos importantes asuntos que son vitales en las demandas de los productores.<\/p>\n\n\n\n<p>Ante la sede del Ministerio de Agricultura, tambi\u00e9n reclamamos reformas esenciales, como un cambio en el funcionamiento de la Ley de la Cadena Agroalimentaria; un sistema de seguros agrarios que responda a las necesidades de los productores, una fiscalidad acorde a los incrementos de costes que soporta el sector e inversiones urgentes en materia de regad\u00edos. <\/p>\n\n\n\n<p>Bajo estos p\u00e1rrafos se recogen pormenorizadas las demandas del campo de Castilla y Le\u00f3n, peticiones que afectan a varios ministerios, incluido de manera especial el de Medio Ambiente, por lo que ASAJA reclama un verdadero compromiso con el campo que abarque a todo el Gobierno de Pedro S\u00e1nchez.<\/p>\n\n\n\n<p><\/p>\n\n\n\n<p><em><strong>TABLA REIVINDICATIVA DE ASAJA-CASTILLA Y LE\u00d3N PARA<\/strong> <strong>LAS MOVILIZACIONES NACIONALES<\/strong><\/em><\/p>\n\n\n\n<p><strong>1. PAC y BUROCRACIA:<\/strong> Cambio de rumbo de la Pol\u00edtica Agraria que est\u00e1 asfixiando a las explotaciones profesionales. Flexibilizaci\u00f3n y simplificaci\u00f3n del actual plan estrat\u00e9gico de la PAC en el marco de la UE. Freno a la implantaci\u00f3n obligatoria del Cuaderno Digital, que debe ser simplicado.<\/p>\n\n\n\n<p><strong>2. ACUERDOS COMERCIALES:<\/strong> Denunciamos la competencia desleal de las producciones que llegan a la UE desde terceros pa\u00edses, y exigimos controles en frontera y cl\u00e1usulas espejo, para que s\u00f3lo se admita la importaci\u00f3n de productos obtenidos bajo normas id\u00e9nticas a las europeas (agron\u00f3micas, sanitarias, sociales\u2026). Concretamente, pedimos aranceles para el cereal que entra sin medida alguna desde Ucrania.<\/p>\n\n\n\n<p><strong>3. CADENA ALIMENTARIA:<\/strong> Ampliaci\u00f3n de la directiva marco europea sobre pr\u00e1cticas desleales para que los precios agrarios cubran los costes de producci\u00f3n, con atenci\u00f3n especial en fertilizantes y gas\u00f3leo. Pedimos un desarrollo mayor de la Ley de la Cadena Alimentaria, con control (incluso de oficio) y sanciones reales cuando no se respeten precios que cubran plenamente los costes del productor.<\/p>\n\n\n\n<p><strong>4. SEGUROS AGRARIOS:<\/strong> Mejoras del aseguramiento agrario y cambios estructurales que garanticen la continuidad del modelo del seguro agrario ante el incierto panorama clim\u00e1tico, para lo que las administraciones deben incrementar las aportaciones.<\/p>\n\n\n\n<p><strong>5. AGUA:<\/strong> Necesitamos soluciones a corto, medio y largo plazo para garantizar la imprescindible agua en el sector agroganadero, con planes espec\u00edficos y nuevas infraestructuras. En cuanto al riego, exigimos la aprobaci\u00f3n de una vez por todas de la doble tarifa, que permita el cambio de potencia dos veces al a\u00f1o.<\/p>\n\n\n\n<p><strong>6. PRODUCCI\u00d3N AGR\u00cdCOLA Y GANADERA:<\/strong> Revisi\u00f3n del modelo sanitario ganadero, que garantice el estado de los animales y a la vez sea sostenible para las explotaciones. Tambi\u00e9n se reclama una reducci\u00f3n de la carga burocr\u00e1tica de las explotaciones, en todos los escalones: Uni\u00f3n Europea; Estado, comunidades aut\u00f3nomas y administraciones locales. En agricultura, debe prestarse m\u00e1s atenci\u00f3n a la sanidad vegetal y no eliminar materias activas para control de plagas y enfermedades mientras no existan herramientas alternativas.<\/p>\n\n\n\n<p><strong>7. FAUNA SALVAJE Y LOBO:<\/strong> Pedimos un plan de control de la proliferaci\u00f3n de fauna salvaje (corzos, jabal\u00edes, conejos, topillos etc.) y muy especialmente actuaciones sobre el lobo, especie en aumento que debe salir de la protecci\u00f3n especial.<\/p>\n\n\n\n<p><strong>8-FISCAL Y LABORAL<\/strong>: Incremento del l\u00edmite de la Estimaci\u00f3n Objetiva del IRPF a 350.000 euros, incremento de gastos de dif\u00edcil justificaci\u00f3n. En el r\u00e9gimen de Estimaci\u00f3n Directa debe establecerse un r\u00e9gimen especial agrario en el \u00e1mbito fiscal, rebajando el porcentaje de tributaci\u00f3n del rendimiento neto en las actividades agr\u00edcolas y ganaderas y revisando amortizaciones. Reclamamos una reducci\u00f3n de cargas sociales en contrataci\u00f3n laboral, con bonificaciones a la SS y contratos laborales m\u00e1s flexibles por la especificidad del sector agrario.<\/p>\n\n\n\n<p>Adem\u00e1s, pedimos &nbsp;el mantenimiento del gas\u00f3leo profesional agrario, as\u00ed como una provisi\u00f3n de ayudas directas para los sectores afectados por crisis, como puede ser en este momento el cereal de secano o la ganader\u00eda de extensivo. Tambi\u00e9n pedimos la no tributaci\u00f3n de todas las ayudas que se den al sector de manera extraordinaria y excepcional.<\/p>\n\n\n\n<p><strong>9 PROTECCI\u00d3N TERRENO CON USO AGRARIO Y GANADERO<\/strong>: Pedimos a las administraciones, nacional y regional, una protecci\u00f3n de los terrenos agr\u00edcolas y ganaderos ante la invasi\u00f3n descontrolada de macroparques fotovoltaicos que est\u00e1n desplazando de forma irreversible la actividad humana de nuestro paisaje rural. Nunca debe permitirse la expropiaci\u00f3n cuando exista oposici\u00f3n el propietario y tampoco autorizar la instalaci\u00f3n de terrenos en los que ha habido inversi\u00f3n de fondos p\u00fablicos (concentraciones, regad\u00edo, etc.)<\/p>\n\n\n\n<p><strong>10. DIGNIDAD:<\/strong> Defensa de la dignidad de la profesi\u00f3n del agricultor y ganadero, con un enfoque integral de protecci\u00f3n del sector desde todos los departamentos, no solo del espec\u00edficamente agrario, es decir, Medio Ambiente, Trabajo, Seguridad Social&#8230; Es decir, que la agricultura y la ganader\u00eda reciban el tratamiento de pol\u00edtica de Estado.<\/p>\n","protected":false},"excerpt":{"rendered":"<p>La presencia de los profesionales del campo palentino, que super\u00f3 los ochocientos agricultores y ganaderos, fue una de las m\u00e1s numerosas en la manifestaci\u00f3n en Madrid que convocaron este lunes, 26 de febrero, las organizaciones agrarias ASAJA, COAG y UPA. Una docena de autobuses partieron desde primera hora de la ma\u00f1ana de diferentes puntos de [&hellip;]<\/p>\n","protected":false},"author":9,"featured_media":15493,"comment_status":"open","ping_status":"open","sticky":false,"template":"","format":"standard","meta":{"footnotes":""},"categories":[9,28],"tags":[708,58,59,351,77,211,110,706,352,667,185],"yoast_head":"<!-- This site is optimized with the Yoast SEO plugin v24.5 - https:\/\/yoast.com\/wordpress\/plugins\/seo\/ -->\n<title>Amplia presencia del campo palentino en Madrid para reivindicar un futuro mejor en el sector agroganadero - ASAJA Palencia<\/title>\n<meta name=\"description\" content=\"La presencia de los profesionales del campo palentino, que super\u00f3 los ochocientos agricultores y ganaderos, fue una de las m\u00e1s numerosas en la\" \/>\n<meta name=\"robots\" content=\"index, follow, max-snippet:-1, max-image-preview:large, max-video-preview:-1\" \/>\n<link rel=\"canonical\" href=\"https:\/\/www.asajacyl.com\/palencia\/asaja-palencia-informa\/amplia-presencia-del-campo-palentino-en-madrid-para-reivindicar-un-futuro-mejor-en-el-sector-agroganadero\" \/>\n<meta property=\"og:locale\" content=\"es_ES\" \/>\n<meta property=\"og:type\" content=\"article\" \/>\n<meta property=\"og:title\" content=\"Amplia presencia del campo palentino en Madrid para reivindicar un futuro mejor en el sector agroganadero - ASAJA Palencia\" \/>\n<meta property=\"og:description\" content=\"La presencia de los profesionales del campo palentino, que super\u00f3 los ochocientos agricultores y ganaderos, fue una de las m\u00e1s numerosas en la\" \/>\n<meta property=\"og:url\" content=\"https:\/\/www.asajacyl.com\/palencia\/asaja-palencia-informa\/amplia-presencia-del-campo-palentino-en-madrid-para-reivindicar-un-futuro-mejor-en-el-sector-agroganadero\" \/>\n<meta property=\"og:site_name\" content=\"ASAJA Palencia\" \/>\n<meta property=\"article:published_time\" content=\"2024-02-27T12:10:39+00:00\" \/>\n<meta property=\"article:modified_time\" content=\"2024-02-27T12:28:48+00:00\" \/>\n<meta property=\"og:image\" content=\"https:\/\/www.asajacyl.com\/palencia\/wp-content\/uploads\/sites\/3\/2024\/02\/Palentinos-junto-al-Botanico.jpg\" \/>\n\t<meta property=\"og:image:width\" content=\"2500\" \/>\n\t<meta property=\"og:image:height\" content=\"1264\" \/>\n\t<meta property=\"og:image:type\" content=\"image\/jpeg\" \/>\n<meta name=\"author\" content=\"Administrador\" \/>\n<meta name=\"twitter:card\" content=\"summary_large_image\" \/>\n<meta name=\"twitter:label1\" content=\"Escrito por\" \/>\n\t<meta name=\"twitter:data1\" content=\"Administrador\" \/>\n\t<meta name=\"twitter:label2\" content=\"Tiempo de lectura\" \/>\n\t<meta name=\"twitter:data2\" content=\"9 minutos\" \/>\n<script type=\"application\/ld+json\" class=\"yoast-schema-graph\">{\"@context\":\"https:\/\/schema.org\",\"@graph\":[{\"@type\":\"WebPage\",\"@id\":\"https:\/\/www.asajacyl.com\/palencia\/asaja-palencia-informa\/amplia-presencia-del-campo-palentino-en-madrid-para-reivindicar-un-futuro-mejor-en-el-sector-agroganadero\",\"url\":\"https:\/\/www.asajacyl.com\/palencia\/asaja-palencia-informa\/amplia-presencia-del-campo-palentino-en-madrid-para-reivindicar-un-futuro-mejor-en-el-sector-agroganadero\",\"name\":\"Amplia presencia del campo palentino en Madrid para reivindicar un futuro mejor en el sector agroganadero - ASAJA Palencia\",\"isPartOf\":{\"@id\":\"https:\/\/www.asajacyl.com\/palencia\/#website\"},\"primaryImageOfPage\":{\"@id\":\"https:\/\/www.asajacyl.com\/palencia\/asaja-palencia-informa\/amplia-presencia-del-campo-palentino-en-madrid-para-reivindicar-un-futuro-mejor-en-el-sector-agroganadero#primaryimage\"},\"image\":{\"@id\":\"https:\/\/www.asajacyl.com\/palencia\/asaja-palencia-informa\/amplia-presencia-del-campo-palentino-en-madrid-para-reivindicar-un-futuro-mejor-en-el-sector-agroganadero#primaryimage\"},\"thumbnailUrl\":\"https:\/\/www.asajacyl.com\/palencia\/wp-content\/uploads\/sites\/3\/2024\/02\/Palentinos-junto-al-Botanico.jpg\",\"datePublished\":\"2024-02-27T12:10:39+00:00\",\"dateModified\":\"2024-02-27T12:28:48+00:00\",\"author\":{\"@id\":\"https:\/\/www.asajacyl.com\/palencia\/#\/schema\/person\/3ab17aeb03527485c317557fae64aab1\"},\"description\":\"La presencia de los profesionales del campo palentino, que super\u00f3 los ochocientos agricultores y ganaderos, fue una de las m\u00e1s numerosas en la\",\"breadcrumb\":{\"@id\":\"https:\/\/www.asajacyl.com\/palencia\/asaja-palencia-informa\/amplia-presencia-del-campo-palentino-en-madrid-para-reivindicar-un-futuro-mejor-en-el-sector-agroganadero#breadcrumb\"},\"inLanguage\":\"es\",\"potentialAction\":[{\"@type\":\"ReadAction\",\"target\":[\"https:\/\/www.asajacyl.com\/palencia\/asaja-palencia-informa\/amplia-presencia-del-campo-palentino-en-madrid-para-reivindicar-un-futuro-mejor-en-el-sector-agroganadero\"]}]},{\"@type\":\"ImageObject\",\"inLanguage\":\"es\",\"@id\":\"https:\/\/www.asajacyl.com\/palencia\/asaja-palencia-informa\/amplia-presencia-del-campo-palentino-en-madrid-para-reivindicar-un-futuro-mejor-en-el-sector-agroganadero#primaryimage\",\"url\":\"https:\/\/www.asajacyl.com\/palencia\/wp-content\/uploads\/sites\/3\/2024\/02\/Palentinos-junto-al-Botanico.jpg\",\"contentUrl\":\"https:\/\/www.asajacyl.com\/palencia\/wp-content\/uploads\/sites\/3\/2024\/02\/Palentinos-junto-al-Botanico.jpg\",\"width\":2500,\"height\":1264},{\"@type\":\"BreadcrumbList\",\"@id\":\"https:\/\/www.asajacyl.com\/palencia\/asaja-palencia-informa\/amplia-presencia-del-campo-palentino-en-madrid-para-reivindicar-un-futuro-mejor-en-el-sector-agroganadero#breadcrumb\",\"itemListElement\":[{\"@type\":\"ListItem\",\"position\":1,\"name\":\"Portada\",\"item\":\"https:\/\/www.asajacyl.com\/palencia\/\"},{\"@type\":\"ListItem\",\"position\":2,\"name\":\"Amplia presencia del campo palentino en Madrid para reivindicar un futuro mejor en el sector agroganadero\"}]},{\"@type\":\"WebSite\",\"@id\":\"https:\/\/www.asajacyl.com\/palencia\/#website\",\"url\":\"https:\/\/www.asajacyl.com\/palencia\/\",\"name\":\"ASAJA Palencia\",\"description\":\"Otro sitio m\u00e1s de Provincias ASAJA Castilla y Le\u00f3n\",\"potentialAction\":[{\"@type\":\"SearchAction\",\"target\":{\"@type\":\"EntryPoint\",\"urlTemplate\":\"https:\/\/www.asajacyl.com\/palencia\/?s={search_term_string}\"},\"query-input\":{\"@type\":\"PropertyValueSpecification\",\"valueRequired\":true,\"valueName\":\"search_term_string\"}}],\"inLanguage\":\"es\"},{\"@type\":\"Person\",\"@id\":\"https:\/\/www.asajacyl.com\/palencia\/#\/schema\/person\/3ab17aeb03527485c317557fae64aab1\",\"name\":\"Administrador\",\"image\":{\"@type\":\"ImageObject\",\"inLanguage\":\"es\",\"@id\":\"https:\/\/www.asajacyl.com\/palencia\/#\/schema\/person\/image\/\",\"url\":\"https:\/\/secure.gravatar.com\/avatar\/517384810d242ca9e38c180f3c9fb973?s=96&d=mm&r=g\",\"contentUrl\":\"https:\/\/secure.gravatar.com\/avatar\/517384810d242ca9e38c180f3c9fb973?s=96&d=mm&r=g\",\"caption\":\"Administrador\"},\"url\":\"https:\/\/www.asajacyl.com\/palencia\/author\/carlosrm\"}]}<\/script>\n<!-- \/ Yoast SEO plugin. -->","yoast_head_json":{"title":"Amplia presencia del campo palentino en Madrid para reivindicar un futuro mejor en el sector agroganadero - ASAJA Palencia","description":"La presencia de los profesionales del campo palentino, que super\u00f3 los ochocientos agricultores y ganaderos, fue una de las m\u00e1s numerosas en la","robots":{"index":"index","follow":"follow","max-snippet":"max-snippet:-1","max-image-preview":"max-image-preview:large","max-video-preview":"max-video-preview:-1"},"canonical":"https:\/\/www.asajacyl.com\/palencia\/asaja-palencia-informa\/amplia-presencia-del-campo-palentino-en-madrid-para-reivindicar-un-futuro-mejor-en-el-sector-agroganadero","og_locale":"es_ES","og_type":"article","og_title":"Amplia presencia del campo palentino en Madrid para reivindicar un futuro mejor en el sector agroganadero - ASAJA Palencia","og_description":"La presencia de los profesionales del campo palentino, que super\u00f3 los ochocientos agricultores y ganaderos, fue una de las m\u00e1s numerosas en la","og_url":"https:\/\/www.asajacyl.com\/palencia\/asaja-palencia-informa\/amplia-presencia-del-campo-palentino-en-madrid-para-reivindicar-un-futuro-mejor-en-el-sector-agroganadero","og_site_name":"ASAJA Palencia","article_published_time":"2024-02-27T12:10:39+00:00","article_modified_time":"2024-02-27T12:28:48+00:00","og_image":[{"width":2500,"height":1264,"url":"https:\/\/www.asajacyl.com\/palencia\/wp-content\/uploads\/sites\/3\/2024\/02\/Palentinos-junto-al-Botanico.jpg","type":"image\/jpeg"}],"author":"Administrador","twitter_card":"summary_large_image","twitter_misc":{"Escrito por":"Administrador","Tiempo de lectura":"9 minutos"},"schema":{"@context":"https:\/\/schema.org","@graph":[{"@type":"WebPage","@id":"https:\/\/www.asajacyl.com\/palencia\/asaja-palencia-informa\/amplia-presencia-del-campo-palentino-en-madrid-para-reivindicar-un-futuro-mejor-en-el-sector-agroganadero","url":"https:\/\/www.asajacyl.com\/palencia\/asaja-palencia-informa\/amplia-presencia-del-campo-palentino-en-madrid-para-reivindicar-un-futuro-mejor-en-el-sector-agroganadero","name":"Amplia presencia del campo palentino en Madrid para reivindicar un futuro mejor en el sector agroganadero - ASAJA Palencia","isPartOf":{"@id":"https:\/\/www.asajacyl.com\/palencia\/#website"},"primaryImageOfPage":{"@id":"https:\/\/www.asajacyl.com\/palencia\/asaja-palencia-informa\/amplia-presencia-del-campo-palentino-en-madrid-para-reivindicar-un-futuro-mejor-en-el-sector-agroganadero#primaryimage"},"image":{"@id":"https:\/\/www.asajacyl.com\/palencia\/asaja-palencia-informa\/amplia-presencia-del-campo-palentino-en-madrid-para-reivindicar-un-futuro-mejor-en-el-sector-agroganadero#primaryimage"},"thumbnailUrl":"https:\/\/www.asajacyl.com\/palencia\/wp-content\/uploads\/sites\/3\/2024\/02\/Palentinos-junto-al-Botanico.jpg","datePublished":"2024-02-27T12:10:39+00:00","dateModified":"2024-02-27T12:28:48+00:00","author":{"@id":"https:\/\/www.asajacyl.com\/palencia\/#\/schema\/person\/3ab17aeb03527485c317557fae64aab1"},"description":"La presencia de los profesionales del campo palentino, que super\u00f3 los ochocientos agricultores y ganaderos, fue una de las m\u00e1s numerosas en la","breadcrumb":{"@id":"https:\/\/www.asajacyl.com\/palencia\/asaja-palencia-informa\/amplia-presencia-del-campo-palentino-en-madrid-para-reivindicar-un-futuro-mejor-en-el-sector-agroganadero#breadcrumb"},"inLanguage":"es","potentialAction":[{"@type":"ReadAction","target":["https:\/\/www.asajacyl.com\/palencia\/asaja-palencia-informa\/amplia-presencia-del-campo-palentino-en-madrid-para-reivindicar-un-futuro-mejor-en-el-sector-agroganadero"]}]},{"@type":"ImageObject","inLanguage":"es","@id":"https:\/\/www.asajacyl.com\/palencia\/asaja-palencia-informa\/amplia-presencia-del-campo-palentino-en-madrid-para-reivindicar-un-futuro-mejor-en-el-sector-agroganadero#primaryimage","url":"https:\/\/www.asajacyl.com\/palencia\/wp-content\/uploads\/sites\/3\/2024\/02\/Palentinos-junto-al-Botanico.jpg","contentUrl":"https:\/\/www.asajacyl.com\/palencia\/wp-content\/uploads\/sites\/3\/2024\/02\/Palentinos-junto-al-Botanico.jpg","width":2500,"height":1264},{"@type":"BreadcrumbList","@id":"https:\/\/www.asajacyl.com\/palencia\/asaja-palencia-informa\/amplia-presencia-del-campo-palentino-en-madrid-para-reivindicar-un-futuro-mejor-en-el-sector-agroganadero#breadcrumb","itemListElement":[{"@type":"ListItem","position":1,"name":"Portada","item":"https:\/\/www.asajacyl.com\/palencia\/"},{"@type":"ListItem","position":2,"name":"Amplia presencia del campo palentino en Madrid para reivindicar un futuro mejor en el sector agroganadero"}]},{"@type":"WebSite","@id":"https:\/\/www.asajacyl.com\/palencia\/#website","url":"https:\/\/www.asajacyl.com\/palencia\/","name":"ASAJA Palencia","description":"Otro sitio m\u00e1s de Provincias ASAJA Castilla y Le\u00f3n","potentialAction":[{"@type":"SearchAction","target":{"@type":"EntryPoint","urlTemplate":"https:\/\/www.asajacyl.com\/palencia\/?s={search_term_string}"},"query-input":{"@type":"PropertyValueSpecification","valueRequired":true,"valueName":"search_term_string"}}],"inLanguage":"es"},{"@type":"Person","@id":"https:\/\/www.asajacyl.com\/palencia\/#\/schema\/person\/3ab17aeb03527485c317557fae64aab1","name":"Administrador","image":{"@type":"ImageObject","inLanguage":"es","@id":"https:\/\/www.asajacyl.com\/palencia\/#\/schema\/person\/image\/","url":"https:\/\/secure.gravatar.com\/avatar\/517384810d242ca9e38c180f3c9fb973?s=96&d=mm&r=g","contentUrl":"https:\/\/secure.gravatar.com\/avatar\/517384810d242ca9e38c180f3c9fb973?s=96&d=mm&r=g","caption":"Administrador"},"url":"https:\/\/www.asajacyl.com\/palencia\/author\/carlosrm"}]}},"_links":{"self":[{"href":"https:\/\/www.asajacyl.com\/palencia\/wp-json\/wp\/v2\/posts\/15488"}],"collection":[{"href":"https:\/\/www.asajacyl.com\/palencia\/wp-json\/wp\/v2\/posts"}],"about":[{"href":"https:\/\/www.asajacyl.com\/palencia\/wp-json\/wp\/v2\/types\/post"}],"author":[{"embeddable":true,"href":"https:\/\/www.asajacyl.com\/palencia\/wp-json\/wp\/v2\/users\/9"}],"replies":[{"embeddable":true,"href":"https:\/\/www.asajacyl.com\/palencia\/wp-json\/wp\/v2\/comments?post=15488"}],"version-history":[{"count":11,"href":"https:\/\/www.asajacyl.com\/palencia\/wp-json\/wp\/v2\/posts\/15488\/revisions"}],"predecessor-version":[{"id":15507,"href":"https:\/\/www.asajacyl.com\/palencia\/wp-json\/wp\/v2\/posts\/15488\/revisions\/15507"}],"wp:featuredmedia":[{"embeddable":true,"href":"https:\/\/www.asajacyl.com\/palencia\/wp-json\/wp\/v2\/media\/15493"}],"wp:attachment":[{"href":"https:\/\/www.asajacyl.com\/palencia\/wp-json\/wp\/v2\/media?parent=15488"}],"wp:term":[{"taxonomy":"category","embeddable":true,"href":"https:\/\/www.asajacyl.com\/palencia\/wp-json\/wp\/v2\/categories?post=15488"},{"taxonomy":"post_tag","embeddable":true,"href":"https:\/\/www.asajacyl.com\/palencia\/wp-json\/wp\/v2\/tags?post=15488"}],"curies":[{"name":"wp","href":"https:\/\/api.w.org\/{rel}","templated":true}]}}