{"id":15586,"date":"2024-03-06T09:30:00","date_gmt":"2024-03-06T08:30:00","guid":{"rendered":"https:\/\/www.asajacyl.com\/palencia\/?p=15586"},"modified":"2024-03-05T13:56:30","modified_gmt":"2024-03-05T12:56:30","slug":"el-plazo-para-formalizar-los-contratos-de-las-ayudas-agroambientales-de-2023-termina-el-18-de-marzo","status":"publish","type":"post","link":"https:\/\/www.asajacyl.com\/palencia\/asaja-palencia-informa\/el-plazo-para-formalizar-los-contratos-de-las-ayudas-agroambientales-de-2023-termina-el-18-de-marzo","title":{"rendered":"El plazo para formalizar los contratos de las ayudas agroambientales de 2023 termina el 18 de marzo"},"content":{"rendered":"\n<h2 class=\"wp-block-heading\">El plazo para formalizar los contratos por parte de los titulares de explotaci\u00f3n incorporados a las intervenciones de desarrollo rural medioambientales y clim\u00e1ticas (las conocidas como ayudas agroambientales) para iniciar compromisos en el a\u00f1o 2023 concluye el pr\u00f3ximo 18 de marzo. Son los contratos corresponden a las solicitudes ya validadas por la Consejer\u00eda de Agricultura, Ganader\u00eda y Desarrollo Rural de la Junta de Castilla y Le\u00f3n. Para proceder a formalizarlos, las personas titulares deben personarse a la Secci\u00f3n Agraria Comarcal (SAC) correspondiente a su explotaci\u00f3n, que es la asignada a su n\u00famero de expediente.<\/h2>\n\n\n<div class=\"wp-block-image\">\n<figure class=\"alignleft is-resized\"><img loading=\"lazy\" decoding=\"async\" src=\"https:\/\/www.asajacyl.com\/wp-content\/uploads\/2024\/03\/eco-2.jpg\" alt=\"\" class=\"wp-image-23256\" width=\"506\" height=\"319\" \/><\/figure><\/div>\n\n\n<p>Con los agricultores y ganaderos incorporados en esta convocatoria, correspondiente a 2023, la Junta alcanza la cifra de 8.400 titulares de explotaci\u00f3n, de los cuales casi 1.250 son titulares de explotaciones ecol\u00f3gicas. A la vez, esto permite conseguir ya desde el inicio un avanzado grado de consecuci\u00f3n de los objetivos e indicadores que se recogen en el actual Plan Estrat\u00e9gico de la Pol\u00edtica Agr\u00edcola Com\u00fan de Espa\u00f1a (PEPAC) para el per\u00edodo 2023-2027.<\/p>\n\n\n\n<p>La tramitaci\u00f3n de las solicitudes se ha realizado mediante aplicaciones inform\u00e1ticas desarrolladas por la propia Consejer\u00eda que permiten llevar a cabo la determinaci\u00f3n de las superficies, animales o colmenas que son finalmente aprobadas, previas validaciones y cruces con diferentes registros y bases de datos, avanzando as\u00ed en procedimientos de simplificaci\u00f3n administrativa.<\/p>\n\n\n\n<p>Todas las solicitudes que cumpl\u00edan los requisitos normativamente establecidos han sido resueltas en sentido favorable para los agricultores y ganaderos, habiendo sido necesario aplicar criterios de prioridad solo en la intervenci\u00f3n agroambiental de superficies forrajeras pastables, donde las solicitudes presentadas han superado las disponibilidades presupuestarias.<\/p>\n\n\n\n<p>La formalizaci\u00f3n de dicho contrato permitir\u00e1 a la Consejer\u00eda iniciar los procesos para realizar el pago anual correspondiente a 2023 a trav\u00e9s de la aplicaci\u00f3n inform\u00e1tica desarrollada por la Junta de Castilla y Le\u00f3n, que permite la tramitaci\u00f3n telem\u00e1tica de las ayudas directas de la PAC y de determinadas ayudas de Desarrollo Rural cuya gesti\u00f3n y control se integran en el modelo de solicitud \u00fanica 2023. El pago de esta anualidad ser\u00e1 realizado antes de finalizar el primer semestre de este a\u00f1o.<\/p>\n\n\n\n<p>Esta convocatoria es la primera que se efect\u00faa para las ayudas agroambientales, ahora denominadas intervenciones medioambientales y clim\u00e1ticas, con cargo al amparo del PEPAC 2023-2027. Adem\u00e1s, la Consejer\u00eda tiene prevista realizar una nueva convocatoria de incorporaci\u00f3n para iniciar compromisos en 2024.<\/p>\n\n\n\n<p><strong>INTERVENCIONES AGROAMBIENTALES.<\/strong> Las intervenciones agroambientales son ayudas cofinanciadas por fondos agr\u00edcolas de desarrollo rural de la Uni\u00f3n Europea, por fondos de la Junta de Castilla y Le\u00f3n y tambi\u00e9n del Ministerio de Agricultura, Pesca y Alimentaci\u00f3n. Los agricultores asumen la realizaci\u00f3n de compromisos m\u00e1s exigentes respecto de las buenas pr\u00e1cticas de cultivo normales y perciben por ello un importe que var\u00eda en funci\u00f3n de cada l\u00ednea de ayuda.<\/p>\n\n\n\n<p>Dentro del conjunto de acciones de agroambiente y clima, destacan las orientadas a pr\u00e1cticas ganaderas extensivas, as\u00ed como otras que pretenden conservar las razas ganaderas aut\u00f3ctonas que se encuentra en peligro de extinci\u00f3n y tambi\u00e9n aquellas que favorecen la pr\u00e1ctica polinizadora de la apicultura.&nbsp;<\/p>\n\n\n\n<p>En el \u00e1mbito de pr\u00e1cticas agr\u00edcolas se encuentran actuaciones que se aplican en superficies agrarias de cultivos agroindustriales sostenibles como es el caso de la remolacha azucarera, el mantenimiento de cultivos permanentes en paisajes singulares y la agricultura sostenible en las zonas de especial protecci\u00f3n para las aves. Adem\u00e1s, esta convocatoria recoge nuevas ayudas para introducir cultivos minoritarios y una nueva agroambiental de abonado org\u00e1nico.<\/p>\n\n\n\n<p>Es de especial inter\u00e9s la intervenci\u00f3n en la que incluye a los agricultores ecol\u00f3gicos que ven apoyada su acci\u00f3n al poder incorporarse a estos contratos y percibir ayudas que reconocen los beneficios ambientales de la pr\u00e1ctica ecol\u00f3gica y la subsiguiente aportaci\u00f3n al sector de materias primas e, incluso, productos elaborados&nbsp;que llegar\u00e1n finalmente al consumidor.<strong>\/<\/strong><\/p>\n","protected":false},"excerpt":{"rendered":"<p>El plazo para formalizar los contratos por parte de los titulares de explotaci\u00f3n incorporados a las intervenciones de desarrollo rural medioambientales y clim\u00e1ticas (las conocidas como ayudas agroambientales) para iniciar compromisos en el a\u00f1o 2023 concluye el pr\u00f3ximo 18 de marzo. Son los contratos corresponden a las solicitudes ya validadas por la Consejer\u00eda de Agricultura, [&hellip;]<\/p>\n","protected":false},"author":9,"featured_media":15588,"comment_status":"open","ping_status":"open","sticky":false,"template":"","format":"standard","meta":{"footnotes":""},"categories":[9,31,29,28,35,13],"tags":[58,76,618,298,142,370,77,752,66,45,458,338,44],"yoast_head":"<!-- This site is optimized with the Yoast SEO plugin v24.5 - https:\/\/yoast.com\/wordpress\/plugins\/seo\/ -->\n<title>El plazo para formalizar los contratos de las ayudas agroambientales de 2023 termina el 18 de marzo - ASAJA Palencia<\/title>\n<meta name=\"description\" content=\"El plazo para formalizar los contratos por parte de los titulares de explotaci\u00f3n incorporados a las intervenciones de desarrollo rural medioambientales y\" \/>\n<meta name=\"robots\" content=\"index, follow, max-snippet:-1, max-image-preview:large, max-video-preview:-1\" \/>\n<link rel=\"canonical\" href=\"https:\/\/www.asajacyl.com\/palencia\/asaja-palencia-informa\/el-plazo-para-formalizar-los-contratos-de-las-ayudas-agroambientales-de-2023-termina-el-18-de-marzo\" \/>\n<meta property=\"og:locale\" content=\"es_ES\" \/>\n<meta property=\"og:type\" content=\"article\" \/>\n<meta property=\"og:title\" content=\"El plazo para formalizar los contratos de las ayudas agroambientales de 2023 termina el 18 de marzo - ASAJA Palencia\" \/>\n<meta property=\"og:description\" content=\"El plazo para formalizar los contratos por parte de los titulares de explotaci\u00f3n incorporados a las intervenciones de desarrollo rural medioambientales y\" \/>\n<meta property=\"og:url\" content=\"https:\/\/www.asajacyl.com\/palencia\/asaja-palencia-informa\/el-plazo-para-formalizar-los-contratos-de-las-ayudas-agroambientales-de-2023-termina-el-18-de-marzo\" \/>\n<meta property=\"og:site_name\" content=\"ASAJA Palencia\" \/>\n<meta property=\"article:published_time\" content=\"2024-03-06T08:30:00+00:00\" \/>\n<meta property=\"og:image\" content=\"https:\/\/www.asajacyl.com\/palencia\/wp-content\/uploads\/sites\/3\/2024\/03\/Agricultura-ecologica-inver-1024x896.jpg\" \/>\n\t<meta property=\"og:image:width\" content=\"1024\" \/>\n\t<meta property=\"og:image:height\" content=\"896\" \/>\n\t<meta property=\"og:image:type\" content=\"image\/jpeg\" \/>\n<meta name=\"author\" content=\"Administrador\" \/>\n<meta name=\"twitter:card\" content=\"summary_large_image\" \/>\n<meta name=\"twitter:label1\" content=\"Escrito por\" \/>\n\t<meta name=\"twitter:data1\" content=\"Administrador\" \/>\n\t<meta name=\"twitter:label2\" content=\"Tiempo de lectura\" \/>\n\t<meta name=\"twitter:data2\" content=\"4 minutos\" \/>\n<script type=\"application\/ld+json\" class=\"yoast-schema-graph\">{\"@context\":\"https:\/\/schema.org\",\"@graph\":[{\"@type\":\"WebPage\",\"@id\":\"https:\/\/www.asajacyl.com\/palencia\/asaja-palencia-informa\/el-plazo-para-formalizar-los-contratos-de-las-ayudas-agroambientales-de-2023-termina-el-18-de-marzo\",\"url\":\"https:\/\/www.asajacyl.com\/palencia\/asaja-palencia-informa\/el-plazo-para-formalizar-los-contratos-de-las-ayudas-agroambientales-de-2023-termina-el-18-de-marzo\",\"name\":\"El plazo para formalizar los contratos de las ayudas agroambientales de 2023 termina el 18 de marzo - ASAJA Palencia\",\"isPartOf\":{\"@id\":\"https:\/\/www.asajacyl.com\/palencia\/#website\"},\"primaryImageOfPage\":{\"@id\":\"https:\/\/www.asajacyl.com\/palencia\/asaja-palencia-informa\/el-plazo-para-formalizar-los-contratos-de-las-ayudas-agroambientales-de-2023-termina-el-18-de-marzo#primaryimage\"},\"image\":{\"@id\":\"https:\/\/www.asajacyl.com\/palencia\/asaja-palencia-informa\/el-plazo-para-formalizar-los-contratos-de-las-ayudas-agroambientales-de-2023-termina-el-18-de-marzo#primaryimage\"},\"thumbnailUrl\":\"https:\/\/www.asajacyl.com\/palencia\/wp-content\/uploads\/sites\/3\/2024\/03\/Agricultura-ecologica-inver.jpg\",\"datePublished\":\"2024-03-06T08:30:00+00:00\",\"author\":{\"@id\":\"https:\/\/www.asajacyl.com\/palencia\/#\/schema\/person\/3ab17aeb03527485c317557fae64aab1\"},\"description\":\"El plazo para formalizar los contratos por parte de los titulares de explotaci\u00f3n incorporados a las intervenciones de desarrollo rural medioambientales y\",\"breadcrumb\":{\"@id\":\"https:\/\/www.asajacyl.com\/palencia\/asaja-palencia-informa\/el-plazo-para-formalizar-los-contratos-de-las-ayudas-agroambientales-de-2023-termina-el-18-de-marzo#breadcrumb\"},\"inLanguage\":\"es\",\"potentialAction\":[{\"@type\":\"ReadAction\",\"target\":[\"https:\/\/www.asajacyl.com\/palencia\/asaja-palencia-informa\/el-plazo-para-formalizar-los-contratos-de-las-ayudas-agroambientales-de-2023-termina-el-18-de-marzo\"]}]},{\"@type\":\"ImageObject\",\"inLanguage\":\"es\",\"@id\":\"https:\/\/www.asajacyl.com\/palencia\/asaja-palencia-informa\/el-plazo-para-formalizar-los-contratos-de-las-ayudas-agroambientales-de-2023-termina-el-18-de-marzo#primaryimage\",\"url\":\"https:\/\/www.asajacyl.com\/palencia\/wp-content\/uploads\/sites\/3\/2024\/03\/Agricultura-ecologica-inver.jpg\",\"contentUrl\":\"https:\/\/www.asajacyl.com\/palencia\/wp-content\/uploads\/sites\/3\/2024\/03\/Agricultura-ecologica-inver.jpg\",\"width\":1890,\"height\":1654},{\"@type\":\"BreadcrumbList\",\"@id\":\"https:\/\/www.asajacyl.com\/palencia\/asaja-palencia-informa\/el-plazo-para-formalizar-los-contratos-de-las-ayudas-agroambientales-de-2023-termina-el-18-de-marzo#breadcrumb\",\"itemListElement\":[{\"@type\":\"ListItem\",\"position\":1,\"name\":\"Portada\",\"item\":\"https:\/\/www.asajacyl.com\/palencia\/\"},{\"@type\":\"ListItem\",\"position\":2,\"name\":\"El plazo para formalizar los contratos de las ayudas agroambientales de 2023 termina el 18 de marzo\"}]},{\"@type\":\"WebSite\",\"@id\":\"https:\/\/www.asajacyl.com\/palencia\/#website\",\"url\":\"https:\/\/www.asajacyl.com\/palencia\/\",\"name\":\"ASAJA Palencia\",\"description\":\"Otro sitio m\u00e1s de Provincias ASAJA Castilla y Le\u00f3n\",\"potentialAction\":[{\"@type\":\"SearchAction\",\"target\":{\"@type\":\"EntryPoint\",\"urlTemplate\":\"https:\/\/www.asajacyl.com\/palencia\/?s={search_term_string}\"},\"query-input\":{\"@type\":\"PropertyValueSpecification\",\"valueRequired\":true,\"valueName\":\"search_term_string\"}}],\"inLanguage\":\"es\"},{\"@type\":\"Person\",\"@id\":\"https:\/\/www.asajacyl.com\/palencia\/#\/schema\/person\/3ab17aeb03527485c317557fae64aab1\",\"name\":\"Administrador\",\"image\":{\"@type\":\"ImageObject\",\"inLanguage\":\"es\",\"@id\":\"https:\/\/www.asajacyl.com\/palencia\/#\/schema\/person\/image\/\",\"url\":\"https:\/\/secure.gravatar.com\/avatar\/517384810d242ca9e38c180f3c9fb973?s=96&d=mm&r=g\",\"contentUrl\":\"https:\/\/secure.gravatar.com\/avatar\/517384810d242ca9e38c180f3c9fb973?s=96&d=mm&r=g\",\"caption\":\"Administrador\"},\"url\":\"https:\/\/www.asajacyl.com\/palencia\/author\/carlosrm\"}]}<\/script>\n<!-- \/ Yoast SEO plugin. -->","yoast_head_json":{"title":"El plazo para formalizar los contratos de las ayudas agroambientales de 2023 termina el 18 de marzo - ASAJA Palencia","description":"El plazo para formalizar los contratos por parte de los titulares de explotaci\u00f3n incorporados a las intervenciones de desarrollo rural medioambientales y","robots":{"index":"index","follow":"follow","max-snippet":"max-snippet:-1","max-image-preview":"max-image-preview:large","max-video-preview":"max-video-preview:-1"},"canonical":"https:\/\/www.asajacyl.com\/palencia\/asaja-palencia-informa\/el-plazo-para-formalizar-los-contratos-de-las-ayudas-agroambientales-de-2023-termina-el-18-de-marzo","og_locale":"es_ES","og_type":"article","og_title":"El plazo para formalizar los contratos de las ayudas agroambientales de 2023 termina el 18 de marzo - ASAJA Palencia","og_description":"El plazo para formalizar los contratos por parte de los titulares de explotaci\u00f3n incorporados a las intervenciones de desarrollo rural medioambientales y","og_url":"https:\/\/www.asajacyl.com\/palencia\/asaja-palencia-informa\/el-plazo-para-formalizar-los-contratos-de-las-ayudas-agroambientales-de-2023-termina-el-18-de-marzo","og_site_name":"ASAJA Palencia","article_published_time":"2024-03-06T08:30:00+00:00","og_image":[{"width":1024,"height":896,"url":"https:\/\/www.asajacyl.com\/palencia\/wp-content\/uploads\/sites\/3\/2024\/03\/Agricultura-ecologica-inver-1024x896.jpg","type":"image\/jpeg"}],"author":"Administrador","twitter_card":"summary_large_image","twitter_misc":{"Escrito por":"Administrador","Tiempo de lectura":"4 minutos"},"schema":{"@context":"https:\/\/schema.org","@graph":[{"@type":"WebPage","@id":"https:\/\/www.asajacyl.com\/palencia\/asaja-palencia-informa\/el-plazo-para-formalizar-los-contratos-de-las-ayudas-agroambientales-de-2023-termina-el-18-de-marzo","url":"https:\/\/www.asajacyl.com\/palencia\/asaja-palencia-informa\/el-plazo-para-formalizar-los-contratos-de-las-ayudas-agroambientales-de-2023-termina-el-18-de-marzo","name":"El plazo para formalizar los contratos de las ayudas agroambientales de 2023 termina el 18 de marzo - ASAJA Palencia","isPartOf":{"@id":"https:\/\/www.asajacyl.com\/palencia\/#website"},"primaryImageOfPage":{"@id":"https:\/\/www.asajacyl.com\/palencia\/asaja-palencia-informa\/el-plazo-para-formalizar-los-contratos-de-las-ayudas-agroambientales-de-2023-termina-el-18-de-marzo#primaryimage"},"image":{"@id":"https:\/\/www.asajacyl.com\/palencia\/asaja-palencia-informa\/el-plazo-para-formalizar-los-contratos-de-las-ayudas-agroambientales-de-2023-termina-el-18-de-marzo#primaryimage"},"thumbnailUrl":"https:\/\/www.asajacyl.com\/palencia\/wp-content\/uploads\/sites\/3\/2024\/03\/Agricultura-ecologica-inver.jpg","datePublished":"2024-03-06T08:30:00+00:00","author":{"@id":"https:\/\/www.asajacyl.com\/palencia\/#\/schema\/person\/3ab17aeb03527485c317557fae64aab1"},"description":"El plazo para formalizar los contratos por parte de los titulares de explotaci\u00f3n incorporados a las intervenciones de desarrollo rural medioambientales y","breadcrumb":{"@id":"https:\/\/www.asajacyl.com\/palencia\/asaja-palencia-informa\/el-plazo-para-formalizar-los-contratos-de-las-ayudas-agroambientales-de-2023-termina-el-18-de-marzo#breadcrumb"},"inLanguage":"es","potentialAction":[{"@type":"ReadAction","target":["https:\/\/www.asajacyl.com\/palencia\/asaja-palencia-informa\/el-plazo-para-formalizar-los-contratos-de-las-ayudas-agroambientales-de-2023-termina-el-18-de-marzo"]}]},{"@type":"ImageObject","inLanguage":"es","@id":"https:\/\/www.asajacyl.com\/palencia\/asaja-palencia-informa\/el-plazo-para-formalizar-los-contratos-de-las-ayudas-agroambientales-de-2023-termina-el-18-de-marzo#primaryimage","url":"https:\/\/www.asajacyl.com\/palencia\/wp-content\/uploads\/sites\/3\/2024\/03\/Agricultura-ecologica-inver.jpg","contentUrl":"https:\/\/www.asajacyl.com\/palencia\/wp-content\/uploads\/sites\/3\/2024\/03\/Agricultura-ecologica-inver.jpg","width":1890,"height":1654},{"@type":"BreadcrumbList","@id":"https:\/\/www.asajacyl.com\/palencia\/asaja-palencia-informa\/el-plazo-para-formalizar-los-contratos-de-las-ayudas-agroambientales-de-2023-termina-el-18-de-marzo#breadcrumb","itemListElement":[{"@type":"ListItem","position":1,"name":"Portada","item":"https:\/\/www.asajacyl.com\/palencia\/"},{"@type":"ListItem","position":2,"name":"El plazo para formalizar los contratos de las ayudas agroambientales de 2023 termina el 18 de marzo"}]},{"@type":"WebSite","@id":"https:\/\/www.asajacyl.com\/palencia\/#website","url":"https:\/\/www.asajacyl.com\/palencia\/","name":"ASAJA Palencia","description":"Otro sitio m\u00e1s de Provincias ASAJA Castilla y Le\u00f3n","potentialAction":[{"@type":"SearchAction","target":{"@type":"EntryPoint","urlTemplate":"https:\/\/www.asajacyl.com\/palencia\/?s={search_term_string}"},"query-input":{"@type":"PropertyValueSpecification","valueRequired":true,"valueName":"search_term_string"}}],"inLanguage":"es"},{"@type":"Person","@id":"https:\/\/www.asajacyl.com\/palencia\/#\/schema\/person\/3ab17aeb03527485c317557fae64aab1","name":"Administrador","image":{"@type":"ImageObject","inLanguage":"es","@id":"https:\/\/www.asajacyl.com\/palencia\/#\/schema\/person\/image\/","url":"https:\/\/secure.gravatar.com\/avatar\/517384810d242ca9e38c180f3c9fb973?s=96&d=mm&r=g","contentUrl":"https:\/\/secure.gravatar.com\/avatar\/517384810d242ca9e38c180f3c9fb973?s=96&d=mm&r=g","caption":"Administrador"},"url":"https:\/\/www.asajacyl.com\/palencia\/author\/carlosrm"}]}},"_links":{"self":[{"href":"https:\/\/www.asajacyl.com\/palencia\/wp-json\/wp\/v2\/posts\/15586"}],"collection":[{"href":"https:\/\/www.asajacyl.com\/palencia\/wp-json\/wp\/v2\/posts"}],"about":[{"href":"https:\/\/www.asajacyl.com\/palencia\/wp-json\/wp\/v2\/types\/post"}],"author":[{"embeddable":true,"href":"https:\/\/www.asajacyl.com\/palencia\/wp-json\/wp\/v2\/users\/9"}],"replies":[{"embeddable":true,"href":"https:\/\/www.asajacyl.com\/palencia\/wp-json\/wp\/v2\/comments?post=15586"}],"version-history":[{"count":2,"href":"https:\/\/www.asajacyl.com\/palencia\/wp-json\/wp\/v2\/posts\/15586\/revisions"}],"predecessor-version":[{"id":15589,"href":"https:\/\/www.asajacyl.com\/palencia\/wp-json\/wp\/v2\/posts\/15586\/revisions\/15589"}],"wp:featuredmedia":[{"embeddable":true,"href":"https:\/\/www.asajacyl.com\/palencia\/wp-json\/wp\/v2\/media\/15588"}],"wp:attachment":[{"href":"https:\/\/www.asajacyl.com\/palencia\/wp-json\/wp\/v2\/media?parent=15586"}],"wp:term":[{"taxonomy":"category","embeddable":true,"href":"https:\/\/www.asajacyl.com\/palencia\/wp-json\/wp\/v2\/categories?post=15586"},{"taxonomy":"post_tag","embeddable":true,"href":"https:\/\/www.asajacyl.com\/palencia\/wp-json\/wp\/v2\/tags?post=15586"}],"curies":[{"name":"wp","href":"https:\/\/api.w.org\/{rel}","templated":true}]}}