{"id":15591,"date":"2024-03-06T10:41:46","date_gmt":"2024-03-06T09:41:46","guid":{"rendered":"https:\/\/www.asajacyl.com\/palencia\/?p=15591"},"modified":"2024-03-06T13:51:02","modified_gmt":"2024-03-06T12:51:02","slug":"asaja-palencia-imparte-hasta-el-3-de-mayo-un-curso-en-linea-de-incorporacion-a-la-empresa-agraria","status":"publish","type":"post","link":"https:\/\/www.asajacyl.com\/palencia\/asaja-palencia-informa\/asaja-palencia-imparte-hasta-el-3-de-mayo-un-curso-en-linea-de-incorporacion-a-la-empresa-agraria","title":{"rendered":"ASAJA-Palencia imparte hasta el 3 de mayo un curso en l\u00ednea de incorporaci\u00f3n a la empresa agraria"},"content":{"rendered":"\n<h2 class=\"wp-block-heading\">ASAJA-Palencia organiza del 7 de febrero al 3 de mayo de 2024&nbsp;un curso en l\u00ednea, que puede seguirse de forma telem\u00e1tica, de incorporaci\u00f3n a la empresa agraria, una acci\u00f3n formativa que cofinancia (55%) la Uni\u00f3n Europea a trav\u00e9s del Fondo Europeo Agr\u00edcola de Desarrollo Rural (Feader).<\/h2>\n\n\n\n<p>Estos cursos vienen regulados por la Orden de 21 de diciembre de 2023, de la Consejer\u00eda de Agricultura, Ganader\u00eda y Desarrollo Rural por la que se convocan ayudas para realizar acciones de formaci\u00f3n, informaci\u00f3n y demostraci\u00f3n en el marco de la intervenci\u00f3n \u201cTransferencia de conocimientos y actividades de formaci\u00f3n e informaci\u00f3n\u201d del Plan Estrat\u00e9gico de la PAC 2023-2027.<\/p>\n\n\n\n<p>Se dirigen a todos los trabajadores del sector agrario y agroalimentario, as\u00ed como a cualquier persona interesada en incorporarse a estos sectores. El curso se desarrollar\u00e1 de forma telem\u00e1tica en l\u00ednea (<em>online<\/em>), con inscripci\u00f3n gratuita. Las plazas son limitadas.<\/p>\n\n\n\n<p>El objetivo de esta acci\u00f3n formativa es mejorar la capacitaci\u00f3n profesional de los sectores agrario, forestal\/medioambiental, agroalimentario y el desarrollo rural, con el fin transversal de modernizar el sector, fomentar y compartir el conocimiento, la innovaci\u00f3n y la digitalizaci\u00f3n en la agricultura y las zonas rurales, para incentivar la aplicaci\u00f3n de la tecnolog\u00eda en la actividad agroganadera.<\/p>\n\n\n\n<p>Todas las personas&nbsp;interesadas en la&nbsp;<strong>inscripci\u00f3n&nbsp;<\/strong>pueden acudir a la&nbsp;<a href=\"https:\/\/www.asajacyl.com\/organizacion\/contacto\/donde-estamos\" target=\"_blank\" rel=\"noreferrer noopener\"><strong>oficina de ASAJA PALENCIA <\/strong><\/a>. Asimismo, para ampliar informaci\u00f3n o resolver dudas, pueden telefonear al n\u00famero&nbsp;<strong> 979 752344 de 9:00 a 14:00 horas&nbsp;<\/strong>o bien dirigirse por correo electr\u00f3nico a<strong> <\/strong><a href=\"mailto:rliebana@asajapalencia.com\"><strong>rliebana@asajapalencia.com<\/strong><\/a><\/p>\n\n\n\n<figure class=\"wp-block-image size-large is-resized\"><img loading=\"lazy\" decoding=\"async\" src=\"https:\/\/www.asajacyl.com\/palencia\/wp-content\/uploads\/sites\/3\/2024\/03\/Curso-incorporacion-feb-may-1024x566.jpg\" alt=\"\" class=\"wp-image-15592\" width=\"1067\" height=\"612\" \/><\/figure>\n","protected":false},"excerpt":{"rendered":"<p>ASAJA-Palencia organiza del 7 de febrero al 3 de mayo de 2024&nbsp;un curso en l\u00ednea, que puede seguirse de forma telem\u00e1tica, de incorporaci\u00f3n a la empresa agraria, una acci\u00f3n formativa que cofinancia (55%) la Uni\u00f3n Europea a trav\u00e9s del Fondo Europeo Agr\u00edcola de Desarrollo Rural (Feader). Estos cursos vienen regulados por la Orden de 21 [&hellip;]<\/p>\n","protected":false},"author":9,"featured_media":15593,"comment_status":"open","ping_status":"open","sticky":false,"template":"","format":"standard","meta":{"footnotes":""},"categories":[9,31,39,29,28,13],"tags":[58,142,753,49,107,77,754,587,296,66,262,232,338,44],"yoast_head":"<!-- This site is optimized with the Yoast SEO plugin v24.5 - https:\/\/yoast.com\/wordpress\/plugins\/seo\/ -->\n<title>ASAJA-Palencia imparte hasta el 3 de mayo un curso en l\u00ednea de incorporaci\u00f3n a la empresa agraria - ASAJA Palencia<\/title>\n<meta name=\"description\" content=\"ASAJA-Palencia organiza del 7 de febrero al 3 de mayo de 2024&nbsp;un curso en l\u00ednea, que puede seguirse de forma telem\u00e1tica, de incorporaci\u00f3n a la\" \/>\n<meta name=\"robots\" content=\"index, follow, max-snippet:-1, max-image-preview:large, max-video-preview:-1\" \/>\n<link rel=\"canonical\" href=\"https:\/\/www.asajacyl.com\/palencia\/asaja-palencia-informa\/asaja-palencia-imparte-hasta-el-3-de-mayo-un-curso-en-linea-de-incorporacion-a-la-empresa-agraria\" \/>\n<meta property=\"og:locale\" content=\"es_ES\" \/>\n<meta property=\"og:type\" content=\"article\" \/>\n<meta property=\"og:title\" content=\"ASAJA-Palencia imparte hasta el 3 de mayo un curso en l\u00ednea de incorporaci\u00f3n a la empresa agraria - ASAJA Palencia\" \/>\n<meta property=\"og:description\" content=\"ASAJA-Palencia organiza del 7 de febrero al 3 de mayo de 2024&nbsp;un curso en l\u00ednea, que puede seguirse de forma telem\u00e1tica, de incorporaci\u00f3n a la\" \/>\n<meta property=\"og:url\" content=\"https:\/\/www.asajacyl.com\/palencia\/asaja-palencia-informa\/asaja-palencia-imparte-hasta-el-3-de-mayo-un-curso-en-linea-de-incorporacion-a-la-empresa-agraria\" \/>\n<meta property=\"og:site_name\" content=\"ASAJA Palencia\" \/>\n<meta property=\"article:published_time\" content=\"2024-03-06T09:41:46+00:00\" \/>\n<meta property=\"article:modified_time\" content=\"2024-03-06T12:51:02+00:00\" \/>\n<meta property=\"og:image\" content=\"https:\/\/www.asajacyl.com\/palencia\/wp-content\/uploads\/sites\/3\/2024\/03\/Curso-telematico-en-linea.jpg\" \/>\n\t<meta property=\"og:image:width\" content=\"1890\" \/>\n\t<meta property=\"og:image:height\" content=\"1654\" \/>\n\t<meta property=\"og:image:type\" content=\"image\/jpeg\" \/>\n<meta name=\"author\" content=\"Administrador\" \/>\n<meta name=\"twitter:card\" content=\"summary_large_image\" \/>\n<meta name=\"twitter:label1\" content=\"Escrito por\" \/>\n\t<meta name=\"twitter:data1\" content=\"Administrador\" \/>\n\t<meta name=\"twitter:label2\" content=\"Tiempo de lectura\" \/>\n\t<meta name=\"twitter:data2\" content=\"2 minutos\" \/>\n<script type=\"application\/ld+json\" class=\"yoast-schema-graph\">{\"@context\":\"https:\/\/schema.org\",\"@graph\":[{\"@type\":\"WebPage\",\"@id\":\"https:\/\/www.asajacyl.com\/palencia\/asaja-palencia-informa\/asaja-palencia-imparte-hasta-el-3-de-mayo-un-curso-en-linea-de-incorporacion-a-la-empresa-agraria\",\"url\":\"https:\/\/www.asajacyl.com\/palencia\/asaja-palencia-informa\/asaja-palencia-imparte-hasta-el-3-de-mayo-un-curso-en-linea-de-incorporacion-a-la-empresa-agraria\",\"name\":\"ASAJA-Palencia imparte hasta el 3 de mayo un curso en l\u00ednea de incorporaci\u00f3n a la empresa agraria - ASAJA Palencia\",\"isPartOf\":{\"@id\":\"https:\/\/www.asajacyl.com\/palencia\/#website\"},\"primaryImageOfPage\":{\"@id\":\"https:\/\/www.asajacyl.com\/palencia\/asaja-palencia-informa\/asaja-palencia-imparte-hasta-el-3-de-mayo-un-curso-en-linea-de-incorporacion-a-la-empresa-agraria#primaryimage\"},\"image\":{\"@id\":\"https:\/\/www.asajacyl.com\/palencia\/asaja-palencia-informa\/asaja-palencia-imparte-hasta-el-3-de-mayo-un-curso-en-linea-de-incorporacion-a-la-empresa-agraria#primaryimage\"},\"thumbnailUrl\":\"https:\/\/www.asajacyl.com\/palencia\/wp-content\/uploads\/sites\/3\/2024\/03\/Curso-telematico-en-linea.jpg\",\"datePublished\":\"2024-03-06T09:41:46+00:00\",\"dateModified\":\"2024-03-06T12:51:02+00:00\",\"author\":{\"@id\":\"https:\/\/www.asajacyl.com\/palencia\/#\/schema\/person\/3ab17aeb03527485c317557fae64aab1\"},\"description\":\"ASAJA-Palencia organiza del 7 de febrero al 3 de mayo de 2024&nbsp;un curso en l\u00ednea, que puede seguirse de forma telem\u00e1tica, de incorporaci\u00f3n a la\",\"breadcrumb\":{\"@id\":\"https:\/\/www.asajacyl.com\/palencia\/asaja-palencia-informa\/asaja-palencia-imparte-hasta-el-3-de-mayo-un-curso-en-linea-de-incorporacion-a-la-empresa-agraria#breadcrumb\"},\"inLanguage\":\"es\",\"potentialAction\":[{\"@type\":\"ReadAction\",\"target\":[\"https:\/\/www.asajacyl.com\/palencia\/asaja-palencia-informa\/asaja-palencia-imparte-hasta-el-3-de-mayo-un-curso-en-linea-de-incorporacion-a-la-empresa-agraria\"]}]},{\"@type\":\"ImageObject\",\"inLanguage\":\"es\",\"@id\":\"https:\/\/www.asajacyl.com\/palencia\/asaja-palencia-informa\/asaja-palencia-imparte-hasta-el-3-de-mayo-un-curso-en-linea-de-incorporacion-a-la-empresa-agraria#primaryimage\",\"url\":\"https:\/\/www.asajacyl.com\/palencia\/wp-content\/uploads\/sites\/3\/2024\/03\/Curso-telematico-en-linea.jpg\",\"contentUrl\":\"https:\/\/www.asajacyl.com\/palencia\/wp-content\/uploads\/sites\/3\/2024\/03\/Curso-telematico-en-linea.jpg\",\"width\":1890,\"height\":1654},{\"@type\":\"BreadcrumbList\",\"@id\":\"https:\/\/www.asajacyl.com\/palencia\/asaja-palencia-informa\/asaja-palencia-imparte-hasta-el-3-de-mayo-un-curso-en-linea-de-incorporacion-a-la-empresa-agraria#breadcrumb\",\"itemListElement\":[{\"@type\":\"ListItem\",\"position\":1,\"name\":\"Portada\",\"item\":\"https:\/\/www.asajacyl.com\/palencia\/\"},{\"@type\":\"ListItem\",\"position\":2,\"name\":\"ASAJA-Palencia imparte hasta el 3 de mayo un curso en l\u00ednea de incorporaci\u00f3n a la empresa agraria\"}]},{\"@type\":\"WebSite\",\"@id\":\"https:\/\/www.asajacyl.com\/palencia\/#website\",\"url\":\"https:\/\/www.asajacyl.com\/palencia\/\",\"name\":\"ASAJA Palencia\",\"description\":\"Otro sitio m\u00e1s de Provincias ASAJA Castilla y Le\u00f3n\",\"potentialAction\":[{\"@type\":\"SearchAction\",\"target\":{\"@type\":\"EntryPoint\",\"urlTemplate\":\"https:\/\/www.asajacyl.com\/palencia\/?s={search_term_string}\"},\"query-input\":{\"@type\":\"PropertyValueSpecification\",\"valueRequired\":true,\"valueName\":\"search_term_string\"}}],\"inLanguage\":\"es\"},{\"@type\":\"Person\",\"@id\":\"https:\/\/www.asajacyl.com\/palencia\/#\/schema\/person\/3ab17aeb03527485c317557fae64aab1\",\"name\":\"Administrador\",\"image\":{\"@type\":\"ImageObject\",\"inLanguage\":\"es\",\"@id\":\"https:\/\/www.asajacyl.com\/palencia\/#\/schema\/person\/image\/\",\"url\":\"https:\/\/secure.gravatar.com\/avatar\/517384810d242ca9e38c180f3c9fb973?s=96&d=mm&r=g\",\"contentUrl\":\"https:\/\/secure.gravatar.com\/avatar\/517384810d242ca9e38c180f3c9fb973?s=96&d=mm&r=g\",\"caption\":\"Administrador\"},\"url\":\"https:\/\/www.asajacyl.com\/palencia\/author\/carlosrm\"}]}<\/script>\n<!-- \/ Yoast SEO plugin. -->","yoast_head_json":{"title":"ASAJA-Palencia imparte hasta el 3 de mayo un curso en l\u00ednea de incorporaci\u00f3n a la empresa agraria - ASAJA Palencia","description":"ASAJA-Palencia organiza del 7 de febrero al 3 de mayo de 2024&nbsp;un curso en l\u00ednea, que puede seguirse de forma telem\u00e1tica, de incorporaci\u00f3n a la","robots":{"index":"index","follow":"follow","max-snippet":"max-snippet:-1","max-image-preview":"max-image-preview:large","max-video-preview":"max-video-preview:-1"},"canonical":"https:\/\/www.asajacyl.com\/palencia\/asaja-palencia-informa\/asaja-palencia-imparte-hasta-el-3-de-mayo-un-curso-en-linea-de-incorporacion-a-la-empresa-agraria","og_locale":"es_ES","og_type":"article","og_title":"ASAJA-Palencia imparte hasta el 3 de mayo un curso en l\u00ednea de incorporaci\u00f3n a la empresa agraria - ASAJA Palencia","og_description":"ASAJA-Palencia organiza del 7 de febrero al 3 de mayo de 2024&nbsp;un curso en l\u00ednea, que puede seguirse de forma telem\u00e1tica, de incorporaci\u00f3n a la","og_url":"https:\/\/www.asajacyl.com\/palencia\/asaja-palencia-informa\/asaja-palencia-imparte-hasta-el-3-de-mayo-un-curso-en-linea-de-incorporacion-a-la-empresa-agraria","og_site_name":"ASAJA Palencia","article_published_time":"2024-03-06T09:41:46+00:00","article_modified_time":"2024-03-06T12:51:02+00:00","og_image":[{"width":1890,"height":1654,"url":"https:\/\/www.asajacyl.com\/palencia\/wp-content\/uploads\/sites\/3\/2024\/03\/Curso-telematico-en-linea.jpg","type":"image\/jpeg"}],"author":"Administrador","twitter_card":"summary_large_image","twitter_misc":{"Escrito por":"Administrador","Tiempo de lectura":"2 minutos"},"schema":{"@context":"https:\/\/schema.org","@graph":[{"@type":"WebPage","@id":"https:\/\/www.asajacyl.com\/palencia\/asaja-palencia-informa\/asaja-palencia-imparte-hasta-el-3-de-mayo-un-curso-en-linea-de-incorporacion-a-la-empresa-agraria","url":"https:\/\/www.asajacyl.com\/palencia\/asaja-palencia-informa\/asaja-palencia-imparte-hasta-el-3-de-mayo-un-curso-en-linea-de-incorporacion-a-la-empresa-agraria","name":"ASAJA-Palencia imparte hasta el 3 de mayo un curso en l\u00ednea de incorporaci\u00f3n a la empresa agraria - ASAJA Palencia","isPartOf":{"@id":"https:\/\/www.asajacyl.com\/palencia\/#website"},"primaryImageOfPage":{"@id":"https:\/\/www.asajacyl.com\/palencia\/asaja-palencia-informa\/asaja-palencia-imparte-hasta-el-3-de-mayo-un-curso-en-linea-de-incorporacion-a-la-empresa-agraria#primaryimage"},"image":{"@id":"https:\/\/www.asajacyl.com\/palencia\/asaja-palencia-informa\/asaja-palencia-imparte-hasta-el-3-de-mayo-un-curso-en-linea-de-incorporacion-a-la-empresa-agraria#primaryimage"},"thumbnailUrl":"https:\/\/www.asajacyl.com\/palencia\/wp-content\/uploads\/sites\/3\/2024\/03\/Curso-telematico-en-linea.jpg","datePublished":"2024-03-06T09:41:46+00:00","dateModified":"2024-03-06T12:51:02+00:00","author":{"@id":"https:\/\/www.asajacyl.com\/palencia\/#\/schema\/person\/3ab17aeb03527485c317557fae64aab1"},"description":"ASAJA-Palencia organiza del 7 de febrero al 3 de mayo de 2024&nbsp;un curso en l\u00ednea, que puede seguirse de forma telem\u00e1tica, de incorporaci\u00f3n a la","breadcrumb":{"@id":"https:\/\/www.asajacyl.com\/palencia\/asaja-palencia-informa\/asaja-palencia-imparte-hasta-el-3-de-mayo-un-curso-en-linea-de-incorporacion-a-la-empresa-agraria#breadcrumb"},"inLanguage":"es","potentialAction":[{"@type":"ReadAction","target":["https:\/\/www.asajacyl.com\/palencia\/asaja-palencia-informa\/asaja-palencia-imparte-hasta-el-3-de-mayo-un-curso-en-linea-de-incorporacion-a-la-empresa-agraria"]}]},{"@type":"ImageObject","inLanguage":"es","@id":"https:\/\/www.asajacyl.com\/palencia\/asaja-palencia-informa\/asaja-palencia-imparte-hasta-el-3-de-mayo-un-curso-en-linea-de-incorporacion-a-la-empresa-agraria#primaryimage","url":"https:\/\/www.asajacyl.com\/palencia\/wp-content\/uploads\/sites\/3\/2024\/03\/Curso-telematico-en-linea.jpg","contentUrl":"https:\/\/www.asajacyl.com\/palencia\/wp-content\/uploads\/sites\/3\/2024\/03\/Curso-telematico-en-linea.jpg","width":1890,"height":1654},{"@type":"BreadcrumbList","@id":"https:\/\/www.asajacyl.com\/palencia\/asaja-palencia-informa\/asaja-palencia-imparte-hasta-el-3-de-mayo-un-curso-en-linea-de-incorporacion-a-la-empresa-agraria#breadcrumb","itemListElement":[{"@type":"ListItem","position":1,"name":"Portada","item":"https:\/\/www.asajacyl.com\/palencia\/"},{"@type":"ListItem","position":2,"name":"ASAJA-Palencia imparte hasta el 3 de mayo un curso en l\u00ednea de incorporaci\u00f3n a la empresa agraria"}]},{"@type":"WebSite","@id":"https:\/\/www.asajacyl.com\/palencia\/#website","url":"https:\/\/www.asajacyl.com\/palencia\/","name":"ASAJA Palencia","description":"Otro sitio m\u00e1s de Provincias ASAJA Castilla y Le\u00f3n","potentialAction":[{"@type":"SearchAction","target":{"@type":"EntryPoint","urlTemplate":"https:\/\/www.asajacyl.com\/palencia\/?s={search_term_string}"},"query-input":{"@type":"PropertyValueSpecification","valueRequired":true,"valueName":"search_term_string"}}],"inLanguage":"es"},{"@type":"Person","@id":"https:\/\/www.asajacyl.com\/palencia\/#\/schema\/person\/3ab17aeb03527485c317557fae64aab1","name":"Administrador","image":{"@type":"ImageObject","inLanguage":"es","@id":"https:\/\/www.asajacyl.com\/palencia\/#\/schema\/person\/image\/","url":"https:\/\/secure.gravatar.com\/avatar\/517384810d242ca9e38c180f3c9fb973?s=96&d=mm&r=g","contentUrl":"https:\/\/secure.gravatar.com\/avatar\/517384810d242ca9e38c180f3c9fb973?s=96&d=mm&r=g","caption":"Administrador"},"url":"https:\/\/www.asajacyl.com\/palencia\/author\/carlosrm"}]}},"_links":{"self":[{"href":"https:\/\/www.asajacyl.com\/palencia\/wp-json\/wp\/v2\/posts\/15591"}],"collection":[{"href":"https:\/\/www.asajacyl.com\/palencia\/wp-json\/wp\/v2\/posts"}],"about":[{"href":"https:\/\/www.asajacyl.com\/palencia\/wp-json\/wp\/v2\/types\/post"}],"author":[{"embeddable":true,"href":"https:\/\/www.asajacyl.com\/palencia\/wp-json\/wp\/v2\/users\/9"}],"replies":[{"embeddable":true,"href":"https:\/\/www.asajacyl.com\/palencia\/wp-json\/wp\/v2\/comments?post=15591"}],"version-history":[{"count":3,"href":"https:\/\/www.asajacyl.com\/palencia\/wp-json\/wp\/v2\/posts\/15591\/revisions"}],"predecessor-version":[{"id":15607,"href":"https:\/\/www.asajacyl.com\/palencia\/wp-json\/wp\/v2\/posts\/15591\/revisions\/15607"}],"wp:featuredmedia":[{"embeddable":true,"href":"https:\/\/www.asajacyl.com\/palencia\/wp-json\/wp\/v2\/media\/15593"}],"wp:attachment":[{"href":"https:\/\/www.asajacyl.com\/palencia\/wp-json\/wp\/v2\/media?parent=15591"}],"wp:term":[{"taxonomy":"category","embeddable":true,"href":"https:\/\/www.asajacyl.com\/palencia\/wp-json\/wp\/v2\/categories?post=15591"},{"taxonomy":"post_tag","embeddable":true,"href":"https:\/\/www.asajacyl.com\/palencia\/wp-json\/wp\/v2\/tags?post=15591"}],"curies":[{"name":"wp","href":"https:\/\/api.w.org\/{rel}","templated":true}]}}