{"id":15596,"date":"2024-03-06T11:53:51","date_gmt":"2024-03-06T10:53:51","guid":{"rendered":"https:\/\/www.asajacyl.com\/palencia\/?p=15596"},"modified":"2024-03-06T11:53:53","modified_gmt":"2024-03-06T10:53:53","slug":"2023-se-salda-en-palencia-con-25-ataques-del-lobo-al-mes-cuatro-veces-mas-que-antes-de-prohibir-su-caza","status":"publish","type":"post","link":"https:\/\/www.asajacyl.com\/palencia\/asaja-palencia-informa\/2023-se-salda-en-palencia-con-25-ataques-del-lobo-al-mes-cuatro-veces-mas-que-antes-de-prohibir-su-caza","title":{"rendered":"2023 se salda en Palencia con 25 ataques del lobo al mes, cuatro veces m\u00e1s que antes de prohibir su caza"},"content":{"rendered":"\n<h2 class=\"wp-block-heading\">El a\u00f1o 2023 se ha saldado con un promedio mensual de veinticinco ataques del lobo a la ganader\u00eda de la provincia de Palencia. Supone cuatro veces m\u00e1s de los que se registraban antes de que el Ministerio de Medio Ambiente prohibiera su caza al norte del Duero, en septiembre de 2021. ASAJA-Palencia vuelve a reclamar que deje de ser una especie de protecci\u00f3n especial, porque el lobo est\u00e1 muy lejos de extinguirse y los da\u00f1os al profesional ganadero son cada vez m\u00e1s cuantiosos. S\u00f3lo el pasado a\u00f1o se registraron m\u00e1s casos que en todo el trienio 2020-2022.<\/h2>\n\n\n\n<p>La escalada de da\u00f1os a la ganader\u00eda provincial no se detiene. Hay que subrayar adem\u00e1s que se trata de las cifras oficiales de casos denunciados, facilitadas recientemente por la Junta de Castilla y Le\u00f3n (Consejer\u00eda de Medio Ambiente), pero hay muchos otros ataques y da\u00f1os que no se comunican, ni forman parte de esta triste estad\u00edstica, bien porque no aparece el animal, bien por el hartazgo del ganadero, a quien incluso en ocasiones se pone en duda la causa de los ataques.<\/p>\n\n\n\n<p>Las cabezas afectadas y sacrificadas por los ataques del lobo tambi\u00e9n se multiplican en 2023, con 343 muertes, de modo que el pasado a\u00f1o superaron a las contabilizadas en todo el trienio anterior al cambio normativo (2019-2021) y son m\u00e1s del doble (+104 %) que las registradas en 2021 y el 53% m\u00e1s que en 2022, con 168 y 224 cabezas muertas, respectivamente.<\/p>\n\n\n\n<p>Los datos y los gr\u00e1ficos que aparecen al final de esta informaci\u00f3n muestran c\u00f3mo claramente se disparan los casos de ataques de lobo a la ganader\u00eda palentina, as\u00ed como las muertes de cabezas ocasionadas en el \u00faltimo bienio, y especialmente en 2023, como sucede en otras provincias de Castilla y Le\u00f3n, lo que revela que la especie no se est\u00e1 extinguiendo, ni mucho menos.<\/p>\n\n\n\n<p><strong>RECTIFICACI\u00d3N. <\/strong>Por ese motivo, ASAJA-Palencia reclama una vez m\u00e1s al Gobierno de Espa\u00f1a que rectifique, y que vuelva a permitir una caza regulada del lobo ib\u00e9rico al norte del Duero, como suced\u00eda antes del cambio de estatus aprobado en septiembre de 2021, donde tuvieron un voto determinante las comunidades aut\u00f3nomas sin presencia de esta especie.<\/p>\n\n\n\n<p>No es ning\u00fan capricho que una de las doce reivindicaciones esenciales de la tabla reivindicativa suscrita por ASAJA-Palencia en la actual movilizaci\u00f3n agroganadera pida expl\u00edcitamente el \u00abcontrol de la fauna salvaje e indemnizaciones justas de los da\u00f1os producidos\u00bb. <\/p>\n\n\n\n<p>Se trata de un viejo caballo de batalla de esta organizaci\u00f3n agraria, y nunca mejor dicho lo del caballo, porque tambi\u00e9n ha reclamado reiteradamente a la Junta de Castilla y Le\u00f3n que actualice los baremos de indemnizaci\u00f3n y en especial el del ganado equino, cada vez m\u00e1s atacado por los lobos en nuestra provincia, tanto por los da\u00f1os directos e indirectos que causan al profesional como por el valor real de estos animales.<\/p>\n\n\n\n<p>En 2023, el ganado equino de la provincia, concentrado en la zona norte, sufri\u00f3 92 ataques de lobo, con 98 cabezas sacrificadas. Son casi el doble de los acumulados en todos los cuatro a\u00f1os anteriores (57 ataques y 57 cabezas en el periodo 2019-2022 en Palencia). <\/p>\n\n\n\n<p><strong>150 ATAQUES AL VACUNO. <\/strong>Dada su mayor presencia y distribuci\u00f3n territorial, el ganado vacuno contin\u00faa siendo el m\u00e1s atacado, con centenar y medio de casos en 2023, que arrojaron una p\u00e9rdida de 155 cabezas. Son m\u00e1s que en todo el trienio anterior al cambio de estatus del lobo (2019-2021) y m\u00e1s del doble que en el ejercicio de 2022, que se sald\u00f3 con 67 ataques al vacuno palentino.<\/p>\n\n\n\n<p>Palencia es, despu\u00e9s de Burgos (+627 %), la provincia de Castilla y Le\u00f3n en la que m\u00e1s se han incrementado (+190 %) los ataques del lobo en 2023 con respecto a 2021, a\u00f1o en cuyo cuarto trimestre ya obr\u00f3 el cambio de estatus de la especie. Con respecto a 2022, primer a\u00f1o completo con prohibici\u00f3n de caza en toda la comunidad, al norte y al sur del r\u00edo Duero, tambi\u00e9n Palencia (+105 %) ha sido la segunda provincia con m\u00e1s aumento proporcional en el n\u00famero de ataques, s\u00f3lo superada por Burgos (+208 %). <\/p>\n\n\n\n<p>Cada semana de 2023 se registraron en la provincia de Palencia casi seis ataques. En ASAJA-Palencia mucho nos tememos que en este 2024 ya se haya alcanzado el promedio de un ataque diario. <\/p>\n\n\n\n<p>En el verano de 2016 \u2014pronto har\u00e1 ocho a\u00f1os\u2014, ASAJA-Castilla y Le\u00f3n aprob\u00f3 en el marco de su noveno congreso regional su documento <em>Respuestas para la agricultura del futuro<\/em>. Lamentablemente, siguen vigentes las tres reivindicaciones de nuestra organizaci\u00f3n sobre esta materia all\u00ed recogidas:<\/p>\n\n\n\n<ul>\n<li>Control de censos para que el lobo no sobrepase los que hist\u00f3ricamente ha tenido la especie y para que no se introduzca donde tradicionalmente no ha estado.<\/li>\n\n\n\n<li>Consideraci\u00f3n como especie cineg\u00e9tica en toda Castilla y Le\u00f3n, independientemente de que se trate o no de espacios protegidos.<\/li>\n\n\n\n<li>Asunci\u00f3n por parte de la administraci\u00f3n de todos los da\u00f1os [todos, directos e indirectos] ocasionados por el lobo en la caba\u00f1a ganadera en concepto de da\u00f1os patrimoniales.<\/li>\n<\/ul>\n\n\n<div class=\"wp-block-image\">\n<figure class=\"alignleft size-full is-resized\"><img loading=\"lazy\" decoding=\"async\" src=\"https:\/\/www.asajacyl.com\/palencia\/wp-content\/uploads\/sites\/3\/2024\/03\/Ataques-lobo-Palencia-2015-1-1.jpg\" alt=\"\" class=\"wp-image-15604\" width=\"497\" height=\"278\" srcset=\"https:\/\/www.asajacyl.com\/palencia\/wp-content\/uploads\/sites\/3\/2024\/03\/Ataques-lobo-Palencia-2015-1-1.jpg 481w, https:\/\/www.asajacyl.com\/palencia\/wp-content\/uploads\/sites\/3\/2024\/03\/Ataques-lobo-Palencia-2015-1-1-300x168.jpg 300w\" sizes=\"(max-width: 497px) 100vw, 497px\" \/><figcaption class=\"wp-element-caption\">La l\u00ednea roja punteada marca la entrada en vigor del estatus del lobo como especie de especial protecci\u00f3n (septiembre de 2021)<\/figcaption><\/figure><\/div>\n\n<div class=\"wp-block-image\">\n<figure class=\"alignright size-full is-resized\"><img loading=\"lazy\" decoding=\"async\" src=\"https:\/\/www.asajacyl.com\/palencia\/wp-content\/uploads\/sites\/3\/2024\/03\/Cabezas-muerte-lobo-Palenci-1.jpg\" alt=\"\" class=\"wp-image-15605\" width=\"517\" height=\"284\" srcset=\"https:\/\/www.asajacyl.com\/palencia\/wp-content\/uploads\/sites\/3\/2024\/03\/Cabezas-muerte-lobo-Palenci-1.jpg 481w, https:\/\/www.asajacyl.com\/palencia\/wp-content\/uploads\/sites\/3\/2024\/03\/Cabezas-muerte-lobo-Palenci-1-300x165.jpg 300w\" sizes=\"(max-width: 517px) 100vw, 517px\" \/><figcaption class=\"wp-element-caption\">Fuente de todos los datos recogidos en esta informaci\u00f3n: CONSEJER\u00cdA DE MEDIO AMBIENTE, VIVIENDA Y ORDENACI\u00d3N DEL TERRITORIO-JUNTA DE CASTILLA Y LE\u00d3N <\/figcaption><\/figure><\/div>","protected":false},"excerpt":{"rendered":"<p>El a\u00f1o 2023 se ha saldado con un promedio mensual de veinticinco ataques del lobo a la ganader\u00eda de la provincia de Palencia. Supone cuatro veces m\u00e1s de los que se registraban antes de que el Ministerio de Medio Ambiente prohibiera su caza al norte del Duero, en septiembre de 2021. ASAJA-Palencia vuelve a reclamar [&hellip;]<\/p>\n","protected":false},"author":9,"featured_media":14314,"comment_status":"open","ping_status":"open","sticky":false,"template":"","format":"standard","meta":{"footnotes":""},"categories":[9,29,28],"tags":[351,77,66],"yoast_head":"<!-- This site is optimized with the Yoast SEO plugin v24.5 - https:\/\/yoast.com\/wordpress\/plugins\/seo\/ -->\n<title>2023 se salda en Palencia con 25 ataques del lobo al mes, cuatro veces m\u00e1s que antes de prohibir su caza - ASAJA Palencia<\/title>\n<meta name=\"description\" content=\"El a\u00f1o 2023 se ha saldado con un promedio mensual de veinticinco ataques del lobo a la ganader\u00eda de la provincia de Palencia. Supone cuatro veces m\u00e1s de\" \/>\n<meta name=\"robots\" content=\"index, follow, max-snippet:-1, max-image-preview:large, max-video-preview:-1\" \/>\n<link rel=\"canonical\" href=\"https:\/\/www.asajacyl.com\/palencia\/asaja-palencia-informa\/2023-se-salda-en-palencia-con-25-ataques-del-lobo-al-mes-cuatro-veces-mas-que-antes-de-prohibir-su-caza\" \/>\n<meta property=\"og:locale\" content=\"es_ES\" \/>\n<meta property=\"og:type\" content=\"article\" \/>\n<meta property=\"og:title\" content=\"2023 se salda en Palencia con 25 ataques del lobo al mes, cuatro veces m\u00e1s que antes de prohibir su caza - ASAJA Palencia\" \/>\n<meta property=\"og:description\" content=\"El a\u00f1o 2023 se ha saldado con un promedio mensual de veinticinco ataques del lobo a la ganader\u00eda de la provincia de Palencia. Supone cuatro veces m\u00e1s de\" \/>\n<meta property=\"og:url\" content=\"https:\/\/www.asajacyl.com\/palencia\/asaja-palencia-informa\/2023-se-salda-en-palencia-con-25-ataques-del-lobo-al-mes-cuatro-veces-mas-que-antes-de-prohibir-su-caza\" \/>\n<meta property=\"og:site_name\" content=\"ASAJA Palencia\" \/>\n<meta property=\"article:published_time\" content=\"2024-03-06T10:53:51+00:00\" \/>\n<meta property=\"article:modified_time\" content=\"2024-03-06T10:53:53+00:00\" \/>\n<meta property=\"og:image\" content=\"https:\/\/www.asajacyl.com\/palencia\/wp-content\/uploads\/sites\/3\/2023\/09\/lobo-web-1024x896.jpg\" \/>\n\t<meta property=\"og:image:width\" content=\"1024\" \/>\n\t<meta property=\"og:image:height\" content=\"896\" \/>\n\t<meta property=\"og:image:type\" content=\"image\/jpeg\" \/>\n<meta name=\"author\" content=\"Administrador\" \/>\n<meta name=\"twitter:card\" content=\"summary_large_image\" \/>\n<meta name=\"twitter:label1\" content=\"Escrito por\" \/>\n\t<meta name=\"twitter:data1\" content=\"Administrador\" \/>\n\t<meta name=\"twitter:label2\" content=\"Tiempo de lectura\" \/>\n\t<meta name=\"twitter:data2\" content=\"5 minutos\" \/>\n<script type=\"application\/ld+json\" class=\"yoast-schema-graph\">{\"@context\":\"https:\/\/schema.org\",\"@graph\":[{\"@type\":\"WebPage\",\"@id\":\"https:\/\/www.asajacyl.com\/palencia\/asaja-palencia-informa\/2023-se-salda-en-palencia-con-25-ataques-del-lobo-al-mes-cuatro-veces-mas-que-antes-de-prohibir-su-caza\",\"url\":\"https:\/\/www.asajacyl.com\/palencia\/asaja-palencia-informa\/2023-se-salda-en-palencia-con-25-ataques-del-lobo-al-mes-cuatro-veces-mas-que-antes-de-prohibir-su-caza\",\"name\":\"2023 se salda en Palencia con 25 ataques del lobo al mes, cuatro veces m\u00e1s que antes de prohibir su caza - ASAJA Palencia\",\"isPartOf\":{\"@id\":\"https:\/\/www.asajacyl.com\/palencia\/#website\"},\"primaryImageOfPage\":{\"@id\":\"https:\/\/www.asajacyl.com\/palencia\/asaja-palencia-informa\/2023-se-salda-en-palencia-con-25-ataques-del-lobo-al-mes-cuatro-veces-mas-que-antes-de-prohibir-su-caza#primaryimage\"},\"image\":{\"@id\":\"https:\/\/www.asajacyl.com\/palencia\/asaja-palencia-informa\/2023-se-salda-en-palencia-con-25-ataques-del-lobo-al-mes-cuatro-veces-mas-que-antes-de-prohibir-su-caza#primaryimage\"},\"thumbnailUrl\":\"https:\/\/www.asajacyl.com\/palencia\/wp-content\/uploads\/sites\/3\/2023\/09\/lobo-web.jpg\",\"datePublished\":\"2024-03-06T10:53:51+00:00\",\"dateModified\":\"2024-03-06T10:53:53+00:00\",\"author\":{\"@id\":\"https:\/\/www.asajacyl.com\/palencia\/#\/schema\/person\/3ab17aeb03527485c317557fae64aab1\"},\"description\":\"El a\u00f1o 2023 se ha saldado con un promedio mensual de veinticinco ataques del lobo a la ganader\u00eda de la provincia de Palencia. Supone cuatro veces m\u00e1s de\",\"breadcrumb\":{\"@id\":\"https:\/\/www.asajacyl.com\/palencia\/asaja-palencia-informa\/2023-se-salda-en-palencia-con-25-ataques-del-lobo-al-mes-cuatro-veces-mas-que-antes-de-prohibir-su-caza#breadcrumb\"},\"inLanguage\":\"es\",\"potentialAction\":[{\"@type\":\"ReadAction\",\"target\":[\"https:\/\/www.asajacyl.com\/palencia\/asaja-palencia-informa\/2023-se-salda-en-palencia-con-25-ataques-del-lobo-al-mes-cuatro-veces-mas-que-antes-de-prohibir-su-caza\"]}]},{\"@type\":\"ImageObject\",\"inLanguage\":\"es\",\"@id\":\"https:\/\/www.asajacyl.com\/palencia\/asaja-palencia-informa\/2023-se-salda-en-palencia-con-25-ataques-del-lobo-al-mes-cuatro-veces-mas-que-antes-de-prohibir-su-caza#primaryimage\",\"url\":\"https:\/\/www.asajacyl.com\/palencia\/wp-content\/uploads\/sites\/3\/2023\/09\/lobo-web.jpg\",\"contentUrl\":\"https:\/\/www.asajacyl.com\/palencia\/wp-content\/uploads\/sites\/3\/2023\/09\/lobo-web.jpg\",\"width\":1890,\"height\":1654},{\"@type\":\"BreadcrumbList\",\"@id\":\"https:\/\/www.asajacyl.com\/palencia\/asaja-palencia-informa\/2023-se-salda-en-palencia-con-25-ataques-del-lobo-al-mes-cuatro-veces-mas-que-antes-de-prohibir-su-caza#breadcrumb\",\"itemListElement\":[{\"@type\":\"ListItem\",\"position\":1,\"name\":\"Portada\",\"item\":\"https:\/\/www.asajacyl.com\/palencia\/\"},{\"@type\":\"ListItem\",\"position\":2,\"name\":\"2023 se salda en Palencia con 25 ataques del lobo al mes, cuatro veces m\u00e1s que antes de prohibir su caza\"}]},{\"@type\":\"WebSite\",\"@id\":\"https:\/\/www.asajacyl.com\/palencia\/#website\",\"url\":\"https:\/\/www.asajacyl.com\/palencia\/\",\"name\":\"ASAJA Palencia\",\"description\":\"Otro sitio m\u00e1s de Provincias ASAJA Castilla y Le\u00f3n\",\"potentialAction\":[{\"@type\":\"SearchAction\",\"target\":{\"@type\":\"EntryPoint\",\"urlTemplate\":\"https:\/\/www.asajacyl.com\/palencia\/?s={search_term_string}\"},\"query-input\":{\"@type\":\"PropertyValueSpecification\",\"valueRequired\":true,\"valueName\":\"search_term_string\"}}],\"inLanguage\":\"es\"},{\"@type\":\"Person\",\"@id\":\"https:\/\/www.asajacyl.com\/palencia\/#\/schema\/person\/3ab17aeb03527485c317557fae64aab1\",\"name\":\"Administrador\",\"image\":{\"@type\":\"ImageObject\",\"inLanguage\":\"es\",\"@id\":\"https:\/\/www.asajacyl.com\/palencia\/#\/schema\/person\/image\/\",\"url\":\"https:\/\/secure.gravatar.com\/avatar\/517384810d242ca9e38c180f3c9fb973?s=96&d=mm&r=g\",\"contentUrl\":\"https:\/\/secure.gravatar.com\/avatar\/517384810d242ca9e38c180f3c9fb973?s=96&d=mm&r=g\",\"caption\":\"Administrador\"},\"url\":\"https:\/\/www.asajacyl.com\/palencia\/author\/carlosrm\"}]}<\/script>\n<!-- \/ Yoast SEO plugin. -->","yoast_head_json":{"title":"2023 se salda en Palencia con 25 ataques del lobo al mes, cuatro veces m\u00e1s que antes de prohibir su caza - ASAJA Palencia","description":"El a\u00f1o 2023 se ha saldado con un promedio mensual de veinticinco ataques del lobo a la ganader\u00eda de la provincia de Palencia. Supone cuatro veces m\u00e1s de","robots":{"index":"index","follow":"follow","max-snippet":"max-snippet:-1","max-image-preview":"max-image-preview:large","max-video-preview":"max-video-preview:-1"},"canonical":"https:\/\/www.asajacyl.com\/palencia\/asaja-palencia-informa\/2023-se-salda-en-palencia-con-25-ataques-del-lobo-al-mes-cuatro-veces-mas-que-antes-de-prohibir-su-caza","og_locale":"es_ES","og_type":"article","og_title":"2023 se salda en Palencia con 25 ataques del lobo al mes, cuatro veces m\u00e1s que antes de prohibir su caza - ASAJA Palencia","og_description":"El a\u00f1o 2023 se ha saldado con un promedio mensual de veinticinco ataques del lobo a la ganader\u00eda de la provincia de Palencia. Supone cuatro veces m\u00e1s de","og_url":"https:\/\/www.asajacyl.com\/palencia\/asaja-palencia-informa\/2023-se-salda-en-palencia-con-25-ataques-del-lobo-al-mes-cuatro-veces-mas-que-antes-de-prohibir-su-caza","og_site_name":"ASAJA Palencia","article_published_time":"2024-03-06T10:53:51+00:00","article_modified_time":"2024-03-06T10:53:53+00:00","og_image":[{"width":1024,"height":896,"url":"https:\/\/www.asajacyl.com\/palencia\/wp-content\/uploads\/sites\/3\/2023\/09\/lobo-web-1024x896.jpg","type":"image\/jpeg"}],"author":"Administrador","twitter_card":"summary_large_image","twitter_misc":{"Escrito por":"Administrador","Tiempo de lectura":"5 minutos"},"schema":{"@context":"https:\/\/schema.org","@graph":[{"@type":"WebPage","@id":"https:\/\/www.asajacyl.com\/palencia\/asaja-palencia-informa\/2023-se-salda-en-palencia-con-25-ataques-del-lobo-al-mes-cuatro-veces-mas-que-antes-de-prohibir-su-caza","url":"https:\/\/www.asajacyl.com\/palencia\/asaja-palencia-informa\/2023-se-salda-en-palencia-con-25-ataques-del-lobo-al-mes-cuatro-veces-mas-que-antes-de-prohibir-su-caza","name":"2023 se salda en Palencia con 25 ataques del lobo al mes, cuatro veces m\u00e1s que antes de prohibir su caza - ASAJA Palencia","isPartOf":{"@id":"https:\/\/www.asajacyl.com\/palencia\/#website"},"primaryImageOfPage":{"@id":"https:\/\/www.asajacyl.com\/palencia\/asaja-palencia-informa\/2023-se-salda-en-palencia-con-25-ataques-del-lobo-al-mes-cuatro-veces-mas-que-antes-de-prohibir-su-caza#primaryimage"},"image":{"@id":"https:\/\/www.asajacyl.com\/palencia\/asaja-palencia-informa\/2023-se-salda-en-palencia-con-25-ataques-del-lobo-al-mes-cuatro-veces-mas-que-antes-de-prohibir-su-caza#primaryimage"},"thumbnailUrl":"https:\/\/www.asajacyl.com\/palencia\/wp-content\/uploads\/sites\/3\/2023\/09\/lobo-web.jpg","datePublished":"2024-03-06T10:53:51+00:00","dateModified":"2024-03-06T10:53:53+00:00","author":{"@id":"https:\/\/www.asajacyl.com\/palencia\/#\/schema\/person\/3ab17aeb03527485c317557fae64aab1"},"description":"El a\u00f1o 2023 se ha saldado con un promedio mensual de veinticinco ataques del lobo a la ganader\u00eda de la provincia de Palencia. Supone cuatro veces m\u00e1s de","breadcrumb":{"@id":"https:\/\/www.asajacyl.com\/palencia\/asaja-palencia-informa\/2023-se-salda-en-palencia-con-25-ataques-del-lobo-al-mes-cuatro-veces-mas-que-antes-de-prohibir-su-caza#breadcrumb"},"inLanguage":"es","potentialAction":[{"@type":"ReadAction","target":["https:\/\/www.asajacyl.com\/palencia\/asaja-palencia-informa\/2023-se-salda-en-palencia-con-25-ataques-del-lobo-al-mes-cuatro-veces-mas-que-antes-de-prohibir-su-caza"]}]},{"@type":"ImageObject","inLanguage":"es","@id":"https:\/\/www.asajacyl.com\/palencia\/asaja-palencia-informa\/2023-se-salda-en-palencia-con-25-ataques-del-lobo-al-mes-cuatro-veces-mas-que-antes-de-prohibir-su-caza#primaryimage","url":"https:\/\/www.asajacyl.com\/palencia\/wp-content\/uploads\/sites\/3\/2023\/09\/lobo-web.jpg","contentUrl":"https:\/\/www.asajacyl.com\/palencia\/wp-content\/uploads\/sites\/3\/2023\/09\/lobo-web.jpg","width":1890,"height":1654},{"@type":"BreadcrumbList","@id":"https:\/\/www.asajacyl.com\/palencia\/asaja-palencia-informa\/2023-se-salda-en-palencia-con-25-ataques-del-lobo-al-mes-cuatro-veces-mas-que-antes-de-prohibir-su-caza#breadcrumb","itemListElement":[{"@type":"ListItem","position":1,"name":"Portada","item":"https:\/\/www.asajacyl.com\/palencia\/"},{"@type":"ListItem","position":2,"name":"2023 se salda en Palencia con 25 ataques del lobo al mes, cuatro veces m\u00e1s que antes de prohibir su caza"}]},{"@type":"WebSite","@id":"https:\/\/www.asajacyl.com\/palencia\/#website","url":"https:\/\/www.asajacyl.com\/palencia\/","name":"ASAJA Palencia","description":"Otro sitio m\u00e1s de Provincias ASAJA Castilla y Le\u00f3n","potentialAction":[{"@type":"SearchAction","target":{"@type":"EntryPoint","urlTemplate":"https:\/\/www.asajacyl.com\/palencia\/?s={search_term_string}"},"query-input":{"@type":"PropertyValueSpecification","valueRequired":true,"valueName":"search_term_string"}}],"inLanguage":"es"},{"@type":"Person","@id":"https:\/\/www.asajacyl.com\/palencia\/#\/schema\/person\/3ab17aeb03527485c317557fae64aab1","name":"Administrador","image":{"@type":"ImageObject","inLanguage":"es","@id":"https:\/\/www.asajacyl.com\/palencia\/#\/schema\/person\/image\/","url":"https:\/\/secure.gravatar.com\/avatar\/517384810d242ca9e38c180f3c9fb973?s=96&d=mm&r=g","contentUrl":"https:\/\/secure.gravatar.com\/avatar\/517384810d242ca9e38c180f3c9fb973?s=96&d=mm&r=g","caption":"Administrador"},"url":"https:\/\/www.asajacyl.com\/palencia\/author\/carlosrm"}]}},"_links":{"self":[{"href":"https:\/\/www.asajacyl.com\/palencia\/wp-json\/wp\/v2\/posts\/15596"}],"collection":[{"href":"https:\/\/www.asajacyl.com\/palencia\/wp-json\/wp\/v2\/posts"}],"about":[{"href":"https:\/\/www.asajacyl.com\/palencia\/wp-json\/wp\/v2\/types\/post"}],"author":[{"embeddable":true,"href":"https:\/\/www.asajacyl.com\/palencia\/wp-json\/wp\/v2\/users\/9"}],"replies":[{"embeddable":true,"href":"https:\/\/www.asajacyl.com\/palencia\/wp-json\/wp\/v2\/comments?post=15596"}],"version-history":[{"count":3,"href":"https:\/\/www.asajacyl.com\/palencia\/wp-json\/wp\/v2\/posts\/15596\/revisions"}],"predecessor-version":[{"id":15606,"href":"https:\/\/www.asajacyl.com\/palencia\/wp-json\/wp\/v2\/posts\/15596\/revisions\/15606"}],"wp:featuredmedia":[{"embeddable":true,"href":"https:\/\/www.asajacyl.com\/palencia\/wp-json\/wp\/v2\/media\/14314"}],"wp:attachment":[{"href":"https:\/\/www.asajacyl.com\/palencia\/wp-json\/wp\/v2\/media?parent=15596"}],"wp:term":[{"taxonomy":"category","embeddable":true,"href":"https:\/\/www.asajacyl.com\/palencia\/wp-json\/wp\/v2\/categories?post=15596"},{"taxonomy":"post_tag","embeddable":true,"href":"https:\/\/www.asajacyl.com\/palencia\/wp-json\/wp\/v2\/tags?post=15596"}],"curies":[{"name":"wp","href":"https:\/\/api.w.org\/{rel}","templated":true}]}}