{"id":15609,"date":"2024-03-07T09:26:43","date_gmt":"2024-03-07T08:26:43","guid":{"rendered":"https:\/\/www.asajacyl.com\/palencia\/?p=15609"},"modified":"2024-03-07T09:27:20","modified_gmt":"2024-03-07T08:27:20","slug":"la-lonja-de-leon-sigue-una-semana-mas-reflejando-la-depreciacion-de-casi-todos-los-cereales","status":"publish","type":"post","link":"https:\/\/www.asajacyl.com\/palencia\/sin-categoria\/la-lonja-de-leon-sigue-una-semana-mas-reflejando-la-depreciacion-de-casi-todos-los-cereales","title":{"rendered":"La Lonja de Le\u00f3n sigue una semana m\u00e1s reflejando la depreciaci\u00f3n de casi todos los cereales"},"content":{"rendered":"\n<h2 class=\"wp-block-heading\">La sesi\u00f3n celebrada este mi\u00e9rcoles 6 de marzo en la Lonja de Le\u00f3n sigue reflejando la depreciaci\u00f3n del cereal una semana m\u00e1s, lo que refuerza los argumentos de la protesta del sector contra la importaci\u00f3n masiva de grano, que viene reclamando ASAJA-Palencia. Uno de los doce puntos de nuestra tabla reivindicativa en las actuales movilizaciones recoge precisamente que se haga una aplicaci\u00f3n real y efectiva de la Ley de la Cadena Alimentaria, con una remuneraci\u00f3n justa para el productor. <\/h2>\n\n\n\n<figure class=\"wp-block-image size-full is-resized\"><img loading=\"lazy\" decoding=\"async\" src=\"https:\/\/www.asajacyl.com\/palencia\/wp-content\/uploads\/sites\/3\/2024\/03\/Tabla-precios-agricultura-6marzo2024.png\" alt=\"\" class=\"wp-image-15610\" width=\"1064\" height=\"820\" \/><\/figure>\n\n\n\n<p>Con respecto a la anterior reuni\u00f3n de esta mesa, bajan dos euros la tonelada de trigo, cebada y centeno, en tanto la avena contin\u00faa estable (255 euros\/tonelada) y el ma\u00edz repiti\u00f3 precio, con miles de hect\u00e1reas en comp\u00e1s de espera para evitar el coste del secadero.<\/p>\n\n\n\n<p>La tonelada de <strong>trigo <\/strong>se ha pagado ya a 204 euros, tras un descenso interanual del 31%, y se asoma ya a la barrera psicol\u00f3gica de los doscientos euros, que podr\u00eda perder este mismo mes si no cambia la tendencia bajista.<\/p>\n\n\n\n<p>Se unir\u00eda as\u00ed a la <strong>cebada <\/strong>y el <strong>centeno<\/strong>, que traspasaron ese umbral hace ya tiempo, seg\u00fan los contratos constatados en la lonja leonesa; categor\u00edas cuyo precio ha ca\u00eddo en el \u00faltimo a\u00f1o el 31 % y el 33 %, respectivamente.<\/p>\n\n\n\n<p>S\u00f3lo la <strong>avena<\/strong>, con una bajada interanual mucho m\u00e1s moderada (-8 %), resiste a tenor de las transacciones realizadas en la vecina provincia, mientras esperan unas siete mil hect\u00e1reas de <strong>ma\u00edz <\/strong>para que la humedad del grano llegue a su estado \u00f3ptimo y que el agricultor pueda ahorrarse los costes de secadero, seg\u00fan explica la Lonja de Le\u00f3n. <\/p>\n\n\n\n<p>Este momento de espera se enmarca en la l\u00f3gica del productor de evitar a toda costa a\u00f1adir a\u00fan m\u00e1s gastos a una mercanc\u00eda por la que actualmente no est\u00e1 recibiendo en muchos casos la cantidad necesaria para cubrirlos y que se valoren su tiempo de trabajo y sus inversiones.<\/p>\n\n\n\n<p><strong>REPITEN FORRAJES Y PATATAS. <\/strong>Tambi\u00e9n han repetido precios en los contratos m\u00e1s recientes los <strong>forrajes <\/strong>y las <strong>patatas<\/strong>, seg\u00fan se valor\u00f3 en las respectivas mesas, mientras ha dejado de cotizar en Le\u00f3n la <strong>alubia <\/strong>hasta la pr\u00f3xima campa\u00f1a, en ausencia de oferta en manos de los agricultores.<\/p>\n\n\n\n<p>La sesi\u00f3n tambi\u00e9n reflej\u00f3 un ligero descenso de la <strong>leche de cabra<\/strong>, que iguala en precio a la <strong>leche de oveja<\/strong> (0,1202 euros\/extracto quesero en litro), para las entregas efectuadas en febrero.<\/p>\n\n\n\n<p>La Lonja de Le\u00f3n informa adem\u00e1s de una \u00abligera subida de la <strong>carne de vacuno<\/strong> en las categor\u00edas U y R de machos, las m\u00e1s demandadas para la exportaci\u00f3n, que sigue a buen ritmo y m\u00e1s estas \u00faltimas semanas cercanas al comienzo del Ramad\u00e1n, en las cuales Argelia ha incrementado notablemente la demanda\u00bb.<strong>\/<\/strong><\/p>\n","protected":false},"excerpt":{"rendered":"<p>La sesi\u00f3n celebrada este mi\u00e9rcoles 6 de marzo en la Lonja de Le\u00f3n sigue reflejando la depreciaci\u00f3n del cereal una semana m\u00e1s, lo que refuerza los argumentos de la protesta del sector contra la importaci\u00f3n masiva de grano, que viene reclamando ASAJA-Palencia. Uno de los doce puntos de nuestra tabla reivindicativa en las actuales movilizaciones [&hellip;]<\/p>\n","protected":false},"author":9,"featured_media":14808,"comment_status":"open","ping_status":"open","sticky":false,"template":"","format":"standard","meta":{"footnotes":""},"categories":[1],"tags":[58,148,758,290,221,289,46,351,99,77,219,756,220],"yoast_head":"<!-- This site is optimized with the Yoast SEO plugin v24.5 - https:\/\/yoast.com\/wordpress\/plugins\/seo\/ -->\n<title>La Lonja de Le\u00f3n sigue una semana m\u00e1s reflejando la depreciaci\u00f3n de casi todos los cereales - ASAJA Palencia<\/title>\n<meta name=\"description\" content=\"La sesi\u00f3n celebrada este mi\u00e9rcoles 6 de marzo en la Lonja de Le\u00f3n sigue reflejando la depreciaci\u00f3n del cereal una semana m\u00e1s, lo que refuerza los\" \/>\n<meta name=\"robots\" content=\"index, follow, max-snippet:-1, max-image-preview:large, max-video-preview:-1\" \/>\n<link rel=\"canonical\" href=\"https:\/\/www.asajacyl.com\/palencia\/sin-categoria\/la-lonja-de-leon-sigue-una-semana-mas-reflejando-la-depreciacion-de-casi-todos-los-cereales\" \/>\n<meta property=\"og:locale\" content=\"es_ES\" \/>\n<meta property=\"og:type\" content=\"article\" \/>\n<meta property=\"og:title\" content=\"La Lonja de Le\u00f3n sigue una semana m\u00e1s reflejando la depreciaci\u00f3n de casi todos los cereales - ASAJA Palencia\" \/>\n<meta property=\"og:description\" content=\"La sesi\u00f3n celebrada este mi\u00e9rcoles 6 de marzo en la Lonja de Le\u00f3n sigue reflejando la depreciaci\u00f3n del cereal una semana m\u00e1s, lo que refuerza los\" \/>\n<meta property=\"og:url\" content=\"https:\/\/www.asajacyl.com\/palencia\/sin-categoria\/la-lonja-de-leon-sigue-una-semana-mas-reflejando-la-depreciacion-de-casi-todos-los-cereales\" \/>\n<meta property=\"og:site_name\" content=\"ASAJA Palencia\" \/>\n<meta property=\"article:published_time\" content=\"2024-03-07T08:26:43+00:00\" \/>\n<meta property=\"article:modified_time\" content=\"2024-03-07T08:27:20+00:00\" \/>\n<meta property=\"og:image\" content=\"https:\/\/www.asajacyl.com\/palencia\/wp-content\/uploads\/sites\/3\/2023\/11\/Trigo-detalle-1024x896.jpg\" \/>\n\t<meta property=\"og:image:width\" content=\"1024\" \/>\n\t<meta property=\"og:image:height\" content=\"896\" \/>\n\t<meta property=\"og:image:type\" content=\"image\/jpeg\" \/>\n<meta name=\"author\" content=\"Administrador\" \/>\n<meta name=\"twitter:card\" content=\"summary_large_image\" \/>\n<meta name=\"twitter:label1\" content=\"Escrito por\" \/>\n\t<meta name=\"twitter:data1\" content=\"Administrador\" \/>\n\t<meta name=\"twitter:label2\" content=\"Tiempo de lectura\" \/>\n\t<meta name=\"twitter:data2\" content=\"3 minutos\" \/>\n<script type=\"application\/ld+json\" class=\"yoast-schema-graph\">{\"@context\":\"https:\/\/schema.org\",\"@graph\":[{\"@type\":\"WebPage\",\"@id\":\"https:\/\/www.asajacyl.com\/palencia\/sin-categoria\/la-lonja-de-leon-sigue-una-semana-mas-reflejando-la-depreciacion-de-casi-todos-los-cereales\",\"url\":\"https:\/\/www.asajacyl.com\/palencia\/sin-categoria\/la-lonja-de-leon-sigue-una-semana-mas-reflejando-la-depreciacion-de-casi-todos-los-cereales\",\"name\":\"La Lonja de Le\u00f3n sigue una semana m\u00e1s reflejando la depreciaci\u00f3n de casi todos los cereales - ASAJA Palencia\",\"isPartOf\":{\"@id\":\"https:\/\/www.asajacyl.com\/palencia\/#website\"},\"primaryImageOfPage\":{\"@id\":\"https:\/\/www.asajacyl.com\/palencia\/sin-categoria\/la-lonja-de-leon-sigue-una-semana-mas-reflejando-la-depreciacion-de-casi-todos-los-cereales#primaryimage\"},\"image\":{\"@id\":\"https:\/\/www.asajacyl.com\/palencia\/sin-categoria\/la-lonja-de-leon-sigue-una-semana-mas-reflejando-la-depreciacion-de-casi-todos-los-cereales#primaryimage\"},\"thumbnailUrl\":\"https:\/\/www.asajacyl.com\/palencia\/wp-content\/uploads\/sites\/3\/2023\/11\/Trigo-detalle.jpg\",\"datePublished\":\"2024-03-07T08:26:43+00:00\",\"dateModified\":\"2024-03-07T08:27:20+00:00\",\"author\":{\"@id\":\"https:\/\/www.asajacyl.com\/palencia\/#\/schema\/person\/3ab17aeb03527485c317557fae64aab1\"},\"description\":\"La sesi\u00f3n celebrada este mi\u00e9rcoles 6 de marzo en la Lonja de Le\u00f3n sigue reflejando la depreciaci\u00f3n del cereal una semana m\u00e1s, lo que refuerza los\",\"breadcrumb\":{\"@id\":\"https:\/\/www.asajacyl.com\/palencia\/sin-categoria\/la-lonja-de-leon-sigue-una-semana-mas-reflejando-la-depreciacion-de-casi-todos-los-cereales#breadcrumb\"},\"inLanguage\":\"es\",\"potentialAction\":[{\"@type\":\"ReadAction\",\"target\":[\"https:\/\/www.asajacyl.com\/palencia\/sin-categoria\/la-lonja-de-leon-sigue-una-semana-mas-reflejando-la-depreciacion-de-casi-todos-los-cereales\"]}]},{\"@type\":\"ImageObject\",\"inLanguage\":\"es\",\"@id\":\"https:\/\/www.asajacyl.com\/palencia\/sin-categoria\/la-lonja-de-leon-sigue-una-semana-mas-reflejando-la-depreciacion-de-casi-todos-los-cereales#primaryimage\",\"url\":\"https:\/\/www.asajacyl.com\/palencia\/wp-content\/uploads\/sites\/3\/2023\/11\/Trigo-detalle.jpg\",\"contentUrl\":\"https:\/\/www.asajacyl.com\/palencia\/wp-content\/uploads\/sites\/3\/2023\/11\/Trigo-detalle.jpg\",\"width\":1890,\"height\":1654},{\"@type\":\"BreadcrumbList\",\"@id\":\"https:\/\/www.asajacyl.com\/palencia\/sin-categoria\/la-lonja-de-leon-sigue-una-semana-mas-reflejando-la-depreciacion-de-casi-todos-los-cereales#breadcrumb\",\"itemListElement\":[{\"@type\":\"ListItem\",\"position\":1,\"name\":\"Portada\",\"item\":\"https:\/\/www.asajacyl.com\/palencia\/\"},{\"@type\":\"ListItem\",\"position\":2,\"name\":\"La Lonja de Le\u00f3n sigue una semana m\u00e1s reflejando la depreciaci\u00f3n de casi todos los cereales\"}]},{\"@type\":\"WebSite\",\"@id\":\"https:\/\/www.asajacyl.com\/palencia\/#website\",\"url\":\"https:\/\/www.asajacyl.com\/palencia\/\",\"name\":\"ASAJA Palencia\",\"description\":\"Otro sitio m\u00e1s de Provincias ASAJA Castilla y Le\u00f3n\",\"potentialAction\":[{\"@type\":\"SearchAction\",\"target\":{\"@type\":\"EntryPoint\",\"urlTemplate\":\"https:\/\/www.asajacyl.com\/palencia\/?s={search_term_string}\"},\"query-input\":{\"@type\":\"PropertyValueSpecification\",\"valueRequired\":true,\"valueName\":\"search_term_string\"}}],\"inLanguage\":\"es\"},{\"@type\":\"Person\",\"@id\":\"https:\/\/www.asajacyl.com\/palencia\/#\/schema\/person\/3ab17aeb03527485c317557fae64aab1\",\"name\":\"Administrador\",\"image\":{\"@type\":\"ImageObject\",\"inLanguage\":\"es\",\"@id\":\"https:\/\/www.asajacyl.com\/palencia\/#\/schema\/person\/image\/\",\"url\":\"https:\/\/secure.gravatar.com\/avatar\/517384810d242ca9e38c180f3c9fb973?s=96&d=mm&r=g\",\"contentUrl\":\"https:\/\/secure.gravatar.com\/avatar\/517384810d242ca9e38c180f3c9fb973?s=96&d=mm&r=g\",\"caption\":\"Administrador\"},\"url\":\"https:\/\/www.asajacyl.com\/palencia\/author\/carlosrm\"}]}<\/script>\n<!-- \/ Yoast SEO plugin. -->","yoast_head_json":{"title":"La Lonja de Le\u00f3n sigue una semana m\u00e1s reflejando la depreciaci\u00f3n de casi todos los cereales - ASAJA Palencia","description":"La sesi\u00f3n celebrada este mi\u00e9rcoles 6 de marzo en la Lonja de Le\u00f3n sigue reflejando la depreciaci\u00f3n del cereal una semana m\u00e1s, lo que refuerza los","robots":{"index":"index","follow":"follow","max-snippet":"max-snippet:-1","max-image-preview":"max-image-preview:large","max-video-preview":"max-video-preview:-1"},"canonical":"https:\/\/www.asajacyl.com\/palencia\/sin-categoria\/la-lonja-de-leon-sigue-una-semana-mas-reflejando-la-depreciacion-de-casi-todos-los-cereales","og_locale":"es_ES","og_type":"article","og_title":"La Lonja de Le\u00f3n sigue una semana m\u00e1s reflejando la depreciaci\u00f3n de casi todos los cereales - ASAJA Palencia","og_description":"La sesi\u00f3n celebrada este mi\u00e9rcoles 6 de marzo en la Lonja de Le\u00f3n sigue reflejando la depreciaci\u00f3n del cereal una semana m\u00e1s, lo que refuerza los","og_url":"https:\/\/www.asajacyl.com\/palencia\/sin-categoria\/la-lonja-de-leon-sigue-una-semana-mas-reflejando-la-depreciacion-de-casi-todos-los-cereales","og_site_name":"ASAJA Palencia","article_published_time":"2024-03-07T08:26:43+00:00","article_modified_time":"2024-03-07T08:27:20+00:00","og_image":[{"width":1024,"height":896,"url":"https:\/\/www.asajacyl.com\/palencia\/wp-content\/uploads\/sites\/3\/2023\/11\/Trigo-detalle-1024x896.jpg","type":"image\/jpeg"}],"author":"Administrador","twitter_card":"summary_large_image","twitter_misc":{"Escrito por":"Administrador","Tiempo de lectura":"3 minutos"},"schema":{"@context":"https:\/\/schema.org","@graph":[{"@type":"WebPage","@id":"https:\/\/www.asajacyl.com\/palencia\/sin-categoria\/la-lonja-de-leon-sigue-una-semana-mas-reflejando-la-depreciacion-de-casi-todos-los-cereales","url":"https:\/\/www.asajacyl.com\/palencia\/sin-categoria\/la-lonja-de-leon-sigue-una-semana-mas-reflejando-la-depreciacion-de-casi-todos-los-cereales","name":"La Lonja de Le\u00f3n sigue una semana m\u00e1s reflejando la depreciaci\u00f3n de casi todos los cereales - ASAJA Palencia","isPartOf":{"@id":"https:\/\/www.asajacyl.com\/palencia\/#website"},"primaryImageOfPage":{"@id":"https:\/\/www.asajacyl.com\/palencia\/sin-categoria\/la-lonja-de-leon-sigue-una-semana-mas-reflejando-la-depreciacion-de-casi-todos-los-cereales#primaryimage"},"image":{"@id":"https:\/\/www.asajacyl.com\/palencia\/sin-categoria\/la-lonja-de-leon-sigue-una-semana-mas-reflejando-la-depreciacion-de-casi-todos-los-cereales#primaryimage"},"thumbnailUrl":"https:\/\/www.asajacyl.com\/palencia\/wp-content\/uploads\/sites\/3\/2023\/11\/Trigo-detalle.jpg","datePublished":"2024-03-07T08:26:43+00:00","dateModified":"2024-03-07T08:27:20+00:00","author":{"@id":"https:\/\/www.asajacyl.com\/palencia\/#\/schema\/person\/3ab17aeb03527485c317557fae64aab1"},"description":"La sesi\u00f3n celebrada este mi\u00e9rcoles 6 de marzo en la Lonja de Le\u00f3n sigue reflejando la depreciaci\u00f3n del cereal una semana m\u00e1s, lo que refuerza los","breadcrumb":{"@id":"https:\/\/www.asajacyl.com\/palencia\/sin-categoria\/la-lonja-de-leon-sigue-una-semana-mas-reflejando-la-depreciacion-de-casi-todos-los-cereales#breadcrumb"},"inLanguage":"es","potentialAction":[{"@type":"ReadAction","target":["https:\/\/www.asajacyl.com\/palencia\/sin-categoria\/la-lonja-de-leon-sigue-una-semana-mas-reflejando-la-depreciacion-de-casi-todos-los-cereales"]}]},{"@type":"ImageObject","inLanguage":"es","@id":"https:\/\/www.asajacyl.com\/palencia\/sin-categoria\/la-lonja-de-leon-sigue-una-semana-mas-reflejando-la-depreciacion-de-casi-todos-los-cereales#primaryimage","url":"https:\/\/www.asajacyl.com\/palencia\/wp-content\/uploads\/sites\/3\/2023\/11\/Trigo-detalle.jpg","contentUrl":"https:\/\/www.asajacyl.com\/palencia\/wp-content\/uploads\/sites\/3\/2023\/11\/Trigo-detalle.jpg","width":1890,"height":1654},{"@type":"BreadcrumbList","@id":"https:\/\/www.asajacyl.com\/palencia\/sin-categoria\/la-lonja-de-leon-sigue-una-semana-mas-reflejando-la-depreciacion-de-casi-todos-los-cereales#breadcrumb","itemListElement":[{"@type":"ListItem","position":1,"name":"Portada","item":"https:\/\/www.asajacyl.com\/palencia\/"},{"@type":"ListItem","position":2,"name":"La Lonja de Le\u00f3n sigue una semana m\u00e1s reflejando la depreciaci\u00f3n de casi todos los cereales"}]},{"@type":"WebSite","@id":"https:\/\/www.asajacyl.com\/palencia\/#website","url":"https:\/\/www.asajacyl.com\/palencia\/","name":"ASAJA Palencia","description":"Otro sitio m\u00e1s de Provincias ASAJA Castilla y Le\u00f3n","potentialAction":[{"@type":"SearchAction","target":{"@type":"EntryPoint","urlTemplate":"https:\/\/www.asajacyl.com\/palencia\/?s={search_term_string}"},"query-input":{"@type":"PropertyValueSpecification","valueRequired":true,"valueName":"search_term_string"}}],"inLanguage":"es"},{"@type":"Person","@id":"https:\/\/www.asajacyl.com\/palencia\/#\/schema\/person\/3ab17aeb03527485c317557fae64aab1","name":"Administrador","image":{"@type":"ImageObject","inLanguage":"es","@id":"https:\/\/www.asajacyl.com\/palencia\/#\/schema\/person\/image\/","url":"https:\/\/secure.gravatar.com\/avatar\/517384810d242ca9e38c180f3c9fb973?s=96&d=mm&r=g","contentUrl":"https:\/\/secure.gravatar.com\/avatar\/517384810d242ca9e38c180f3c9fb973?s=96&d=mm&r=g","caption":"Administrador"},"url":"https:\/\/www.asajacyl.com\/palencia\/author\/carlosrm"}]}},"_links":{"self":[{"href":"https:\/\/www.asajacyl.com\/palencia\/wp-json\/wp\/v2\/posts\/15609"}],"collection":[{"href":"https:\/\/www.asajacyl.com\/palencia\/wp-json\/wp\/v2\/posts"}],"about":[{"href":"https:\/\/www.asajacyl.com\/palencia\/wp-json\/wp\/v2\/types\/post"}],"author":[{"embeddable":true,"href":"https:\/\/www.asajacyl.com\/palencia\/wp-json\/wp\/v2\/users\/9"}],"replies":[{"embeddable":true,"href":"https:\/\/www.asajacyl.com\/palencia\/wp-json\/wp\/v2\/comments?post=15609"}],"version-history":[{"count":2,"href":"https:\/\/www.asajacyl.com\/palencia\/wp-json\/wp\/v2\/posts\/15609\/revisions"}],"predecessor-version":[{"id":15612,"href":"https:\/\/www.asajacyl.com\/palencia\/wp-json\/wp\/v2\/posts\/15609\/revisions\/15612"}],"wp:featuredmedia":[{"embeddable":true,"href":"https:\/\/www.asajacyl.com\/palencia\/wp-json\/wp\/v2\/media\/14808"}],"wp:attachment":[{"href":"https:\/\/www.asajacyl.com\/palencia\/wp-json\/wp\/v2\/media?parent=15609"}],"wp:term":[{"taxonomy":"category","embeddable":true,"href":"https:\/\/www.asajacyl.com\/palencia\/wp-json\/wp\/v2\/categories?post=15609"},{"taxonomy":"post_tag","embeddable":true,"href":"https:\/\/www.asajacyl.com\/palencia\/wp-json\/wp\/v2\/tags?post=15609"}],"curies":[{"name":"wp","href":"https:\/\/api.w.org\/{rel}","templated":true}]}}