{"id":15613,"date":"2024-03-08T09:22:39","date_gmt":"2024-03-08T08:22:39","guid":{"rendered":"https:\/\/www.asajacyl.com\/palencia\/?p=15613"},"modified":"2024-03-08T09:22:42","modified_gmt":"2024-03-08T08:22:42","slug":"un-centenar-de-socios-y-familiares-de-asaja-palencia-disfrutan-de-una-semana-en-portugal-y-galicia","status":"publish","type":"post","link":"https:\/\/www.asajacyl.com\/palencia\/asaja-palencia-informa\/un-centenar-de-socios-y-familiares-de-asaja-palencia-disfrutan-de-una-semana-en-portugal-y-galicia","title":{"rendered":"Un centenar de socios y familiares de ASAJA-Palencia disfrutan de una semana en Portugal y Galicia"},"content":{"rendered":"\n<h2 class=\"wp-block-heading\">Un centenar de asociados de ASAJA-Palencia y familiares ha disfrutado del reciente viaje organizado por nuestra organizaci\u00f3n a Portugal y Galicia. A lo largo de una semana, los participantes visitaron varias de las localidades tur\u00edsticas m\u00e1s atractivas del norte de Portugal y de otros puntos de inter\u00e9s en la comunidad gallega, incluido Santiago de Compostela.<\/h2>\n\n\n\n<p>Con Oporto y Sangenjo como puntos de pernoctaci\u00f3n, los viajeros han disfrutado de una memorable y divertida excursi\u00f3n, en la que acudieron a las localidades portuguesas de Aveiro, Costa Nova, Oporto, Guimaraes y Braga, con visitas guiadas y peque\u00f1os viajes en embarcaciones tur\u00edsticas en Aveiro \u2014la llamada Venecia de Portugal por los canales que recorren su casco antiguo\u2014 y Oporto, donde acudieron a una bodega de los c\u00e9lebres vinos de la ciudad en el estuario del Duero.<\/p>\n\n\n\n<p>Ya en Galicia, alojados en el confortable hotel Carlos I Silgar**** de Sangenjo, los viajeros pudieron disfrutar del mercadillo de Portonovo, la animaci\u00f3n de esta ciudad costera gallega, las zonas de compras y de hosteler\u00eda, su lonja, el\u00a0<em>spa<\/em>\u00a0del hotel, etc. Asimismo, el viernes 1 de marzo visitaron Santiago de Compostela y al d\u00eda siguiente se efectu\u00f3 una excursi\u00f3n a O&#8217;Grove, otra bella localidad en la costa de Galicia, que volvi\u00f3 a mostrarse acogedora y con su c\u00e9lebre gastronom\u00eda como un aliciente a\u00f1adido para este magn\u00edfico viaje.<strong>\/<\/strong>  <\/p>\n\n\n\n<figure class=\"wp-block-image size-large is-resized\"><img loading=\"lazy\" decoding=\"async\" src=\"https:\/\/www.asajacyl.com\/palencia\/wp-content\/uploads\/sites\/3\/2024\/03\/Viaje-web-Asaja-Aveiro-1024x730.jpg\" alt=\"\" class=\"wp-image-15614\" width=\"1065\" height=\"781\" \/><figcaption class=\"wp-element-caption\">Paseo en una de las g\u00f3ndolas que recorren los canales del centro de Aveiro. <\/figcaption><\/figure>\n\n\n\n<figure class=\"wp-block-image size-large is-resized\"><img loading=\"lazy\" decoding=\"async\" src=\"https:\/\/www.asajacyl.com\/palencia\/wp-content\/uploads\/sites\/3\/2024\/03\/Viaje-web-Asaja-Oporto-1024x561.jpg\" alt=\"\" class=\"wp-image-15615\" width=\"1067\" height=\"606\" \/><figcaption class=\"wp-element-caption\">Junto a la catedral de Oporto<\/figcaption><\/figure>\n\n\n\n<figure class=\"wp-block-image size-large is-resized\"><img loading=\"lazy\" decoding=\"async\" src=\"https:\/\/www.asajacyl.com\/palencia\/wp-content\/uploads\/sites\/3\/2024\/03\/Viaje-web-Asaja-Braga-799x1024.jpg\" alt=\"\" class=\"wp-image-15616\" width=\"1067\" height=\"1396\" \/><figcaption class=\"wp-element-caption\">Pasando por el Arco de la Puerta Nueva de Braga<\/figcaption><\/figure>\n\n\n\n<figure class=\"wp-block-image size-large is-resized\"><img loading=\"lazy\" decoding=\"async\" src=\"https:\/\/www.asajacyl.com\/palencia\/wp-content\/uploads\/sites\/3\/2024\/03\/Viaje-web-Asaja-Guimaraes-1024x696.jpg\" alt=\"\" class=\"wp-image-15617\" width=\"1065\" height=\"746\" \/><figcaption class=\"wp-element-caption\">Los participantes en el viaje posan ante el imponente castillo de Guimar\u00e2es, elegido en 2007 una de las Siete Maravillas de Portugal.<\/figcaption><\/figure>\n","protected":false},"excerpt":{"rendered":"<p>Un centenar de asociados de ASAJA-Palencia y familiares ha disfrutado del reciente viaje organizado por nuestra organizaci\u00f3n a Portugal y Galicia. A lo largo de una semana, los participantes visitaron varias de las localidades tur\u00edsticas m\u00e1s atractivas del norte de Portugal y de otros puntos de inter\u00e9s en la comunidad gallega, incluido Santiago de Compostela. [&hellip;]<\/p>\n","protected":false},"author":9,"featured_media":15617,"comment_status":"open","ping_status":"open","sticky":false,"template":"","format":"standard","meta":{"footnotes":""},"categories":[9,29,28],"tags":[],"yoast_head":"<!-- This site is optimized with the Yoast SEO plugin v24.5 - https:\/\/yoast.com\/wordpress\/plugins\/seo\/ -->\n<title>Un centenar de socios y familiares de ASAJA-Palencia disfrutan de una semana en Portugal y Galicia - ASAJA Palencia<\/title>\n<meta name=\"description\" content=\"Un centenar de asociados de ASAJA-Palencia y familiares ha disfrutado del reciente viaje organizado por nuestra organizaci\u00f3n a Portugal y Galicia. A lo\" \/>\n<meta name=\"robots\" content=\"index, follow, max-snippet:-1, max-image-preview:large, max-video-preview:-1\" \/>\n<link rel=\"canonical\" href=\"https:\/\/www.asajacyl.com\/palencia\/asaja-palencia-informa\/un-centenar-de-socios-y-familiares-de-asaja-palencia-disfrutan-de-una-semana-en-portugal-y-galicia\" \/>\n<meta property=\"og:locale\" content=\"es_ES\" \/>\n<meta property=\"og:type\" content=\"article\" \/>\n<meta property=\"og:title\" content=\"Un centenar de socios y familiares de ASAJA-Palencia disfrutan de una semana en Portugal y Galicia - ASAJA Palencia\" \/>\n<meta property=\"og:description\" content=\"Un centenar de asociados de ASAJA-Palencia y familiares ha disfrutado del reciente viaje organizado por nuestra organizaci\u00f3n a Portugal y Galicia. A lo\" \/>\n<meta property=\"og:url\" content=\"https:\/\/www.asajacyl.com\/palencia\/asaja-palencia-informa\/un-centenar-de-socios-y-familiares-de-asaja-palencia-disfrutan-de-una-semana-en-portugal-y-galicia\" \/>\n<meta property=\"og:site_name\" content=\"ASAJA Palencia\" \/>\n<meta property=\"article:published_time\" content=\"2024-03-08T08:22:39+00:00\" \/>\n<meta property=\"article:modified_time\" content=\"2024-03-08T08:22:42+00:00\" \/>\n<meta property=\"og:image\" content=\"https:\/\/www.asajacyl.com\/palencia\/wp-content\/uploads\/sites\/3\/2024\/03\/Viaje-web-Asaja-Guimaraes.jpg\" \/>\n\t<meta property=\"og:image:width\" content=\"2500\" \/>\n\t<meta property=\"og:image:height\" content=\"1700\" \/>\n\t<meta property=\"og:image:type\" content=\"image\/jpeg\" \/>\n<meta name=\"author\" content=\"Administrador\" \/>\n<meta name=\"twitter:card\" content=\"summary_large_image\" \/>\n<meta name=\"twitter:label1\" content=\"Escrito por\" \/>\n\t<meta name=\"twitter:data1\" content=\"Administrador\" \/>\n\t<meta name=\"twitter:label2\" content=\"Tiempo de lectura\" \/>\n\t<meta name=\"twitter:data2\" content=\"2 minutos\" \/>\n<script type=\"application\/ld+json\" class=\"yoast-schema-graph\">{\"@context\":\"https:\/\/schema.org\",\"@graph\":[{\"@type\":\"WebPage\",\"@id\":\"https:\/\/www.asajacyl.com\/palencia\/asaja-palencia-informa\/un-centenar-de-socios-y-familiares-de-asaja-palencia-disfrutan-de-una-semana-en-portugal-y-galicia\",\"url\":\"https:\/\/www.asajacyl.com\/palencia\/asaja-palencia-informa\/un-centenar-de-socios-y-familiares-de-asaja-palencia-disfrutan-de-una-semana-en-portugal-y-galicia\",\"name\":\"Un centenar de socios y familiares de ASAJA-Palencia disfrutan de una semana en Portugal y Galicia - ASAJA Palencia\",\"isPartOf\":{\"@id\":\"https:\/\/www.asajacyl.com\/palencia\/#website\"},\"primaryImageOfPage\":{\"@id\":\"https:\/\/www.asajacyl.com\/palencia\/asaja-palencia-informa\/un-centenar-de-socios-y-familiares-de-asaja-palencia-disfrutan-de-una-semana-en-portugal-y-galicia#primaryimage\"},\"image\":{\"@id\":\"https:\/\/www.asajacyl.com\/palencia\/asaja-palencia-informa\/un-centenar-de-socios-y-familiares-de-asaja-palencia-disfrutan-de-una-semana-en-portugal-y-galicia#primaryimage\"},\"thumbnailUrl\":\"https:\/\/www.asajacyl.com\/palencia\/wp-content\/uploads\/sites\/3\/2024\/03\/Viaje-web-Asaja-Guimaraes.jpg\",\"datePublished\":\"2024-03-08T08:22:39+00:00\",\"dateModified\":\"2024-03-08T08:22:42+00:00\",\"author\":{\"@id\":\"https:\/\/www.asajacyl.com\/palencia\/#\/schema\/person\/3ab17aeb03527485c317557fae64aab1\"},\"description\":\"Un centenar de asociados de ASAJA-Palencia y familiares ha disfrutado del reciente viaje organizado por nuestra organizaci\u00f3n a Portugal y Galicia. A lo\",\"breadcrumb\":{\"@id\":\"https:\/\/www.asajacyl.com\/palencia\/asaja-palencia-informa\/un-centenar-de-socios-y-familiares-de-asaja-palencia-disfrutan-de-una-semana-en-portugal-y-galicia#breadcrumb\"},\"inLanguage\":\"es\",\"potentialAction\":[{\"@type\":\"ReadAction\",\"target\":[\"https:\/\/www.asajacyl.com\/palencia\/asaja-palencia-informa\/un-centenar-de-socios-y-familiares-de-asaja-palencia-disfrutan-de-una-semana-en-portugal-y-galicia\"]}]},{\"@type\":\"ImageObject\",\"inLanguage\":\"es\",\"@id\":\"https:\/\/www.asajacyl.com\/palencia\/asaja-palencia-informa\/un-centenar-de-socios-y-familiares-de-asaja-palencia-disfrutan-de-una-semana-en-portugal-y-galicia#primaryimage\",\"url\":\"https:\/\/www.asajacyl.com\/palencia\/wp-content\/uploads\/sites\/3\/2024\/03\/Viaje-web-Asaja-Guimaraes.jpg\",\"contentUrl\":\"https:\/\/www.asajacyl.com\/palencia\/wp-content\/uploads\/sites\/3\/2024\/03\/Viaje-web-Asaja-Guimaraes.jpg\",\"width\":2500,\"height\":1700},{\"@type\":\"BreadcrumbList\",\"@id\":\"https:\/\/www.asajacyl.com\/palencia\/asaja-palencia-informa\/un-centenar-de-socios-y-familiares-de-asaja-palencia-disfrutan-de-una-semana-en-portugal-y-galicia#breadcrumb\",\"itemListElement\":[{\"@type\":\"ListItem\",\"position\":1,\"name\":\"Portada\",\"item\":\"https:\/\/www.asajacyl.com\/palencia\/\"},{\"@type\":\"ListItem\",\"position\":2,\"name\":\"Un centenar de socios y familiares de ASAJA-Palencia disfrutan de una semana en Portugal y Galicia\"}]},{\"@type\":\"WebSite\",\"@id\":\"https:\/\/www.asajacyl.com\/palencia\/#website\",\"url\":\"https:\/\/www.asajacyl.com\/palencia\/\",\"name\":\"ASAJA Palencia\",\"description\":\"Otro sitio m\u00e1s de Provincias ASAJA Castilla y Le\u00f3n\",\"potentialAction\":[{\"@type\":\"SearchAction\",\"target\":{\"@type\":\"EntryPoint\",\"urlTemplate\":\"https:\/\/www.asajacyl.com\/palencia\/?s={search_term_string}\"},\"query-input\":{\"@type\":\"PropertyValueSpecification\",\"valueRequired\":true,\"valueName\":\"search_term_string\"}}],\"inLanguage\":\"es\"},{\"@type\":\"Person\",\"@id\":\"https:\/\/www.asajacyl.com\/palencia\/#\/schema\/person\/3ab17aeb03527485c317557fae64aab1\",\"name\":\"Administrador\",\"image\":{\"@type\":\"ImageObject\",\"inLanguage\":\"es\",\"@id\":\"https:\/\/www.asajacyl.com\/palencia\/#\/schema\/person\/image\/\",\"url\":\"https:\/\/secure.gravatar.com\/avatar\/517384810d242ca9e38c180f3c9fb973?s=96&d=mm&r=g\",\"contentUrl\":\"https:\/\/secure.gravatar.com\/avatar\/517384810d242ca9e38c180f3c9fb973?s=96&d=mm&r=g\",\"caption\":\"Administrador\"},\"url\":\"https:\/\/www.asajacyl.com\/palencia\/author\/carlosrm\"}]}<\/script>\n<!-- \/ Yoast SEO plugin. -->","yoast_head_json":{"title":"Un centenar de socios y familiares de ASAJA-Palencia disfrutan de una semana en Portugal y Galicia - ASAJA Palencia","description":"Un centenar de asociados de ASAJA-Palencia y familiares ha disfrutado del reciente viaje organizado por nuestra organizaci\u00f3n a Portugal y Galicia. A lo","robots":{"index":"index","follow":"follow","max-snippet":"max-snippet:-1","max-image-preview":"max-image-preview:large","max-video-preview":"max-video-preview:-1"},"canonical":"https:\/\/www.asajacyl.com\/palencia\/asaja-palencia-informa\/un-centenar-de-socios-y-familiares-de-asaja-palencia-disfrutan-de-una-semana-en-portugal-y-galicia","og_locale":"es_ES","og_type":"article","og_title":"Un centenar de socios y familiares de ASAJA-Palencia disfrutan de una semana en Portugal y Galicia - ASAJA Palencia","og_description":"Un centenar de asociados de ASAJA-Palencia y familiares ha disfrutado del reciente viaje organizado por nuestra organizaci\u00f3n a Portugal y Galicia. A lo","og_url":"https:\/\/www.asajacyl.com\/palencia\/asaja-palencia-informa\/un-centenar-de-socios-y-familiares-de-asaja-palencia-disfrutan-de-una-semana-en-portugal-y-galicia","og_site_name":"ASAJA Palencia","article_published_time":"2024-03-08T08:22:39+00:00","article_modified_time":"2024-03-08T08:22:42+00:00","og_image":[{"width":2500,"height":1700,"url":"https:\/\/www.asajacyl.com\/palencia\/wp-content\/uploads\/sites\/3\/2024\/03\/Viaje-web-Asaja-Guimaraes.jpg","type":"image\/jpeg"}],"author":"Administrador","twitter_card":"summary_large_image","twitter_misc":{"Escrito por":"Administrador","Tiempo de lectura":"2 minutos"},"schema":{"@context":"https:\/\/schema.org","@graph":[{"@type":"WebPage","@id":"https:\/\/www.asajacyl.com\/palencia\/asaja-palencia-informa\/un-centenar-de-socios-y-familiares-de-asaja-palencia-disfrutan-de-una-semana-en-portugal-y-galicia","url":"https:\/\/www.asajacyl.com\/palencia\/asaja-palencia-informa\/un-centenar-de-socios-y-familiares-de-asaja-palencia-disfrutan-de-una-semana-en-portugal-y-galicia","name":"Un centenar de socios y familiares de ASAJA-Palencia disfrutan de una semana en Portugal y Galicia - ASAJA Palencia","isPartOf":{"@id":"https:\/\/www.asajacyl.com\/palencia\/#website"},"primaryImageOfPage":{"@id":"https:\/\/www.asajacyl.com\/palencia\/asaja-palencia-informa\/un-centenar-de-socios-y-familiares-de-asaja-palencia-disfrutan-de-una-semana-en-portugal-y-galicia#primaryimage"},"image":{"@id":"https:\/\/www.asajacyl.com\/palencia\/asaja-palencia-informa\/un-centenar-de-socios-y-familiares-de-asaja-palencia-disfrutan-de-una-semana-en-portugal-y-galicia#primaryimage"},"thumbnailUrl":"https:\/\/www.asajacyl.com\/palencia\/wp-content\/uploads\/sites\/3\/2024\/03\/Viaje-web-Asaja-Guimaraes.jpg","datePublished":"2024-03-08T08:22:39+00:00","dateModified":"2024-03-08T08:22:42+00:00","author":{"@id":"https:\/\/www.asajacyl.com\/palencia\/#\/schema\/person\/3ab17aeb03527485c317557fae64aab1"},"description":"Un centenar de asociados de ASAJA-Palencia y familiares ha disfrutado del reciente viaje organizado por nuestra organizaci\u00f3n a Portugal y Galicia. A lo","breadcrumb":{"@id":"https:\/\/www.asajacyl.com\/palencia\/asaja-palencia-informa\/un-centenar-de-socios-y-familiares-de-asaja-palencia-disfrutan-de-una-semana-en-portugal-y-galicia#breadcrumb"},"inLanguage":"es","potentialAction":[{"@type":"ReadAction","target":["https:\/\/www.asajacyl.com\/palencia\/asaja-palencia-informa\/un-centenar-de-socios-y-familiares-de-asaja-palencia-disfrutan-de-una-semana-en-portugal-y-galicia"]}]},{"@type":"ImageObject","inLanguage":"es","@id":"https:\/\/www.asajacyl.com\/palencia\/asaja-palencia-informa\/un-centenar-de-socios-y-familiares-de-asaja-palencia-disfrutan-de-una-semana-en-portugal-y-galicia#primaryimage","url":"https:\/\/www.asajacyl.com\/palencia\/wp-content\/uploads\/sites\/3\/2024\/03\/Viaje-web-Asaja-Guimaraes.jpg","contentUrl":"https:\/\/www.asajacyl.com\/palencia\/wp-content\/uploads\/sites\/3\/2024\/03\/Viaje-web-Asaja-Guimaraes.jpg","width":2500,"height":1700},{"@type":"BreadcrumbList","@id":"https:\/\/www.asajacyl.com\/palencia\/asaja-palencia-informa\/un-centenar-de-socios-y-familiares-de-asaja-palencia-disfrutan-de-una-semana-en-portugal-y-galicia#breadcrumb","itemListElement":[{"@type":"ListItem","position":1,"name":"Portada","item":"https:\/\/www.asajacyl.com\/palencia\/"},{"@type":"ListItem","position":2,"name":"Un centenar de socios y familiares de ASAJA-Palencia disfrutan de una semana en Portugal y Galicia"}]},{"@type":"WebSite","@id":"https:\/\/www.asajacyl.com\/palencia\/#website","url":"https:\/\/www.asajacyl.com\/palencia\/","name":"ASAJA Palencia","description":"Otro sitio m\u00e1s de Provincias ASAJA Castilla y Le\u00f3n","potentialAction":[{"@type":"SearchAction","target":{"@type":"EntryPoint","urlTemplate":"https:\/\/www.asajacyl.com\/palencia\/?s={search_term_string}"},"query-input":{"@type":"PropertyValueSpecification","valueRequired":true,"valueName":"search_term_string"}}],"inLanguage":"es"},{"@type":"Person","@id":"https:\/\/www.asajacyl.com\/palencia\/#\/schema\/person\/3ab17aeb03527485c317557fae64aab1","name":"Administrador","image":{"@type":"ImageObject","inLanguage":"es","@id":"https:\/\/www.asajacyl.com\/palencia\/#\/schema\/person\/image\/","url":"https:\/\/secure.gravatar.com\/avatar\/517384810d242ca9e38c180f3c9fb973?s=96&d=mm&r=g","contentUrl":"https:\/\/secure.gravatar.com\/avatar\/517384810d242ca9e38c180f3c9fb973?s=96&d=mm&r=g","caption":"Administrador"},"url":"https:\/\/www.asajacyl.com\/palencia\/author\/carlosrm"}]}},"_links":{"self":[{"href":"https:\/\/www.asajacyl.com\/palencia\/wp-json\/wp\/v2\/posts\/15613"}],"collection":[{"href":"https:\/\/www.asajacyl.com\/palencia\/wp-json\/wp\/v2\/posts"}],"about":[{"href":"https:\/\/www.asajacyl.com\/palencia\/wp-json\/wp\/v2\/types\/post"}],"author":[{"embeddable":true,"href":"https:\/\/www.asajacyl.com\/palencia\/wp-json\/wp\/v2\/users\/9"}],"replies":[{"embeddable":true,"href":"https:\/\/www.asajacyl.com\/palencia\/wp-json\/wp\/v2\/comments?post=15613"}],"version-history":[{"count":1,"href":"https:\/\/www.asajacyl.com\/palencia\/wp-json\/wp\/v2\/posts\/15613\/revisions"}],"predecessor-version":[{"id":15618,"href":"https:\/\/www.asajacyl.com\/palencia\/wp-json\/wp\/v2\/posts\/15613\/revisions\/15618"}],"wp:featuredmedia":[{"embeddable":true,"href":"https:\/\/www.asajacyl.com\/palencia\/wp-json\/wp\/v2\/media\/15617"}],"wp:attachment":[{"href":"https:\/\/www.asajacyl.com\/palencia\/wp-json\/wp\/v2\/media?parent=15613"}],"wp:term":[{"taxonomy":"category","embeddable":true,"href":"https:\/\/www.asajacyl.com\/palencia\/wp-json\/wp\/v2\/categories?post=15613"},{"taxonomy":"post_tag","embeddable":true,"href":"https:\/\/www.asajacyl.com\/palencia\/wp-json\/wp\/v2\/tags?post=15613"}],"curies":[{"name":"wp","href":"https:\/\/api.w.org\/{rel}","templated":true}]}}