{"id":15634,"date":"2024-03-08T16:21:49","date_gmt":"2024-03-08T15:21:49","guid":{"rendered":"https:\/\/www.asajacyl.com\/palencia\/?p=15634"},"modified":"2024-03-11T11:31:43","modified_gmt":"2024-03-11T10:31:43","slug":"comunicado-de-asaja-mujeres-palencia-con-motivo-del-dia-internacional-de-la-mujer-8-de-marzo","status":"publish","type":"post","link":"https:\/\/www.asajacyl.com\/palencia\/asaja-palencia-informa\/comunicado-de-asaja-mujeres-palencia-con-motivo-del-dia-internacional-de-la-mujer-8-de-marzo","title":{"rendered":"Comunicado de ASAJA Mujeres Palencia con motivo del D\u00eda Internacional de la Mujer, 8 de Marzo"},"content":{"rendered":"\n<h2 class=\"wp-block-heading\">ASAJA Mujeres de Palencia quiere reivindicar, con motivo del D\u00eda Internacional de la Mujer que se celebra hoy, 8 de marzo, la importancia de las mujeres en la actividad agroganadera y en el mundo rural de nuestra provincia, as\u00ed como la solidaridad con las actuales movilizaciones del sector.<\/h2>\n\n\n<div class=\"wp-block-image\">\n<figure class=\"alignleft is-resized\"><img loading=\"lazy\" decoding=\"async\" src=\"https:\/\/lh7-us.googleusercontent.com\/GBl_qXUbM7sdJ2Bcw6eZlrzSqypIlTeDnHI5nAVcJW32V4ZDzPUOqEY-_n3RhymlZLyjhfwqQXCBswM8wn36R59L86TBhMFK8mSSWSBf0ycx61L02aSBiWgEocTnsrQDJQRlSSc54GNNSLVY6GX9gQ\" alt=\"\" width=\"270\" height=\"270\" \/><\/figure><\/div>\n\n\n<p>ASAJA Mujeres fue creada en 2022 y aglutina a las mujeres asociadas a esta organizaci\u00f3n profesional agraria. Su objetivo es apoyar a las mujeres que viven en el medio rural, especialmente a las que trabajan en el sector agroganadero. Asimismo, motiva a la poblaci\u00f3n<br>rural femenina para que asuman m\u00e1s responsabilidades en los puestos de direcci\u00f3n y gesti\u00f3n de asociaciones, cooperativas y empresas.<\/p>\n\n\n\n<p>ASAJA Mujeres en Palencia quiere, no obstante, destacar el important\u00edsimo papel que vienen desempe\u00f1ando tradicionalmente las mujeres en las actividades agroganaderas de esta provincia, m\u00e1xime teniendo en cuenta el planteamiento familiar de la mayor parte de las<br>explotaciones, y reconocer el creciente protagonismo femenino en el sector.<\/p>\n\n\n<div class=\"wp-block-image\">\n<figure class=\"alignright size-large is-resized\"><img loading=\"lazy\" decoding=\"async\" src=\"https:\/\/www.asajacyl.com\/palencia\/wp-content\/uploads\/sites\/3\/2024\/03\/Felisa-Abad-Bahillo-ASAJA-1024x896.jpg\" alt=\"\" class=\"wp-image-15640\" width=\"564\" height=\"494\" srcset=\"https:\/\/www.asajacyl.com\/palencia\/wp-content\/uploads\/sites\/3\/2024\/03\/Felisa-Abad-Bahillo-ASAJA-1024x896.jpg 1024w, https:\/\/www.asajacyl.com\/palencia\/wp-content\/uploads\/sites\/3\/2024\/03\/Felisa-Abad-Bahillo-ASAJA-300x263.jpg 300w, https:\/\/www.asajacyl.com\/palencia\/wp-content\/uploads\/sites\/3\/2024\/03\/Felisa-Abad-Bahillo-ASAJA-768x672.jpg 768w, https:\/\/www.asajacyl.com\/palencia\/wp-content\/uploads\/sites\/3\/2024\/03\/Felisa-Abad-Bahillo-ASAJA-1536x1344.jpg 1536w, https:\/\/www.asajacyl.com\/palencia\/wp-content\/uploads\/sites\/3\/2024\/03\/Felisa-Abad-Bahillo-ASAJA-696x609.jpg 696w, https:\/\/www.asajacyl.com\/palencia\/wp-content\/uploads\/sites\/3\/2024\/03\/Felisa-Abad-Bahillo-ASAJA-1068x935.jpg 1068w, https:\/\/www.asajacyl.com\/palencia\/wp-content\/uploads\/sites\/3\/2024\/03\/Felisa-Abad-Bahillo-ASAJA-480x420.jpg 480w, https:\/\/www.asajacyl.com\/palencia\/wp-content\/uploads\/sites\/3\/2024\/03\/Felisa-Abad-Bahillo-ASAJA.jpg 1890w\" sizes=\"(max-width: 564px) 100vw, 564px\" \/><figcaption class=\"wp-element-caption\">Felisa Abad Bah\u00edllo (ASAJA Mujeres Palencia) durante la lectura en el vest\u00edbulo de la Casa Consistorial del manifiesto del 8-M acordado en el Consejo Municipal de la Mujer del Ayuntamiento de Palencia.<\/figcaption><\/figure><\/div>\n\n\n<p>En concreto, ASAJA Mujeres quiere subrayar, en el marco de la tabla reivindicativa acordada por las organizaciones agrarias con representatividad en Palencia (ASAJA y la alianza UPA y COAG), dos de los puntos incluidos en el documento que resume las reclamaciones que motivan la actual movilizaci\u00f3n:<\/p>\n\n\n\n<ul>\n<li>La aplicaci\u00f3n de la Ley de la Cadena Alimentaria, con una remuneraci\u00f3n justa para el sector productor (y, por tanto, para las mujeres que trabajan en estas actividades); y<\/li>\n\n\n\n<li>El reconocimiento a las agricultoras y las ganaderas como productoras de alimentos sanos y de calidad.<strong>\/<\/strong><\/li>\n<\/ul>\n\n\n\n<p>ASAJA Mujeres Palencia ha participado de forma activa en los actos institucionales con motivo del 8-M celebrados tanto por el Ayuntamiento de Palencia como por la Diputaci\u00f3n Provincial. Felisa Abad Bah\u00edllo, representante de ASAJA, fue una de las cuatro personas que ley\u00f3 en la Casa Consistorial el manifiesto aprobado por el Consejo Municipal de la Mujer, junto a Carlos Prieto (Asociaci\u00f3n Espa\u00f1ola contra el C\u00e1ncer), Ana Collantes (Club Balonmano Palencia Femenino) y Amalia Dual (Fundaci\u00f3n Secretariado Gitano). Asimismo, Felisa Abad particip\u00f3 en una mesa redonda organizada por la Subdelegaci\u00f3n del Gobierno; y junto a Soraya Aguado, representaron a ASAJA Mujeres Palencia, en el acto organizado por la Diputaci\u00f3n en el Teatro Ortega, donde se present\u00f3 el documental <em>Mujeres silenciosas<\/em>, dirigido por Alberto Arija; y por el Ayuntamiento de Palencia en el Teatro Principal.<strong>\/<\/strong><\/p>\n\n\n\n<p>  <\/p>\n","protected":false},"excerpt":{"rendered":"<p>ASAJA Mujeres de Palencia quiere reivindicar, con motivo del D\u00eda Internacional de la Mujer que se celebra hoy, 8 de marzo, la importancia de las mujeres en la actividad agroganadera y en el mundo rural de nuestra provincia, as\u00ed como la solidaridad con las actuales movilizaciones del sector. ASAJA Mujeres fue creada en 2022 y [&hellip;]<\/p>\n","protected":false},"author":9,"featured_media":15635,"comment_status":"open","ping_status":"open","sticky":false,"template":"","format":"standard","meta":{"footnotes":""},"categories":[9,29,28],"tags":[708,58,351,77,754,587,232],"yoast_head":"<!-- This site is optimized with the Yoast SEO plugin v24.5 - https:\/\/yoast.com\/wordpress\/plugins\/seo\/ -->\n<title>Comunicado de ASAJA Mujeres Palencia con motivo del D\u00eda Internacional de la Mujer, 8 de Marzo - ASAJA Palencia<\/title>\n<meta name=\"description\" content=\"ASAJA Mujeres de Palencia quiere reivindicar, con motivo del D\u00eda Internacional de la Mujer que se celebra hoy, 8 de marzo, la importancia de las mujeres\" \/>\n<meta name=\"robots\" content=\"index, follow, max-snippet:-1, max-image-preview:large, max-video-preview:-1\" \/>\n<link rel=\"canonical\" href=\"https:\/\/www.asajacyl.com\/palencia\/asaja-palencia-informa\/comunicado-de-asaja-mujeres-palencia-con-motivo-del-dia-internacional-de-la-mujer-8-de-marzo\" \/>\n<meta property=\"og:locale\" content=\"es_ES\" \/>\n<meta property=\"og:type\" content=\"article\" \/>\n<meta property=\"og:title\" content=\"Comunicado de ASAJA Mujeres Palencia con motivo del D\u00eda Internacional de la Mujer, 8 de Marzo - ASAJA Palencia\" \/>\n<meta property=\"og:description\" content=\"ASAJA Mujeres de Palencia quiere reivindicar, con motivo del D\u00eda Internacional de la Mujer que se celebra hoy, 8 de marzo, la importancia de las mujeres\" \/>\n<meta property=\"og:url\" content=\"https:\/\/www.asajacyl.com\/palencia\/asaja-palencia-informa\/comunicado-de-asaja-mujeres-palencia-con-motivo-del-dia-internacional-de-la-mujer-8-de-marzo\" \/>\n<meta property=\"og:site_name\" content=\"ASAJA Palencia\" \/>\n<meta property=\"article:published_time\" content=\"2024-03-08T15:21:49+00:00\" \/>\n<meta property=\"article:modified_time\" content=\"2024-03-11T10:31:43+00:00\" \/>\n<meta property=\"og:image\" content=\"https:\/\/www.asajacyl.com\/palencia\/wp-content\/uploads\/sites\/3\/2024\/03\/Mujeres-ASAJA-CyL.jpg\" \/>\n\t<meta property=\"og:image:width\" content=\"1890\" \/>\n\t<meta property=\"og:image:height\" content=\"1654\" \/>\n\t<meta property=\"og:image:type\" content=\"image\/jpeg\" \/>\n<meta name=\"author\" content=\"Administrador\" \/>\n<meta name=\"twitter:card\" content=\"summary_large_image\" \/>\n<meta name=\"twitter:label1\" content=\"Escrito por\" \/>\n\t<meta name=\"twitter:data1\" content=\"Administrador\" \/>\n\t<meta name=\"twitter:label2\" content=\"Tiempo de lectura\" \/>\n\t<meta name=\"twitter:data2\" content=\"3 minutos\" \/>\n<script type=\"application\/ld+json\" class=\"yoast-schema-graph\">{\"@context\":\"https:\/\/schema.org\",\"@graph\":[{\"@type\":\"WebPage\",\"@id\":\"https:\/\/www.asajacyl.com\/palencia\/asaja-palencia-informa\/comunicado-de-asaja-mujeres-palencia-con-motivo-del-dia-internacional-de-la-mujer-8-de-marzo\",\"url\":\"https:\/\/www.asajacyl.com\/palencia\/asaja-palencia-informa\/comunicado-de-asaja-mujeres-palencia-con-motivo-del-dia-internacional-de-la-mujer-8-de-marzo\",\"name\":\"Comunicado de ASAJA Mujeres Palencia con motivo del D\u00eda Internacional de la Mujer, 8 de Marzo - ASAJA Palencia\",\"isPartOf\":{\"@id\":\"https:\/\/www.asajacyl.com\/palencia\/#website\"},\"primaryImageOfPage\":{\"@id\":\"https:\/\/www.asajacyl.com\/palencia\/asaja-palencia-informa\/comunicado-de-asaja-mujeres-palencia-con-motivo-del-dia-internacional-de-la-mujer-8-de-marzo#primaryimage\"},\"image\":{\"@id\":\"https:\/\/www.asajacyl.com\/palencia\/asaja-palencia-informa\/comunicado-de-asaja-mujeres-palencia-con-motivo-del-dia-internacional-de-la-mujer-8-de-marzo#primaryimage\"},\"thumbnailUrl\":\"https:\/\/www.asajacyl.com\/palencia\/wp-content\/uploads\/sites\/3\/2024\/03\/Mujeres-ASAJA-CyL.jpg\",\"datePublished\":\"2024-03-08T15:21:49+00:00\",\"dateModified\":\"2024-03-11T10:31:43+00:00\",\"author\":{\"@id\":\"https:\/\/www.asajacyl.com\/palencia\/#\/schema\/person\/3ab17aeb03527485c317557fae64aab1\"},\"description\":\"ASAJA Mujeres de Palencia quiere reivindicar, con motivo del D\u00eda Internacional de la Mujer que se celebra hoy, 8 de marzo, la importancia de las mujeres\",\"breadcrumb\":{\"@id\":\"https:\/\/www.asajacyl.com\/palencia\/asaja-palencia-informa\/comunicado-de-asaja-mujeres-palencia-con-motivo-del-dia-internacional-de-la-mujer-8-de-marzo#breadcrumb\"},\"inLanguage\":\"es\",\"potentialAction\":[{\"@type\":\"ReadAction\",\"target\":[\"https:\/\/www.asajacyl.com\/palencia\/asaja-palencia-informa\/comunicado-de-asaja-mujeres-palencia-con-motivo-del-dia-internacional-de-la-mujer-8-de-marzo\"]}]},{\"@type\":\"ImageObject\",\"inLanguage\":\"es\",\"@id\":\"https:\/\/www.asajacyl.com\/palencia\/asaja-palencia-informa\/comunicado-de-asaja-mujeres-palencia-con-motivo-del-dia-internacional-de-la-mujer-8-de-marzo#primaryimage\",\"url\":\"https:\/\/www.asajacyl.com\/palencia\/wp-content\/uploads\/sites\/3\/2024\/03\/Mujeres-ASAJA-CyL.jpg\",\"contentUrl\":\"https:\/\/www.asajacyl.com\/palencia\/wp-content\/uploads\/sites\/3\/2024\/03\/Mujeres-ASAJA-CyL.jpg\",\"width\":1890,\"height\":1654},{\"@type\":\"BreadcrumbList\",\"@id\":\"https:\/\/www.asajacyl.com\/palencia\/asaja-palencia-informa\/comunicado-de-asaja-mujeres-palencia-con-motivo-del-dia-internacional-de-la-mujer-8-de-marzo#breadcrumb\",\"itemListElement\":[{\"@type\":\"ListItem\",\"position\":1,\"name\":\"Portada\",\"item\":\"https:\/\/www.asajacyl.com\/palencia\/\"},{\"@type\":\"ListItem\",\"position\":2,\"name\":\"Comunicado de ASAJA Mujeres Palencia con motivo del D\u00eda Internacional de la Mujer, 8 de Marzo\"}]},{\"@type\":\"WebSite\",\"@id\":\"https:\/\/www.asajacyl.com\/palencia\/#website\",\"url\":\"https:\/\/www.asajacyl.com\/palencia\/\",\"name\":\"ASAJA Palencia\",\"description\":\"Otro sitio m\u00e1s de Provincias ASAJA Castilla y Le\u00f3n\",\"potentialAction\":[{\"@type\":\"SearchAction\",\"target\":{\"@type\":\"EntryPoint\",\"urlTemplate\":\"https:\/\/www.asajacyl.com\/palencia\/?s={search_term_string}\"},\"query-input\":{\"@type\":\"PropertyValueSpecification\",\"valueRequired\":true,\"valueName\":\"search_term_string\"}}],\"inLanguage\":\"es\"},{\"@type\":\"Person\",\"@id\":\"https:\/\/www.asajacyl.com\/palencia\/#\/schema\/person\/3ab17aeb03527485c317557fae64aab1\",\"name\":\"Administrador\",\"image\":{\"@type\":\"ImageObject\",\"inLanguage\":\"es\",\"@id\":\"https:\/\/www.asajacyl.com\/palencia\/#\/schema\/person\/image\/\",\"url\":\"https:\/\/secure.gravatar.com\/avatar\/517384810d242ca9e38c180f3c9fb973?s=96&d=mm&r=g\",\"contentUrl\":\"https:\/\/secure.gravatar.com\/avatar\/517384810d242ca9e38c180f3c9fb973?s=96&d=mm&r=g\",\"caption\":\"Administrador\"},\"url\":\"https:\/\/www.asajacyl.com\/palencia\/author\/carlosrm\"}]}<\/script>\n<!-- \/ Yoast SEO plugin. -->","yoast_head_json":{"title":"Comunicado de ASAJA Mujeres Palencia con motivo del D\u00eda Internacional de la Mujer, 8 de Marzo - ASAJA Palencia","description":"ASAJA Mujeres de Palencia quiere reivindicar, con motivo del D\u00eda Internacional de la Mujer que se celebra hoy, 8 de marzo, la importancia de las mujeres","robots":{"index":"index","follow":"follow","max-snippet":"max-snippet:-1","max-image-preview":"max-image-preview:large","max-video-preview":"max-video-preview:-1"},"canonical":"https:\/\/www.asajacyl.com\/palencia\/asaja-palencia-informa\/comunicado-de-asaja-mujeres-palencia-con-motivo-del-dia-internacional-de-la-mujer-8-de-marzo","og_locale":"es_ES","og_type":"article","og_title":"Comunicado de ASAJA Mujeres Palencia con motivo del D\u00eda Internacional de la Mujer, 8 de Marzo - ASAJA Palencia","og_description":"ASAJA Mujeres de Palencia quiere reivindicar, con motivo del D\u00eda Internacional de la Mujer que se celebra hoy, 8 de marzo, la importancia de las mujeres","og_url":"https:\/\/www.asajacyl.com\/palencia\/asaja-palencia-informa\/comunicado-de-asaja-mujeres-palencia-con-motivo-del-dia-internacional-de-la-mujer-8-de-marzo","og_site_name":"ASAJA Palencia","article_published_time":"2024-03-08T15:21:49+00:00","article_modified_time":"2024-03-11T10:31:43+00:00","og_image":[{"width":1890,"height":1654,"url":"https:\/\/www.asajacyl.com\/palencia\/wp-content\/uploads\/sites\/3\/2024\/03\/Mujeres-ASAJA-CyL.jpg","type":"image\/jpeg"}],"author":"Administrador","twitter_card":"summary_large_image","twitter_misc":{"Escrito por":"Administrador","Tiempo de lectura":"3 minutos"},"schema":{"@context":"https:\/\/schema.org","@graph":[{"@type":"WebPage","@id":"https:\/\/www.asajacyl.com\/palencia\/asaja-palencia-informa\/comunicado-de-asaja-mujeres-palencia-con-motivo-del-dia-internacional-de-la-mujer-8-de-marzo","url":"https:\/\/www.asajacyl.com\/palencia\/asaja-palencia-informa\/comunicado-de-asaja-mujeres-palencia-con-motivo-del-dia-internacional-de-la-mujer-8-de-marzo","name":"Comunicado de ASAJA Mujeres Palencia con motivo del D\u00eda Internacional de la Mujer, 8 de Marzo - ASAJA Palencia","isPartOf":{"@id":"https:\/\/www.asajacyl.com\/palencia\/#website"},"primaryImageOfPage":{"@id":"https:\/\/www.asajacyl.com\/palencia\/asaja-palencia-informa\/comunicado-de-asaja-mujeres-palencia-con-motivo-del-dia-internacional-de-la-mujer-8-de-marzo#primaryimage"},"image":{"@id":"https:\/\/www.asajacyl.com\/palencia\/asaja-palencia-informa\/comunicado-de-asaja-mujeres-palencia-con-motivo-del-dia-internacional-de-la-mujer-8-de-marzo#primaryimage"},"thumbnailUrl":"https:\/\/www.asajacyl.com\/palencia\/wp-content\/uploads\/sites\/3\/2024\/03\/Mujeres-ASAJA-CyL.jpg","datePublished":"2024-03-08T15:21:49+00:00","dateModified":"2024-03-11T10:31:43+00:00","author":{"@id":"https:\/\/www.asajacyl.com\/palencia\/#\/schema\/person\/3ab17aeb03527485c317557fae64aab1"},"description":"ASAJA Mujeres de Palencia quiere reivindicar, con motivo del D\u00eda Internacional de la Mujer que se celebra hoy, 8 de marzo, la importancia de las mujeres","breadcrumb":{"@id":"https:\/\/www.asajacyl.com\/palencia\/asaja-palencia-informa\/comunicado-de-asaja-mujeres-palencia-con-motivo-del-dia-internacional-de-la-mujer-8-de-marzo#breadcrumb"},"inLanguage":"es","potentialAction":[{"@type":"ReadAction","target":["https:\/\/www.asajacyl.com\/palencia\/asaja-palencia-informa\/comunicado-de-asaja-mujeres-palencia-con-motivo-del-dia-internacional-de-la-mujer-8-de-marzo"]}]},{"@type":"ImageObject","inLanguage":"es","@id":"https:\/\/www.asajacyl.com\/palencia\/asaja-palencia-informa\/comunicado-de-asaja-mujeres-palencia-con-motivo-del-dia-internacional-de-la-mujer-8-de-marzo#primaryimage","url":"https:\/\/www.asajacyl.com\/palencia\/wp-content\/uploads\/sites\/3\/2024\/03\/Mujeres-ASAJA-CyL.jpg","contentUrl":"https:\/\/www.asajacyl.com\/palencia\/wp-content\/uploads\/sites\/3\/2024\/03\/Mujeres-ASAJA-CyL.jpg","width":1890,"height":1654},{"@type":"BreadcrumbList","@id":"https:\/\/www.asajacyl.com\/palencia\/asaja-palencia-informa\/comunicado-de-asaja-mujeres-palencia-con-motivo-del-dia-internacional-de-la-mujer-8-de-marzo#breadcrumb","itemListElement":[{"@type":"ListItem","position":1,"name":"Portada","item":"https:\/\/www.asajacyl.com\/palencia\/"},{"@type":"ListItem","position":2,"name":"Comunicado de ASAJA Mujeres Palencia con motivo del D\u00eda Internacional de la Mujer, 8 de Marzo"}]},{"@type":"WebSite","@id":"https:\/\/www.asajacyl.com\/palencia\/#website","url":"https:\/\/www.asajacyl.com\/palencia\/","name":"ASAJA Palencia","description":"Otro sitio m\u00e1s de Provincias ASAJA Castilla y Le\u00f3n","potentialAction":[{"@type":"SearchAction","target":{"@type":"EntryPoint","urlTemplate":"https:\/\/www.asajacyl.com\/palencia\/?s={search_term_string}"},"query-input":{"@type":"PropertyValueSpecification","valueRequired":true,"valueName":"search_term_string"}}],"inLanguage":"es"},{"@type":"Person","@id":"https:\/\/www.asajacyl.com\/palencia\/#\/schema\/person\/3ab17aeb03527485c317557fae64aab1","name":"Administrador","image":{"@type":"ImageObject","inLanguage":"es","@id":"https:\/\/www.asajacyl.com\/palencia\/#\/schema\/person\/image\/","url":"https:\/\/secure.gravatar.com\/avatar\/517384810d242ca9e38c180f3c9fb973?s=96&d=mm&r=g","contentUrl":"https:\/\/secure.gravatar.com\/avatar\/517384810d242ca9e38c180f3c9fb973?s=96&d=mm&r=g","caption":"Administrador"},"url":"https:\/\/www.asajacyl.com\/palencia\/author\/carlosrm"}]}},"_links":{"self":[{"href":"https:\/\/www.asajacyl.com\/palencia\/wp-json\/wp\/v2\/posts\/15634"}],"collection":[{"href":"https:\/\/www.asajacyl.com\/palencia\/wp-json\/wp\/v2\/posts"}],"about":[{"href":"https:\/\/www.asajacyl.com\/palencia\/wp-json\/wp\/v2\/types\/post"}],"author":[{"embeddable":true,"href":"https:\/\/www.asajacyl.com\/palencia\/wp-json\/wp\/v2\/users\/9"}],"replies":[{"embeddable":true,"href":"https:\/\/www.asajacyl.com\/palencia\/wp-json\/wp\/v2\/comments?post=15634"}],"version-history":[{"count":3,"href":"https:\/\/www.asajacyl.com\/palencia\/wp-json\/wp\/v2\/posts\/15634\/revisions"}],"predecessor-version":[{"id":15645,"href":"https:\/\/www.asajacyl.com\/palencia\/wp-json\/wp\/v2\/posts\/15634\/revisions\/15645"}],"wp:featuredmedia":[{"embeddable":true,"href":"https:\/\/www.asajacyl.com\/palencia\/wp-json\/wp\/v2\/media\/15635"}],"wp:attachment":[{"href":"https:\/\/www.asajacyl.com\/palencia\/wp-json\/wp\/v2\/media?parent=15634"}],"wp:term":[{"taxonomy":"category","embeddable":true,"href":"https:\/\/www.asajacyl.com\/palencia\/wp-json\/wp\/v2\/categories?post=15634"},{"taxonomy":"post_tag","embeddable":true,"href":"https:\/\/www.asajacyl.com\/palencia\/wp-json\/wp\/v2\/tags?post=15634"}],"curies":[{"name":"wp","href":"https:\/\/api.w.org\/{rel}","templated":true}]}}