{"id":15649,"date":"2024-03-11T13:31:41","date_gmt":"2024-03-11T12:31:41","guid":{"rendered":"https:\/\/www.asajacyl.com\/palencia\/?p=15649"},"modified":"2024-03-11T13:31:44","modified_gmt":"2024-03-11T12:31:44","slug":"asaja-palencia-llama-al-sector-agrario-a-concentrarse-en-el-puerto-de-santander-el-lunes-18-de-marzo","status":"publish","type":"post","link":"https:\/\/www.asajacyl.com\/palencia\/asaja-palencia-informa\/asaja-palencia-llama-al-sector-agrario-a-concentrarse-en-el-puerto-de-santander-el-lunes-18-de-marzo","title":{"rendered":"ASAJA-Palencia llama al sector agrario a concentrarse en el puerto de Santander el lunes 18 de marzo"},"content":{"rendered":"\n<h2 class=\"wp-block-heading\">ASAJA-Palencia, de manera conjunta con las otras dos organizaciones profesionales con representatividad, UPA y COAG, han organizado para la ma\u00f1ana del lunes 18 de marzo una concentraci\u00f3n de protesta en el puerto de Santander por la acumulaci\u00f3n de cereales importados de Ucrania sin aranceles, una competencia desleal que obliga a los agricultores de la provincia a vender el producto por debajo de los costes de producci\u00f3n.<\/h2>\n\n\n\n<p>Las organizaciones provinciales en Palencia de ASAJA, UPA y COAG han organizado una concentraci\u00f3n para el pr\u00f3ximo lunes, 18 de marzo, en el puerto de Santander, en protesta por la importaci\u00f3n masiva y el almacenamiento de cereales de Ucrania libres de aranceles.<\/p>\n\n\n\n<p>La ausencia de arancel est\u00e1 situando los precios del cereal por debajo de los costes de producci\u00f3n, algo que va en contra de la Ley de la Cadena Alimentaria y que est\u00e1 ahogando a los productores de cereal de Espa\u00f1a, problema que padecen de manera especial provincias como Palencia, donde este cultivo es del predominante. Recordemos que en la pasada campa\u00f1a 2022-2023 se sembraron en Palencia m\u00e1s de 255.000 hect\u00e1reas de cereal de invierno, cifra que podr\u00eda rondar las 270.000 hect\u00e1reas en la actual, seg\u00fan una primera estimaci\u00f3n difundida recientemente por el Ministerio de Agricultura, Pesca y Alimentaci\u00f3n.<\/p>\n\n\n\n<p>Con la concentraci\u00f3n prevista para la ma\u00f1ana del lunes 18, ASAJA, UPA y COAG reclaman que se inmovilice la enorme cantidad de cereal ya acumulada en el puerto de Santander hasta que se le pueda aplicar de nuevo aranceles, as\u00ed como a la futura mercanc\u00eda que pudiera seguir llegando de Ucrania.<\/p>\n\n\n\n<p><strong>HASTA JUNIO DE 2025. <\/strong>La medida de protesta se enmarca dentro de la movilizaci\u00f3n que se va a llevar a cabo a nivel europeo en contra de prorrogar un a\u00f1o m\u00e1s la exenci\u00f3n de arancel para las importaciones de Ucrania. Los embajadores de los estados comunitarios respaldaron el 21 de febrero prolongar un a\u00f1o m\u00e1s (es decir, del 6 de junio de 2024 al 5 de junio de 2025) la suspensi\u00f3n de los aranceles a las exportaciones ucranianas.<\/p>\n\n\n\n<p>La Comisi\u00f3n Europea propuso el 31 de enero prorrogar esa suspensi\u00f3n y los contingentes sobre las exportaciones ucranianas a la UE, pero introdujo salvaguardias si uno o m\u00e1s pa\u00edses vean afectados sus mercados agr\u00edcolas, tras las protestas en cinco pa\u00edses cercanos a Ucrania. Agricultores de Polonia, Hungr\u00eda, Eslovaquia, Bulgaria y Ruman\u00eda se han quejado de que el aumento de importaciones agroalimentarias de Ucrania supone una competencia a la que no pueden hacer frente, algo que tambi\u00e9n sucede en Espa\u00f1a. El pleno del Parlamento Europeo espera pronunciarse en una de las sesiones de abril. Si la Euroc\u00e1mara no introduce enmiendas en el texto, el Consejo Europeo adoptar\u00e1 la pr\u00f3rroga, por lo que el sector agrario de los pa\u00edses miembros est\u00e1 moviliz\u00e1ndose a nivel comunitario para que no se prolongue una exenci\u00f3n que est\u00e1 minando la viabilidad de la agricultura cerealista de Palencia. Seg\u00fan los contratos m\u00e1s recientes visados en la Lonja de Le\u00f3n, los cereales ya se han depreciado en torno a un tercio este \u00faltimo a\u00f1o, debido sobre todo a esa importaci\u00f3n masiva sin arancel<\/p>\n","protected":false},"excerpt":{"rendered":"<p>ASAJA-Palencia, de manera conjunta con las otras dos organizaciones profesionales con representatividad, UPA y COAG, han organizado para la ma\u00f1ana del lunes 18 de marzo una concentraci\u00f3n de protesta en el puerto de Santander por la acumulaci\u00f3n de cereales importados de Ucrania sin aranceles, una competencia desleal que obliga a los agricultores de la provincia [&hellip;]<\/p>\n","protected":false},"author":9,"featured_media":15651,"comment_status":"open","ping_status":"open","sticky":false,"template":"","format":"standard","meta":{"footnotes":""},"categories":[9,31,29,28,13],"tags":[708,58,677,290,46,332,351,77,137,219,191,220,44],"yoast_head":"<!-- This site is optimized with the Yoast SEO plugin v24.5 - https:\/\/yoast.com\/wordpress\/plugins\/seo\/ -->\n<title>ASAJA-Palencia llama al sector agrario a concentrarse en el puerto de Santander el lunes 18 de marzo - ASAJA Palencia<\/title>\n<meta name=\"description\" content=\"ASAJA-Palencia, de manera conjunta con las otras dos organizaciones profesionales con representatividad, UPA y COAG, han organizado para la ma\u00f1ana del\" \/>\n<meta name=\"robots\" content=\"index, follow, max-snippet:-1, max-image-preview:large, max-video-preview:-1\" \/>\n<link rel=\"canonical\" href=\"https:\/\/www.asajacyl.com\/palencia\/asaja-palencia-informa\/asaja-palencia-llama-al-sector-agrario-a-concentrarse-en-el-puerto-de-santander-el-lunes-18-de-marzo\" \/>\n<meta property=\"og:locale\" content=\"es_ES\" \/>\n<meta property=\"og:type\" content=\"article\" \/>\n<meta property=\"og:title\" content=\"ASAJA-Palencia llama al sector agrario a concentrarse en el puerto de Santander el lunes 18 de marzo - ASAJA Palencia\" \/>\n<meta property=\"og:description\" content=\"ASAJA-Palencia, de manera conjunta con las otras dos organizaciones profesionales con representatividad, UPA y COAG, han organizado para la ma\u00f1ana del\" \/>\n<meta property=\"og:url\" content=\"https:\/\/www.asajacyl.com\/palencia\/asaja-palencia-informa\/asaja-palencia-llama-al-sector-agrario-a-concentrarse-en-el-puerto-de-santander-el-lunes-18-de-marzo\" \/>\n<meta property=\"og:site_name\" content=\"ASAJA Palencia\" \/>\n<meta property=\"article:published_time\" content=\"2024-03-11T12:31:41+00:00\" \/>\n<meta property=\"article:modified_time\" content=\"2024-03-11T12:31:44+00:00\" \/>\n<meta property=\"og:image\" content=\"https:\/\/www.asajacyl.com\/palencia\/wp-content\/uploads\/sites\/3\/2024\/03\/Cereal-cosecha-descarga-cam-1024x896.jpg\" \/>\n\t<meta property=\"og:image:width\" content=\"1024\" \/>\n\t<meta property=\"og:image:height\" content=\"896\" \/>\n\t<meta property=\"og:image:type\" content=\"image\/jpeg\" \/>\n<meta name=\"author\" content=\"Administrador\" \/>\n<meta name=\"twitter:card\" content=\"summary_large_image\" \/>\n<meta name=\"twitter:label1\" content=\"Escrito por\" \/>\n\t<meta name=\"twitter:data1\" content=\"Administrador\" \/>\n\t<meta name=\"twitter:label2\" content=\"Tiempo de lectura\" \/>\n\t<meta name=\"twitter:data2\" content=\"3 minutos\" \/>\n<script type=\"application\/ld+json\" class=\"yoast-schema-graph\">{\"@context\":\"https:\/\/schema.org\",\"@graph\":[{\"@type\":\"WebPage\",\"@id\":\"https:\/\/www.asajacyl.com\/palencia\/asaja-palencia-informa\/asaja-palencia-llama-al-sector-agrario-a-concentrarse-en-el-puerto-de-santander-el-lunes-18-de-marzo\",\"url\":\"https:\/\/www.asajacyl.com\/palencia\/asaja-palencia-informa\/asaja-palencia-llama-al-sector-agrario-a-concentrarse-en-el-puerto-de-santander-el-lunes-18-de-marzo\",\"name\":\"ASAJA-Palencia llama al sector agrario a concentrarse en el puerto de Santander el lunes 18 de marzo - ASAJA Palencia\",\"isPartOf\":{\"@id\":\"https:\/\/www.asajacyl.com\/palencia\/#website\"},\"primaryImageOfPage\":{\"@id\":\"https:\/\/www.asajacyl.com\/palencia\/asaja-palencia-informa\/asaja-palencia-llama-al-sector-agrario-a-concentrarse-en-el-puerto-de-santander-el-lunes-18-de-marzo#primaryimage\"},\"image\":{\"@id\":\"https:\/\/www.asajacyl.com\/palencia\/asaja-palencia-informa\/asaja-palencia-llama-al-sector-agrario-a-concentrarse-en-el-puerto-de-santander-el-lunes-18-de-marzo#primaryimage\"},\"thumbnailUrl\":\"https:\/\/www.asajacyl.com\/palencia\/wp-content\/uploads\/sites\/3\/2024\/03\/Cereal-cosecha-descarga-cam.jpg\",\"datePublished\":\"2024-03-11T12:31:41+00:00\",\"dateModified\":\"2024-03-11T12:31:44+00:00\",\"author\":{\"@id\":\"https:\/\/www.asajacyl.com\/palencia\/#\/schema\/person\/3ab17aeb03527485c317557fae64aab1\"},\"description\":\"ASAJA-Palencia, de manera conjunta con las otras dos organizaciones profesionales con representatividad, UPA y COAG, han organizado para la ma\u00f1ana del\",\"breadcrumb\":{\"@id\":\"https:\/\/www.asajacyl.com\/palencia\/asaja-palencia-informa\/asaja-palencia-llama-al-sector-agrario-a-concentrarse-en-el-puerto-de-santander-el-lunes-18-de-marzo#breadcrumb\"},\"inLanguage\":\"es\",\"potentialAction\":[{\"@type\":\"ReadAction\",\"target\":[\"https:\/\/www.asajacyl.com\/palencia\/asaja-palencia-informa\/asaja-palencia-llama-al-sector-agrario-a-concentrarse-en-el-puerto-de-santander-el-lunes-18-de-marzo\"]}]},{\"@type\":\"ImageObject\",\"inLanguage\":\"es\",\"@id\":\"https:\/\/www.asajacyl.com\/palencia\/asaja-palencia-informa\/asaja-palencia-llama-al-sector-agrario-a-concentrarse-en-el-puerto-de-santander-el-lunes-18-de-marzo#primaryimage\",\"url\":\"https:\/\/www.asajacyl.com\/palencia\/wp-content\/uploads\/sites\/3\/2024\/03\/Cereal-cosecha-descarga-cam.jpg\",\"contentUrl\":\"https:\/\/www.asajacyl.com\/palencia\/wp-content\/uploads\/sites\/3\/2024\/03\/Cereal-cosecha-descarga-cam.jpg\",\"width\":1890,\"height\":1654},{\"@type\":\"BreadcrumbList\",\"@id\":\"https:\/\/www.asajacyl.com\/palencia\/asaja-palencia-informa\/asaja-palencia-llama-al-sector-agrario-a-concentrarse-en-el-puerto-de-santander-el-lunes-18-de-marzo#breadcrumb\",\"itemListElement\":[{\"@type\":\"ListItem\",\"position\":1,\"name\":\"Portada\",\"item\":\"https:\/\/www.asajacyl.com\/palencia\/\"},{\"@type\":\"ListItem\",\"position\":2,\"name\":\"ASAJA-Palencia llama al sector agrario a concentrarse en el puerto de Santander el lunes 18 de marzo\"}]},{\"@type\":\"WebSite\",\"@id\":\"https:\/\/www.asajacyl.com\/palencia\/#website\",\"url\":\"https:\/\/www.asajacyl.com\/palencia\/\",\"name\":\"ASAJA Palencia\",\"description\":\"Otro sitio m\u00e1s de Provincias ASAJA Castilla y Le\u00f3n\",\"potentialAction\":[{\"@type\":\"SearchAction\",\"target\":{\"@type\":\"EntryPoint\",\"urlTemplate\":\"https:\/\/www.asajacyl.com\/palencia\/?s={search_term_string}\"},\"query-input\":{\"@type\":\"PropertyValueSpecification\",\"valueRequired\":true,\"valueName\":\"search_term_string\"}}],\"inLanguage\":\"es\"},{\"@type\":\"Person\",\"@id\":\"https:\/\/www.asajacyl.com\/palencia\/#\/schema\/person\/3ab17aeb03527485c317557fae64aab1\",\"name\":\"Administrador\",\"image\":{\"@type\":\"ImageObject\",\"inLanguage\":\"es\",\"@id\":\"https:\/\/www.asajacyl.com\/palencia\/#\/schema\/person\/image\/\",\"url\":\"https:\/\/secure.gravatar.com\/avatar\/517384810d242ca9e38c180f3c9fb973?s=96&d=mm&r=g\",\"contentUrl\":\"https:\/\/secure.gravatar.com\/avatar\/517384810d242ca9e38c180f3c9fb973?s=96&d=mm&r=g\",\"caption\":\"Administrador\"},\"url\":\"https:\/\/www.asajacyl.com\/palencia\/author\/carlosrm\"}]}<\/script>\n<!-- \/ Yoast SEO plugin. -->","yoast_head_json":{"title":"ASAJA-Palencia llama al sector agrario a concentrarse en el puerto de Santander el lunes 18 de marzo - ASAJA Palencia","description":"ASAJA-Palencia, de manera conjunta con las otras dos organizaciones profesionales con representatividad, UPA y COAG, han organizado para la ma\u00f1ana del","robots":{"index":"index","follow":"follow","max-snippet":"max-snippet:-1","max-image-preview":"max-image-preview:large","max-video-preview":"max-video-preview:-1"},"canonical":"https:\/\/www.asajacyl.com\/palencia\/asaja-palencia-informa\/asaja-palencia-llama-al-sector-agrario-a-concentrarse-en-el-puerto-de-santander-el-lunes-18-de-marzo","og_locale":"es_ES","og_type":"article","og_title":"ASAJA-Palencia llama al sector agrario a concentrarse en el puerto de Santander el lunes 18 de marzo - ASAJA Palencia","og_description":"ASAJA-Palencia, de manera conjunta con las otras dos organizaciones profesionales con representatividad, UPA y COAG, han organizado para la ma\u00f1ana del","og_url":"https:\/\/www.asajacyl.com\/palencia\/asaja-palencia-informa\/asaja-palencia-llama-al-sector-agrario-a-concentrarse-en-el-puerto-de-santander-el-lunes-18-de-marzo","og_site_name":"ASAJA Palencia","article_published_time":"2024-03-11T12:31:41+00:00","article_modified_time":"2024-03-11T12:31:44+00:00","og_image":[{"width":1024,"height":896,"url":"https:\/\/www.asajacyl.com\/palencia\/wp-content\/uploads\/sites\/3\/2024\/03\/Cereal-cosecha-descarga-cam-1024x896.jpg","type":"image\/jpeg"}],"author":"Administrador","twitter_card":"summary_large_image","twitter_misc":{"Escrito por":"Administrador","Tiempo de lectura":"3 minutos"},"schema":{"@context":"https:\/\/schema.org","@graph":[{"@type":"WebPage","@id":"https:\/\/www.asajacyl.com\/palencia\/asaja-palencia-informa\/asaja-palencia-llama-al-sector-agrario-a-concentrarse-en-el-puerto-de-santander-el-lunes-18-de-marzo","url":"https:\/\/www.asajacyl.com\/palencia\/asaja-palencia-informa\/asaja-palencia-llama-al-sector-agrario-a-concentrarse-en-el-puerto-de-santander-el-lunes-18-de-marzo","name":"ASAJA-Palencia llama al sector agrario a concentrarse en el puerto de Santander el lunes 18 de marzo - ASAJA Palencia","isPartOf":{"@id":"https:\/\/www.asajacyl.com\/palencia\/#website"},"primaryImageOfPage":{"@id":"https:\/\/www.asajacyl.com\/palencia\/asaja-palencia-informa\/asaja-palencia-llama-al-sector-agrario-a-concentrarse-en-el-puerto-de-santander-el-lunes-18-de-marzo#primaryimage"},"image":{"@id":"https:\/\/www.asajacyl.com\/palencia\/asaja-palencia-informa\/asaja-palencia-llama-al-sector-agrario-a-concentrarse-en-el-puerto-de-santander-el-lunes-18-de-marzo#primaryimage"},"thumbnailUrl":"https:\/\/www.asajacyl.com\/palencia\/wp-content\/uploads\/sites\/3\/2024\/03\/Cereal-cosecha-descarga-cam.jpg","datePublished":"2024-03-11T12:31:41+00:00","dateModified":"2024-03-11T12:31:44+00:00","author":{"@id":"https:\/\/www.asajacyl.com\/palencia\/#\/schema\/person\/3ab17aeb03527485c317557fae64aab1"},"description":"ASAJA-Palencia, de manera conjunta con las otras dos organizaciones profesionales con representatividad, UPA y COAG, han organizado para la ma\u00f1ana del","breadcrumb":{"@id":"https:\/\/www.asajacyl.com\/palencia\/asaja-palencia-informa\/asaja-palencia-llama-al-sector-agrario-a-concentrarse-en-el-puerto-de-santander-el-lunes-18-de-marzo#breadcrumb"},"inLanguage":"es","potentialAction":[{"@type":"ReadAction","target":["https:\/\/www.asajacyl.com\/palencia\/asaja-palencia-informa\/asaja-palencia-llama-al-sector-agrario-a-concentrarse-en-el-puerto-de-santander-el-lunes-18-de-marzo"]}]},{"@type":"ImageObject","inLanguage":"es","@id":"https:\/\/www.asajacyl.com\/palencia\/asaja-palencia-informa\/asaja-palencia-llama-al-sector-agrario-a-concentrarse-en-el-puerto-de-santander-el-lunes-18-de-marzo#primaryimage","url":"https:\/\/www.asajacyl.com\/palencia\/wp-content\/uploads\/sites\/3\/2024\/03\/Cereal-cosecha-descarga-cam.jpg","contentUrl":"https:\/\/www.asajacyl.com\/palencia\/wp-content\/uploads\/sites\/3\/2024\/03\/Cereal-cosecha-descarga-cam.jpg","width":1890,"height":1654},{"@type":"BreadcrumbList","@id":"https:\/\/www.asajacyl.com\/palencia\/asaja-palencia-informa\/asaja-palencia-llama-al-sector-agrario-a-concentrarse-en-el-puerto-de-santander-el-lunes-18-de-marzo#breadcrumb","itemListElement":[{"@type":"ListItem","position":1,"name":"Portada","item":"https:\/\/www.asajacyl.com\/palencia\/"},{"@type":"ListItem","position":2,"name":"ASAJA-Palencia llama al sector agrario a concentrarse en el puerto de Santander el lunes 18 de marzo"}]},{"@type":"WebSite","@id":"https:\/\/www.asajacyl.com\/palencia\/#website","url":"https:\/\/www.asajacyl.com\/palencia\/","name":"ASAJA Palencia","description":"Otro sitio m\u00e1s de Provincias ASAJA Castilla y Le\u00f3n","potentialAction":[{"@type":"SearchAction","target":{"@type":"EntryPoint","urlTemplate":"https:\/\/www.asajacyl.com\/palencia\/?s={search_term_string}"},"query-input":{"@type":"PropertyValueSpecification","valueRequired":true,"valueName":"search_term_string"}}],"inLanguage":"es"},{"@type":"Person","@id":"https:\/\/www.asajacyl.com\/palencia\/#\/schema\/person\/3ab17aeb03527485c317557fae64aab1","name":"Administrador","image":{"@type":"ImageObject","inLanguage":"es","@id":"https:\/\/www.asajacyl.com\/palencia\/#\/schema\/person\/image\/","url":"https:\/\/secure.gravatar.com\/avatar\/517384810d242ca9e38c180f3c9fb973?s=96&d=mm&r=g","contentUrl":"https:\/\/secure.gravatar.com\/avatar\/517384810d242ca9e38c180f3c9fb973?s=96&d=mm&r=g","caption":"Administrador"},"url":"https:\/\/www.asajacyl.com\/palencia\/author\/carlosrm"}]}},"_links":{"self":[{"href":"https:\/\/www.asajacyl.com\/palencia\/wp-json\/wp\/v2\/posts\/15649"}],"collection":[{"href":"https:\/\/www.asajacyl.com\/palencia\/wp-json\/wp\/v2\/posts"}],"about":[{"href":"https:\/\/www.asajacyl.com\/palencia\/wp-json\/wp\/v2\/types\/post"}],"author":[{"embeddable":true,"href":"https:\/\/www.asajacyl.com\/palencia\/wp-json\/wp\/v2\/users\/9"}],"replies":[{"embeddable":true,"href":"https:\/\/www.asajacyl.com\/palencia\/wp-json\/wp\/v2\/comments?post=15649"}],"version-history":[{"count":2,"href":"https:\/\/www.asajacyl.com\/palencia\/wp-json\/wp\/v2\/posts\/15649\/revisions"}],"predecessor-version":[{"id":15652,"href":"https:\/\/www.asajacyl.com\/palencia\/wp-json\/wp\/v2\/posts\/15649\/revisions\/15652"}],"wp:featuredmedia":[{"embeddable":true,"href":"https:\/\/www.asajacyl.com\/palencia\/wp-json\/wp\/v2\/media\/15651"}],"wp:attachment":[{"href":"https:\/\/www.asajacyl.com\/palencia\/wp-json\/wp\/v2\/media?parent=15649"}],"wp:term":[{"taxonomy":"category","embeddable":true,"href":"https:\/\/www.asajacyl.com\/palencia\/wp-json\/wp\/v2\/categories?post=15649"},{"taxonomy":"post_tag","embeddable":true,"href":"https:\/\/www.asajacyl.com\/palencia\/wp-json\/wp\/v2\/tags?post=15649"}],"curies":[{"name":"wp","href":"https:\/\/api.w.org\/{rel}","templated":true}]}}