{"id":15710,"date":"2024-03-18T13:40:57","date_gmt":"2024-03-18T12:40:57","guid":{"rendered":"https:\/\/www.asajacyl.com\/palencia\/?p=15710"},"modified":"2024-03-18T13:40:59","modified_gmt":"2024-03-18T12:40:59","slug":"cientos-de-agricultores-rechazan-en-el-puerto-de-santander-la-importacion-de-cereales-sin-arancel","status":"publish","type":"post","link":"https:\/\/www.asajacyl.com\/palencia\/sin-categoria\/cientos-de-agricultores-rechazan-en-el-puerto-de-santander-la-importacion-de-cereales-sin-arancel","title":{"rendered":"Cientos de agricultores rechazan en el puerto de Santander la importaci\u00f3n de cereales sin arancel"},"content":{"rendered":"\n<h2 class=\"wp-block-heading\">Cientos de agricultores de Castilla y Le\u00f3n y de la Rioja han acudido este lunes a la convocatoria de ASAJA-Palencia, en unidad de acci\u00f3n con las organizaciones provinciales de UPA y COAG, a manifestarse en la entrada del puerto de Santander, como medida de protesta por la importaci\u00f3n masiva y el almacenamiento de cereales sin aranceles. La movilizaci\u00f3n llega en un momento en el que las autoridades de la Uni\u00f3n Europea tramitan prorrogar un a\u00f1o m\u00e1s la importaci\u00f3n de cereal libre de aranceles desde Ucrania. Espa\u00f1a es el segundo pa\u00eds del mundo que m\u00e1s cereal adquiere a este pa\u00eds, s\u00f3lo superado por una gran potencia mundial econ\u00f3mica y demogr\u00e1fica como China.<\/h2>\n\n\n\n<figure class=\"wp-block-image size-large is-resized\"><img loading=\"lazy\" decoding=\"async\" src=\"https:\/\/www.asajacyl.com\/palencia\/wp-content\/uploads\/sites\/3\/2024\/03\/Panoramica-rotonda-entrada-al-puerto-18-M-1024x218.jpg\" alt=\"\" class=\"wp-image-15712\" width=\"1066\" height=\"249\" \/><\/figure>\n\n\n\n<p>La importaci\u00f3n masiva de cereales sin aranceles es la principal causa de que los precios de los cereales hayan ca\u00eddo en torno a 100-110 euros en el \u00faltimo a\u00f1o, una depreciaci\u00f3n de aproximadamente un tercio que est\u00e1 situando los precios del cereal por debajo de los costes de producci\u00f3n en nuestro pa\u00eds. Adem\u00e1s, los productos se importan sin vigilar que se cumplan en los pa\u00edses de origen los exigentes requisitos de todo tipo que la Uni\u00f3n Europea impone a los agricultores comunitarios, en clara competencia desleal.<\/p>\n\n\n\n<p><strong>REGIONES Y PROVINCIAS SENSIBLES. <\/strong>Los productores espa\u00f1oles se est\u00e1n viendo obligados a vender a esos precios, lo que contraviene la Ley de la Cadena Alimentaria y ahoga financieramente a los productores de cereal de Espa\u00f1a, un problema que padecen de manera especial provincias como Palencia, donde este cultivo es del predominante. Es el caso tambi\u00e9n de la comunidad de Castilla y Le\u00f3n, por lo que varios territorios se han sumado a la protesta, con profesionales del campo procedentes de Valladolid, Soria y Burgos, as\u00ed como de La Rioja.<\/p>\n\n\n<div class=\"wp-block-image\">\n<figure class=\"alignright size-large is-resized\"><img loading=\"lazy\" decoding=\"async\" src=\"https:\/\/www.asajacyl.com\/palencia\/wp-content\/uploads\/sites\/3\/2024\/03\/Dirigentes2-18-M-Puerto-Santander-1024x641.jpg\" alt=\"\" class=\"wp-image-15714\" width=\"516\" height=\"344\" \/><\/figure><\/div>\n\n\n<p>Seg\u00fan estimaciones recientes del Ministerio de Agricultura, en Castilla y Le\u00f3n se cultivar\u00e1n esta campa\u00f1a 2023-2024 cerca de 1.673.000 hect\u00e1reas de cereales de invierno (de ellas, casi 270.000 en la provincia de Palencia, la tercera con m\u00e1s superficie tras Burgos y Valladolid, con 371.000 y 279.000 hect\u00e1reas, respectivamente). No obstante, al bajar los costes mucho menos que el cereal, esa previsi\u00f3n podr\u00eda no confirmarse con la superficie real cultivada de las declaraciones de la PAC, actualmente en tramitaci\u00f3n.<\/p>\n\n\n\n<p>Los agricultores temen que, en este contexto de bajos precios, s\u00f3lo para cubrir costes precisen rendimientos superiores al que dan de promedio sus tierras. Se ratificar\u00eda as\u00ed la p\u00e9rdida de atractivo que viene arrastrando el cereal en Castilla y Le\u00f3n, donde antes se rondaban los dos millones de hect\u00e1reas de cereales. Hay agricultores que est\u00e1n optando por otras producciones (oleoginosas, proteaginosas, forrajes), pero muchos tambi\u00e9n deciden dejar parcelas en barbecho para al menos no elevar sus costes, lo que choca con la necesidad de importar cereal, m\u00e1xime cuando hay malas cosechas por sequ\u00eda.<\/p>\n\n\n<div class=\"wp-block-image\">\n<figure class=\"alignright size-large is-resized\"><img loading=\"lazy\" decoding=\"async\" src=\"https:\/\/www.asajacyl.com\/palencia\/wp-content\/uploads\/sites\/3\/2024\/03\/JLMarcos-18-M-puerto-Santander-atencion-a-MMCC-1024x684.jpg\" alt=\"\" class=\"wp-image-15716\" width=\"519\" height=\"368\" \/><\/figure><\/div>\n\n\n<p>Las organizaciones agrarias que tenemos la representatividad en la provincia de Palencia, ASAJA, UPA y COAG, programamos esta medida en el puerto de Santander al ser la v\u00eda mar\u00edtima de entrada m\u00e1s pr\u00f3xima, pero la importaci\u00f3n de cereales sin aranceles resulta generalizada en todos los puertos del territorio nacional. Las organizaciones reclaman que se inmovilice la enorme cantidad de cereal ya acumulada en el puerto de Santander, como en otros del pa\u00eds hasta que se le pueda aplicar de nuevo aranceles, as\u00ed como en la futura mercanc\u00eda que pudiera seguir llegando de Ucrania y de otros pa\u00edses extracomunitarios.<\/p>\n\n\n\n<p><strong>HASTA JUNIO DE 2025. <\/strong>La medida de protesta se enmarca dentro de la movilizaci\u00f3n que se va a llevar a cabo a nivel europero en contra de prorrogar un a\u00f1o m\u00e1s la exenci\u00f3n de arancel para las importaciones de Ucrania. Los embajadores de los estados comunitarios respaldaron el 21 de febrero prolongar un a\u00f1o m\u00e1s (es decir, del 6 de junio de 2024 al 5 de junio de 2025) la suspensi\u00f3n de los aranceles a las exportaciones ucranianas.<\/p>\n\n\n\n<p>La Comisi\u00f3n Europea propuso el 31 de enero prorrogar esa suspensi\u00f3n y los contingentes sobre las exportaciones ucranianas a la UE, pero introdujo salvaguardias si uno o m\u00e1s pa\u00edses vean afectados sus mercados agr\u00edcolas, tras las protestas en cinco pa\u00edses cercanos a Ucrania. Agricultores de Polonia, Hungr\u00eda, Eslovaquia, Bulgaria y Ruman\u00eda se han quejado de que el aumento de importaciones agroalimentarias de Ucrania supone una competencia a la que no pueden hacer frente, algo que tambi\u00e9n sucede en Espa\u00f1a.<\/p>\n\n\n\n<figure class=\"wp-block-image size-large is-resized\"><img loading=\"lazy\" decoding=\"async\" src=\"https:\/\/www.asajacyl.com\/palencia\/wp-content\/uploads\/sites\/3\/2024\/03\/Pancartas-18-M-Puerto-Santander-1024x436.jpg\" alt=\"\" class=\"wp-image-15717\" width=\"1066\" height=\"497\" \/><\/figure>\n\n\n\n<p>El pleno del Parlamento Europeo espera pronunciarse en una de las sesiones de abril. Si la Euroc\u00e1mara no introduce enmiendas en el texto, el Consejo Europeo adoptar\u00e1 la pr\u00f3rroga, por lo que el sector agrario de los pa\u00edses miembros est\u00e1 moviliz\u00e1ndose a nivel comunitario para que no se prolongue una exenci\u00f3n que est\u00e1 minando la viabilidad de la agricultura cerealista de Palencia. Seg\u00fan los contratos m\u00e1s recientes visados en la Lonja de Le\u00f3n, los cereales ya se han depreciado en torno a un tercio este \u00faltimo a\u00f1o, debido sobre todo a esa importaci\u00f3n masiva sin arancel.<strong>\/<\/strong><\/p>\n\n\n","protected":false},"excerpt":{"rendered":"<p>Cientos de agricultores de Castilla y Le\u00f3n y de la Rioja han acudido este lunes a la convocatoria de ASAJA-Palencia, en unidad de acci\u00f3n con las organizaciones provinciales de UPA y COAG, a manifestarse en la entrada del puerto de Santander, como medida de protesta por la importaci\u00f3n masiva y el almacenamiento de cereales sin [&hellip;]<\/p>\n","protected":false},"author":9,"featured_media":15716,"comment_status":"open","ping_status":"open","sticky":false,"template":"","format":"standard","meta":{"footnotes":""},"categories":[9,29,28,1],"tags":[708,58,46,688,351,137,654],"yoast_head":"<!-- This site is optimized with the Yoast SEO plugin v24.5 - https:\/\/yoast.com\/wordpress\/plugins\/seo\/ -->\n<title>Cientos de agricultores rechazan en el puerto de Santander la importaci\u00f3n de cereales sin arancel - ASAJA Palencia<\/title>\n<meta name=\"description\" content=\"Cientos de agricultores de Castilla y Le\u00f3n y de la Rioja han acudido este lunes a la convocatoria de ASAJA-Palencia, en unidad de acci\u00f3n con las\" \/>\n<meta name=\"robots\" content=\"index, follow, max-snippet:-1, max-image-preview:large, max-video-preview:-1\" \/>\n<link rel=\"canonical\" href=\"https:\/\/www.asajacyl.com\/palencia\/sin-categoria\/cientos-de-agricultores-rechazan-en-el-puerto-de-santander-la-importacion-de-cereales-sin-arancel\" \/>\n<meta property=\"og:locale\" content=\"es_ES\" \/>\n<meta property=\"og:type\" content=\"article\" \/>\n<meta property=\"og:title\" content=\"Cientos de agricultores rechazan en el puerto de Santander la importaci\u00f3n de cereales sin arancel - ASAJA Palencia\" \/>\n<meta property=\"og:description\" content=\"Cientos de agricultores de Castilla y Le\u00f3n y de la Rioja han acudido este lunes a la convocatoria de ASAJA-Palencia, en unidad de acci\u00f3n con las\" \/>\n<meta property=\"og:url\" content=\"https:\/\/www.asajacyl.com\/palencia\/sin-categoria\/cientos-de-agricultores-rechazan-en-el-puerto-de-santander-la-importacion-de-cereales-sin-arancel\" \/>\n<meta property=\"og:site_name\" content=\"ASAJA Palencia\" \/>\n<meta property=\"article:published_time\" content=\"2024-03-18T12:40:57+00:00\" \/>\n<meta property=\"article:modified_time\" content=\"2024-03-18T12:40:59+00:00\" \/>\n<meta property=\"og:image\" content=\"https:\/\/www.asajacyl.com\/palencia\/wp-content\/uploads\/sites\/3\/2024\/03\/JLMarcos-18-M-puerto-Santander-atencion-a-MMCC-1024x684.jpg\" \/>\n\t<meta property=\"og:image:width\" content=\"1024\" \/>\n\t<meta property=\"og:image:height\" content=\"684\" \/>\n\t<meta property=\"og:image:type\" content=\"image\/jpeg\" \/>\n<meta name=\"author\" content=\"Administrador\" \/>\n<meta name=\"twitter:card\" content=\"summary_large_image\" \/>\n<meta name=\"twitter:label1\" content=\"Escrito por\" \/>\n\t<meta name=\"twitter:data1\" content=\"Administrador\" \/>\n\t<meta name=\"twitter:label2\" content=\"Tiempo de lectura\" \/>\n\t<meta name=\"twitter:data2\" content=\"4 minutos\" \/>\n<script type=\"application\/ld+json\" class=\"yoast-schema-graph\">{\"@context\":\"https:\/\/schema.org\",\"@graph\":[{\"@type\":\"WebPage\",\"@id\":\"https:\/\/www.asajacyl.com\/palencia\/sin-categoria\/cientos-de-agricultores-rechazan-en-el-puerto-de-santander-la-importacion-de-cereales-sin-arancel\",\"url\":\"https:\/\/www.asajacyl.com\/palencia\/sin-categoria\/cientos-de-agricultores-rechazan-en-el-puerto-de-santander-la-importacion-de-cereales-sin-arancel\",\"name\":\"Cientos de agricultores rechazan en el puerto de Santander la importaci\u00f3n de cereales sin arancel - ASAJA Palencia\",\"isPartOf\":{\"@id\":\"https:\/\/www.asajacyl.com\/palencia\/#website\"},\"primaryImageOfPage\":{\"@id\":\"https:\/\/www.asajacyl.com\/palencia\/sin-categoria\/cientos-de-agricultores-rechazan-en-el-puerto-de-santander-la-importacion-de-cereales-sin-arancel#primaryimage\"},\"image\":{\"@id\":\"https:\/\/www.asajacyl.com\/palencia\/sin-categoria\/cientos-de-agricultores-rechazan-en-el-puerto-de-santander-la-importacion-de-cereales-sin-arancel#primaryimage\"},\"thumbnailUrl\":\"https:\/\/www.asajacyl.com\/palencia\/wp-content\/uploads\/sites\/3\/2024\/03\/JLMarcos-18-M-puerto-Santander-atencion-a-MMCC.jpg\",\"datePublished\":\"2024-03-18T12:40:57+00:00\",\"dateModified\":\"2024-03-18T12:40:59+00:00\",\"author\":{\"@id\":\"https:\/\/www.asajacyl.com\/palencia\/#\/schema\/person\/3ab17aeb03527485c317557fae64aab1\"},\"description\":\"Cientos de agricultores de Castilla y Le\u00f3n y de la Rioja han acudido este lunes a la convocatoria de ASAJA-Palencia, en unidad de acci\u00f3n con las\",\"breadcrumb\":{\"@id\":\"https:\/\/www.asajacyl.com\/palencia\/sin-categoria\/cientos-de-agricultores-rechazan-en-el-puerto-de-santander-la-importacion-de-cereales-sin-arancel#breadcrumb\"},\"inLanguage\":\"es\",\"potentialAction\":[{\"@type\":\"ReadAction\",\"target\":[\"https:\/\/www.asajacyl.com\/palencia\/sin-categoria\/cientos-de-agricultores-rechazan-en-el-puerto-de-santander-la-importacion-de-cereales-sin-arancel\"]}]},{\"@type\":\"ImageObject\",\"inLanguage\":\"es\",\"@id\":\"https:\/\/www.asajacyl.com\/palencia\/sin-categoria\/cientos-de-agricultores-rechazan-en-el-puerto-de-santander-la-importacion-de-cereales-sin-arancel#primaryimage\",\"url\":\"https:\/\/www.asajacyl.com\/palencia\/wp-content\/uploads\/sites\/3\/2024\/03\/JLMarcos-18-M-puerto-Santander-atencion-a-MMCC.jpg\",\"contentUrl\":\"https:\/\/www.asajacyl.com\/palencia\/wp-content\/uploads\/sites\/3\/2024\/03\/JLMarcos-18-M-puerto-Santander-atencion-a-MMCC.jpg\",\"width\":2000,\"height\":1335},{\"@type\":\"BreadcrumbList\",\"@id\":\"https:\/\/www.asajacyl.com\/palencia\/sin-categoria\/cientos-de-agricultores-rechazan-en-el-puerto-de-santander-la-importacion-de-cereales-sin-arancel#breadcrumb\",\"itemListElement\":[{\"@type\":\"ListItem\",\"position\":1,\"name\":\"Portada\",\"item\":\"https:\/\/www.asajacyl.com\/palencia\/\"},{\"@type\":\"ListItem\",\"position\":2,\"name\":\"Cientos de agricultores rechazan en el puerto de Santander la importaci\u00f3n de cereales sin arancel\"}]},{\"@type\":\"WebSite\",\"@id\":\"https:\/\/www.asajacyl.com\/palencia\/#website\",\"url\":\"https:\/\/www.asajacyl.com\/palencia\/\",\"name\":\"ASAJA Palencia\",\"description\":\"Otro sitio m\u00e1s de Provincias ASAJA Castilla y Le\u00f3n\",\"potentialAction\":[{\"@type\":\"SearchAction\",\"target\":{\"@type\":\"EntryPoint\",\"urlTemplate\":\"https:\/\/www.asajacyl.com\/palencia\/?s={search_term_string}\"},\"query-input\":{\"@type\":\"PropertyValueSpecification\",\"valueRequired\":true,\"valueName\":\"search_term_string\"}}],\"inLanguage\":\"es\"},{\"@type\":\"Person\",\"@id\":\"https:\/\/www.asajacyl.com\/palencia\/#\/schema\/person\/3ab17aeb03527485c317557fae64aab1\",\"name\":\"Administrador\",\"image\":{\"@type\":\"ImageObject\",\"inLanguage\":\"es\",\"@id\":\"https:\/\/www.asajacyl.com\/palencia\/#\/schema\/person\/image\/\",\"url\":\"https:\/\/secure.gravatar.com\/avatar\/517384810d242ca9e38c180f3c9fb973?s=96&d=mm&r=g\",\"contentUrl\":\"https:\/\/secure.gravatar.com\/avatar\/517384810d242ca9e38c180f3c9fb973?s=96&d=mm&r=g\",\"caption\":\"Administrador\"},\"url\":\"https:\/\/www.asajacyl.com\/palencia\/author\/carlosrm\"}]}<\/script>\n<!-- \/ Yoast SEO plugin. -->","yoast_head_json":{"title":"Cientos de agricultores rechazan en el puerto de Santander la importaci\u00f3n de cereales sin arancel - ASAJA Palencia","description":"Cientos de agricultores de Castilla y Le\u00f3n y de la Rioja han acudido este lunes a la convocatoria de ASAJA-Palencia, en unidad de acci\u00f3n con las","robots":{"index":"index","follow":"follow","max-snippet":"max-snippet:-1","max-image-preview":"max-image-preview:large","max-video-preview":"max-video-preview:-1"},"canonical":"https:\/\/www.asajacyl.com\/palencia\/sin-categoria\/cientos-de-agricultores-rechazan-en-el-puerto-de-santander-la-importacion-de-cereales-sin-arancel","og_locale":"es_ES","og_type":"article","og_title":"Cientos de agricultores rechazan en el puerto de Santander la importaci\u00f3n de cereales sin arancel - ASAJA Palencia","og_description":"Cientos de agricultores de Castilla y Le\u00f3n y de la Rioja han acudido este lunes a la convocatoria de ASAJA-Palencia, en unidad de acci\u00f3n con las","og_url":"https:\/\/www.asajacyl.com\/palencia\/sin-categoria\/cientos-de-agricultores-rechazan-en-el-puerto-de-santander-la-importacion-de-cereales-sin-arancel","og_site_name":"ASAJA Palencia","article_published_time":"2024-03-18T12:40:57+00:00","article_modified_time":"2024-03-18T12:40:59+00:00","og_image":[{"width":1024,"height":684,"url":"https:\/\/www.asajacyl.com\/palencia\/wp-content\/uploads\/sites\/3\/2024\/03\/JLMarcos-18-M-puerto-Santander-atencion-a-MMCC-1024x684.jpg","type":"image\/jpeg"}],"author":"Administrador","twitter_card":"summary_large_image","twitter_misc":{"Escrito por":"Administrador","Tiempo de lectura":"4 minutos"},"schema":{"@context":"https:\/\/schema.org","@graph":[{"@type":"WebPage","@id":"https:\/\/www.asajacyl.com\/palencia\/sin-categoria\/cientos-de-agricultores-rechazan-en-el-puerto-de-santander-la-importacion-de-cereales-sin-arancel","url":"https:\/\/www.asajacyl.com\/palencia\/sin-categoria\/cientos-de-agricultores-rechazan-en-el-puerto-de-santander-la-importacion-de-cereales-sin-arancel","name":"Cientos de agricultores rechazan en el puerto de Santander la importaci\u00f3n de cereales sin arancel - ASAJA Palencia","isPartOf":{"@id":"https:\/\/www.asajacyl.com\/palencia\/#website"},"primaryImageOfPage":{"@id":"https:\/\/www.asajacyl.com\/palencia\/sin-categoria\/cientos-de-agricultores-rechazan-en-el-puerto-de-santander-la-importacion-de-cereales-sin-arancel#primaryimage"},"image":{"@id":"https:\/\/www.asajacyl.com\/palencia\/sin-categoria\/cientos-de-agricultores-rechazan-en-el-puerto-de-santander-la-importacion-de-cereales-sin-arancel#primaryimage"},"thumbnailUrl":"https:\/\/www.asajacyl.com\/palencia\/wp-content\/uploads\/sites\/3\/2024\/03\/JLMarcos-18-M-puerto-Santander-atencion-a-MMCC.jpg","datePublished":"2024-03-18T12:40:57+00:00","dateModified":"2024-03-18T12:40:59+00:00","author":{"@id":"https:\/\/www.asajacyl.com\/palencia\/#\/schema\/person\/3ab17aeb03527485c317557fae64aab1"},"description":"Cientos de agricultores de Castilla y Le\u00f3n y de la Rioja han acudido este lunes a la convocatoria de ASAJA-Palencia, en unidad de acci\u00f3n con las","breadcrumb":{"@id":"https:\/\/www.asajacyl.com\/palencia\/sin-categoria\/cientos-de-agricultores-rechazan-en-el-puerto-de-santander-la-importacion-de-cereales-sin-arancel#breadcrumb"},"inLanguage":"es","potentialAction":[{"@type":"ReadAction","target":["https:\/\/www.asajacyl.com\/palencia\/sin-categoria\/cientos-de-agricultores-rechazan-en-el-puerto-de-santander-la-importacion-de-cereales-sin-arancel"]}]},{"@type":"ImageObject","inLanguage":"es","@id":"https:\/\/www.asajacyl.com\/palencia\/sin-categoria\/cientos-de-agricultores-rechazan-en-el-puerto-de-santander-la-importacion-de-cereales-sin-arancel#primaryimage","url":"https:\/\/www.asajacyl.com\/palencia\/wp-content\/uploads\/sites\/3\/2024\/03\/JLMarcos-18-M-puerto-Santander-atencion-a-MMCC.jpg","contentUrl":"https:\/\/www.asajacyl.com\/palencia\/wp-content\/uploads\/sites\/3\/2024\/03\/JLMarcos-18-M-puerto-Santander-atencion-a-MMCC.jpg","width":2000,"height":1335},{"@type":"BreadcrumbList","@id":"https:\/\/www.asajacyl.com\/palencia\/sin-categoria\/cientos-de-agricultores-rechazan-en-el-puerto-de-santander-la-importacion-de-cereales-sin-arancel#breadcrumb","itemListElement":[{"@type":"ListItem","position":1,"name":"Portada","item":"https:\/\/www.asajacyl.com\/palencia\/"},{"@type":"ListItem","position":2,"name":"Cientos de agricultores rechazan en el puerto de Santander la importaci\u00f3n de cereales sin arancel"}]},{"@type":"WebSite","@id":"https:\/\/www.asajacyl.com\/palencia\/#website","url":"https:\/\/www.asajacyl.com\/palencia\/","name":"ASAJA Palencia","description":"Otro sitio m\u00e1s de Provincias ASAJA Castilla y Le\u00f3n","potentialAction":[{"@type":"SearchAction","target":{"@type":"EntryPoint","urlTemplate":"https:\/\/www.asajacyl.com\/palencia\/?s={search_term_string}"},"query-input":{"@type":"PropertyValueSpecification","valueRequired":true,"valueName":"search_term_string"}}],"inLanguage":"es"},{"@type":"Person","@id":"https:\/\/www.asajacyl.com\/palencia\/#\/schema\/person\/3ab17aeb03527485c317557fae64aab1","name":"Administrador","image":{"@type":"ImageObject","inLanguage":"es","@id":"https:\/\/www.asajacyl.com\/palencia\/#\/schema\/person\/image\/","url":"https:\/\/secure.gravatar.com\/avatar\/517384810d242ca9e38c180f3c9fb973?s=96&d=mm&r=g","contentUrl":"https:\/\/secure.gravatar.com\/avatar\/517384810d242ca9e38c180f3c9fb973?s=96&d=mm&r=g","caption":"Administrador"},"url":"https:\/\/www.asajacyl.com\/palencia\/author\/carlosrm"}]}},"_links":{"self":[{"href":"https:\/\/www.asajacyl.com\/palencia\/wp-json\/wp\/v2\/posts\/15710"}],"collection":[{"href":"https:\/\/www.asajacyl.com\/palencia\/wp-json\/wp\/v2\/posts"}],"about":[{"href":"https:\/\/www.asajacyl.com\/palencia\/wp-json\/wp\/v2\/types\/post"}],"author":[{"embeddable":true,"href":"https:\/\/www.asajacyl.com\/palencia\/wp-json\/wp\/v2\/users\/9"}],"replies":[{"embeddable":true,"href":"https:\/\/www.asajacyl.com\/palencia\/wp-json\/wp\/v2\/comments?post=15710"}],"version-history":[{"count":2,"href":"https:\/\/www.asajacyl.com\/palencia\/wp-json\/wp\/v2\/posts\/15710\/revisions"}],"predecessor-version":[{"id":15718,"href":"https:\/\/www.asajacyl.com\/palencia\/wp-json\/wp\/v2\/posts\/15710\/revisions\/15718"}],"wp:featuredmedia":[{"embeddable":true,"href":"https:\/\/www.asajacyl.com\/palencia\/wp-json\/wp\/v2\/media\/15716"}],"wp:attachment":[{"href":"https:\/\/www.asajacyl.com\/palencia\/wp-json\/wp\/v2\/media?parent=15710"}],"wp:term":[{"taxonomy":"category","embeddable":true,"href":"https:\/\/www.asajacyl.com\/palencia\/wp-json\/wp\/v2\/categories?post=15710"},{"taxonomy":"post_tag","embeddable":true,"href":"https:\/\/www.asajacyl.com\/palencia\/wp-json\/wp\/v2\/tags?post=15710"}],"curies":[{"name":"wp","href":"https:\/\/api.w.org\/{rel}","templated":true}]}}