{"id":15722,"date":"2024-03-20T10:39:24","date_gmt":"2024-03-20T09:39:24","guid":{"rendered":"https:\/\/www.asajacyl.com\/palencia\/?p=15722"},"modified":"2024-03-20T10:39:27","modified_gmt":"2024-03-20T09:39:27","slug":"cambios-en-el-barbecho-y-la-rotacion-de-cultivos-ya-de-muy-probable-aplicacion-para-la-pac-2024","status":"publish","type":"post","link":"https:\/\/www.asajacyl.com\/palencia\/asaja-palencia-informa\/cambios-en-el-barbecho-y-la-rotacion-de-cultivos-ya-de-muy-probable-aplicacion-para-la-pac-2024","title":{"rendered":"Cambios en el barbecho y la rotaci\u00f3n de cultivos ya de muy probable aplicaci\u00f3n para la PAC 2024"},"content":{"rendered":"\n<h2 class=\"wp-block-heading\">Las propuestas de la Comisi\u00f3n Europea y del Ministerio de Agricultura del pasado 15 de marzo, pendientes a\u00fan de aprobaci\u00f3n definitiva, introducen modificaciones en la condicionalidad\u00a0y en los planes estrat\u00e9gicos de la\u00a0PAC, algunas ya de muy probable aplicaci\u00f3n este a\u00f1o 2024. De aprobarse tal cual se conocen, desaparecer\u00eda el barbecho obligatorio (en principio, ya para el a\u00f1o 2024) y con mayor seguridad\u00a0desaparece, en la BCAM 7, la obligaci\u00f3n de rotaci\u00f3n de cultivos ya este a\u00f1o, ya que ser\u00e1 2023 el primero que se tendr\u00e1 en cuenta como inicio de las rotaciones.<\/h2>\n\n\n\n<p>La propuesta enviada por el Ministerio a las comunidades aut\u00f3nomas, sobre la que basar\u00e1 su negociaci\u00f3n en Europa, prev\u00e9 tambi\u00e9n eliminar el l\u00edmite m\u00e1ximo de superficie de barbecho en el c\u00f3mputo para cumplir la pr\u00e1ctica de rotaci\u00f3n con especies mejorantes del ecorr\u00e9gimen en tierras de cultivo. Hasta ahora, ese l\u00edmite se situaba en el 20 % (40 % en comarcas con menos de 400 mm de precipitaci\u00f3n o situaciones que justificaba la autoridad competente). Con el cambio de la propuesta ministerial, no habr\u00e1 necesidad de distinguir entre comarcas seg\u00fan su pluviometr\u00eda, ni de justificar situaciones extraordinarias; y pasa al m\u00e1ximo del 40% en todas las comarcas.<\/p>\n\n\n\n<p>Por lo que respecta a la condicionalidad reforzada, el planteamiento del Ministerio en las BCAM objeto de revisi\u00f3n o mayor flexibilidad, en principio con entrada en vigor retroactiva desde el 1 de enero, y por tanto de aplicaci\u00f3n ya en la solicitud \u00fanica de la PAC 2024, es el siguiente:<\/p>\n\n\n\n<ul>\n<li><strong>BCAM 6 (cobertura m\u00ednima de suelo para evitar suelos desnudos en periodos sensibles):<\/strong> Se permitir\u00e1 el laboreo vertical de los rastrojos y el abonado en verde. Para los barbechos, se podr\u00e1n aplicar enmiendas org\u00e1nicas y purines todo el a\u00f1o.<\/li>\n<\/ul>\n\n\n\n<ul>\n<li><strong>BCAM 7 (rotaci\u00f3n de cultivos): <\/strong>Realizar una rotaci\u00f3n en todas las parcelas de la explotaci\u00f3n (salvo en las de cultivos plurianuales) al menos despu\u00e9s de tres a\u00f1os, con 2023 como primer a\u00f1o del c\u00f3mputo de rotaci\u00f3n.<br>Cuando exista un cultivo secundario el mismo a\u00f1o que el principal, \u00e9ste se considerar\u00e1 parte de la rotaci\u00f3n, sin que puedan utilizarse tierras en barbecho en estos casos. La propuesta ministerial prev\u00e9 eliminar la obligaci\u00f3n de haber hecho uso del cultivo secundario en las dos campa\u00f1as anteriores.<\/li>\n\n\n\n<li><strong>BCAM 8 (elementos no productivos):<\/strong> Se elimina la obligaci\u00f3n de la BCAM 8.1 en cuanto a la obligaci\u00f3n de un porcentaje m\u00ednimo de superficie agr\u00edcola dedicada a elementos no productivos, que en principio regir\u00eda desde el pasado 1 de enero y tendr\u00eda validez para la PAC 2024.<\/li>\n<\/ul>\n\n\n\n<p>Se esperan m\u00e1s cambios sobre otras cuestiones, conforme modifique el Plan Estrat\u00e9gico de la PAC para Espa\u00f1a&nbsp;para 2025 el Ministerio de Agricultura y con arreglo a las excepciones que pudiera publicar la Junta de Castilla y Le\u00f3n para la PAC 2024 en el marco de sus competencias.<\/p>\n\n\n\n<p>En todo caso, desde ASAJA-Palencia <strong>s\u00ed puede avanzarse ya que el barbecho obligatorio desaparece, si bien se est\u00e1 a la espera de ratificaci\u00f3n oficial de que la medida se implante ya en 2024<\/strong>.<\/p>\n\n\n\n<p>Nuestra organizaci\u00f3n avanza esta informaci\u00f3n en la idea de que pueda resultar de utilidad no solo para tramitar la PAC 2024, sino especialmente para planificar las siembras de esta primavera y efectuar a tiempo las labores agron\u00f3micas necesarias.<\/p>\n\n\n\n<p>Aun dentro del contexto de lentitud de los avances de la administraci\u00f3n p\u00fablica y de su indefinici\u00f3n (debida en parte a que los niveles de decisi\u00f3n llegan, en muchos casos, al \u00e1mbito comunitario), intentaremos seguir informando al asociado lo antes posible sobre cualquier cambio relevante, m\u00e1xime cuando sean definitivos. En todo caso, los t\u00e9cnicos de ASAJA-Palencia est\u00e1n, como siempre, a disposici\u00f3n del socio para consultas y dudas.<strong>\/<\/strong><\/p>\n","protected":false},"excerpt":{"rendered":"<p>Las propuestas de la Comisi\u00f3n Europea y del Ministerio de Agricultura del pasado 15 de marzo, pendientes a\u00fan de aprobaci\u00f3n definitiva, introducen modificaciones en la condicionalidad\u00a0y en los planes estrat\u00e9gicos de la\u00a0PAC, algunas ya de muy probable aplicaci\u00f3n este a\u00f1o 2024. De aprobarse tal cual se conocen, desaparecer\u00eda el barbecho obligatorio (en principio, ya para [&hellip;]<\/p>\n","protected":false},"author":9,"featured_media":15725,"comment_status":"open","ping_status":"open","sticky":false,"template":"","format":"standard","meta":{"footnotes":""},"categories":[9,31,38,28,13],"tags":[564,58,59,118,260,142,351,250,66,110,458,693,295],"yoast_head":"<!-- This site is optimized with the Yoast SEO plugin v24.5 - https:\/\/yoast.com\/wordpress\/plugins\/seo\/ -->\n<title>Cambios en el barbecho y la rotaci\u00f3n de cultivos ya de muy probable aplicaci\u00f3n para la PAC 2024 - ASAJA Palencia<\/title>\n<meta name=\"description\" content=\"Las propuestas de la Comisi\u00f3n Europea y del Ministerio de Agricultura del pasado 15 de marzo, pendientes a\u00fan de aprobaci\u00f3n definitiva, introducen\" \/>\n<meta name=\"robots\" content=\"index, follow, max-snippet:-1, max-image-preview:large, max-video-preview:-1\" \/>\n<link rel=\"canonical\" href=\"https:\/\/www.asajacyl.com\/palencia\/asaja-palencia-informa\/cambios-en-el-barbecho-y-la-rotacion-de-cultivos-ya-de-muy-probable-aplicacion-para-la-pac-2024\" \/>\n<meta property=\"og:locale\" content=\"es_ES\" \/>\n<meta property=\"og:type\" content=\"article\" \/>\n<meta property=\"og:title\" content=\"Cambios en el barbecho y la rotaci\u00f3n de cultivos ya de muy probable aplicaci\u00f3n para la PAC 2024 - ASAJA Palencia\" \/>\n<meta property=\"og:description\" content=\"Las propuestas de la Comisi\u00f3n Europea y del Ministerio de Agricultura del pasado 15 de marzo, pendientes a\u00fan de aprobaci\u00f3n definitiva, introducen\" \/>\n<meta property=\"og:url\" content=\"https:\/\/www.asajacyl.com\/palencia\/asaja-palencia-informa\/cambios-en-el-barbecho-y-la-rotacion-de-cultivos-ya-de-muy-probable-aplicacion-para-la-pac-2024\" \/>\n<meta property=\"og:site_name\" content=\"ASAJA Palencia\" \/>\n<meta property=\"article:published_time\" content=\"2024-03-20T09:39:24+00:00\" \/>\n<meta property=\"article:modified_time\" content=\"2024-03-20T09:39:27+00:00\" \/>\n<meta property=\"og:image\" content=\"https:\/\/www.asajacyl.com\/palencia\/wp-content\/uploads\/sites\/3\/2024\/03\/Barbecho-y-pila-de-paja-1024x896.jpg\" \/>\n\t<meta property=\"og:image:width\" content=\"1024\" \/>\n\t<meta property=\"og:image:height\" content=\"896\" \/>\n\t<meta property=\"og:image:type\" content=\"image\/jpeg\" \/>\n<meta name=\"author\" content=\"Administrador\" \/>\n<meta name=\"twitter:card\" content=\"summary_large_image\" \/>\n<meta name=\"twitter:label1\" content=\"Escrito por\" \/>\n\t<meta name=\"twitter:data1\" content=\"Administrador\" \/>\n\t<meta name=\"twitter:label2\" content=\"Tiempo de lectura\" \/>\n\t<meta name=\"twitter:data2\" content=\"3 minutos\" \/>\n<script type=\"application\/ld+json\" class=\"yoast-schema-graph\">{\"@context\":\"https:\/\/schema.org\",\"@graph\":[{\"@type\":\"WebPage\",\"@id\":\"https:\/\/www.asajacyl.com\/palencia\/asaja-palencia-informa\/cambios-en-el-barbecho-y-la-rotacion-de-cultivos-ya-de-muy-probable-aplicacion-para-la-pac-2024\",\"url\":\"https:\/\/www.asajacyl.com\/palencia\/asaja-palencia-informa\/cambios-en-el-barbecho-y-la-rotacion-de-cultivos-ya-de-muy-probable-aplicacion-para-la-pac-2024\",\"name\":\"Cambios en el barbecho y la rotaci\u00f3n de cultivos ya de muy probable aplicaci\u00f3n para la PAC 2024 - ASAJA Palencia\",\"isPartOf\":{\"@id\":\"https:\/\/www.asajacyl.com\/palencia\/#website\"},\"primaryImageOfPage\":{\"@id\":\"https:\/\/www.asajacyl.com\/palencia\/asaja-palencia-informa\/cambios-en-el-barbecho-y-la-rotacion-de-cultivos-ya-de-muy-probable-aplicacion-para-la-pac-2024#primaryimage\"},\"image\":{\"@id\":\"https:\/\/www.asajacyl.com\/palencia\/asaja-palencia-informa\/cambios-en-el-barbecho-y-la-rotacion-de-cultivos-ya-de-muy-probable-aplicacion-para-la-pac-2024#primaryimage\"},\"thumbnailUrl\":\"https:\/\/www.asajacyl.com\/palencia\/wp-content\/uploads\/sites\/3\/2024\/03\/Barbecho-y-pila-de-paja.jpg\",\"datePublished\":\"2024-03-20T09:39:24+00:00\",\"dateModified\":\"2024-03-20T09:39:27+00:00\",\"author\":{\"@id\":\"https:\/\/www.asajacyl.com\/palencia\/#\/schema\/person\/3ab17aeb03527485c317557fae64aab1\"},\"description\":\"Las propuestas de la Comisi\u00f3n Europea y del Ministerio de Agricultura del pasado 15 de marzo, pendientes a\u00fan de aprobaci\u00f3n definitiva, introducen\",\"breadcrumb\":{\"@id\":\"https:\/\/www.asajacyl.com\/palencia\/asaja-palencia-informa\/cambios-en-el-barbecho-y-la-rotacion-de-cultivos-ya-de-muy-probable-aplicacion-para-la-pac-2024#breadcrumb\"},\"inLanguage\":\"es\",\"potentialAction\":[{\"@type\":\"ReadAction\",\"target\":[\"https:\/\/www.asajacyl.com\/palencia\/asaja-palencia-informa\/cambios-en-el-barbecho-y-la-rotacion-de-cultivos-ya-de-muy-probable-aplicacion-para-la-pac-2024\"]}]},{\"@type\":\"ImageObject\",\"inLanguage\":\"es\",\"@id\":\"https:\/\/www.asajacyl.com\/palencia\/asaja-palencia-informa\/cambios-en-el-barbecho-y-la-rotacion-de-cultivos-ya-de-muy-probable-aplicacion-para-la-pac-2024#primaryimage\",\"url\":\"https:\/\/www.asajacyl.com\/palencia\/wp-content\/uploads\/sites\/3\/2024\/03\/Barbecho-y-pila-de-paja.jpg\",\"contentUrl\":\"https:\/\/www.asajacyl.com\/palencia\/wp-content\/uploads\/sites\/3\/2024\/03\/Barbecho-y-pila-de-paja.jpg\",\"width\":1890,\"height\":1654},{\"@type\":\"BreadcrumbList\",\"@id\":\"https:\/\/www.asajacyl.com\/palencia\/asaja-palencia-informa\/cambios-en-el-barbecho-y-la-rotacion-de-cultivos-ya-de-muy-probable-aplicacion-para-la-pac-2024#breadcrumb\",\"itemListElement\":[{\"@type\":\"ListItem\",\"position\":1,\"name\":\"Portada\",\"item\":\"https:\/\/www.asajacyl.com\/palencia\/\"},{\"@type\":\"ListItem\",\"position\":2,\"name\":\"Cambios en el barbecho y la rotaci\u00f3n de cultivos ya de muy probable aplicaci\u00f3n para la PAC 2024\"}]},{\"@type\":\"WebSite\",\"@id\":\"https:\/\/www.asajacyl.com\/palencia\/#website\",\"url\":\"https:\/\/www.asajacyl.com\/palencia\/\",\"name\":\"ASAJA Palencia\",\"description\":\"Otro sitio m\u00e1s de Provincias ASAJA Castilla y Le\u00f3n\",\"potentialAction\":[{\"@type\":\"SearchAction\",\"target\":{\"@type\":\"EntryPoint\",\"urlTemplate\":\"https:\/\/www.asajacyl.com\/palencia\/?s={search_term_string}\"},\"query-input\":{\"@type\":\"PropertyValueSpecification\",\"valueRequired\":true,\"valueName\":\"search_term_string\"}}],\"inLanguage\":\"es\"},{\"@type\":\"Person\",\"@id\":\"https:\/\/www.asajacyl.com\/palencia\/#\/schema\/person\/3ab17aeb03527485c317557fae64aab1\",\"name\":\"Administrador\",\"image\":{\"@type\":\"ImageObject\",\"inLanguage\":\"es\",\"@id\":\"https:\/\/www.asajacyl.com\/palencia\/#\/schema\/person\/image\/\",\"url\":\"https:\/\/secure.gravatar.com\/avatar\/517384810d242ca9e38c180f3c9fb973?s=96&d=mm&r=g\",\"contentUrl\":\"https:\/\/secure.gravatar.com\/avatar\/517384810d242ca9e38c180f3c9fb973?s=96&d=mm&r=g\",\"caption\":\"Administrador\"},\"url\":\"https:\/\/www.asajacyl.com\/palencia\/author\/carlosrm\"}]}<\/script>\n<!-- \/ Yoast SEO plugin. -->","yoast_head_json":{"title":"Cambios en el barbecho y la rotaci\u00f3n de cultivos ya de muy probable aplicaci\u00f3n para la PAC 2024 - ASAJA Palencia","description":"Las propuestas de la Comisi\u00f3n Europea y del Ministerio de Agricultura del pasado 15 de marzo, pendientes a\u00fan de aprobaci\u00f3n definitiva, introducen","robots":{"index":"index","follow":"follow","max-snippet":"max-snippet:-1","max-image-preview":"max-image-preview:large","max-video-preview":"max-video-preview:-1"},"canonical":"https:\/\/www.asajacyl.com\/palencia\/asaja-palencia-informa\/cambios-en-el-barbecho-y-la-rotacion-de-cultivos-ya-de-muy-probable-aplicacion-para-la-pac-2024","og_locale":"es_ES","og_type":"article","og_title":"Cambios en el barbecho y la rotaci\u00f3n de cultivos ya de muy probable aplicaci\u00f3n para la PAC 2024 - ASAJA Palencia","og_description":"Las propuestas de la Comisi\u00f3n Europea y del Ministerio de Agricultura del pasado 15 de marzo, pendientes a\u00fan de aprobaci\u00f3n definitiva, introducen","og_url":"https:\/\/www.asajacyl.com\/palencia\/asaja-palencia-informa\/cambios-en-el-barbecho-y-la-rotacion-de-cultivos-ya-de-muy-probable-aplicacion-para-la-pac-2024","og_site_name":"ASAJA Palencia","article_published_time":"2024-03-20T09:39:24+00:00","article_modified_time":"2024-03-20T09:39:27+00:00","og_image":[{"width":1024,"height":896,"url":"https:\/\/www.asajacyl.com\/palencia\/wp-content\/uploads\/sites\/3\/2024\/03\/Barbecho-y-pila-de-paja-1024x896.jpg","type":"image\/jpeg"}],"author":"Administrador","twitter_card":"summary_large_image","twitter_misc":{"Escrito por":"Administrador","Tiempo de lectura":"3 minutos"},"schema":{"@context":"https:\/\/schema.org","@graph":[{"@type":"WebPage","@id":"https:\/\/www.asajacyl.com\/palencia\/asaja-palencia-informa\/cambios-en-el-barbecho-y-la-rotacion-de-cultivos-ya-de-muy-probable-aplicacion-para-la-pac-2024","url":"https:\/\/www.asajacyl.com\/palencia\/asaja-palencia-informa\/cambios-en-el-barbecho-y-la-rotacion-de-cultivos-ya-de-muy-probable-aplicacion-para-la-pac-2024","name":"Cambios en el barbecho y la rotaci\u00f3n de cultivos ya de muy probable aplicaci\u00f3n para la PAC 2024 - ASAJA Palencia","isPartOf":{"@id":"https:\/\/www.asajacyl.com\/palencia\/#website"},"primaryImageOfPage":{"@id":"https:\/\/www.asajacyl.com\/palencia\/asaja-palencia-informa\/cambios-en-el-barbecho-y-la-rotacion-de-cultivos-ya-de-muy-probable-aplicacion-para-la-pac-2024#primaryimage"},"image":{"@id":"https:\/\/www.asajacyl.com\/palencia\/asaja-palencia-informa\/cambios-en-el-barbecho-y-la-rotacion-de-cultivos-ya-de-muy-probable-aplicacion-para-la-pac-2024#primaryimage"},"thumbnailUrl":"https:\/\/www.asajacyl.com\/palencia\/wp-content\/uploads\/sites\/3\/2024\/03\/Barbecho-y-pila-de-paja.jpg","datePublished":"2024-03-20T09:39:24+00:00","dateModified":"2024-03-20T09:39:27+00:00","author":{"@id":"https:\/\/www.asajacyl.com\/palencia\/#\/schema\/person\/3ab17aeb03527485c317557fae64aab1"},"description":"Las propuestas de la Comisi\u00f3n Europea y del Ministerio de Agricultura del pasado 15 de marzo, pendientes a\u00fan de aprobaci\u00f3n definitiva, introducen","breadcrumb":{"@id":"https:\/\/www.asajacyl.com\/palencia\/asaja-palencia-informa\/cambios-en-el-barbecho-y-la-rotacion-de-cultivos-ya-de-muy-probable-aplicacion-para-la-pac-2024#breadcrumb"},"inLanguage":"es","potentialAction":[{"@type":"ReadAction","target":["https:\/\/www.asajacyl.com\/palencia\/asaja-palencia-informa\/cambios-en-el-barbecho-y-la-rotacion-de-cultivos-ya-de-muy-probable-aplicacion-para-la-pac-2024"]}]},{"@type":"ImageObject","inLanguage":"es","@id":"https:\/\/www.asajacyl.com\/palencia\/asaja-palencia-informa\/cambios-en-el-barbecho-y-la-rotacion-de-cultivos-ya-de-muy-probable-aplicacion-para-la-pac-2024#primaryimage","url":"https:\/\/www.asajacyl.com\/palencia\/wp-content\/uploads\/sites\/3\/2024\/03\/Barbecho-y-pila-de-paja.jpg","contentUrl":"https:\/\/www.asajacyl.com\/palencia\/wp-content\/uploads\/sites\/3\/2024\/03\/Barbecho-y-pila-de-paja.jpg","width":1890,"height":1654},{"@type":"BreadcrumbList","@id":"https:\/\/www.asajacyl.com\/palencia\/asaja-palencia-informa\/cambios-en-el-barbecho-y-la-rotacion-de-cultivos-ya-de-muy-probable-aplicacion-para-la-pac-2024#breadcrumb","itemListElement":[{"@type":"ListItem","position":1,"name":"Portada","item":"https:\/\/www.asajacyl.com\/palencia\/"},{"@type":"ListItem","position":2,"name":"Cambios en el barbecho y la rotaci\u00f3n de cultivos ya de muy probable aplicaci\u00f3n para la PAC 2024"}]},{"@type":"WebSite","@id":"https:\/\/www.asajacyl.com\/palencia\/#website","url":"https:\/\/www.asajacyl.com\/palencia\/","name":"ASAJA Palencia","description":"Otro sitio m\u00e1s de Provincias ASAJA Castilla y Le\u00f3n","potentialAction":[{"@type":"SearchAction","target":{"@type":"EntryPoint","urlTemplate":"https:\/\/www.asajacyl.com\/palencia\/?s={search_term_string}"},"query-input":{"@type":"PropertyValueSpecification","valueRequired":true,"valueName":"search_term_string"}}],"inLanguage":"es"},{"@type":"Person","@id":"https:\/\/www.asajacyl.com\/palencia\/#\/schema\/person\/3ab17aeb03527485c317557fae64aab1","name":"Administrador","image":{"@type":"ImageObject","inLanguage":"es","@id":"https:\/\/www.asajacyl.com\/palencia\/#\/schema\/person\/image\/","url":"https:\/\/secure.gravatar.com\/avatar\/517384810d242ca9e38c180f3c9fb973?s=96&d=mm&r=g","contentUrl":"https:\/\/secure.gravatar.com\/avatar\/517384810d242ca9e38c180f3c9fb973?s=96&d=mm&r=g","caption":"Administrador"},"url":"https:\/\/www.asajacyl.com\/palencia\/author\/carlosrm"}]}},"_links":{"self":[{"href":"https:\/\/www.asajacyl.com\/palencia\/wp-json\/wp\/v2\/posts\/15722"}],"collection":[{"href":"https:\/\/www.asajacyl.com\/palencia\/wp-json\/wp\/v2\/posts"}],"about":[{"href":"https:\/\/www.asajacyl.com\/palencia\/wp-json\/wp\/v2\/types\/post"}],"author":[{"embeddable":true,"href":"https:\/\/www.asajacyl.com\/palencia\/wp-json\/wp\/v2\/users\/9"}],"replies":[{"embeddable":true,"href":"https:\/\/www.asajacyl.com\/palencia\/wp-json\/wp\/v2\/comments?post=15722"}],"version-history":[{"count":2,"href":"https:\/\/www.asajacyl.com\/palencia\/wp-json\/wp\/v2\/posts\/15722\/revisions"}],"predecessor-version":[{"id":15724,"href":"https:\/\/www.asajacyl.com\/palencia\/wp-json\/wp\/v2\/posts\/15722\/revisions\/15724"}],"wp:featuredmedia":[{"embeddable":true,"href":"https:\/\/www.asajacyl.com\/palencia\/wp-json\/wp\/v2\/media\/15725"}],"wp:attachment":[{"href":"https:\/\/www.asajacyl.com\/palencia\/wp-json\/wp\/v2\/media?parent=15722"}],"wp:term":[{"taxonomy":"category","embeddable":true,"href":"https:\/\/www.asajacyl.com\/palencia\/wp-json\/wp\/v2\/categories?post=15722"},{"taxonomy":"post_tag","embeddable":true,"href":"https:\/\/www.asajacyl.com\/palencia\/wp-json\/wp\/v2\/tags?post=15722"}],"curies":[{"name":"wp","href":"https:\/\/api.w.org\/{rel}","templated":true}]}}