{"id":15740,"date":"2024-03-22T08:52:51","date_gmt":"2024-03-22T07:52:51","guid":{"rendered":"https:\/\/www.asajacyl.com\/palencia\/?p=15740"},"modified":"2024-03-22T08:52:53","modified_gmt":"2024-03-22T07:52:53","slug":"se-amplia-hasta-el-10-de-abril-el-plazo-para-modificar-el-modulo-2-del-seguro-de-herbaceos-de-secano","status":"publish","type":"post","link":"https:\/\/www.asajacyl.com\/palencia\/asaja-palencia-informa\/se-amplia-hasta-el-10-de-abril-el-plazo-para-modificar-el-modulo-2-del-seguro-de-herbaceos-de-secano","title":{"rendered":"Se ampl\u00eda hasta el 10 de abril el plazo para modificar el m\u00f3dulo 2 del seguro de herb\u00e1ceos de secano"},"content":{"rendered":"\n<h2 class=\"wp-block-heading\">Hasta el mi\u00e9rcoles 10 de abril podr\u00e1n los agricultores efectuar\u00a0modificaciones en el m\u00f3dulo 2 de la p\u00f3liza de cultivos herb\u00e1ceos de secano, tras ampliar el plazo inicial que conclu\u00eda el 1 de abril. As\u00ed lo hab\u00eda solicitado ASAJA a ENESA (Entidad Estatal de Seguros Agrarios, dependiente del Ministerio de Agricultura, Pesca y Alimentaci\u00f3n.  <\/h2>\n\n\n\n<p>Las modificaciones en las declaraciones de seguro de secano para explotaciones de cultivos herb\u00e1ceos extensivos en la provincia de Palencia podr\u00e1n, por tanto, presentarse hasta el 10 de abril, cambios que se deban a causas justificadas, no afecten de forma significativa al contenido de la p\u00f3liza y no hayan tenido siniestro causado por los riesgos cubiertos.<\/p>\n\n\n\n<p>ASAJA-Palencia recuerda que la importancia de que los datos del seguro correspondan exactamente con los declarados en la solicitud \u00fanica de la PAC 2024, que se encuentra ahora en plena campa\u00f1a de presentaci\u00f3n (meses de marzo y abril). Es el momento, pues, de cotejar todo lo relacionado con altas y bajas de la parcela, cambios de cultivo, rectificaci\u00f3n de datos, etc\u00e9tera; a fin de evitar cualquier problema.<\/p>\n\n\n\n<p>La flexibilidad en los plazos, atendiendo principalmente a circunstancias agron\u00f3micas, es una de las constantes demandas de ASAJA en el \u00e1mbito del seguro agrario. Se da la circunstancia de que este 2024, adem\u00e1s, debido a la Semana Santa no eran jornadas h\u00e1biles cuatro de los cinco \u00faltimos d\u00edas para presentar la modificaci\u00f3n del m\u00f3dulo 2 de herb\u00e1ceos de secano, por lo que esta ampliaci\u00f3n era muy l\u00f3gica y, hasta cierto punto, esperada por el sector.<\/p>\n\n\n\n<p><strong>OTROS PLAZOS PR\u00d3XIMOS. <\/strong>Cabe recordar que el plazo de modificaciones es m\u00e1s amplio (hasta el 15 de junio) para los cultivos de c\u00e1rtamo, garbanzos, girasol, jud\u00edas secas y soja, siempre y cuando en las parcelas tampoco se haya registrado siniestro por los riesgos cubiertos.<\/p>\n\n\n\n<p>Asimismo, este pr\u00f3ximo lunes, 25 de marzo, acaba el plazo para asegurar la pr\u00f3xima campa\u00f1a de uva de vino a trav\u00e9s de las modalidades que incluyen cobertura frente a las heladas, as\u00ed como protecci\u00f3n frente a los da\u00f1os por pedrisco, lluvia o inundaci\u00f3n, entre otros. Aunque hay pocos viticultores en la provincia de Palencia, es una fecha vital para que ellos puedan asegurar su producci\u00f3n, teniendo en cuenta que la helada es un riesgo que deja sentir de manera severa y recurrente en los \u00faltimos a\u00f1os, al igual que en otros cultivos sensibles, como los frutales y las hortalizas.<\/p>\n\n\n\n<p>Como siempre, el departamento t\u00e9cnico de seguros de ASAJA-Palencia est\u00e1 a disposici\u00f3n de los socios para ampliar informaci\u00f3n y asesorar de manera personalizada sobre este plazo y cualquier otra cuesti\u00f3n relativa a los seguros agroganaderos.<strong>\/<\/strong><\/p>\n","protected":false},"excerpt":{"rendered":"<p>Hasta el mi\u00e9rcoles 10 de abril podr\u00e1n los agricultores efectuar\u00a0modificaciones en el m\u00f3dulo 2 de la p\u00f3liza de cultivos herb\u00e1ceos de secano, tras ampliar el plazo inicial que conclu\u00eda el 1 de abril. As\u00ed lo hab\u00eda solicitado ASAJA a ENESA (Entidad Estatal de Seguros Agrarios, dependiente del Ministerio de Agricultura, Pesca y Alimentaci\u00f3n. Las modificaciones [&hellip;]<\/p>\n","protected":false},"author":9,"featured_media":15742,"comment_status":"open","ping_status":"open","sticky":false,"template":"","format":"standard","meta":{"footnotes":""},"categories":[9,31,38,28,13],"tags":[58,46,553,92,110,269,386,501],"yoast_head":"<!-- This site is optimized with the Yoast SEO plugin v24.5 - https:\/\/yoast.com\/wordpress\/plugins\/seo\/ -->\n<title>Se ampl\u00eda hasta el 10 de abril el plazo para modificar el m\u00f3dulo 2 del seguro de herb\u00e1ceos de secano - ASAJA Palencia<\/title>\n<meta name=\"description\" content=\"Hasta el mi\u00e9rcoles 10 de abril podr\u00e1n los agricultores efectuar\u00a0modificaciones en el m\u00f3dulo 2 de la p\u00f3liza de cultivos herb\u00e1ceos de secano, tras ampliar\" \/>\n<meta name=\"robots\" content=\"index, follow, max-snippet:-1, max-image-preview:large, max-video-preview:-1\" \/>\n<link rel=\"canonical\" href=\"https:\/\/www.asajacyl.com\/palencia\/asaja-palencia-informa\/se-amplia-hasta-el-10-de-abril-el-plazo-para-modificar-el-modulo-2-del-seguro-de-herbaceos-de-secano\" \/>\n<meta property=\"og:locale\" content=\"es_ES\" \/>\n<meta property=\"og:type\" content=\"article\" \/>\n<meta property=\"og:title\" content=\"Se ampl\u00eda hasta el 10 de abril el plazo para modificar el m\u00f3dulo 2 del seguro de herb\u00e1ceos de secano - ASAJA Palencia\" \/>\n<meta property=\"og:description\" content=\"Hasta el mi\u00e9rcoles 10 de abril podr\u00e1n los agricultores efectuar\u00a0modificaciones en el m\u00f3dulo 2 de la p\u00f3liza de cultivos herb\u00e1ceos de secano, tras ampliar\" \/>\n<meta property=\"og:url\" content=\"https:\/\/www.asajacyl.com\/palencia\/asaja-palencia-informa\/se-amplia-hasta-el-10-de-abril-el-plazo-para-modificar-el-modulo-2-del-seguro-de-herbaceos-de-secano\" \/>\n<meta property=\"og:site_name\" content=\"ASAJA Palencia\" \/>\n<meta property=\"article:published_time\" content=\"2024-03-22T07:52:51+00:00\" \/>\n<meta property=\"article:modified_time\" content=\"2024-03-22T07:52:53+00:00\" \/>\n<meta property=\"og:image\" content=\"https:\/\/www.asajacyl.com\/palencia\/wp-content\/uploads\/sites\/3\/2024\/03\/Cereal-con-niebla-1024x896.jpg\" \/>\n\t<meta property=\"og:image:width\" content=\"1024\" \/>\n\t<meta property=\"og:image:height\" content=\"896\" \/>\n\t<meta property=\"og:image:type\" content=\"image\/jpeg\" \/>\n<meta name=\"author\" content=\"Administrador\" \/>\n<meta name=\"twitter:card\" content=\"summary_large_image\" \/>\n<meta name=\"twitter:label1\" content=\"Escrito por\" \/>\n\t<meta name=\"twitter:data1\" content=\"Administrador\" \/>\n\t<meta name=\"twitter:label2\" content=\"Tiempo de lectura\" \/>\n\t<meta name=\"twitter:data2\" content=\"3 minutos\" \/>\n<script type=\"application\/ld+json\" class=\"yoast-schema-graph\">{\"@context\":\"https:\/\/schema.org\",\"@graph\":[{\"@type\":\"WebPage\",\"@id\":\"https:\/\/www.asajacyl.com\/palencia\/asaja-palencia-informa\/se-amplia-hasta-el-10-de-abril-el-plazo-para-modificar-el-modulo-2-del-seguro-de-herbaceos-de-secano\",\"url\":\"https:\/\/www.asajacyl.com\/palencia\/asaja-palencia-informa\/se-amplia-hasta-el-10-de-abril-el-plazo-para-modificar-el-modulo-2-del-seguro-de-herbaceos-de-secano\",\"name\":\"Se ampl\u00eda hasta el 10 de abril el plazo para modificar el m\u00f3dulo 2 del seguro de herb\u00e1ceos de secano - ASAJA Palencia\",\"isPartOf\":{\"@id\":\"https:\/\/www.asajacyl.com\/palencia\/#website\"},\"primaryImageOfPage\":{\"@id\":\"https:\/\/www.asajacyl.com\/palencia\/asaja-palencia-informa\/se-amplia-hasta-el-10-de-abril-el-plazo-para-modificar-el-modulo-2-del-seguro-de-herbaceos-de-secano#primaryimage\"},\"image\":{\"@id\":\"https:\/\/www.asajacyl.com\/palencia\/asaja-palencia-informa\/se-amplia-hasta-el-10-de-abril-el-plazo-para-modificar-el-modulo-2-del-seguro-de-herbaceos-de-secano#primaryimage\"},\"thumbnailUrl\":\"https:\/\/www.asajacyl.com\/palencia\/wp-content\/uploads\/sites\/3\/2024\/03\/Cereal-con-niebla.jpg\",\"datePublished\":\"2024-03-22T07:52:51+00:00\",\"dateModified\":\"2024-03-22T07:52:53+00:00\",\"author\":{\"@id\":\"https:\/\/www.asajacyl.com\/palencia\/#\/schema\/person\/3ab17aeb03527485c317557fae64aab1\"},\"description\":\"Hasta el mi\u00e9rcoles 10 de abril podr\u00e1n los agricultores efectuar\u00a0modificaciones en el m\u00f3dulo 2 de la p\u00f3liza de cultivos herb\u00e1ceos de secano, tras ampliar\",\"breadcrumb\":{\"@id\":\"https:\/\/www.asajacyl.com\/palencia\/asaja-palencia-informa\/se-amplia-hasta-el-10-de-abril-el-plazo-para-modificar-el-modulo-2-del-seguro-de-herbaceos-de-secano#breadcrumb\"},\"inLanguage\":\"es\",\"potentialAction\":[{\"@type\":\"ReadAction\",\"target\":[\"https:\/\/www.asajacyl.com\/palencia\/asaja-palencia-informa\/se-amplia-hasta-el-10-de-abril-el-plazo-para-modificar-el-modulo-2-del-seguro-de-herbaceos-de-secano\"]}]},{\"@type\":\"ImageObject\",\"inLanguage\":\"es\",\"@id\":\"https:\/\/www.asajacyl.com\/palencia\/asaja-palencia-informa\/se-amplia-hasta-el-10-de-abril-el-plazo-para-modificar-el-modulo-2-del-seguro-de-herbaceos-de-secano#primaryimage\",\"url\":\"https:\/\/www.asajacyl.com\/palencia\/wp-content\/uploads\/sites\/3\/2024\/03\/Cereal-con-niebla.jpg\",\"contentUrl\":\"https:\/\/www.asajacyl.com\/palencia\/wp-content\/uploads\/sites\/3\/2024\/03\/Cereal-con-niebla.jpg\",\"width\":1890,\"height\":1654},{\"@type\":\"BreadcrumbList\",\"@id\":\"https:\/\/www.asajacyl.com\/palencia\/asaja-palencia-informa\/se-amplia-hasta-el-10-de-abril-el-plazo-para-modificar-el-modulo-2-del-seguro-de-herbaceos-de-secano#breadcrumb\",\"itemListElement\":[{\"@type\":\"ListItem\",\"position\":1,\"name\":\"Portada\",\"item\":\"https:\/\/www.asajacyl.com\/palencia\/\"},{\"@type\":\"ListItem\",\"position\":2,\"name\":\"Se ampl\u00eda hasta el 10 de abril el plazo para modificar el m\u00f3dulo 2 del seguro de herb\u00e1ceos de secano\"}]},{\"@type\":\"WebSite\",\"@id\":\"https:\/\/www.asajacyl.com\/palencia\/#website\",\"url\":\"https:\/\/www.asajacyl.com\/palencia\/\",\"name\":\"ASAJA Palencia\",\"description\":\"Otro sitio m\u00e1s de Provincias ASAJA Castilla y Le\u00f3n\",\"potentialAction\":[{\"@type\":\"SearchAction\",\"target\":{\"@type\":\"EntryPoint\",\"urlTemplate\":\"https:\/\/www.asajacyl.com\/palencia\/?s={search_term_string}\"},\"query-input\":{\"@type\":\"PropertyValueSpecification\",\"valueRequired\":true,\"valueName\":\"search_term_string\"}}],\"inLanguage\":\"es\"},{\"@type\":\"Person\",\"@id\":\"https:\/\/www.asajacyl.com\/palencia\/#\/schema\/person\/3ab17aeb03527485c317557fae64aab1\",\"name\":\"Administrador\",\"image\":{\"@type\":\"ImageObject\",\"inLanguage\":\"es\",\"@id\":\"https:\/\/www.asajacyl.com\/palencia\/#\/schema\/person\/image\/\",\"url\":\"https:\/\/secure.gravatar.com\/avatar\/517384810d242ca9e38c180f3c9fb973?s=96&d=mm&r=g\",\"contentUrl\":\"https:\/\/secure.gravatar.com\/avatar\/517384810d242ca9e38c180f3c9fb973?s=96&d=mm&r=g\",\"caption\":\"Administrador\"},\"url\":\"https:\/\/www.asajacyl.com\/palencia\/author\/carlosrm\"}]}<\/script>\n<!-- \/ Yoast SEO plugin. -->","yoast_head_json":{"title":"Se ampl\u00eda hasta el 10 de abril el plazo para modificar el m\u00f3dulo 2 del seguro de herb\u00e1ceos de secano - ASAJA Palencia","description":"Hasta el mi\u00e9rcoles 10 de abril podr\u00e1n los agricultores efectuar\u00a0modificaciones en el m\u00f3dulo 2 de la p\u00f3liza de cultivos herb\u00e1ceos de secano, tras ampliar","robots":{"index":"index","follow":"follow","max-snippet":"max-snippet:-1","max-image-preview":"max-image-preview:large","max-video-preview":"max-video-preview:-1"},"canonical":"https:\/\/www.asajacyl.com\/palencia\/asaja-palencia-informa\/se-amplia-hasta-el-10-de-abril-el-plazo-para-modificar-el-modulo-2-del-seguro-de-herbaceos-de-secano","og_locale":"es_ES","og_type":"article","og_title":"Se ampl\u00eda hasta el 10 de abril el plazo para modificar el m\u00f3dulo 2 del seguro de herb\u00e1ceos de secano - ASAJA Palencia","og_description":"Hasta el mi\u00e9rcoles 10 de abril podr\u00e1n los agricultores efectuar\u00a0modificaciones en el m\u00f3dulo 2 de la p\u00f3liza de cultivos herb\u00e1ceos de secano, tras ampliar","og_url":"https:\/\/www.asajacyl.com\/palencia\/asaja-palencia-informa\/se-amplia-hasta-el-10-de-abril-el-plazo-para-modificar-el-modulo-2-del-seguro-de-herbaceos-de-secano","og_site_name":"ASAJA Palencia","article_published_time":"2024-03-22T07:52:51+00:00","article_modified_time":"2024-03-22T07:52:53+00:00","og_image":[{"width":1024,"height":896,"url":"https:\/\/www.asajacyl.com\/palencia\/wp-content\/uploads\/sites\/3\/2024\/03\/Cereal-con-niebla-1024x896.jpg","type":"image\/jpeg"}],"author":"Administrador","twitter_card":"summary_large_image","twitter_misc":{"Escrito por":"Administrador","Tiempo de lectura":"3 minutos"},"schema":{"@context":"https:\/\/schema.org","@graph":[{"@type":"WebPage","@id":"https:\/\/www.asajacyl.com\/palencia\/asaja-palencia-informa\/se-amplia-hasta-el-10-de-abril-el-plazo-para-modificar-el-modulo-2-del-seguro-de-herbaceos-de-secano","url":"https:\/\/www.asajacyl.com\/palencia\/asaja-palencia-informa\/se-amplia-hasta-el-10-de-abril-el-plazo-para-modificar-el-modulo-2-del-seguro-de-herbaceos-de-secano","name":"Se ampl\u00eda hasta el 10 de abril el plazo para modificar el m\u00f3dulo 2 del seguro de herb\u00e1ceos de secano - ASAJA Palencia","isPartOf":{"@id":"https:\/\/www.asajacyl.com\/palencia\/#website"},"primaryImageOfPage":{"@id":"https:\/\/www.asajacyl.com\/palencia\/asaja-palencia-informa\/se-amplia-hasta-el-10-de-abril-el-plazo-para-modificar-el-modulo-2-del-seguro-de-herbaceos-de-secano#primaryimage"},"image":{"@id":"https:\/\/www.asajacyl.com\/palencia\/asaja-palencia-informa\/se-amplia-hasta-el-10-de-abril-el-plazo-para-modificar-el-modulo-2-del-seguro-de-herbaceos-de-secano#primaryimage"},"thumbnailUrl":"https:\/\/www.asajacyl.com\/palencia\/wp-content\/uploads\/sites\/3\/2024\/03\/Cereal-con-niebla.jpg","datePublished":"2024-03-22T07:52:51+00:00","dateModified":"2024-03-22T07:52:53+00:00","author":{"@id":"https:\/\/www.asajacyl.com\/palencia\/#\/schema\/person\/3ab17aeb03527485c317557fae64aab1"},"description":"Hasta el mi\u00e9rcoles 10 de abril podr\u00e1n los agricultores efectuar\u00a0modificaciones en el m\u00f3dulo 2 de la p\u00f3liza de cultivos herb\u00e1ceos de secano, tras ampliar","breadcrumb":{"@id":"https:\/\/www.asajacyl.com\/palencia\/asaja-palencia-informa\/se-amplia-hasta-el-10-de-abril-el-plazo-para-modificar-el-modulo-2-del-seguro-de-herbaceos-de-secano#breadcrumb"},"inLanguage":"es","potentialAction":[{"@type":"ReadAction","target":["https:\/\/www.asajacyl.com\/palencia\/asaja-palencia-informa\/se-amplia-hasta-el-10-de-abril-el-plazo-para-modificar-el-modulo-2-del-seguro-de-herbaceos-de-secano"]}]},{"@type":"ImageObject","inLanguage":"es","@id":"https:\/\/www.asajacyl.com\/palencia\/asaja-palencia-informa\/se-amplia-hasta-el-10-de-abril-el-plazo-para-modificar-el-modulo-2-del-seguro-de-herbaceos-de-secano#primaryimage","url":"https:\/\/www.asajacyl.com\/palencia\/wp-content\/uploads\/sites\/3\/2024\/03\/Cereal-con-niebla.jpg","contentUrl":"https:\/\/www.asajacyl.com\/palencia\/wp-content\/uploads\/sites\/3\/2024\/03\/Cereal-con-niebla.jpg","width":1890,"height":1654},{"@type":"BreadcrumbList","@id":"https:\/\/www.asajacyl.com\/palencia\/asaja-palencia-informa\/se-amplia-hasta-el-10-de-abril-el-plazo-para-modificar-el-modulo-2-del-seguro-de-herbaceos-de-secano#breadcrumb","itemListElement":[{"@type":"ListItem","position":1,"name":"Portada","item":"https:\/\/www.asajacyl.com\/palencia\/"},{"@type":"ListItem","position":2,"name":"Se ampl\u00eda hasta el 10 de abril el plazo para modificar el m\u00f3dulo 2 del seguro de herb\u00e1ceos de secano"}]},{"@type":"WebSite","@id":"https:\/\/www.asajacyl.com\/palencia\/#website","url":"https:\/\/www.asajacyl.com\/palencia\/","name":"ASAJA Palencia","description":"Otro sitio m\u00e1s de Provincias ASAJA Castilla y Le\u00f3n","potentialAction":[{"@type":"SearchAction","target":{"@type":"EntryPoint","urlTemplate":"https:\/\/www.asajacyl.com\/palencia\/?s={search_term_string}"},"query-input":{"@type":"PropertyValueSpecification","valueRequired":true,"valueName":"search_term_string"}}],"inLanguage":"es"},{"@type":"Person","@id":"https:\/\/www.asajacyl.com\/palencia\/#\/schema\/person\/3ab17aeb03527485c317557fae64aab1","name":"Administrador","image":{"@type":"ImageObject","inLanguage":"es","@id":"https:\/\/www.asajacyl.com\/palencia\/#\/schema\/person\/image\/","url":"https:\/\/secure.gravatar.com\/avatar\/517384810d242ca9e38c180f3c9fb973?s=96&d=mm&r=g","contentUrl":"https:\/\/secure.gravatar.com\/avatar\/517384810d242ca9e38c180f3c9fb973?s=96&d=mm&r=g","caption":"Administrador"},"url":"https:\/\/www.asajacyl.com\/palencia\/author\/carlosrm"}]}},"_links":{"self":[{"href":"https:\/\/www.asajacyl.com\/palencia\/wp-json\/wp\/v2\/posts\/15740"}],"collection":[{"href":"https:\/\/www.asajacyl.com\/palencia\/wp-json\/wp\/v2\/posts"}],"about":[{"href":"https:\/\/www.asajacyl.com\/palencia\/wp-json\/wp\/v2\/types\/post"}],"author":[{"embeddable":true,"href":"https:\/\/www.asajacyl.com\/palencia\/wp-json\/wp\/v2\/users\/9"}],"replies":[{"embeddable":true,"href":"https:\/\/www.asajacyl.com\/palencia\/wp-json\/wp\/v2\/comments?post=15740"}],"version-history":[{"count":1,"href":"https:\/\/www.asajacyl.com\/palencia\/wp-json\/wp\/v2\/posts\/15740\/revisions"}],"predecessor-version":[{"id":15741,"href":"https:\/\/www.asajacyl.com\/palencia\/wp-json\/wp\/v2\/posts\/15740\/revisions\/15741"}],"wp:featuredmedia":[{"embeddable":true,"href":"https:\/\/www.asajacyl.com\/palencia\/wp-json\/wp\/v2\/media\/15742"}],"wp:attachment":[{"href":"https:\/\/www.asajacyl.com\/palencia\/wp-json\/wp\/v2\/media?parent=15740"}],"wp:term":[{"taxonomy":"category","embeddable":true,"href":"https:\/\/www.asajacyl.com\/palencia\/wp-json\/wp\/v2\/categories?post=15740"},{"taxonomy":"post_tag","embeddable":true,"href":"https:\/\/www.asajacyl.com\/palencia\/wp-json\/wp\/v2\/tags?post=15740"}],"curies":[{"name":"wp","href":"https:\/\/api.w.org\/{rel}","templated":true}]}}