{"id":15752,"date":"2024-03-24T10:00:00","date_gmt":"2024-03-24T09:00:00","guid":{"rendered":"https:\/\/www.asajacyl.com\/palencia\/?p=15752"},"modified":"2024-03-22T13:23:49","modified_gmt":"2024-03-22T12:23:49","slug":"nota-aclaratoria-de-la-junta-sobre-cambios-recientes-en-la-solicitud-unica-de-la-pac-2024","status":"publish","type":"post","link":"https:\/\/www.asajacyl.com\/palencia\/asaja-palencia-informa\/nota-aclaratoria-de-la-junta-sobre-cambios-recientes-en-la-solicitud-unica-de-la-pac-2024","title":{"rendered":"Nota aclaratoria de la Junta sobre cambios recientes en la solicitud \u00fanica de la PAC 2024"},"content":{"rendered":"\n<h2 class=\"wp-block-heading\">La Consejer\u00eda de Agricultura, Ganader\u00eda y Desarrollo Rural de la Junta de Castilla y Le\u00f3n ha difundido una nota interpretativa de la reciente propuesta de modificaci\u00f3n por parte el Ministerio de Agricultura, Pesca y Alimentaci\u00f3n. ASAJA-Palencia <a href=\"https:\/\/www.asajacyl.com\/palencia\/asaja-palencia-informa\/cambios-en-el-barbecho-y-la-rotacion-de-cultivos-ya-de-muy-probable-aplicacion-para-la-pac-2024\" target=\"_blank\" rel=\"noreferrer noopener\">ya inform\u00f3 d\u00edas atr\u00e1s <\/a>sobre aspectos esenciales de esa modificaci\u00f3n que, con car\u00e1cter oficioso, seguramente empezar\u00e1n a regir cara a la solicitud \u00fanica de la PAC 2024, actualmente en tramitaci\u00f3n, hasta el 30 de abril La nota interpretativa hecha p\u00fablica por la Direcci\u00f3n General de PAC de la administraci\u00f3n regional, aclara esos aspectos y establece determinadas flexibilidades en los ecorreg\u00edmenes en 2024, con el fin de evitar discontinuidades hasta la entrada en vigor en 2025 de las medidas propuestas para la modificaci\u00f3n del PEPAC.\u00a0<\/h2>\n\n\n\n<p>Los aspectos de la nota interpretativa de la Direcci\u00f3n General de la PAC que afectan a la solicitud \u00fanica de 2024\u00a0son los siguientes:<\/p>\n\n\n\n<ol>\n<li><strong>BCAM 7- Rotaci\u00f3n de cultivos<\/strong>. Para el cumplimiento se proponen dos alternativas:\n<ul>\n<li><strong>Rotaci\u00f3n<\/strong>\u00a0en todas las parcelas de la explotaci\u00f3n excepto en cultivos plurianuales, con el a\u00f1o 2023 como primero de la rotaci\u00f3n. Si hay cultivo secundario, se considerar\u00e1 parte de la rotaci\u00f3n (en este caso, no computan las tierras de barbecho)<\/li>\n\n\n\n<li><strong>Diversificaci\u00f3n<\/strong>:\n<ul>\n<li>De 10 a 30 hect\u00e1reas de tierra de cultivo, al menos dos diferentes y que el mayoritario no suponga m\u00e1s del 75 %.<\/li>\n\n\n\n<li>M\u00e1s de 30 hect\u00e1reas, al menos tres diferentes, sin que el mayoritario suponga m\u00e1s del 75 % y la suma de los dos mayoritarios no supere el 95%.<\/li>\n<\/ul>\n<\/li>\n<\/ul>\n<\/li>\n\n\n\n<li><strong>BCAM 8.1 -Elementos no productivos<\/strong>\n<ul>\n<li>Se eliminan las obligaciones de cumplimiento de la condici\u00f3n de establecimiento de superficies no productivas.<\/li>\n\n\n\n<li>Se desactiva el filtro previsto para su verificaci\u00f3n, as\u00ed como la casilla que permit\u00eda marcar el barbecho para cumplir la norma y diferenciarlo del resto del barbecho, donde s\u00ed se permit\u00eda uso productivo.<\/li>\n<\/ul>\n<\/li>\n\n\n\n<li><strong>BCAM 5- Gesti\u00f3n de la labranza<\/strong>. Excepciones a las parcelas de <strong>cultivos le\u00f1osos<\/strong>\u00a0con alguna de las siguientes caracter\u00edsticas:\n<ul>\n<li>Parcelas de superficie igual o inferior a una hect\u00e1rea, cuya dimensi\u00f3n m\u00ednima en el sentido transversal de la pendiente sea inferior a 100 metros en cualquier punto de la parcela.<\/li>\n\n\n\n<li>Plantaciones implantadas con anterioridad al 01\/01\/2023&nbsp;cuyo dise\u00f1o de plantaci\u00f3n, sistema o riego o sistema de conducci\u00f3n no permita realizar laboreo transversal a la direcci\u00f3n de la m\u00e1xima pendiente.<\/li>\n\n\n\n<li>Plantaciones implantadas con posterioridad al 01\/01\/2023&nbsp;donde, las condiciones agron\u00f3micas debidamente justificadas, (insolaci\u00f3n, vientos dominantes, situaci\u00f3n de caminos, longitud de filas, etc.) determinen una determinada orientaci\u00f3n de la plantaci\u00f3n que impida el laboreo vertical.<\/li>\n<\/ul>\n<\/li>\n\n\n\n<li><strong>BCAM 6- Cobertura m\u00ednima del suelo<\/strong>. Excepciones a las obligaciones de los <strong>periodos sensibles:<\/strong>\n<ul>\n<li>Herb\u00e1ceos de invierno: se permiten el abonado en verde y labores verticales sobre los rastrojos tras su recolecci\u00f3n.<\/li>\n\n\n\n<li>Cultivos le\u00f1osos: adem\u00e1s del establecimiento de una cubierta vegetal, se podr\u00e1 cumplir la condici\u00f3n mediante cubiertas inertes.<\/li>\n\n\n\n<li>Barbecho: se permite la aplicaci\u00f3n de enmiendas org\u00e1nicas y purines durante todo el a\u00f1o.<\/li>\n<\/ul>\n<\/li>\n<\/ol>\n\n\n\n<p><strong>ECORREG\u00cdMENES. <\/strong>Del mismo modo, la Direcci\u00f3n General de la PAC ha resuelto adoptar, con car\u00e1cter transitorio, estas\u00a0medidas de flexibilidad en los llamados ecorreg\u00edmenes (pr\u00e1cticas en favor del clima y el medio ambiente) con efecto en la campa\u00f1a agr\u00edcola 2023-2024:<\/p>\n\n\n\n<ol>\n<li><strong>Ecorreg\u00edmenes de las superficies de pastos\/pastoreo extensivo (P1)<\/strong><br>Reducci\u00f3n de la carga ganadera m\u00ednima en pastos h\u00famedos a 0,2 UGM\/hect\u00e1rea y en pastos mediterr\u00e1neos a 0,1 UGM\/hect\u00e1rea.<\/li>\n\n\n\n<li><strong>Ecorreg\u00edmenes de tierras de cultivo (P3)<\/strong><br>Incremento al 40% del l\u00edmite m\u00e1ximo de barbecho para cumplir la pr\u00e1ctica de rotaci\u00f3n de cultivos con especies mejorantes.<\/li>\n\n\n\n<li><strong>Ecorreg\u00edmenes de cultivos le\u00f1osos (P6-P7)<\/strong><br>Se permiten aquellas labores superficiales poco profundas, que en ning\u00fan caso supongan modificar la estructura del suelo en la pr\u00e1ctica de cubiertas vegetales espont\u00e1neas o sembradas y de cubiertas inertes.<strong>\/<\/strong><\/li>\n<\/ol>\n","protected":false},"excerpt":{"rendered":"<p>La Consejer\u00eda de Agricultura, Ganader\u00eda y Desarrollo Rural de la Junta de Castilla y Le\u00f3n ha difundido una nota interpretativa de la reciente propuesta de modificaci\u00f3n por parte el Ministerio de Agricultura, Pesca y Alimentaci\u00f3n. ASAJA-Palencia ya inform\u00f3 d\u00edas atr\u00e1s sobre aspectos esenciales de esa modificaci\u00f3n que, con car\u00e1cter oficioso, seguramente empezar\u00e1n a regir cara [&hellip;]<\/p>\n","protected":false},"author":9,"featured_media":14849,"comment_status":"open","ping_status":"open","sticky":false,"template":"","format":"standard","meta":{"footnotes":""},"categories":[9,31,38,28,13],"tags":[564,58,118,142,769,351,250,77,66,110,45,262,693,771,770,295],"yoast_head":"<!-- This site is optimized with the Yoast SEO plugin v24.5 - https:\/\/yoast.com\/wordpress\/plugins\/seo\/ -->\n<title>Nota aclaratoria de la Junta sobre cambios recientes en la solicitud \u00fanica de la PAC 2024 - ASAJA Palencia<\/title>\n<meta name=\"description\" content=\"La Consejer\u00eda de Agricultura, Ganader\u00eda y Desarrollo Rural de la Junta de Castilla y Le\u00f3n ha difundido una nota interpretativa de la reciente propuesta de\" \/>\n<meta name=\"robots\" content=\"index, follow, max-snippet:-1, max-image-preview:large, max-video-preview:-1\" \/>\n<link rel=\"canonical\" href=\"https:\/\/www.asajacyl.com\/palencia\/asaja-palencia-informa\/nota-aclaratoria-de-la-junta-sobre-cambios-recientes-en-la-solicitud-unica-de-la-pac-2024\" \/>\n<meta property=\"og:locale\" content=\"es_ES\" \/>\n<meta property=\"og:type\" content=\"article\" \/>\n<meta property=\"og:title\" content=\"Nota aclaratoria de la Junta sobre cambios recientes en la solicitud \u00fanica de la PAC 2024 - ASAJA Palencia\" \/>\n<meta property=\"og:description\" content=\"La Consejer\u00eda de Agricultura, Ganader\u00eda y Desarrollo Rural de la Junta de Castilla y Le\u00f3n ha difundido una nota interpretativa de la reciente propuesta de\" \/>\n<meta property=\"og:url\" content=\"https:\/\/www.asajacyl.com\/palencia\/asaja-palencia-informa\/nota-aclaratoria-de-la-junta-sobre-cambios-recientes-en-la-solicitud-unica-de-la-pac-2024\" \/>\n<meta property=\"og:site_name\" content=\"ASAJA Palencia\" \/>\n<meta property=\"article:published_time\" content=\"2024-03-24T09:00:00+00:00\" \/>\n<meta property=\"og:image\" content=\"https:\/\/www.asajacyl.com\/palencia\/wp-content\/uploads\/sites\/3\/2023\/11\/Sembrado-de-lentejas-1024x896.jpg\" \/>\n\t<meta property=\"og:image:width\" content=\"1024\" \/>\n\t<meta property=\"og:image:height\" content=\"896\" \/>\n\t<meta property=\"og:image:type\" content=\"image\/jpeg\" \/>\n<meta name=\"author\" content=\"Administrador\" \/>\n<meta name=\"twitter:card\" content=\"summary_large_image\" \/>\n<meta name=\"twitter:label1\" content=\"Escrito por\" \/>\n\t<meta name=\"twitter:data1\" content=\"Administrador\" \/>\n\t<meta name=\"twitter:label2\" content=\"Tiempo de lectura\" \/>\n\t<meta name=\"twitter:data2\" content=\"3 minutos\" \/>\n<script type=\"application\/ld+json\" class=\"yoast-schema-graph\">{\"@context\":\"https:\/\/schema.org\",\"@graph\":[{\"@type\":\"WebPage\",\"@id\":\"https:\/\/www.asajacyl.com\/palencia\/asaja-palencia-informa\/nota-aclaratoria-de-la-junta-sobre-cambios-recientes-en-la-solicitud-unica-de-la-pac-2024\",\"url\":\"https:\/\/www.asajacyl.com\/palencia\/asaja-palencia-informa\/nota-aclaratoria-de-la-junta-sobre-cambios-recientes-en-la-solicitud-unica-de-la-pac-2024\",\"name\":\"Nota aclaratoria de la Junta sobre cambios recientes en la solicitud \u00fanica de la PAC 2024 - ASAJA Palencia\",\"isPartOf\":{\"@id\":\"https:\/\/www.asajacyl.com\/palencia\/#website\"},\"primaryImageOfPage\":{\"@id\":\"https:\/\/www.asajacyl.com\/palencia\/asaja-palencia-informa\/nota-aclaratoria-de-la-junta-sobre-cambios-recientes-en-la-solicitud-unica-de-la-pac-2024#primaryimage\"},\"image\":{\"@id\":\"https:\/\/www.asajacyl.com\/palencia\/asaja-palencia-informa\/nota-aclaratoria-de-la-junta-sobre-cambios-recientes-en-la-solicitud-unica-de-la-pac-2024#primaryimage\"},\"thumbnailUrl\":\"https:\/\/www.asajacyl.com\/palencia\/wp-content\/uploads\/sites\/3\/2023\/11\/Sembrado-de-lentejas.jpg\",\"datePublished\":\"2024-03-24T09:00:00+00:00\",\"author\":{\"@id\":\"https:\/\/www.asajacyl.com\/palencia\/#\/schema\/person\/3ab17aeb03527485c317557fae64aab1\"},\"description\":\"La Consejer\u00eda de Agricultura, Ganader\u00eda y Desarrollo Rural de la Junta de Castilla y Le\u00f3n ha difundido una nota interpretativa de la reciente propuesta de\",\"breadcrumb\":{\"@id\":\"https:\/\/www.asajacyl.com\/palencia\/asaja-palencia-informa\/nota-aclaratoria-de-la-junta-sobre-cambios-recientes-en-la-solicitud-unica-de-la-pac-2024#breadcrumb\"},\"inLanguage\":\"es\",\"potentialAction\":[{\"@type\":\"ReadAction\",\"target\":[\"https:\/\/www.asajacyl.com\/palencia\/asaja-palencia-informa\/nota-aclaratoria-de-la-junta-sobre-cambios-recientes-en-la-solicitud-unica-de-la-pac-2024\"]}]},{\"@type\":\"ImageObject\",\"inLanguage\":\"es\",\"@id\":\"https:\/\/www.asajacyl.com\/palencia\/asaja-palencia-informa\/nota-aclaratoria-de-la-junta-sobre-cambios-recientes-en-la-solicitud-unica-de-la-pac-2024#primaryimage\",\"url\":\"https:\/\/www.asajacyl.com\/palencia\/wp-content\/uploads\/sites\/3\/2023\/11\/Sembrado-de-lentejas.jpg\",\"contentUrl\":\"https:\/\/www.asajacyl.com\/palencia\/wp-content\/uploads\/sites\/3\/2023\/11\/Sembrado-de-lentejas.jpg\",\"width\":1890,\"height\":1654},{\"@type\":\"BreadcrumbList\",\"@id\":\"https:\/\/www.asajacyl.com\/palencia\/asaja-palencia-informa\/nota-aclaratoria-de-la-junta-sobre-cambios-recientes-en-la-solicitud-unica-de-la-pac-2024#breadcrumb\",\"itemListElement\":[{\"@type\":\"ListItem\",\"position\":1,\"name\":\"Portada\",\"item\":\"https:\/\/www.asajacyl.com\/palencia\/\"},{\"@type\":\"ListItem\",\"position\":2,\"name\":\"Nota aclaratoria de la Junta sobre cambios recientes en la solicitud \u00fanica de la PAC 2024\"}]},{\"@type\":\"WebSite\",\"@id\":\"https:\/\/www.asajacyl.com\/palencia\/#website\",\"url\":\"https:\/\/www.asajacyl.com\/palencia\/\",\"name\":\"ASAJA Palencia\",\"description\":\"Otro sitio m\u00e1s de Provincias ASAJA Castilla y Le\u00f3n\",\"potentialAction\":[{\"@type\":\"SearchAction\",\"target\":{\"@type\":\"EntryPoint\",\"urlTemplate\":\"https:\/\/www.asajacyl.com\/palencia\/?s={search_term_string}\"},\"query-input\":{\"@type\":\"PropertyValueSpecification\",\"valueRequired\":true,\"valueName\":\"search_term_string\"}}],\"inLanguage\":\"es\"},{\"@type\":\"Person\",\"@id\":\"https:\/\/www.asajacyl.com\/palencia\/#\/schema\/person\/3ab17aeb03527485c317557fae64aab1\",\"name\":\"Administrador\",\"image\":{\"@type\":\"ImageObject\",\"inLanguage\":\"es\",\"@id\":\"https:\/\/www.asajacyl.com\/palencia\/#\/schema\/person\/image\/\",\"url\":\"https:\/\/secure.gravatar.com\/avatar\/517384810d242ca9e38c180f3c9fb973?s=96&d=mm&r=g\",\"contentUrl\":\"https:\/\/secure.gravatar.com\/avatar\/517384810d242ca9e38c180f3c9fb973?s=96&d=mm&r=g\",\"caption\":\"Administrador\"},\"url\":\"https:\/\/www.asajacyl.com\/palencia\/author\/carlosrm\"}]}<\/script>\n<!-- \/ Yoast SEO plugin. -->","yoast_head_json":{"title":"Nota aclaratoria de la Junta sobre cambios recientes en la solicitud \u00fanica de la PAC 2024 - ASAJA Palencia","description":"La Consejer\u00eda de Agricultura, Ganader\u00eda y Desarrollo Rural de la Junta de Castilla y Le\u00f3n ha difundido una nota interpretativa de la reciente propuesta de","robots":{"index":"index","follow":"follow","max-snippet":"max-snippet:-1","max-image-preview":"max-image-preview:large","max-video-preview":"max-video-preview:-1"},"canonical":"https:\/\/www.asajacyl.com\/palencia\/asaja-palencia-informa\/nota-aclaratoria-de-la-junta-sobre-cambios-recientes-en-la-solicitud-unica-de-la-pac-2024","og_locale":"es_ES","og_type":"article","og_title":"Nota aclaratoria de la Junta sobre cambios recientes en la solicitud \u00fanica de la PAC 2024 - ASAJA Palencia","og_description":"La Consejer\u00eda de Agricultura, Ganader\u00eda y Desarrollo Rural de la Junta de Castilla y Le\u00f3n ha difundido una nota interpretativa de la reciente propuesta de","og_url":"https:\/\/www.asajacyl.com\/palencia\/asaja-palencia-informa\/nota-aclaratoria-de-la-junta-sobre-cambios-recientes-en-la-solicitud-unica-de-la-pac-2024","og_site_name":"ASAJA Palencia","article_published_time":"2024-03-24T09:00:00+00:00","og_image":[{"width":1024,"height":896,"url":"https:\/\/www.asajacyl.com\/palencia\/wp-content\/uploads\/sites\/3\/2023\/11\/Sembrado-de-lentejas-1024x896.jpg","type":"image\/jpeg"}],"author":"Administrador","twitter_card":"summary_large_image","twitter_misc":{"Escrito por":"Administrador","Tiempo de lectura":"3 minutos"},"schema":{"@context":"https:\/\/schema.org","@graph":[{"@type":"WebPage","@id":"https:\/\/www.asajacyl.com\/palencia\/asaja-palencia-informa\/nota-aclaratoria-de-la-junta-sobre-cambios-recientes-en-la-solicitud-unica-de-la-pac-2024","url":"https:\/\/www.asajacyl.com\/palencia\/asaja-palencia-informa\/nota-aclaratoria-de-la-junta-sobre-cambios-recientes-en-la-solicitud-unica-de-la-pac-2024","name":"Nota aclaratoria de la Junta sobre cambios recientes en la solicitud \u00fanica de la PAC 2024 - ASAJA Palencia","isPartOf":{"@id":"https:\/\/www.asajacyl.com\/palencia\/#website"},"primaryImageOfPage":{"@id":"https:\/\/www.asajacyl.com\/palencia\/asaja-palencia-informa\/nota-aclaratoria-de-la-junta-sobre-cambios-recientes-en-la-solicitud-unica-de-la-pac-2024#primaryimage"},"image":{"@id":"https:\/\/www.asajacyl.com\/palencia\/asaja-palencia-informa\/nota-aclaratoria-de-la-junta-sobre-cambios-recientes-en-la-solicitud-unica-de-la-pac-2024#primaryimage"},"thumbnailUrl":"https:\/\/www.asajacyl.com\/palencia\/wp-content\/uploads\/sites\/3\/2023\/11\/Sembrado-de-lentejas.jpg","datePublished":"2024-03-24T09:00:00+00:00","author":{"@id":"https:\/\/www.asajacyl.com\/palencia\/#\/schema\/person\/3ab17aeb03527485c317557fae64aab1"},"description":"La Consejer\u00eda de Agricultura, Ganader\u00eda y Desarrollo Rural de la Junta de Castilla y Le\u00f3n ha difundido una nota interpretativa de la reciente propuesta de","breadcrumb":{"@id":"https:\/\/www.asajacyl.com\/palencia\/asaja-palencia-informa\/nota-aclaratoria-de-la-junta-sobre-cambios-recientes-en-la-solicitud-unica-de-la-pac-2024#breadcrumb"},"inLanguage":"es","potentialAction":[{"@type":"ReadAction","target":["https:\/\/www.asajacyl.com\/palencia\/asaja-palencia-informa\/nota-aclaratoria-de-la-junta-sobre-cambios-recientes-en-la-solicitud-unica-de-la-pac-2024"]}]},{"@type":"ImageObject","inLanguage":"es","@id":"https:\/\/www.asajacyl.com\/palencia\/asaja-palencia-informa\/nota-aclaratoria-de-la-junta-sobre-cambios-recientes-en-la-solicitud-unica-de-la-pac-2024#primaryimage","url":"https:\/\/www.asajacyl.com\/palencia\/wp-content\/uploads\/sites\/3\/2023\/11\/Sembrado-de-lentejas.jpg","contentUrl":"https:\/\/www.asajacyl.com\/palencia\/wp-content\/uploads\/sites\/3\/2023\/11\/Sembrado-de-lentejas.jpg","width":1890,"height":1654},{"@type":"BreadcrumbList","@id":"https:\/\/www.asajacyl.com\/palencia\/asaja-palencia-informa\/nota-aclaratoria-de-la-junta-sobre-cambios-recientes-en-la-solicitud-unica-de-la-pac-2024#breadcrumb","itemListElement":[{"@type":"ListItem","position":1,"name":"Portada","item":"https:\/\/www.asajacyl.com\/palencia\/"},{"@type":"ListItem","position":2,"name":"Nota aclaratoria de la Junta sobre cambios recientes en la solicitud \u00fanica de la PAC 2024"}]},{"@type":"WebSite","@id":"https:\/\/www.asajacyl.com\/palencia\/#website","url":"https:\/\/www.asajacyl.com\/palencia\/","name":"ASAJA Palencia","description":"Otro sitio m\u00e1s de Provincias ASAJA Castilla y Le\u00f3n","potentialAction":[{"@type":"SearchAction","target":{"@type":"EntryPoint","urlTemplate":"https:\/\/www.asajacyl.com\/palencia\/?s={search_term_string}"},"query-input":{"@type":"PropertyValueSpecification","valueRequired":true,"valueName":"search_term_string"}}],"inLanguage":"es"},{"@type":"Person","@id":"https:\/\/www.asajacyl.com\/palencia\/#\/schema\/person\/3ab17aeb03527485c317557fae64aab1","name":"Administrador","image":{"@type":"ImageObject","inLanguage":"es","@id":"https:\/\/www.asajacyl.com\/palencia\/#\/schema\/person\/image\/","url":"https:\/\/secure.gravatar.com\/avatar\/517384810d242ca9e38c180f3c9fb973?s=96&d=mm&r=g","contentUrl":"https:\/\/secure.gravatar.com\/avatar\/517384810d242ca9e38c180f3c9fb973?s=96&d=mm&r=g","caption":"Administrador"},"url":"https:\/\/www.asajacyl.com\/palencia\/author\/carlosrm"}]}},"_links":{"self":[{"href":"https:\/\/www.asajacyl.com\/palencia\/wp-json\/wp\/v2\/posts\/15752"}],"collection":[{"href":"https:\/\/www.asajacyl.com\/palencia\/wp-json\/wp\/v2\/posts"}],"about":[{"href":"https:\/\/www.asajacyl.com\/palencia\/wp-json\/wp\/v2\/types\/post"}],"author":[{"embeddable":true,"href":"https:\/\/www.asajacyl.com\/palencia\/wp-json\/wp\/v2\/users\/9"}],"replies":[{"embeddable":true,"href":"https:\/\/www.asajacyl.com\/palencia\/wp-json\/wp\/v2\/comments?post=15752"}],"version-history":[{"count":1,"href":"https:\/\/www.asajacyl.com\/palencia\/wp-json\/wp\/v2\/posts\/15752\/revisions"}],"predecessor-version":[{"id":15754,"href":"https:\/\/www.asajacyl.com\/palencia\/wp-json\/wp\/v2\/posts\/15752\/revisions\/15754"}],"wp:featuredmedia":[{"embeddable":true,"href":"https:\/\/www.asajacyl.com\/palencia\/wp-json\/wp\/v2\/media\/14849"}],"wp:attachment":[{"href":"https:\/\/www.asajacyl.com\/palencia\/wp-json\/wp\/v2\/media?parent=15752"}],"wp:term":[{"taxonomy":"category","embeddable":true,"href":"https:\/\/www.asajacyl.com\/palencia\/wp-json\/wp\/v2\/categories?post=15752"},{"taxonomy":"post_tag","embeddable":true,"href":"https:\/\/www.asajacyl.com\/palencia\/wp-json\/wp\/v2\/tags?post=15752"}],"curies":[{"name":"wp","href":"https:\/\/api.w.org\/{rel}","templated":true}]}}