{"id":15802,"date":"2024-03-31T08:29:06","date_gmt":"2024-03-31T06:29:06","guid":{"rendered":"https:\/\/www.asajacyl.com\/palencia\/?p=15802"},"modified":"2024-03-27T09:50:23","modified_gmt":"2024-03-27T08:50:23","slug":"la-ue-desoye-al-sector-agroganadero-en-su-ampliacion-de-las-excepciones-comerciales-con-ucrania","status":"publish","type":"post","link":"https:\/\/www.asajacyl.com\/palencia\/asaja-palencia-informa\/la-ue-desoye-al-sector-agroganadero-en-su-ampliacion-de-las-excepciones-comerciales-con-ucrania","title":{"rendered":"La UE desoye al sector agr\u00edcola en la propuesta de ampliar las excepciones comerciales con Ucrania"},"content":{"rendered":"\n<h2 class=\"wp-block-heading\">Tanto las organizaciones profesionales agrarias de la Uni\u00f3n Europea (COPA, a la que pertenece ASAJA) como las cooperativas del sector (COGECA) critican que las instituciones comunitarias hayan deso\u00eddo sus protestas con el reciente acuerdo provisional alcanzado para ampliar un a\u00f1o m\u00e1s las excepciones comerciales con Ucrania. Seg\u00fan COPA-COGECA, los responsables pol\u00edticos de la UE&nbsp;han actuado \u00abignorando las principales preocupaciones de nuestros productores\u00bb.<\/h2>\n\n\n\n<p>Las instancias de decisi\u00f3n comunitarias reunidas el pasado 19 de marzo a fin de negociar la renovaci\u00f3n de las medidas comerciales aplicables a Ucrania decidieron deso\u00edr las principales preocupaciones de nuestros productores, pese a la legitimidad de las inquietudes y las protestas agr\u00edcolas.<\/p>\n\n\n\n<p>La suspensi\u00f3n temporal de los aranceles de importaci\u00f3n y del l\u00edmite de contingentes sobre las exportaciones agr\u00edcolas de Ucrania a la UE se renovar\u00e1 un a\u00f1o m\u00e1s, hasta el 5 de junio de 2025, en el marco de las medidas comunitarias de apoyo a este pa\u00eds en su conflicto b\u00e9lico con Rusia.<\/p>\n\n\n\n<p>El acuerdo alcanzado seguir\u00e1 exponiendo a la producci\u00f3n comunitaria a importantes flujos de importaci\u00f3n y, al rechazar adem\u00e1s la inclusi\u00f3n del trigo, deniega una de las principales modificaciones propuestas por el Parlamento, que habr\u00edan supuesto una protecci\u00f3n suficiente para nuestros productores y fabricantes. En ese reciente di\u00e1logo a tres bandas (Consejo Europeo, Parlamento y Comisi\u00f3n) no salieron adelante las principales enmiendas aprobadas por el pleno del Parlamento.<\/p>\n\n\n\n<p>ASAJA viene denunciando desde hace pr\u00e1cticamente un a\u00f1o que la importaci\u00f3n masiva de cereales, entre otras mercanc\u00edas, en su mayor parte procedentes de Ucrania, est\u00e1 minando los precios del mercado interior espa\u00f1ol, como principal pa\u00eds receptor. Asimismo, nuestra organizaci\u00f3n advierte que esas importaciones sin aranceles, adem\u00e1s de constituir una competencia desleal, obliga a nuestros productores a vender por debajo de los costes de producci\u00f3n (algo que contraviene la Ley de la Cadena Alimentaria), y les a\u00f1ade a\u00fan m\u00e1s incertidumbre econ\u00f3mica y agron\u00f3mica a sus explotaciones.<\/p>\n\n\n\n<p>Las organizaciones del sector comprenden el delicado contexto pol\u00edtico del acuerdo y la necesidad de apoyar a Ucrania. Pero lamentan que se hayan soslayado detalles importantes, claves para brindar una soluci\u00f3n eficaz para los productores europeos.<\/p>\n\n\n\n<p><strong>2022-2023, ENGA\u00d1OSOS REFERENTES. <\/strong>Se valoran positivamente la inclusi\u00f3n de la avena, los gra\u00f1ones y la miel entre los productos acogidos a regulaci\u00f3n, as\u00ed como el acortamiento del periodo de activaci\u00f3n, pero rechazan que se mantenga como periodo de referencia 2022-2023, en vez de incluirse tambi\u00e9n 2021 \u2014a\u00f1o anterior al inicio de la guerra de Ucrania y sus distorsiones en los mercados internacionales\u2014. As\u00ed, la carga para el sector agr\u00edcola comunitario va a persistir, con el consiguiente da\u00f1o a los productores europeos.<\/p>\n\n\n\n<p>El reglamento prev\u00e9 un freno de emergencia para los productos agr\u00edcolas especialmente sensibles (aves de corral, huevos y az\u00facar, a los que se a\u00f1adir\u00e1n ahora la avena, el ma\u00edz, la gra\u00f1ones y la miel). La Comisi\u00f3n tambi\u00e9n se ha comprometido a tomar medidas si se produce un aumento de las importaciones ucranianas de trigo, pero al tomar como periodo de referencia para activar el freno de emergencia los a\u00f1os  2022-2023, la presi\u00f3n importadora continuar\u00e1: solo se impondr\u00e1n aranceles si las importaciones de estos productos superan los vol\u00famenes medios de esos dos a\u00f1os. <\/p>\n\n\n\n<p>El Parlamento tambi\u00e9n logr\u00f3 que la Comisi\u00f3n se comprometa a aplicar las salvaguardas autom\u00e1ticas con mayor rapidez (dos semanas, en lugar de tres), pero est\u00e1 por ver la eficacia futura de todas esas medidas correctoras. Lo cierto es que los cerealistas espa\u00f1oles han visto c\u00f3mo en el \u00faltimo a\u00f1o su producto se ha depreciado en torno a un tercio (alrededor de cien euros por tonelada), mientras los costes no han bajado en similar proporci\u00f3n. <\/p>\n\n\n\n<p><strong>REPERCUSIONES FUTURAS. <\/strong>El COPA-COGECA estima que es posible que la falta de atenci\u00f3n a los productores agr\u00edcolas mine el apoyo a futuras negociaciones sobre la adhesi\u00f3n de Ucrania a la Uni\u00f3n Europea; y vaticina que este nuevo marco ampliado probablemente sentar\u00e1 las bases para una nueva negociaci\u00f3n del acuerdo de asociaci\u00f3n con ese pa\u00eds. Sin embargo, al establecer niveles de referencia que ya de por s\u00ed eran demasiado elevados, no contar\u00e1n con el benepl\u00e1cito de los productores y los fabricantes comunitarios. <\/p>\n\n\n\n<p>Por todos estos motivos, reclaman un nuevo di\u00e1logo a tres bandas que atienda las peticiones del sector. Adem\u00e1s del COPA-COGECA, han firmado este rechazo al acuerdo alcanzado el pasado 19 de febrero las siguientes organizaciones del espacio comunitario:<\/p>\n\n\n\n<ul>\n<li><strong>AVEC<\/strong>: Asociaci\u00f3n de transformadores y comercio av\u00edcolas para los pa\u00edses de la UE<\/li>\n\n\n\n<li><strong>CEFS<\/strong>: Asociaci\u00f3n europea de fabricantes de az\u00facar<\/li>\n\n\n\n<li><strong>CEPM<\/strong>: Confederaci\u00f3n europea de productores de ma\u00edz<\/li>\n\n\n\n<li><strong>CIBE<\/strong>: Confederaci\u00f3n internacional de cultivadores de remolacha europeos<\/li>\n\n\n\n<li><strong>EUWEP<\/strong>: Uni\u00f3n europea de mayoristas de huevos, ovoproductos, aves de corral y caza.<\/li>\n<\/ul>\n\n\n\n<p>Se espera que los estados miembros de la UE adopten formalmente el acuerdo de renovaci\u00f3n de las medidas comerciales con Ucrania a finales de abril, para entrar en vigor alrededor del 6 de junio.<strong>\/<\/strong><\/p>\n","protected":false},"excerpt":{"rendered":"<p>Tanto las organizaciones profesionales agrarias de la Uni\u00f3n Europea (COPA, a la que pertenece ASAJA) como las cooperativas del sector (COGECA) critican que las instituciones comunitarias hayan deso\u00eddo sus protestas con el reciente acuerdo provisional alcanzado para ampliar un a\u00f1o m\u00e1s las excepciones comerciales con Ucrania. Seg\u00fan COPA-COGECA, los responsables pol\u00edticos de la UE&nbsp;han actuado [&hellip;]<\/p>\n","protected":false},"author":9,"featured_media":15803,"comment_status":"open","ping_status":"open","sticky":false,"template":"","format":"standard","meta":{"footnotes":""},"categories":[9,29,28],"tags":[708,58,221,46,260,192,351,77,654,191,220,44],"yoast_head":"<!-- This site is optimized with the Yoast SEO plugin v24.5 - https:\/\/yoast.com\/wordpress\/plugins\/seo\/ -->\n<title>La UE desoye al sector agr\u00edcola en la propuesta de ampliar las excepciones comerciales con Ucrania - ASAJA Palencia<\/title>\n<meta name=\"description\" content=\"Tanto las organizaciones profesionales agrarias de la Uni\u00f3n Europea (COPA, a la que pertenece ASAJA) como las cooperativas del sector (COGECA) critican\" \/>\n<meta name=\"robots\" content=\"index, follow, max-snippet:-1, max-image-preview:large, max-video-preview:-1\" \/>\n<link rel=\"canonical\" href=\"https:\/\/www.asajacyl.com\/palencia\/asaja-palencia-informa\/la-ue-desoye-al-sector-agroganadero-en-su-ampliacion-de-las-excepciones-comerciales-con-ucrania\" \/>\n<meta property=\"og:locale\" content=\"es_ES\" \/>\n<meta property=\"og:type\" content=\"article\" \/>\n<meta property=\"og:title\" content=\"La UE desoye al sector agr\u00edcola en la propuesta de ampliar las excepciones comerciales con Ucrania - ASAJA Palencia\" \/>\n<meta property=\"og:description\" content=\"Tanto las organizaciones profesionales agrarias de la Uni\u00f3n Europea (COPA, a la que pertenece ASAJA) como las cooperativas del sector (COGECA) critican\" \/>\n<meta property=\"og:url\" content=\"https:\/\/www.asajacyl.com\/palencia\/asaja-palencia-informa\/la-ue-desoye-al-sector-agroganadero-en-su-ampliacion-de-las-excepciones-comerciales-con-ucrania\" \/>\n<meta property=\"og:site_name\" content=\"ASAJA Palencia\" \/>\n<meta property=\"article:published_time\" content=\"2024-03-31T06:29:06+00:00\" \/>\n<meta property=\"og:image\" content=\"https:\/\/www.asajacyl.com\/palencia\/wp-content\/uploads\/sites\/3\/2024\/03\/Manifestacion-puerto-Santan.jpg\" \/>\n\t<meta property=\"og:image:width\" content=\"1890\" \/>\n\t<meta property=\"og:image:height\" content=\"1654\" \/>\n\t<meta property=\"og:image:type\" content=\"image\/jpeg\" \/>\n<meta name=\"author\" content=\"Administrador\" \/>\n<meta name=\"twitter:card\" content=\"summary_large_image\" \/>\n<meta name=\"twitter:label1\" content=\"Escrito por\" \/>\n\t<meta name=\"twitter:data1\" content=\"Administrador\" \/>\n\t<meta name=\"twitter:label2\" content=\"Tiempo de lectura\" \/>\n\t<meta name=\"twitter:data2\" content=\"4 minutos\" \/>\n<script type=\"application\/ld+json\" class=\"yoast-schema-graph\">{\"@context\":\"https:\/\/schema.org\",\"@graph\":[{\"@type\":\"WebPage\",\"@id\":\"https:\/\/www.asajacyl.com\/palencia\/asaja-palencia-informa\/la-ue-desoye-al-sector-agroganadero-en-su-ampliacion-de-las-excepciones-comerciales-con-ucrania\",\"url\":\"https:\/\/www.asajacyl.com\/palencia\/asaja-palencia-informa\/la-ue-desoye-al-sector-agroganadero-en-su-ampliacion-de-las-excepciones-comerciales-con-ucrania\",\"name\":\"La UE desoye al sector agr\u00edcola en la propuesta de ampliar las excepciones comerciales con Ucrania - ASAJA Palencia\",\"isPartOf\":{\"@id\":\"https:\/\/www.asajacyl.com\/palencia\/#website\"},\"primaryImageOfPage\":{\"@id\":\"https:\/\/www.asajacyl.com\/palencia\/asaja-palencia-informa\/la-ue-desoye-al-sector-agroganadero-en-su-ampliacion-de-las-excepciones-comerciales-con-ucrania#primaryimage\"},\"image\":{\"@id\":\"https:\/\/www.asajacyl.com\/palencia\/asaja-palencia-informa\/la-ue-desoye-al-sector-agroganadero-en-su-ampliacion-de-las-excepciones-comerciales-con-ucrania#primaryimage\"},\"thumbnailUrl\":\"https:\/\/www.asajacyl.com\/palencia\/wp-content\/uploads\/sites\/3\/2024\/03\/Manifestacion-puerto-Santan.jpg\",\"datePublished\":\"2024-03-31T06:29:06+00:00\",\"author\":{\"@id\":\"https:\/\/www.asajacyl.com\/palencia\/#\/schema\/person\/3ab17aeb03527485c317557fae64aab1\"},\"description\":\"Tanto las organizaciones profesionales agrarias de la Uni\u00f3n Europea (COPA, a la que pertenece ASAJA) como las cooperativas del sector (COGECA) critican\",\"breadcrumb\":{\"@id\":\"https:\/\/www.asajacyl.com\/palencia\/asaja-palencia-informa\/la-ue-desoye-al-sector-agroganadero-en-su-ampliacion-de-las-excepciones-comerciales-con-ucrania#breadcrumb\"},\"inLanguage\":\"es\",\"potentialAction\":[{\"@type\":\"ReadAction\",\"target\":[\"https:\/\/www.asajacyl.com\/palencia\/asaja-palencia-informa\/la-ue-desoye-al-sector-agroganadero-en-su-ampliacion-de-las-excepciones-comerciales-con-ucrania\"]}]},{\"@type\":\"ImageObject\",\"inLanguage\":\"es\",\"@id\":\"https:\/\/www.asajacyl.com\/palencia\/asaja-palencia-informa\/la-ue-desoye-al-sector-agroganadero-en-su-ampliacion-de-las-excepciones-comerciales-con-ucrania#primaryimage\",\"url\":\"https:\/\/www.asajacyl.com\/palencia\/wp-content\/uploads\/sites\/3\/2024\/03\/Manifestacion-puerto-Santan.jpg\",\"contentUrl\":\"https:\/\/www.asajacyl.com\/palencia\/wp-content\/uploads\/sites\/3\/2024\/03\/Manifestacion-puerto-Santan.jpg\",\"width\":1890,\"height\":1654},{\"@type\":\"BreadcrumbList\",\"@id\":\"https:\/\/www.asajacyl.com\/palencia\/asaja-palencia-informa\/la-ue-desoye-al-sector-agroganadero-en-su-ampliacion-de-las-excepciones-comerciales-con-ucrania#breadcrumb\",\"itemListElement\":[{\"@type\":\"ListItem\",\"position\":1,\"name\":\"Portada\",\"item\":\"https:\/\/www.asajacyl.com\/palencia\/\"},{\"@type\":\"ListItem\",\"position\":2,\"name\":\"La UE desoye al sector agr\u00edcola en la propuesta de ampliar las excepciones comerciales con Ucrania\"}]},{\"@type\":\"WebSite\",\"@id\":\"https:\/\/www.asajacyl.com\/palencia\/#website\",\"url\":\"https:\/\/www.asajacyl.com\/palencia\/\",\"name\":\"ASAJA Palencia\",\"description\":\"Otro sitio m\u00e1s de Provincias ASAJA Castilla y Le\u00f3n\",\"potentialAction\":[{\"@type\":\"SearchAction\",\"target\":{\"@type\":\"EntryPoint\",\"urlTemplate\":\"https:\/\/www.asajacyl.com\/palencia\/?s={search_term_string}\"},\"query-input\":{\"@type\":\"PropertyValueSpecification\",\"valueRequired\":true,\"valueName\":\"search_term_string\"}}],\"inLanguage\":\"es\"},{\"@type\":\"Person\",\"@id\":\"https:\/\/www.asajacyl.com\/palencia\/#\/schema\/person\/3ab17aeb03527485c317557fae64aab1\",\"name\":\"Administrador\",\"image\":{\"@type\":\"ImageObject\",\"inLanguage\":\"es\",\"@id\":\"https:\/\/www.asajacyl.com\/palencia\/#\/schema\/person\/image\/\",\"url\":\"https:\/\/secure.gravatar.com\/avatar\/517384810d242ca9e38c180f3c9fb973?s=96&d=mm&r=g\",\"contentUrl\":\"https:\/\/secure.gravatar.com\/avatar\/517384810d242ca9e38c180f3c9fb973?s=96&d=mm&r=g\",\"caption\":\"Administrador\"},\"url\":\"https:\/\/www.asajacyl.com\/palencia\/author\/carlosrm\"}]}<\/script>\n<!-- \/ Yoast SEO plugin. -->","yoast_head_json":{"title":"La UE desoye al sector agr\u00edcola en la propuesta de ampliar las excepciones comerciales con Ucrania - ASAJA Palencia","description":"Tanto las organizaciones profesionales agrarias de la Uni\u00f3n Europea (COPA, a la que pertenece ASAJA) como las cooperativas del sector (COGECA) critican","robots":{"index":"index","follow":"follow","max-snippet":"max-snippet:-1","max-image-preview":"max-image-preview:large","max-video-preview":"max-video-preview:-1"},"canonical":"https:\/\/www.asajacyl.com\/palencia\/asaja-palencia-informa\/la-ue-desoye-al-sector-agroganadero-en-su-ampliacion-de-las-excepciones-comerciales-con-ucrania","og_locale":"es_ES","og_type":"article","og_title":"La UE desoye al sector agr\u00edcola en la propuesta de ampliar las excepciones comerciales con Ucrania - ASAJA Palencia","og_description":"Tanto las organizaciones profesionales agrarias de la Uni\u00f3n Europea (COPA, a la que pertenece ASAJA) como las cooperativas del sector (COGECA) critican","og_url":"https:\/\/www.asajacyl.com\/palencia\/asaja-palencia-informa\/la-ue-desoye-al-sector-agroganadero-en-su-ampliacion-de-las-excepciones-comerciales-con-ucrania","og_site_name":"ASAJA Palencia","article_published_time":"2024-03-31T06:29:06+00:00","og_image":[{"width":1890,"height":1654,"url":"https:\/\/www.asajacyl.com\/palencia\/wp-content\/uploads\/sites\/3\/2024\/03\/Manifestacion-puerto-Santan.jpg","type":"image\/jpeg"}],"author":"Administrador","twitter_card":"summary_large_image","twitter_misc":{"Escrito por":"Administrador","Tiempo de lectura":"4 minutos"},"schema":{"@context":"https:\/\/schema.org","@graph":[{"@type":"WebPage","@id":"https:\/\/www.asajacyl.com\/palencia\/asaja-palencia-informa\/la-ue-desoye-al-sector-agroganadero-en-su-ampliacion-de-las-excepciones-comerciales-con-ucrania","url":"https:\/\/www.asajacyl.com\/palencia\/asaja-palencia-informa\/la-ue-desoye-al-sector-agroganadero-en-su-ampliacion-de-las-excepciones-comerciales-con-ucrania","name":"La UE desoye al sector agr\u00edcola en la propuesta de ampliar las excepciones comerciales con Ucrania - ASAJA Palencia","isPartOf":{"@id":"https:\/\/www.asajacyl.com\/palencia\/#website"},"primaryImageOfPage":{"@id":"https:\/\/www.asajacyl.com\/palencia\/asaja-palencia-informa\/la-ue-desoye-al-sector-agroganadero-en-su-ampliacion-de-las-excepciones-comerciales-con-ucrania#primaryimage"},"image":{"@id":"https:\/\/www.asajacyl.com\/palencia\/asaja-palencia-informa\/la-ue-desoye-al-sector-agroganadero-en-su-ampliacion-de-las-excepciones-comerciales-con-ucrania#primaryimage"},"thumbnailUrl":"https:\/\/www.asajacyl.com\/palencia\/wp-content\/uploads\/sites\/3\/2024\/03\/Manifestacion-puerto-Santan.jpg","datePublished":"2024-03-31T06:29:06+00:00","author":{"@id":"https:\/\/www.asajacyl.com\/palencia\/#\/schema\/person\/3ab17aeb03527485c317557fae64aab1"},"description":"Tanto las organizaciones profesionales agrarias de la Uni\u00f3n Europea (COPA, a la que pertenece ASAJA) como las cooperativas del sector (COGECA) critican","breadcrumb":{"@id":"https:\/\/www.asajacyl.com\/palencia\/asaja-palencia-informa\/la-ue-desoye-al-sector-agroganadero-en-su-ampliacion-de-las-excepciones-comerciales-con-ucrania#breadcrumb"},"inLanguage":"es","potentialAction":[{"@type":"ReadAction","target":["https:\/\/www.asajacyl.com\/palencia\/asaja-palencia-informa\/la-ue-desoye-al-sector-agroganadero-en-su-ampliacion-de-las-excepciones-comerciales-con-ucrania"]}]},{"@type":"ImageObject","inLanguage":"es","@id":"https:\/\/www.asajacyl.com\/palencia\/asaja-palencia-informa\/la-ue-desoye-al-sector-agroganadero-en-su-ampliacion-de-las-excepciones-comerciales-con-ucrania#primaryimage","url":"https:\/\/www.asajacyl.com\/palencia\/wp-content\/uploads\/sites\/3\/2024\/03\/Manifestacion-puerto-Santan.jpg","contentUrl":"https:\/\/www.asajacyl.com\/palencia\/wp-content\/uploads\/sites\/3\/2024\/03\/Manifestacion-puerto-Santan.jpg","width":1890,"height":1654},{"@type":"BreadcrumbList","@id":"https:\/\/www.asajacyl.com\/palencia\/asaja-palencia-informa\/la-ue-desoye-al-sector-agroganadero-en-su-ampliacion-de-las-excepciones-comerciales-con-ucrania#breadcrumb","itemListElement":[{"@type":"ListItem","position":1,"name":"Portada","item":"https:\/\/www.asajacyl.com\/palencia\/"},{"@type":"ListItem","position":2,"name":"La UE desoye al sector agr\u00edcola en la propuesta de ampliar las excepciones comerciales con Ucrania"}]},{"@type":"WebSite","@id":"https:\/\/www.asajacyl.com\/palencia\/#website","url":"https:\/\/www.asajacyl.com\/palencia\/","name":"ASAJA Palencia","description":"Otro sitio m\u00e1s de Provincias ASAJA Castilla y Le\u00f3n","potentialAction":[{"@type":"SearchAction","target":{"@type":"EntryPoint","urlTemplate":"https:\/\/www.asajacyl.com\/palencia\/?s={search_term_string}"},"query-input":{"@type":"PropertyValueSpecification","valueRequired":true,"valueName":"search_term_string"}}],"inLanguage":"es"},{"@type":"Person","@id":"https:\/\/www.asajacyl.com\/palencia\/#\/schema\/person\/3ab17aeb03527485c317557fae64aab1","name":"Administrador","image":{"@type":"ImageObject","inLanguage":"es","@id":"https:\/\/www.asajacyl.com\/palencia\/#\/schema\/person\/image\/","url":"https:\/\/secure.gravatar.com\/avatar\/517384810d242ca9e38c180f3c9fb973?s=96&d=mm&r=g","contentUrl":"https:\/\/secure.gravatar.com\/avatar\/517384810d242ca9e38c180f3c9fb973?s=96&d=mm&r=g","caption":"Administrador"},"url":"https:\/\/www.asajacyl.com\/palencia\/author\/carlosrm"}]}},"_links":{"self":[{"href":"https:\/\/www.asajacyl.com\/palencia\/wp-json\/wp\/v2\/posts\/15802"}],"collection":[{"href":"https:\/\/www.asajacyl.com\/palencia\/wp-json\/wp\/v2\/posts"}],"about":[{"href":"https:\/\/www.asajacyl.com\/palencia\/wp-json\/wp\/v2\/types\/post"}],"author":[{"embeddable":true,"href":"https:\/\/www.asajacyl.com\/palencia\/wp-json\/wp\/v2\/users\/9"}],"replies":[{"embeddable":true,"href":"https:\/\/www.asajacyl.com\/palencia\/wp-json\/wp\/v2\/comments?post=15802"}],"version-history":[{"count":2,"href":"https:\/\/www.asajacyl.com\/palencia\/wp-json\/wp\/v2\/posts\/15802\/revisions"}],"predecessor-version":[{"id":15805,"href":"https:\/\/www.asajacyl.com\/palencia\/wp-json\/wp\/v2\/posts\/15802\/revisions\/15805"}],"wp:featuredmedia":[{"embeddable":true,"href":"https:\/\/www.asajacyl.com\/palencia\/wp-json\/wp\/v2\/media\/15803"}],"wp:attachment":[{"href":"https:\/\/www.asajacyl.com\/palencia\/wp-json\/wp\/v2\/media?parent=15802"}],"wp:term":[{"taxonomy":"category","embeddable":true,"href":"https:\/\/www.asajacyl.com\/palencia\/wp-json\/wp\/v2\/categories?post=15802"},{"taxonomy":"post_tag","embeddable":true,"href":"https:\/\/www.asajacyl.com\/palencia\/wp-json\/wp\/v2\/tags?post=15802"}],"curies":[{"name":"wp","href":"https:\/\/api.w.org\/{rel}","templated":true}]}}