{"id":15940,"date":"2024-04-11T11:55:58","date_gmt":"2024-04-11T09:55:58","guid":{"rendered":"https:\/\/www.asajacyl.com\/palencia\/?p=15940"},"modified":"2024-04-11T11:56:01","modified_gmt":"2024-04-11T09:56:01","slug":"la-lonja-de-leon-acusa-el-nerviosismo-en-la-cotizacion-de-los-cereales-que-vuelve-a-la-tendencia-bajista","status":"publish","type":"post","link":"https:\/\/www.asajacyl.com\/palencia\/asaja-palencia-informa\/la-lonja-de-leon-acusa-el-nerviosismo-en-la-cotizacion-de-los-cereales-que-vuelve-a-la-tendencia-bajista","title":{"rendered":"La lonja de Le\u00f3n acusa el nerviosismo en la cotizaci\u00f3n de los cereales, que vuelve a la tendencia bajista"},"content":{"rendered":"\n<h2 class=\"wp-block-heading\">El nerviosismo y la incertidumbre vuelven a los mercados. As\u00ed se dej\u00f3 sentir este mi\u00e9rcoles en la lonja de Le\u00f3n, donde el cereal cambi\u00f3 de tendencia y regresa a la depreciaci\u00f3n en los \u00faltimos contratos, con muy escaso movimiento, paralizado ante las expectativas. La tonelada de trigo y cebada pierde un euro con respecto a la sesi\u00f3n anterior, mientras el centeno cae tres euros por tonelada y, de momento, la avena y el ma\u00edz logran estabilizarse.<\/h2>\n\n\n\n<p>La <strong>avena<\/strong>, situada ahora en el mercado leon\u00e9s en los 270 euros\/tonelada, cotiza el 6,3 % m\u00e1s que hace un a\u00f1o. El resto de los cereales, en cambio, acusan ca\u00eddas interanuales importantes, que van del -21 % (<strong>cebada<\/strong>) al -26 % (<strong>centeno<\/strong>), con p\u00e9rdidas del -23 % en el <strong>trigo <\/strong>y el <strong>ma\u00edz<\/strong>.<\/p>\n\n\n\n<p>La Lonja de Le\u00f3n explica que, \u00abdespu\u00e9s de unas semanas de estabilidad y alguna subida puntual, el nerviosismo ha vuelto a los mercados, porque el comprador piensa comprar m\u00e1s barato y el vendedor no est\u00e1 dispuesto a ceder, lo que pr\u00e1cticamente ha paralizado las operaciones\u00bb.<\/p>\n\n\n\n<p>Se trata de una situaci\u00f3n normal en esta \u00e9poca del a\u00f1o, en la que se anticipa el estado de los cultivos de cereal de invierno, y \u00ablas noticias interesadas cobran peso y las fluctuaciones son inevitables\u00bb. <\/p>\n\n\n\n<p><strong>IMPORTACIONES. <\/strong>El contexto internacional inestable tampoco ayuda, as\u00ed como la perspectiva de continuidad de importaciones masivas de grano sin aranceles procedentes de Ucrania hasta junio de 2025, unidas a la falta de mecanismos r\u00e1pidos de reacci\u00f3n por los efectos bajistas de esa llegada de mercanc\u00edas, pese al da\u00f1o evidente a los productores nacionales, seg\u00fan viene denunciando ASAJA.<\/p>\n\n\n\n<p>De los 18,8 millones de toneladas de cereales importadas por Espa\u00f1a en 2022 se ha pasado a m\u00e1s de 23,2 millones en 2023. La mala cosecha interior puede justificar ese aumento, pero lo llamativo es que la importaci\u00f3n ha subido sobre todo desde Ucrania, a la que no se aplica arancel en apoyo por su conflicto b\u00e9lico con Rusia. <\/p>\n\n\n\n<p><strong>M\u00c1S DE UN TERCIO, DE UCRANIA.<\/strong> El pasado a\u00f1o llegaron desde Ucrania 8,4 millones de toneladas de cereal, frente a los 4,7 millones del a\u00f1o anterior. Es decir, la importaci\u00f3n desde el exterior creci\u00f3 el 23,6 %; pero el de origen ucraniano exento de arancel aument\u00f3 el \u00faltimo ejercicio en casi el 77 %, despu\u00e9s de que m\u00e1s de un tercio (36 %) de las importaciones de cereales de 2023 que recibi\u00f3 Espa\u00f1a sean de origen ucranio. <\/p>\n\n\n\n<p>Con las abundantes precipitaciones de los \u00faltimos meses, la perspectiva de los cultivos es buena, aunque a\u00fan es muy pronto para aventurar rendimientos en Castilla y Le\u00f3n, primera comunidad aut\u00f3noma en cereales. As\u00ed lo destacan desde la lonja leonesa, donde el ma\u00edz seco repiti\u00f3 precio en los 205 euros\/tonelada (hace un a\u00f1o se pagaba a 267 euros\/tonelada), a la espera de que una estabilidad atmosf\u00e9rica que permita cosechar unos pocos miles de hect\u00e1reas que a\u00fan quedan en las fincas.<\/p>\n\n\n\n<p><strong>FIN DE CAMPA\u00d1A DE UNA PATATA REVALORIZADA. <\/strong>Por otro lado, la Lonja de Le\u00f3n ha cerrado este mi\u00e9rcoles la cotizaci\u00f3n de la patata, ya que no hay oferta en manos de los agricultores y nos encontramos en fechas de siembra cara a la pr\u00f3xima campa\u00f1a. En la actual, se ha revalorizado este segmento de la producci\u00f3n.<\/p>\n\n\n\n<p>As\u00ed, la variedad agria se fij\u00f3 en esta \u00faltima sesi\u00f3n en 480 euros\/tonelada, sesenta euros m\u00e1s que el precio de hace un a\u00f1o (+14 % de subida interanual) y 130 euros m\u00e1s que al inicio de la campa\u00f1a el pasado septiembre (+ 37%).<\/p>\n\n\n\n<p>El resto de variedades cierra la campa\u00f1a 2023-2024 en los 430 euros\/tonelada, tambi\u00e9n con subidas significativas con respecto a la cotizaci\u00f3n de hace un a\u00f1o (+19 %), situada en torno a los 360 euros\/tonelada; y la del inicio de temporada hace siete meses, cuando arranc\u00f3 en los 320 euros\/tonelada (+34 %).<strong>\/<\/strong><\/p>\n\n\n\n<figure class=\"wp-block-image size-full is-resized\"><img loading=\"lazy\" decoding=\"async\" src=\"https:\/\/www.asajacyl.com\/palencia\/wp-content\/uploads\/sites\/3\/2024\/04\/Tabla-precios-agricultura-10abril2024.png\" alt=\"\" class=\"wp-image-15941\" width=\"1065\" height=\"821\" \/><\/figure>\n","protected":false},"excerpt":{"rendered":"<p>El nerviosismo y la incertidumbre vuelven a los mercados. As\u00ed se dej\u00f3 sentir este mi\u00e9rcoles en la lonja de Le\u00f3n, donde el cereal cambi\u00f3 de tendencia y regresa a la depreciaci\u00f3n en los \u00faltimos contratos, con muy escaso movimiento, paralizado ante las expectativas. La tonelada de trigo y cebada pierde un euro con respecto a [&hellip;]<\/p>\n","protected":false},"author":9,"featured_media":1632,"comment_status":"open","ping_status":"open","sticky":false,"template":"","format":"standard","meta":{"footnotes":""},"categories":[9,29,36,28,13],"tags":[58,677,290,221,289,46,77,137,654,812,293,554,219,92,147,220],"yoast_head":"<!-- This site is optimized with the Yoast SEO plugin v24.5 - https:\/\/yoast.com\/wordpress\/plugins\/seo\/ -->\n<title>La lonja de Le\u00f3n acusa el nerviosismo en la cotizaci\u00f3n de los cereales, que vuelve a la tendencia bajista - ASAJA Palencia<\/title>\n<meta name=\"description\" content=\"El nerviosismo y la incertidumbre vuelven a los mercados. As\u00ed se dej\u00f3 sentir este mi\u00e9rcoles en la lonja de Le\u00f3n, donde el cereal cambi\u00f3 de tendencia y\" \/>\n<meta name=\"robots\" content=\"index, follow, max-snippet:-1, max-image-preview:large, max-video-preview:-1\" \/>\n<link rel=\"canonical\" href=\"https:\/\/www.asajacyl.com\/palencia\/asaja-palencia-informa\/la-lonja-de-leon-acusa-el-nerviosismo-en-la-cotizacion-de-los-cereales-que-vuelve-a-la-tendencia-bajista\" \/>\n<meta property=\"og:locale\" content=\"es_ES\" \/>\n<meta property=\"og:type\" content=\"article\" \/>\n<meta property=\"og:title\" content=\"La lonja de Le\u00f3n acusa el nerviosismo en la cotizaci\u00f3n de los cereales, que vuelve a la tendencia bajista - ASAJA Palencia\" \/>\n<meta property=\"og:description\" content=\"El nerviosismo y la incertidumbre vuelven a los mercados. As\u00ed se dej\u00f3 sentir este mi\u00e9rcoles en la lonja de Le\u00f3n, donde el cereal cambi\u00f3 de tendencia y\" \/>\n<meta property=\"og:url\" content=\"https:\/\/www.asajacyl.com\/palencia\/asaja-palencia-informa\/la-lonja-de-leon-acusa-el-nerviosismo-en-la-cotizacion-de-los-cereales-que-vuelve-a-la-tendencia-bajista\" \/>\n<meta property=\"og:site_name\" content=\"ASAJA Palencia\" \/>\n<meta property=\"article:published_time\" content=\"2024-04-11T09:55:58+00:00\" \/>\n<meta property=\"article:modified_time\" content=\"2024-04-11T09:56:01+00:00\" \/>\n<meta property=\"og:image\" content=\"https:\/\/www.asajacyl.com\/palencia\/wp-content\/uploads\/sites\/3\/2017\/11\/dos_trigos-1024x768.jpg\" \/>\n\t<meta property=\"og:image:width\" content=\"1024\" \/>\n\t<meta property=\"og:image:height\" content=\"768\" \/>\n\t<meta property=\"og:image:type\" content=\"image\/jpeg\" \/>\n<meta name=\"author\" content=\"Administrador\" \/>\n<meta name=\"twitter:card\" content=\"summary_large_image\" \/>\n<meta name=\"twitter:label1\" content=\"Escrito por\" \/>\n\t<meta name=\"twitter:data1\" content=\"Administrador\" \/>\n\t<meta name=\"twitter:label2\" content=\"Tiempo de lectura\" \/>\n\t<meta name=\"twitter:data2\" content=\"4 minutos\" \/>\n<script type=\"application\/ld+json\" class=\"yoast-schema-graph\">{\"@context\":\"https:\/\/schema.org\",\"@graph\":[{\"@type\":\"WebPage\",\"@id\":\"https:\/\/www.asajacyl.com\/palencia\/asaja-palencia-informa\/la-lonja-de-leon-acusa-el-nerviosismo-en-la-cotizacion-de-los-cereales-que-vuelve-a-la-tendencia-bajista\",\"url\":\"https:\/\/www.asajacyl.com\/palencia\/asaja-palencia-informa\/la-lonja-de-leon-acusa-el-nerviosismo-en-la-cotizacion-de-los-cereales-que-vuelve-a-la-tendencia-bajista\",\"name\":\"La lonja de Le\u00f3n acusa el nerviosismo en la cotizaci\u00f3n de los cereales, que vuelve a la tendencia bajista - ASAJA Palencia\",\"isPartOf\":{\"@id\":\"https:\/\/www.asajacyl.com\/palencia\/#website\"},\"primaryImageOfPage\":{\"@id\":\"https:\/\/www.asajacyl.com\/palencia\/asaja-palencia-informa\/la-lonja-de-leon-acusa-el-nerviosismo-en-la-cotizacion-de-los-cereales-que-vuelve-a-la-tendencia-bajista#primaryimage\"},\"image\":{\"@id\":\"https:\/\/www.asajacyl.com\/palencia\/asaja-palencia-informa\/la-lonja-de-leon-acusa-el-nerviosismo-en-la-cotizacion-de-los-cereales-que-vuelve-a-la-tendencia-bajista#primaryimage\"},\"thumbnailUrl\":\"https:\/\/www.asajacyl.com\/palencia\/wp-content\/uploads\/sites\/3\/2017\/11\/dos_trigos.jpg\",\"datePublished\":\"2024-04-11T09:55:58+00:00\",\"dateModified\":\"2024-04-11T09:56:01+00:00\",\"author\":{\"@id\":\"https:\/\/www.asajacyl.com\/palencia\/#\/schema\/person\/3ab17aeb03527485c317557fae64aab1\"},\"description\":\"El nerviosismo y la incertidumbre vuelven a los mercados. As\u00ed se dej\u00f3 sentir este mi\u00e9rcoles en la lonja de Le\u00f3n, donde el cereal cambi\u00f3 de tendencia y\",\"breadcrumb\":{\"@id\":\"https:\/\/www.asajacyl.com\/palencia\/asaja-palencia-informa\/la-lonja-de-leon-acusa-el-nerviosismo-en-la-cotizacion-de-los-cereales-que-vuelve-a-la-tendencia-bajista#breadcrumb\"},\"inLanguage\":\"es\",\"potentialAction\":[{\"@type\":\"ReadAction\",\"target\":[\"https:\/\/www.asajacyl.com\/palencia\/asaja-palencia-informa\/la-lonja-de-leon-acusa-el-nerviosismo-en-la-cotizacion-de-los-cereales-que-vuelve-a-la-tendencia-bajista\"]}]},{\"@type\":\"ImageObject\",\"inLanguage\":\"es\",\"@id\":\"https:\/\/www.asajacyl.com\/palencia\/asaja-palencia-informa\/la-lonja-de-leon-acusa-el-nerviosismo-en-la-cotizacion-de-los-cereales-que-vuelve-a-la-tendencia-bajista#primaryimage\",\"url\":\"https:\/\/www.asajacyl.com\/palencia\/wp-content\/uploads\/sites\/3\/2017\/11\/dos_trigos.jpg\",\"contentUrl\":\"https:\/\/www.asajacyl.com\/palencia\/wp-content\/uploads\/sites\/3\/2017\/11\/dos_trigos.jpg\",\"width\":3072,\"height\":2304},{\"@type\":\"BreadcrumbList\",\"@id\":\"https:\/\/www.asajacyl.com\/palencia\/asaja-palencia-informa\/la-lonja-de-leon-acusa-el-nerviosismo-en-la-cotizacion-de-los-cereales-que-vuelve-a-la-tendencia-bajista#breadcrumb\",\"itemListElement\":[{\"@type\":\"ListItem\",\"position\":1,\"name\":\"Portada\",\"item\":\"https:\/\/www.asajacyl.com\/palencia\/\"},{\"@type\":\"ListItem\",\"position\":2,\"name\":\"La lonja de Le\u00f3n acusa el nerviosismo en la cotizaci\u00f3n de los cereales, que vuelve a la tendencia bajista\"}]},{\"@type\":\"WebSite\",\"@id\":\"https:\/\/www.asajacyl.com\/palencia\/#website\",\"url\":\"https:\/\/www.asajacyl.com\/palencia\/\",\"name\":\"ASAJA Palencia\",\"description\":\"Otro sitio m\u00e1s de Provincias ASAJA Castilla y Le\u00f3n\",\"potentialAction\":[{\"@type\":\"SearchAction\",\"target\":{\"@type\":\"EntryPoint\",\"urlTemplate\":\"https:\/\/www.asajacyl.com\/palencia\/?s={search_term_string}\"},\"query-input\":{\"@type\":\"PropertyValueSpecification\",\"valueRequired\":true,\"valueName\":\"search_term_string\"}}],\"inLanguage\":\"es\"},{\"@type\":\"Person\",\"@id\":\"https:\/\/www.asajacyl.com\/palencia\/#\/schema\/person\/3ab17aeb03527485c317557fae64aab1\",\"name\":\"Administrador\",\"image\":{\"@type\":\"ImageObject\",\"inLanguage\":\"es\",\"@id\":\"https:\/\/www.asajacyl.com\/palencia\/#\/schema\/person\/image\/\",\"url\":\"https:\/\/secure.gravatar.com\/avatar\/517384810d242ca9e38c180f3c9fb973?s=96&d=mm&r=g\",\"contentUrl\":\"https:\/\/secure.gravatar.com\/avatar\/517384810d242ca9e38c180f3c9fb973?s=96&d=mm&r=g\",\"caption\":\"Administrador\"},\"url\":\"https:\/\/www.asajacyl.com\/palencia\/author\/carlosrm\"}]}<\/script>\n<!-- \/ Yoast SEO plugin. -->","yoast_head_json":{"title":"La lonja de Le\u00f3n acusa el nerviosismo en la cotizaci\u00f3n de los cereales, que vuelve a la tendencia bajista - ASAJA Palencia","description":"El nerviosismo y la incertidumbre vuelven a los mercados. As\u00ed se dej\u00f3 sentir este mi\u00e9rcoles en la lonja de Le\u00f3n, donde el cereal cambi\u00f3 de tendencia y","robots":{"index":"index","follow":"follow","max-snippet":"max-snippet:-1","max-image-preview":"max-image-preview:large","max-video-preview":"max-video-preview:-1"},"canonical":"https:\/\/www.asajacyl.com\/palencia\/asaja-palencia-informa\/la-lonja-de-leon-acusa-el-nerviosismo-en-la-cotizacion-de-los-cereales-que-vuelve-a-la-tendencia-bajista","og_locale":"es_ES","og_type":"article","og_title":"La lonja de Le\u00f3n acusa el nerviosismo en la cotizaci\u00f3n de los cereales, que vuelve a la tendencia bajista - ASAJA Palencia","og_description":"El nerviosismo y la incertidumbre vuelven a los mercados. As\u00ed se dej\u00f3 sentir este mi\u00e9rcoles en la lonja de Le\u00f3n, donde el cereal cambi\u00f3 de tendencia y","og_url":"https:\/\/www.asajacyl.com\/palencia\/asaja-palencia-informa\/la-lonja-de-leon-acusa-el-nerviosismo-en-la-cotizacion-de-los-cereales-que-vuelve-a-la-tendencia-bajista","og_site_name":"ASAJA Palencia","article_published_time":"2024-04-11T09:55:58+00:00","article_modified_time":"2024-04-11T09:56:01+00:00","og_image":[{"width":1024,"height":768,"url":"https:\/\/www.asajacyl.com\/palencia\/wp-content\/uploads\/sites\/3\/2017\/11\/dos_trigos-1024x768.jpg","type":"image\/jpeg"}],"author":"Administrador","twitter_card":"summary_large_image","twitter_misc":{"Escrito por":"Administrador","Tiempo de lectura":"4 minutos"},"schema":{"@context":"https:\/\/schema.org","@graph":[{"@type":"WebPage","@id":"https:\/\/www.asajacyl.com\/palencia\/asaja-palencia-informa\/la-lonja-de-leon-acusa-el-nerviosismo-en-la-cotizacion-de-los-cereales-que-vuelve-a-la-tendencia-bajista","url":"https:\/\/www.asajacyl.com\/palencia\/asaja-palencia-informa\/la-lonja-de-leon-acusa-el-nerviosismo-en-la-cotizacion-de-los-cereales-que-vuelve-a-la-tendencia-bajista","name":"La lonja de Le\u00f3n acusa el nerviosismo en la cotizaci\u00f3n de los cereales, que vuelve a la tendencia bajista - ASAJA Palencia","isPartOf":{"@id":"https:\/\/www.asajacyl.com\/palencia\/#website"},"primaryImageOfPage":{"@id":"https:\/\/www.asajacyl.com\/palencia\/asaja-palencia-informa\/la-lonja-de-leon-acusa-el-nerviosismo-en-la-cotizacion-de-los-cereales-que-vuelve-a-la-tendencia-bajista#primaryimage"},"image":{"@id":"https:\/\/www.asajacyl.com\/palencia\/asaja-palencia-informa\/la-lonja-de-leon-acusa-el-nerviosismo-en-la-cotizacion-de-los-cereales-que-vuelve-a-la-tendencia-bajista#primaryimage"},"thumbnailUrl":"https:\/\/www.asajacyl.com\/palencia\/wp-content\/uploads\/sites\/3\/2017\/11\/dos_trigos.jpg","datePublished":"2024-04-11T09:55:58+00:00","dateModified":"2024-04-11T09:56:01+00:00","author":{"@id":"https:\/\/www.asajacyl.com\/palencia\/#\/schema\/person\/3ab17aeb03527485c317557fae64aab1"},"description":"El nerviosismo y la incertidumbre vuelven a los mercados. As\u00ed se dej\u00f3 sentir este mi\u00e9rcoles en la lonja de Le\u00f3n, donde el cereal cambi\u00f3 de tendencia y","breadcrumb":{"@id":"https:\/\/www.asajacyl.com\/palencia\/asaja-palencia-informa\/la-lonja-de-leon-acusa-el-nerviosismo-en-la-cotizacion-de-los-cereales-que-vuelve-a-la-tendencia-bajista#breadcrumb"},"inLanguage":"es","potentialAction":[{"@type":"ReadAction","target":["https:\/\/www.asajacyl.com\/palencia\/asaja-palencia-informa\/la-lonja-de-leon-acusa-el-nerviosismo-en-la-cotizacion-de-los-cereales-que-vuelve-a-la-tendencia-bajista"]}]},{"@type":"ImageObject","inLanguage":"es","@id":"https:\/\/www.asajacyl.com\/palencia\/asaja-palencia-informa\/la-lonja-de-leon-acusa-el-nerviosismo-en-la-cotizacion-de-los-cereales-que-vuelve-a-la-tendencia-bajista#primaryimage","url":"https:\/\/www.asajacyl.com\/palencia\/wp-content\/uploads\/sites\/3\/2017\/11\/dos_trigos.jpg","contentUrl":"https:\/\/www.asajacyl.com\/palencia\/wp-content\/uploads\/sites\/3\/2017\/11\/dos_trigos.jpg","width":3072,"height":2304},{"@type":"BreadcrumbList","@id":"https:\/\/www.asajacyl.com\/palencia\/asaja-palencia-informa\/la-lonja-de-leon-acusa-el-nerviosismo-en-la-cotizacion-de-los-cereales-que-vuelve-a-la-tendencia-bajista#breadcrumb","itemListElement":[{"@type":"ListItem","position":1,"name":"Portada","item":"https:\/\/www.asajacyl.com\/palencia\/"},{"@type":"ListItem","position":2,"name":"La lonja de Le\u00f3n acusa el nerviosismo en la cotizaci\u00f3n de los cereales, que vuelve a la tendencia bajista"}]},{"@type":"WebSite","@id":"https:\/\/www.asajacyl.com\/palencia\/#website","url":"https:\/\/www.asajacyl.com\/palencia\/","name":"ASAJA Palencia","description":"Otro sitio m\u00e1s de Provincias ASAJA Castilla y Le\u00f3n","potentialAction":[{"@type":"SearchAction","target":{"@type":"EntryPoint","urlTemplate":"https:\/\/www.asajacyl.com\/palencia\/?s={search_term_string}"},"query-input":{"@type":"PropertyValueSpecification","valueRequired":true,"valueName":"search_term_string"}}],"inLanguage":"es"},{"@type":"Person","@id":"https:\/\/www.asajacyl.com\/palencia\/#\/schema\/person\/3ab17aeb03527485c317557fae64aab1","name":"Administrador","image":{"@type":"ImageObject","inLanguage":"es","@id":"https:\/\/www.asajacyl.com\/palencia\/#\/schema\/person\/image\/","url":"https:\/\/secure.gravatar.com\/avatar\/517384810d242ca9e38c180f3c9fb973?s=96&d=mm&r=g","contentUrl":"https:\/\/secure.gravatar.com\/avatar\/517384810d242ca9e38c180f3c9fb973?s=96&d=mm&r=g","caption":"Administrador"},"url":"https:\/\/www.asajacyl.com\/palencia\/author\/carlosrm"}]}},"_links":{"self":[{"href":"https:\/\/www.asajacyl.com\/palencia\/wp-json\/wp\/v2\/posts\/15940"}],"collection":[{"href":"https:\/\/www.asajacyl.com\/palencia\/wp-json\/wp\/v2\/posts"}],"about":[{"href":"https:\/\/www.asajacyl.com\/palencia\/wp-json\/wp\/v2\/types\/post"}],"author":[{"embeddable":true,"href":"https:\/\/www.asajacyl.com\/palencia\/wp-json\/wp\/v2\/users\/9"}],"replies":[{"embeddable":true,"href":"https:\/\/www.asajacyl.com\/palencia\/wp-json\/wp\/v2\/comments?post=15940"}],"version-history":[{"count":2,"href":"https:\/\/www.asajacyl.com\/palencia\/wp-json\/wp\/v2\/posts\/15940\/revisions"}],"predecessor-version":[{"id":15943,"href":"https:\/\/www.asajacyl.com\/palencia\/wp-json\/wp\/v2\/posts\/15940\/revisions\/15943"}],"wp:featuredmedia":[{"embeddable":true,"href":"https:\/\/www.asajacyl.com\/palencia\/wp-json\/wp\/v2\/media\/1632"}],"wp:attachment":[{"href":"https:\/\/www.asajacyl.com\/palencia\/wp-json\/wp\/v2\/media?parent=15940"}],"wp:term":[{"taxonomy":"category","embeddable":true,"href":"https:\/\/www.asajacyl.com\/palencia\/wp-json\/wp\/v2\/categories?post=15940"},{"taxonomy":"post_tag","embeddable":true,"href":"https:\/\/www.asajacyl.com\/palencia\/wp-json\/wp\/v2\/tags?post=15940"}],"curies":[{"name":"wp","href":"https:\/\/api.w.org\/{rel}","templated":true}]}}