{"id":15944,"date":"2024-04-12T10:00:00","date_gmt":"2024-04-12T08:00:00","guid":{"rendered":"https:\/\/www.asajacyl.com\/palencia\/?p=15944"},"modified":"2024-04-16T09:59:32","modified_gmt":"2024-04-16T07:59:32","slug":"el-perfil-del-beneficiario-de-la-pac-en-castilla-y-leon-mas-explotaciones-profesionales-y-menos-mujeres","status":"publish","type":"post","link":"https:\/\/www.asajacyl.com\/palencia\/asaja-palencia-informa\/el-perfil-del-beneficiario-de-la-pac-en-castilla-y-leon-mas-explotaciones-profesionales-y-menos-mujeres","title":{"rendered":"El perfil del beneficiario de la PAC en Castilla y Le\u00f3n: m\u00e1s explotaciones profesionales y menos mujeres"},"content":{"rendered":"\n<h2 class=\"wp-block-heading\">Los datos sobre perceptores de la PAC confirman que en Castilla y Le\u00f3n hay un mayor porcentaje de explotaciones profesionales que en el resto de Espa\u00f1a. Los importes son superiores a la media nacional, especialmente entre los titulares m\u00e1s j\u00f3venes. Con respecto a ese promedio del conjunto del pa\u00eds, hay tambi\u00e9n menos representaci\u00f3n femenina.<\/h2>\n\n\n\n<p>El FEGA ha publicado un informe que peri\u00f3dicamente analiza la edad y el sexo de los perceptores de ayudas PAC y de desarrollo rural en el ejercicio 2022. En cuanto a la edad, es importante destacar que en Castilla y Le\u00f3n el n\u00famero de beneficiarios que reciben ayudas directas en edad activa (hasta 65 a\u00f1os) son un 67,7 % frente al 60,18 % nacional.<\/p>\n\n\n\n<p>La proporci\u00f3n de perceptores mayores de 65 a\u00f1os (mayoritariamente jubilados) es inferior en Castilla y Le\u00f3n, donde representan el 32,3 % (en 2021 eran 31,5 %) frente al 39,8 % nivel nacional (id\u00e9ntico porcentaje al de 2021). Es decir, de los datos se desprende que nuestra regi\u00f3n posee un campo m\u00e1s profesionalizado, que es el modelo que defiende ASAJA.<\/p>\n\n\n\n<p>Por el contrario, en Castilla y Le\u00f3n hay una paridad menor entre hombres y mujeres, diez puntos por debajo de la media espa\u00f1ola. El dato no parece mejorar sustancialmente en los \u00faltimos a\u00f1os. En Castilla y Le\u00f3n, el 27,24 % de los perceptores de ayudas directas son mujeres, frente al 37,4 % nacional. Por edades, el 44,4 % de las mujeres tiene m\u00e1s de 65 a\u00f1os y el 4,8 % tiene menos de 40 a\u00f1os. El mayor porcentaje, el 50,7 %, corresponde a las perceptoras entre 40 y 65 a\u00f1os.<\/p>\n\n\n\n<p><strong>M\u00c1S DIMENSI\u00d3N. <\/strong>Por importes, la mayor profesionalizaci\u00f3n y el tipo de agricultura, con un predominio del secano con escaso margen productivo que precisa de dimensionar m\u00e1s las explotaciones, explican que en Castilla y Le\u00f3n la cuant\u00eda por expediente resulte superior a la media nacional. <\/p>\n\n\n\n<p>As\u00ed, mientras la PAC media espa\u00f1ola ronda los 6.000 euros, en Castilla y Le\u00f3n superar\u00eda los 12.300 euros. Tambi\u00e9n se constata unas cuant\u00edas medias mayores ligadas a los j\u00f3venes, que necesariamente entran en la profesi\u00f3n con unas explotaciones mejor dimensionadas.<\/p>\n\n\n\n<figure class=\"wp-block-table is-style-stripes\"><table><tbody><tr><td colspan=\"6\"><strong>Distribuci\u00f3n de las AYUDAS DIRECTAS DE LA PAC en el ejercicio 2022 \u2013 Castilla y Le\u00f3n<\/strong><\/td><\/tr><tr><td><strong>Estratos de edad<\/strong><\/td><td class=\"has-text-align-center\" data-align=\"center\"><strong>Mujeres<\/strong><\/td><td class=\"has-text-align-center\" data-align=\"center\"><strong>Hombres<\/strong><\/td><td class=\"has-text-align-center\" data-align=\"center\"><strong>Total de perceptores<\/strong><\/td><td class=\"has-text-align-right\" data-align=\"right\"><strong>Importe total<\/strong><\/td><td class=\"has-text-align-right\" data-align=\"right\"><strong>Media por expediente<\/strong><\/td><\/tr><tr><td>Desde 65 a\u00f1os<\/td><td class=\"has-text-align-center\" data-align=\"center\">6.735<\/td><td class=\"has-text-align-center\" data-align=\"center\">11.240<\/td><td class=\"has-text-align-center\" data-align=\"center\">17.975<\/td><td class=\"has-text-align-right\" data-align=\"right\">122.244.682,15<\/td><td class=\"has-text-align-right\" data-align=\"right\">6.880,00<\/td><\/tr><tr><td>De 40 a 65 a\u00f1os<\/td><td class=\"has-text-align-center\" data-align=\"center\">7.688<\/td><td class=\"has-text-align-center\" data-align=\"center\">25.140<\/td><td class=\"has-text-align-center\" data-align=\"center\">32.828<\/td><td class=\"has-text-align-right\" data-align=\"right\">466.334.295,70<\/td><td class=\"has-text-align-right\" data-align=\"right\">14.205,40<\/td><\/tr><tr><td>De 25 a 40 a\u00f1os<\/td><td class=\"has-text-align-center\" data-align=\"center\">703<\/td><td class=\"has-text-align-center\" data-align=\"center\">3.836<\/td><td class=\"has-text-align-center\" data-align=\"center\">4.539<\/td><td class=\"has-text-align-right\" data-align=\"right\">90.395.087,66<\/td><td class=\"has-text-align-right\" data-align=\"right\">19.915,20<\/td><\/tr><tr><td>Menores de 25 a\u00f1os<\/td><td class=\"has-text-align-center\" data-align=\"center\">32<\/td><td class=\"has-text-align-center\" data-align=\"center\">266<\/td><td class=\"has-text-align-center\" data-align=\"center\">298<\/td><td class=\"has-text-align-right\" data-align=\"right\">6.721.502,67<\/td><td class=\"has-text-align-right\" data-align=\"right\">22.555,30<\/td><\/tr><tr><td><strong>Totales<\/strong><\/td><td class=\"has-text-align-center\" data-align=\"center\"><strong>15.158<\/strong><\/td><td class=\"has-text-align-center\" data-align=\"center\"><strong>40.482<\/strong><\/td><td class=\"has-text-align-center\" data-align=\"center\"><strong>55.640<\/strong><\/td><td class=\"has-text-align-right\" data-align=\"right\"><strong>685.675.568,18<\/strong><\/td><td class=\"has-text-align-right\" data-align=\"right\"><strong>12.323,40<\/strong><\/td><\/tr><\/tbody><\/table><\/figure>\n\n\n\n<p><\/p>\n\n\n\n<figure class=\"wp-block-table is-style-stripes\"><table><tbody><tr><td colspan=\"6\"><strong>Distribuci\u00f3n&nbsp; de las AYUDAS DE DESARROLLO RURAL en el ejercicio 2022 \u2013 Castilla y Le\u00f3n<\/strong><\/td><\/tr><tr><td><strong>Estratos<\/strong><\/td><td class=\"has-text-align-center\" data-align=\"center\"><strong>Mujeres<\/strong><\/td><td class=\"has-text-align-center\" data-align=\"center\"><strong>Hombres<\/strong><\/td><td class=\"has-text-align-center\" data-align=\"center\"><strong>Total de perceptores<\/strong><\/td><td class=\"has-text-align-right\" data-align=\"right\"><strong>Total importes<\/strong><\/td><td class=\"has-text-align-right\" data-align=\"right\"><strong>Media por expediente<\/strong><\/td><\/tr><tr><td>Desde 65 a\u00f1os<\/td><td class=\"has-text-align-center\" data-align=\"center\">1.737<\/td><td class=\"has-text-align-center\" data-align=\"center\">3.128<\/td><td class=\"has-text-align-center\" data-align=\"center\">4.865<\/td><td class=\"has-text-align-right\" data-align=\"right\">9.914.655,45<\/td><td class=\"has-text-align-right\" data-align=\"right\">2.038,00<\/td><\/tr><tr><td>De 40 a 65 a\u00f1os<\/td><td class=\"has-text-align-center\" data-align=\"center\">4.086<\/td><td class=\"has-text-align-center\" data-align=\"center\">18.319<\/td><td class=\"has-text-align-center\" data-align=\"center\">22.405<\/td><td class=\"has-text-align-right\" data-align=\"right\">65.439.911,14<\/td><td class=\"has-text-align-right\" data-align=\"right\">2.920,70<\/td><\/tr><tr><td>De 25 a 40 a\u00f1os<\/td><td class=\"has-text-align-center\" data-align=\"center\">576<\/td><td class=\"has-text-align-center\" data-align=\"center\">3.393<\/td><td class=\"has-text-align-center\" data-align=\"center\">3.969<\/td><td class=\"has-text-align-right\" data-align=\"right\">24.183.390,83<\/td><td class=\"has-text-align-right\" data-align=\"right\">6.093,00<\/td><\/tr><tr><td>Menores de 25 a\u00f1os<\/td><td class=\"has-text-align-center\" data-align=\"center\">25<\/td><td class=\"has-text-align-center\" data-align=\"center\">241<\/td><td class=\"has-text-align-center\" data-align=\"center\">266<\/td><td class=\"has-text-align-right\" data-align=\"right\">2.714.411,51<\/td><td class=\"has-text-align-right\" data-align=\"right\">10.204,50<\/td><\/tr><tr><td><strong>Totales<\/strong><\/td><td class=\"has-text-align-center\" data-align=\"center\"><strong>6.424<\/strong><\/td><td class=\"has-text-align-center\" data-align=\"center\"><strong>25.081<\/strong><\/td><td class=\"has-text-align-center\" data-align=\"center\"><strong>31.505<\/strong><\/td><td class=\"has-text-align-right\" data-align=\"right\"><strong>102.252.368,93<\/strong><\/td><td class=\"has-text-align-right\" data-align=\"right\"><strong>3.245,60<\/strong><\/td><\/tr><\/tbody><\/table><figcaption class=\"wp-element-caption\"><em>Fuente: FONDO ESPA\u00d1OL DE GARANT\u00cdA AGRARIA (FEGA)<\/em><\/figcaption><\/figure>\n","protected":false},"excerpt":{"rendered":"<p>Los datos sobre perceptores de la PAC confirman que en Castilla y Le\u00f3n hay un mayor porcentaje de explotaciones profesionales que en el resto de Espa\u00f1a. Los importes son superiores a la media nacional, especialmente entre los titulares m\u00e1s j\u00f3venes. Con respecto a ese promedio del conjunto del pa\u00eds, hay tambi\u00e9n menos representaci\u00f3n femenina. El [&hellip;]<\/p>\n","protected":false},"author":9,"featured_media":14319,"comment_status":"open","ping_status":"open","sticky":false,"template":"","format":"standard","meta":{"footnotes":""},"categories":[9,29,28],"tags":[58,59,370,77,110,45,813],"yoast_head":"<!-- This site is optimized with the Yoast SEO plugin v24.5 - https:\/\/yoast.com\/wordpress\/plugins\/seo\/ -->\n<title>El perfil del beneficiario de la PAC en Castilla y Le\u00f3n: m\u00e1s explotaciones profesionales y menos mujeres - ASAJA Palencia<\/title>\n<meta name=\"description\" content=\"Los datos sobre perceptores de la PAC confirman que en Castilla y Le\u00f3n hay un mayor porcentaje de explotaciones profesionales que en el resto de Espa\u00f1a.\" \/>\n<meta name=\"robots\" content=\"index, follow, max-snippet:-1, max-image-preview:large, max-video-preview:-1\" \/>\n<link rel=\"canonical\" href=\"https:\/\/www.asajacyl.com\/palencia\/asaja-palencia-informa\/el-perfil-del-beneficiario-de-la-pac-en-castilla-y-leon-mas-explotaciones-profesionales-y-menos-mujeres\" \/>\n<meta property=\"og:locale\" content=\"es_ES\" \/>\n<meta property=\"og:type\" content=\"article\" \/>\n<meta property=\"og:title\" content=\"El perfil del beneficiario de la PAC en Castilla y Le\u00f3n: m\u00e1s explotaciones profesionales y menos mujeres - ASAJA Palencia\" \/>\n<meta property=\"og:description\" content=\"Los datos sobre perceptores de la PAC confirman que en Castilla y Le\u00f3n hay un mayor porcentaje de explotaciones profesionales que en el resto de Espa\u00f1a.\" \/>\n<meta property=\"og:url\" content=\"https:\/\/www.asajacyl.com\/palencia\/asaja-palencia-informa\/el-perfil-del-beneficiario-de-la-pac-en-castilla-y-leon-mas-explotaciones-profesionales-y-menos-mujeres\" \/>\n<meta property=\"og:site_name\" content=\"ASAJA Palencia\" \/>\n<meta property=\"article:published_time\" content=\"2024-04-12T08:00:00+00:00\" \/>\n<meta property=\"article:modified_time\" content=\"2024-04-16T07:59:32+00:00\" \/>\n<meta property=\"og:image\" content=\"https:\/\/www.asajacyl.com\/palencia\/wp-content\/uploads\/sites\/3\/2023\/09\/Joven-agricultor-1024x896.jpg\" \/>\n\t<meta property=\"og:image:width\" content=\"1024\" \/>\n\t<meta property=\"og:image:height\" content=\"896\" \/>\n\t<meta property=\"og:image:type\" content=\"image\/jpeg\" \/>\n<meta name=\"author\" content=\"Administrador\" \/>\n<meta name=\"twitter:card\" content=\"summary_large_image\" \/>\n<meta name=\"twitter:label1\" content=\"Escrito por\" \/>\n\t<meta name=\"twitter:data1\" content=\"Administrador\" \/>\n\t<meta name=\"twitter:label2\" content=\"Tiempo de lectura\" \/>\n\t<meta name=\"twitter:data2\" content=\"3 minutos\" \/>\n<script type=\"application\/ld+json\" class=\"yoast-schema-graph\">{\"@context\":\"https:\/\/schema.org\",\"@graph\":[{\"@type\":\"WebPage\",\"@id\":\"https:\/\/www.asajacyl.com\/palencia\/asaja-palencia-informa\/el-perfil-del-beneficiario-de-la-pac-en-castilla-y-leon-mas-explotaciones-profesionales-y-menos-mujeres\",\"url\":\"https:\/\/www.asajacyl.com\/palencia\/asaja-palencia-informa\/el-perfil-del-beneficiario-de-la-pac-en-castilla-y-leon-mas-explotaciones-profesionales-y-menos-mujeres\",\"name\":\"El perfil del beneficiario de la PAC en Castilla y Le\u00f3n: m\u00e1s explotaciones profesionales y menos mujeres - ASAJA Palencia\",\"isPartOf\":{\"@id\":\"https:\/\/www.asajacyl.com\/palencia\/#website\"},\"primaryImageOfPage\":{\"@id\":\"https:\/\/www.asajacyl.com\/palencia\/asaja-palencia-informa\/el-perfil-del-beneficiario-de-la-pac-en-castilla-y-leon-mas-explotaciones-profesionales-y-menos-mujeres#primaryimage\"},\"image\":{\"@id\":\"https:\/\/www.asajacyl.com\/palencia\/asaja-palencia-informa\/el-perfil-del-beneficiario-de-la-pac-en-castilla-y-leon-mas-explotaciones-profesionales-y-menos-mujeres#primaryimage\"},\"thumbnailUrl\":\"https:\/\/www.asajacyl.com\/palencia\/wp-content\/uploads\/sites\/3\/2023\/09\/Joven-agricultor.jpg\",\"datePublished\":\"2024-04-12T08:00:00+00:00\",\"dateModified\":\"2024-04-16T07:59:32+00:00\",\"author\":{\"@id\":\"https:\/\/www.asajacyl.com\/palencia\/#\/schema\/person\/3ab17aeb03527485c317557fae64aab1\"},\"description\":\"Los datos sobre perceptores de la PAC confirman que en Castilla y Le\u00f3n hay un mayor porcentaje de explotaciones profesionales que en el resto de Espa\u00f1a.\",\"breadcrumb\":{\"@id\":\"https:\/\/www.asajacyl.com\/palencia\/asaja-palencia-informa\/el-perfil-del-beneficiario-de-la-pac-en-castilla-y-leon-mas-explotaciones-profesionales-y-menos-mujeres#breadcrumb\"},\"inLanguage\":\"es\",\"potentialAction\":[{\"@type\":\"ReadAction\",\"target\":[\"https:\/\/www.asajacyl.com\/palencia\/asaja-palencia-informa\/el-perfil-del-beneficiario-de-la-pac-en-castilla-y-leon-mas-explotaciones-profesionales-y-menos-mujeres\"]}]},{\"@type\":\"ImageObject\",\"inLanguage\":\"es\",\"@id\":\"https:\/\/www.asajacyl.com\/palencia\/asaja-palencia-informa\/el-perfil-del-beneficiario-de-la-pac-en-castilla-y-leon-mas-explotaciones-profesionales-y-menos-mujeres#primaryimage\",\"url\":\"https:\/\/www.asajacyl.com\/palencia\/wp-content\/uploads\/sites\/3\/2023\/09\/Joven-agricultor.jpg\",\"contentUrl\":\"https:\/\/www.asajacyl.com\/palencia\/wp-content\/uploads\/sites\/3\/2023\/09\/Joven-agricultor.jpg\",\"width\":1890,\"height\":1654},{\"@type\":\"BreadcrumbList\",\"@id\":\"https:\/\/www.asajacyl.com\/palencia\/asaja-palencia-informa\/el-perfil-del-beneficiario-de-la-pac-en-castilla-y-leon-mas-explotaciones-profesionales-y-menos-mujeres#breadcrumb\",\"itemListElement\":[{\"@type\":\"ListItem\",\"position\":1,\"name\":\"Portada\",\"item\":\"https:\/\/www.asajacyl.com\/palencia\/\"},{\"@type\":\"ListItem\",\"position\":2,\"name\":\"El perfil del beneficiario de la PAC en Castilla y Le\u00f3n: m\u00e1s explotaciones profesionales y menos mujeres\"}]},{\"@type\":\"WebSite\",\"@id\":\"https:\/\/www.asajacyl.com\/palencia\/#website\",\"url\":\"https:\/\/www.asajacyl.com\/palencia\/\",\"name\":\"ASAJA Palencia\",\"description\":\"Otro sitio m\u00e1s de Provincias ASAJA Castilla y Le\u00f3n\",\"potentialAction\":[{\"@type\":\"SearchAction\",\"target\":{\"@type\":\"EntryPoint\",\"urlTemplate\":\"https:\/\/www.asajacyl.com\/palencia\/?s={search_term_string}\"},\"query-input\":{\"@type\":\"PropertyValueSpecification\",\"valueRequired\":true,\"valueName\":\"search_term_string\"}}],\"inLanguage\":\"es\"},{\"@type\":\"Person\",\"@id\":\"https:\/\/www.asajacyl.com\/palencia\/#\/schema\/person\/3ab17aeb03527485c317557fae64aab1\",\"name\":\"Administrador\",\"image\":{\"@type\":\"ImageObject\",\"inLanguage\":\"es\",\"@id\":\"https:\/\/www.asajacyl.com\/palencia\/#\/schema\/person\/image\/\",\"url\":\"https:\/\/secure.gravatar.com\/avatar\/517384810d242ca9e38c180f3c9fb973?s=96&d=mm&r=g\",\"contentUrl\":\"https:\/\/secure.gravatar.com\/avatar\/517384810d242ca9e38c180f3c9fb973?s=96&d=mm&r=g\",\"caption\":\"Administrador\"},\"url\":\"https:\/\/www.asajacyl.com\/palencia\/author\/carlosrm\"}]}<\/script>\n<!-- \/ Yoast SEO plugin. -->","yoast_head_json":{"title":"El perfil del beneficiario de la PAC en Castilla y Le\u00f3n: m\u00e1s explotaciones profesionales y menos mujeres - ASAJA Palencia","description":"Los datos sobre perceptores de la PAC confirman que en Castilla y Le\u00f3n hay un mayor porcentaje de explotaciones profesionales que en el resto de Espa\u00f1a.","robots":{"index":"index","follow":"follow","max-snippet":"max-snippet:-1","max-image-preview":"max-image-preview:large","max-video-preview":"max-video-preview:-1"},"canonical":"https:\/\/www.asajacyl.com\/palencia\/asaja-palencia-informa\/el-perfil-del-beneficiario-de-la-pac-en-castilla-y-leon-mas-explotaciones-profesionales-y-menos-mujeres","og_locale":"es_ES","og_type":"article","og_title":"El perfil del beneficiario de la PAC en Castilla y Le\u00f3n: m\u00e1s explotaciones profesionales y menos mujeres - ASAJA Palencia","og_description":"Los datos sobre perceptores de la PAC confirman que en Castilla y Le\u00f3n hay un mayor porcentaje de explotaciones profesionales que en el resto de Espa\u00f1a.","og_url":"https:\/\/www.asajacyl.com\/palencia\/asaja-palencia-informa\/el-perfil-del-beneficiario-de-la-pac-en-castilla-y-leon-mas-explotaciones-profesionales-y-menos-mujeres","og_site_name":"ASAJA Palencia","article_published_time":"2024-04-12T08:00:00+00:00","article_modified_time":"2024-04-16T07:59:32+00:00","og_image":[{"width":1024,"height":896,"url":"https:\/\/www.asajacyl.com\/palencia\/wp-content\/uploads\/sites\/3\/2023\/09\/Joven-agricultor-1024x896.jpg","type":"image\/jpeg"}],"author":"Administrador","twitter_card":"summary_large_image","twitter_misc":{"Escrito por":"Administrador","Tiempo de lectura":"3 minutos"},"schema":{"@context":"https:\/\/schema.org","@graph":[{"@type":"WebPage","@id":"https:\/\/www.asajacyl.com\/palencia\/asaja-palencia-informa\/el-perfil-del-beneficiario-de-la-pac-en-castilla-y-leon-mas-explotaciones-profesionales-y-menos-mujeres","url":"https:\/\/www.asajacyl.com\/palencia\/asaja-palencia-informa\/el-perfil-del-beneficiario-de-la-pac-en-castilla-y-leon-mas-explotaciones-profesionales-y-menos-mujeres","name":"El perfil del beneficiario de la PAC en Castilla y Le\u00f3n: m\u00e1s explotaciones profesionales y menos mujeres - ASAJA Palencia","isPartOf":{"@id":"https:\/\/www.asajacyl.com\/palencia\/#website"},"primaryImageOfPage":{"@id":"https:\/\/www.asajacyl.com\/palencia\/asaja-palencia-informa\/el-perfil-del-beneficiario-de-la-pac-en-castilla-y-leon-mas-explotaciones-profesionales-y-menos-mujeres#primaryimage"},"image":{"@id":"https:\/\/www.asajacyl.com\/palencia\/asaja-palencia-informa\/el-perfil-del-beneficiario-de-la-pac-en-castilla-y-leon-mas-explotaciones-profesionales-y-menos-mujeres#primaryimage"},"thumbnailUrl":"https:\/\/www.asajacyl.com\/palencia\/wp-content\/uploads\/sites\/3\/2023\/09\/Joven-agricultor.jpg","datePublished":"2024-04-12T08:00:00+00:00","dateModified":"2024-04-16T07:59:32+00:00","author":{"@id":"https:\/\/www.asajacyl.com\/palencia\/#\/schema\/person\/3ab17aeb03527485c317557fae64aab1"},"description":"Los datos sobre perceptores de la PAC confirman que en Castilla y Le\u00f3n hay un mayor porcentaje de explotaciones profesionales que en el resto de Espa\u00f1a.","breadcrumb":{"@id":"https:\/\/www.asajacyl.com\/palencia\/asaja-palencia-informa\/el-perfil-del-beneficiario-de-la-pac-en-castilla-y-leon-mas-explotaciones-profesionales-y-menos-mujeres#breadcrumb"},"inLanguage":"es","potentialAction":[{"@type":"ReadAction","target":["https:\/\/www.asajacyl.com\/palencia\/asaja-palencia-informa\/el-perfil-del-beneficiario-de-la-pac-en-castilla-y-leon-mas-explotaciones-profesionales-y-menos-mujeres"]}]},{"@type":"ImageObject","inLanguage":"es","@id":"https:\/\/www.asajacyl.com\/palencia\/asaja-palencia-informa\/el-perfil-del-beneficiario-de-la-pac-en-castilla-y-leon-mas-explotaciones-profesionales-y-menos-mujeres#primaryimage","url":"https:\/\/www.asajacyl.com\/palencia\/wp-content\/uploads\/sites\/3\/2023\/09\/Joven-agricultor.jpg","contentUrl":"https:\/\/www.asajacyl.com\/palencia\/wp-content\/uploads\/sites\/3\/2023\/09\/Joven-agricultor.jpg","width":1890,"height":1654},{"@type":"BreadcrumbList","@id":"https:\/\/www.asajacyl.com\/palencia\/asaja-palencia-informa\/el-perfil-del-beneficiario-de-la-pac-en-castilla-y-leon-mas-explotaciones-profesionales-y-menos-mujeres#breadcrumb","itemListElement":[{"@type":"ListItem","position":1,"name":"Portada","item":"https:\/\/www.asajacyl.com\/palencia\/"},{"@type":"ListItem","position":2,"name":"El perfil del beneficiario de la PAC en Castilla y Le\u00f3n: m\u00e1s explotaciones profesionales y menos mujeres"}]},{"@type":"WebSite","@id":"https:\/\/www.asajacyl.com\/palencia\/#website","url":"https:\/\/www.asajacyl.com\/palencia\/","name":"ASAJA Palencia","description":"Otro sitio m\u00e1s de Provincias ASAJA Castilla y Le\u00f3n","potentialAction":[{"@type":"SearchAction","target":{"@type":"EntryPoint","urlTemplate":"https:\/\/www.asajacyl.com\/palencia\/?s={search_term_string}"},"query-input":{"@type":"PropertyValueSpecification","valueRequired":true,"valueName":"search_term_string"}}],"inLanguage":"es"},{"@type":"Person","@id":"https:\/\/www.asajacyl.com\/palencia\/#\/schema\/person\/3ab17aeb03527485c317557fae64aab1","name":"Administrador","image":{"@type":"ImageObject","inLanguage":"es","@id":"https:\/\/www.asajacyl.com\/palencia\/#\/schema\/person\/image\/","url":"https:\/\/secure.gravatar.com\/avatar\/517384810d242ca9e38c180f3c9fb973?s=96&d=mm&r=g","contentUrl":"https:\/\/secure.gravatar.com\/avatar\/517384810d242ca9e38c180f3c9fb973?s=96&d=mm&r=g","caption":"Administrador"},"url":"https:\/\/www.asajacyl.com\/palencia\/author\/carlosrm"}]}},"_links":{"self":[{"href":"https:\/\/www.asajacyl.com\/palencia\/wp-json\/wp\/v2\/posts\/15944"}],"collection":[{"href":"https:\/\/www.asajacyl.com\/palencia\/wp-json\/wp\/v2\/posts"}],"about":[{"href":"https:\/\/www.asajacyl.com\/palencia\/wp-json\/wp\/v2\/types\/post"}],"author":[{"embeddable":true,"href":"https:\/\/www.asajacyl.com\/palencia\/wp-json\/wp\/v2\/users\/9"}],"replies":[{"embeddable":true,"href":"https:\/\/www.asajacyl.com\/palencia\/wp-json\/wp\/v2\/comments?post=15944"}],"version-history":[{"count":5,"href":"https:\/\/www.asajacyl.com\/palencia\/wp-json\/wp\/v2\/posts\/15944\/revisions"}],"predecessor-version":[{"id":15978,"href":"https:\/\/www.asajacyl.com\/palencia\/wp-json\/wp\/v2\/posts\/15944\/revisions\/15978"}],"wp:featuredmedia":[{"embeddable":true,"href":"https:\/\/www.asajacyl.com\/palencia\/wp-json\/wp\/v2\/media\/14319"}],"wp:attachment":[{"href":"https:\/\/www.asajacyl.com\/palencia\/wp-json\/wp\/v2\/media?parent=15944"}],"wp:term":[{"taxonomy":"category","embeddable":true,"href":"https:\/\/www.asajacyl.com\/palencia\/wp-json\/wp\/v2\/categories?post=15944"},{"taxonomy":"post_tag","embeddable":true,"href":"https:\/\/www.asajacyl.com\/palencia\/wp-json\/wp\/v2\/tags?post=15944"}],"curies":[{"name":"wp","href":"https:\/\/api.w.org\/{rel}","templated":true}]}}