{"id":15975,"date":"2024-04-16T08:25:29","date_gmt":"2024-04-16T06:25:29","guid":{"rendered":"https:\/\/www.asajacyl.com\/palencia\/?p=15975"},"modified":"2024-04-16T08:25:32","modified_gmt":"2024-04-16T06:25:32","slug":"quien-tiene-agua-tiene-futuro","status":"publish","type":"post","link":"https:\/\/www.asajacyl.com\/palencia\/asaja-palencia-informa\/quien-tiene-agua-tiene-futuro","title":{"rendered":"Quien tiene agua tiene futuro"},"content":{"rendered":"\n<h4 class=\"wp-block-heading\">DONACIANO DUJO | Presidente de ASAJA-Castilla y Le\u00f3n<\/h4>\n\n\n<div class=\"wp-block-image\">\n<figure class=\"alignright size-large is-resized\"><img loading=\"lazy\" decoding=\"async\" src=\"https:\/\/www.asajacyl.com\/palencia\/wp-content\/uploads\/sites\/3\/2023\/10\/Donaciano-chaleco-sede-1024x896.jpg\" alt=\"\" class=\"wp-image-14501\" width=\"501\" height=\"438\" srcset=\"https:\/\/www.asajacyl.com\/palencia\/wp-content\/uploads\/sites\/3\/2023\/10\/Donaciano-chaleco-sede-1024x896.jpg 1024w, https:\/\/www.asajacyl.com\/palencia\/wp-content\/uploads\/sites\/3\/2023\/10\/Donaciano-chaleco-sede-300x263.jpg 300w, https:\/\/www.asajacyl.com\/palencia\/wp-content\/uploads\/sites\/3\/2023\/10\/Donaciano-chaleco-sede-768x672.jpg 768w, https:\/\/www.asajacyl.com\/palencia\/wp-content\/uploads\/sites\/3\/2023\/10\/Donaciano-chaleco-sede-1536x1344.jpg 1536w, https:\/\/www.asajacyl.com\/palencia\/wp-content\/uploads\/sites\/3\/2023\/10\/Donaciano-chaleco-sede-696x609.jpg 696w, https:\/\/www.asajacyl.com\/palencia\/wp-content\/uploads\/sites\/3\/2023\/10\/Donaciano-chaleco-sede-1068x935.jpg 1068w, https:\/\/www.asajacyl.com\/palencia\/wp-content\/uploads\/sites\/3\/2023\/10\/Donaciano-chaleco-sede-480x420.jpg 480w, https:\/\/www.asajacyl.com\/palencia\/wp-content\/uploads\/sites\/3\/2023\/10\/Donaciano-chaleco-sede.jpg 1890w\" sizes=\"(max-width: 501px) 100vw, 501px\" \/><\/figure><\/div>\n\n\n<p>El pasado 1 de abril comenzaba oficialmente en el Duero la campa\u00f1a de riego. Por fortuna, contra a\u00f1os anteriores, todav\u00eda a mediados de mes no se ha tenido que gastar un solo litro. La lluvia nos ha acompa\u00f1ado intermitentemente desde oto\u00f1o, y de forma intensa esta primavera. Entrar en el campo ha sido dif\u00edcil, y se ha complicado cosechar ma\u00edz, remolacha o incluso algo del girasol pendiente, pero tambi\u00e9n realizar los necesarios aportes de nitrato y herbicida en los sembrados.<\/p>\n\n\n\n<p>Las intensas precipitaciones han ocasionado crecidas en nuestros r\u00edos, y los embalses han tenido que abrir compuertas para no desbordarse. Un agua que se ha dejado correr, una l\u00e1stima porque sabemos que antes o despu\u00e9s ser\u00e1 muy necesaria. Estos d\u00edas se confirmaba que los pantanos de la Cuenca del Duero estaban al 88 por ciento, 10 puntos m\u00e1s que el a\u00f1o pasado y seis m\u00e1s que la media de los \u00faltimos diez a\u00f1os. Tambi\u00e9n habr\u00e1n mejorado los acu\u00edferos, no solo en volumen si no tambi\u00e9n en la calidad de un agua que es esencial para abastecimiento y regad\u00edo. Estos d\u00edas se celebrar\u00e1n las juntas de explotaci\u00f3n de varios sistemas de riego, y las perspectivas son tranquilizadoras, tras varios a\u00f1os en los que ya de partida era imposible garantizar unas dotaciones m\u00ednimas para sacar adelante las producciones.<\/p>\n\n\n\n<p>Ahora, menos presionados por la urgencia, es el momento de poner soluciones para afrontar otras campa\u00f1as que ser\u00e1n menos halag\u00fce\u00f1as. Estos d\u00edas se reun\u00eda el presidente de la Junta, Alfonso Fern\u00e1ndez Ma\u00f1ueco, con la ministra de transici\u00f3n Ecol\u00f3gica, Teresa Ribera. Anunciaban una etapa de di\u00e1logo y trabajo, que falta hace, porque buena parte de los grandes problemas del campo dependen de los hilos que se mueven desde este ministerio, desde la fauna y el lobo hasta, especialmente, la gesti\u00f3n del agua. Los agricultores no estamos ciegos, somos los primeros conscientes de que el agua es un recurso escaso, y que esta campa\u00f1a lluviosa es por desgracia una excepci\u00f3n. Queremos, como el que m\u00e1s, que las aguas sean limpias y de calidad.&nbsp; Coincidimos en reconocer que hay problemas, pero no en las soluciones para afrontarlos.<\/p>\n\n\n\n<p>Para el ministerio de Teresa Ribera, del que la Confederaci\u00f3n es un ap\u00e9ndice, la soluci\u00f3n es la inacci\u00f3n: dejar que el agua transcurra sin intervenci\u00f3n alguna, hasta el mar. Es decir, fiarlo todo al cielo. Pero eso es tanto como decir que ni se produzcan alimentos, ni se pueda trabajar, ni se pueda vivir en el medio rural. ASAJA apuesta por buscar soluciones, l\u00f3gicas, eficientes y sostenibles tanto desde el punto de vista medioambiental como productivo y social, para que la agricultura y la ganader\u00eda tengan futuro. A veces, como este a\u00f1o, nos ayuda la naturaleza a recargar los acu\u00edferos. Otras veces es necesaria una intervenci\u00f3n humana, y medios hay para ello. Igualmente, la capacidad de almacenamiento ha de aumentarse, bien recreciendo embalses existentes, bien creando nuevos. Todas las posibilidades deben ser valoradas, porque tener o no agua marca la diferencia, y no es l\u00f3gico que Castilla y Le\u00f3n, con mayor potencial que el resto de Espa\u00f1a, cuente con menos porcentaje de superficie regada. Hoy son cerca de 500.000 las hect\u00e1reas de riego existentes en nuestra comunidad aut\u00f3noma, una superficie que genera m\u00e1s riqueza que las cerca de dos millones de secano, que por cierto est\u00e1n en reducci\u00f3n, por falta de rentabilidad. Eso, sin contar la seguridad profesional que el regad\u00edo ofrece al agricultor, y la capacidad que tiene el riego de generar mano de obra y riqueza en la comarca donde existe.<\/p>\n\n\n\n<p>Por \u00faltimo, subrayar que una de las razones por las que ASAJA no ha firmado el acuerdo con el ministerio de Agricultura ha sido precisamente la falta de interlocuci\u00f3n con la ministra de Transici\u00f3n Ecol\u00f3gica en todo lo relacionado con el agua. Hay que ser conscientes de que en todo, pero en el campo especialmente, quien tiene agua tiene futuro.<\/p>\n\n\n\n<blockquote class=\"wp-block-quote is-layout-flow wp-block-quote-is-layout-flow\">\n<p>\u00abTeNER AGUA MARCA LA DIFERENCIA. y NO ES L\u00d3GICO QUE CASTILLA Y LE\u00d3N, CON MAYOR POTENCIAL QUE EL RESTO DE ESPA\u00d1A, CUENTE CON MENOS PORCENTAJE DE SUPERFICIE REGADA\u00bb<\/p>\n<\/blockquote>\n","protected":false},"excerpt":{"rendered":"<p>DONACIANO DUJO | Presidente de ASAJA-Castilla y Le\u00f3n El pasado 1 de abril comenzaba oficialmente en el Duero la campa\u00f1a de riego. Por fortuna, contra a\u00f1os anteriores, todav\u00eda a mediados de mes no se ha tenido que gastar un solo litro. La lluvia nos ha acompa\u00f1ado intermitentemente desde oto\u00f1o, y de forma intensa esta primavera. [&hellip;]<\/p>\n","protected":false},"author":9,"featured_media":14501,"comment_status":"open","ping_status":"open","sticky":false,"template":"","format":"standard","meta":{"footnotes":""},"categories":[9,29,30,28],"tags":[58,83,134,351,66,92,237,55],"yoast_head":"<!-- This site is optimized with the Yoast SEO plugin v24.5 - https:\/\/yoast.com\/wordpress\/plugins\/seo\/ -->\n<title>Quien tiene agua tiene futuro - ASAJA Palencia<\/title>\n<meta name=\"description\" content=\"DONACIANO DUJO | Presidente de ASAJA-Castilla y Le\u00f3n El pasado 1 de abril comenzaba oficialmente en el Duero la campa\u00f1a de riego. Por fortuna, contra a\u00f1os\" \/>\n<meta name=\"robots\" content=\"index, follow, max-snippet:-1, max-image-preview:large, max-video-preview:-1\" \/>\n<link rel=\"canonical\" href=\"https:\/\/www.asajacyl.com\/palencia\/asaja-palencia-informa\/quien-tiene-agua-tiene-futuro\" \/>\n<meta property=\"og:locale\" content=\"es_ES\" \/>\n<meta property=\"og:type\" content=\"article\" \/>\n<meta property=\"og:title\" content=\"Quien tiene agua tiene futuro - ASAJA Palencia\" \/>\n<meta property=\"og:description\" content=\"DONACIANO DUJO | Presidente de ASAJA-Castilla y Le\u00f3n El pasado 1 de abril comenzaba oficialmente en el Duero la campa\u00f1a de riego. Por fortuna, contra a\u00f1os\" \/>\n<meta property=\"og:url\" content=\"https:\/\/www.asajacyl.com\/palencia\/asaja-palencia-informa\/quien-tiene-agua-tiene-futuro\" \/>\n<meta property=\"og:site_name\" content=\"ASAJA Palencia\" \/>\n<meta property=\"article:published_time\" content=\"2024-04-16T06:25:29+00:00\" \/>\n<meta property=\"article:modified_time\" content=\"2024-04-16T06:25:32+00:00\" \/>\n<meta property=\"og:image\" content=\"https:\/\/www.asajacyl.com\/palencia\/wp-content\/uploads\/sites\/3\/2023\/10\/Donaciano-chaleco-sede-1024x896.jpg\" \/>\n\t<meta property=\"og:image:width\" content=\"1024\" \/>\n\t<meta property=\"og:image:height\" content=\"896\" \/>\n\t<meta property=\"og:image:type\" content=\"image\/jpeg\" \/>\n<meta name=\"author\" content=\"Administrador\" \/>\n<meta name=\"twitter:card\" content=\"summary_large_image\" \/>\n<meta name=\"twitter:label1\" content=\"Escrito por\" \/>\n\t<meta name=\"twitter:data1\" content=\"Administrador\" \/>\n\t<meta name=\"twitter:label2\" content=\"Tiempo de lectura\" \/>\n\t<meta name=\"twitter:data2\" content=\"4 minutos\" \/>\n<script type=\"application\/ld+json\" class=\"yoast-schema-graph\">{\"@context\":\"https:\/\/schema.org\",\"@graph\":[{\"@type\":\"WebPage\",\"@id\":\"https:\/\/www.asajacyl.com\/palencia\/asaja-palencia-informa\/quien-tiene-agua-tiene-futuro\",\"url\":\"https:\/\/www.asajacyl.com\/palencia\/asaja-palencia-informa\/quien-tiene-agua-tiene-futuro\",\"name\":\"Quien tiene agua tiene futuro - ASAJA Palencia\",\"isPartOf\":{\"@id\":\"https:\/\/www.asajacyl.com\/palencia\/#website\"},\"primaryImageOfPage\":{\"@id\":\"https:\/\/www.asajacyl.com\/palencia\/asaja-palencia-informa\/quien-tiene-agua-tiene-futuro#primaryimage\"},\"image\":{\"@id\":\"https:\/\/www.asajacyl.com\/palencia\/asaja-palencia-informa\/quien-tiene-agua-tiene-futuro#primaryimage\"},\"thumbnailUrl\":\"https:\/\/www.asajacyl.com\/palencia\/wp-content\/uploads\/sites\/3\/2023\/10\/Donaciano-chaleco-sede.jpg\",\"datePublished\":\"2024-04-16T06:25:29+00:00\",\"dateModified\":\"2024-04-16T06:25:32+00:00\",\"author\":{\"@id\":\"https:\/\/www.asajacyl.com\/palencia\/#\/schema\/person\/3ab17aeb03527485c317557fae64aab1\"},\"description\":\"DONACIANO DUJO | Presidente de ASAJA-Castilla y Le\u00f3n El pasado 1 de abril comenzaba oficialmente en el Duero la campa\u00f1a de riego. Por fortuna, contra a\u00f1os\",\"breadcrumb\":{\"@id\":\"https:\/\/www.asajacyl.com\/palencia\/asaja-palencia-informa\/quien-tiene-agua-tiene-futuro#breadcrumb\"},\"inLanguage\":\"es\",\"potentialAction\":[{\"@type\":\"ReadAction\",\"target\":[\"https:\/\/www.asajacyl.com\/palencia\/asaja-palencia-informa\/quien-tiene-agua-tiene-futuro\"]}]},{\"@type\":\"ImageObject\",\"inLanguage\":\"es\",\"@id\":\"https:\/\/www.asajacyl.com\/palencia\/asaja-palencia-informa\/quien-tiene-agua-tiene-futuro#primaryimage\",\"url\":\"https:\/\/www.asajacyl.com\/palencia\/wp-content\/uploads\/sites\/3\/2023\/10\/Donaciano-chaleco-sede.jpg\",\"contentUrl\":\"https:\/\/www.asajacyl.com\/palencia\/wp-content\/uploads\/sites\/3\/2023\/10\/Donaciano-chaleco-sede.jpg\",\"width\":1890,\"height\":1654},{\"@type\":\"BreadcrumbList\",\"@id\":\"https:\/\/www.asajacyl.com\/palencia\/asaja-palencia-informa\/quien-tiene-agua-tiene-futuro#breadcrumb\",\"itemListElement\":[{\"@type\":\"ListItem\",\"position\":1,\"name\":\"Portada\",\"item\":\"https:\/\/www.asajacyl.com\/palencia\/\"},{\"@type\":\"ListItem\",\"position\":2,\"name\":\"Quien tiene agua tiene futuro\"}]},{\"@type\":\"WebSite\",\"@id\":\"https:\/\/www.asajacyl.com\/palencia\/#website\",\"url\":\"https:\/\/www.asajacyl.com\/palencia\/\",\"name\":\"ASAJA Palencia\",\"description\":\"Otro sitio m\u00e1s de Provincias ASAJA Castilla y Le\u00f3n\",\"potentialAction\":[{\"@type\":\"SearchAction\",\"target\":{\"@type\":\"EntryPoint\",\"urlTemplate\":\"https:\/\/www.asajacyl.com\/palencia\/?s={search_term_string}\"},\"query-input\":{\"@type\":\"PropertyValueSpecification\",\"valueRequired\":true,\"valueName\":\"search_term_string\"}}],\"inLanguage\":\"es\"},{\"@type\":\"Person\",\"@id\":\"https:\/\/www.asajacyl.com\/palencia\/#\/schema\/person\/3ab17aeb03527485c317557fae64aab1\",\"name\":\"Administrador\",\"image\":{\"@type\":\"ImageObject\",\"inLanguage\":\"es\",\"@id\":\"https:\/\/www.asajacyl.com\/palencia\/#\/schema\/person\/image\/\",\"url\":\"https:\/\/secure.gravatar.com\/avatar\/517384810d242ca9e38c180f3c9fb973?s=96&d=mm&r=g\",\"contentUrl\":\"https:\/\/secure.gravatar.com\/avatar\/517384810d242ca9e38c180f3c9fb973?s=96&d=mm&r=g\",\"caption\":\"Administrador\"},\"url\":\"https:\/\/www.asajacyl.com\/palencia\/author\/carlosrm\"}]}<\/script>\n<!-- \/ Yoast SEO plugin. -->","yoast_head_json":{"title":"Quien tiene agua tiene futuro - ASAJA Palencia","description":"DONACIANO DUJO | Presidente de ASAJA-Castilla y Le\u00f3n El pasado 1 de abril comenzaba oficialmente en el Duero la campa\u00f1a de riego. Por fortuna, contra a\u00f1os","robots":{"index":"index","follow":"follow","max-snippet":"max-snippet:-1","max-image-preview":"max-image-preview:large","max-video-preview":"max-video-preview:-1"},"canonical":"https:\/\/www.asajacyl.com\/palencia\/asaja-palencia-informa\/quien-tiene-agua-tiene-futuro","og_locale":"es_ES","og_type":"article","og_title":"Quien tiene agua tiene futuro - ASAJA Palencia","og_description":"DONACIANO DUJO | Presidente de ASAJA-Castilla y Le\u00f3n El pasado 1 de abril comenzaba oficialmente en el Duero la campa\u00f1a de riego. Por fortuna, contra a\u00f1os","og_url":"https:\/\/www.asajacyl.com\/palencia\/asaja-palencia-informa\/quien-tiene-agua-tiene-futuro","og_site_name":"ASAJA Palencia","article_published_time":"2024-04-16T06:25:29+00:00","article_modified_time":"2024-04-16T06:25:32+00:00","og_image":[{"width":1024,"height":896,"url":"https:\/\/www.asajacyl.com\/palencia\/wp-content\/uploads\/sites\/3\/2023\/10\/Donaciano-chaleco-sede-1024x896.jpg","type":"image\/jpeg"}],"author":"Administrador","twitter_card":"summary_large_image","twitter_misc":{"Escrito por":"Administrador","Tiempo de lectura":"4 minutos"},"schema":{"@context":"https:\/\/schema.org","@graph":[{"@type":"WebPage","@id":"https:\/\/www.asajacyl.com\/palencia\/asaja-palencia-informa\/quien-tiene-agua-tiene-futuro","url":"https:\/\/www.asajacyl.com\/palencia\/asaja-palencia-informa\/quien-tiene-agua-tiene-futuro","name":"Quien tiene agua tiene futuro - ASAJA Palencia","isPartOf":{"@id":"https:\/\/www.asajacyl.com\/palencia\/#website"},"primaryImageOfPage":{"@id":"https:\/\/www.asajacyl.com\/palencia\/asaja-palencia-informa\/quien-tiene-agua-tiene-futuro#primaryimage"},"image":{"@id":"https:\/\/www.asajacyl.com\/palencia\/asaja-palencia-informa\/quien-tiene-agua-tiene-futuro#primaryimage"},"thumbnailUrl":"https:\/\/www.asajacyl.com\/palencia\/wp-content\/uploads\/sites\/3\/2023\/10\/Donaciano-chaleco-sede.jpg","datePublished":"2024-04-16T06:25:29+00:00","dateModified":"2024-04-16T06:25:32+00:00","author":{"@id":"https:\/\/www.asajacyl.com\/palencia\/#\/schema\/person\/3ab17aeb03527485c317557fae64aab1"},"description":"DONACIANO DUJO | Presidente de ASAJA-Castilla y Le\u00f3n El pasado 1 de abril comenzaba oficialmente en el Duero la campa\u00f1a de riego. Por fortuna, contra a\u00f1os","breadcrumb":{"@id":"https:\/\/www.asajacyl.com\/palencia\/asaja-palencia-informa\/quien-tiene-agua-tiene-futuro#breadcrumb"},"inLanguage":"es","potentialAction":[{"@type":"ReadAction","target":["https:\/\/www.asajacyl.com\/palencia\/asaja-palencia-informa\/quien-tiene-agua-tiene-futuro"]}]},{"@type":"ImageObject","inLanguage":"es","@id":"https:\/\/www.asajacyl.com\/palencia\/asaja-palencia-informa\/quien-tiene-agua-tiene-futuro#primaryimage","url":"https:\/\/www.asajacyl.com\/palencia\/wp-content\/uploads\/sites\/3\/2023\/10\/Donaciano-chaleco-sede.jpg","contentUrl":"https:\/\/www.asajacyl.com\/palencia\/wp-content\/uploads\/sites\/3\/2023\/10\/Donaciano-chaleco-sede.jpg","width":1890,"height":1654},{"@type":"BreadcrumbList","@id":"https:\/\/www.asajacyl.com\/palencia\/asaja-palencia-informa\/quien-tiene-agua-tiene-futuro#breadcrumb","itemListElement":[{"@type":"ListItem","position":1,"name":"Portada","item":"https:\/\/www.asajacyl.com\/palencia\/"},{"@type":"ListItem","position":2,"name":"Quien tiene agua tiene futuro"}]},{"@type":"WebSite","@id":"https:\/\/www.asajacyl.com\/palencia\/#website","url":"https:\/\/www.asajacyl.com\/palencia\/","name":"ASAJA Palencia","description":"Otro sitio m\u00e1s de Provincias ASAJA Castilla y Le\u00f3n","potentialAction":[{"@type":"SearchAction","target":{"@type":"EntryPoint","urlTemplate":"https:\/\/www.asajacyl.com\/palencia\/?s={search_term_string}"},"query-input":{"@type":"PropertyValueSpecification","valueRequired":true,"valueName":"search_term_string"}}],"inLanguage":"es"},{"@type":"Person","@id":"https:\/\/www.asajacyl.com\/palencia\/#\/schema\/person\/3ab17aeb03527485c317557fae64aab1","name":"Administrador","image":{"@type":"ImageObject","inLanguage":"es","@id":"https:\/\/www.asajacyl.com\/palencia\/#\/schema\/person\/image\/","url":"https:\/\/secure.gravatar.com\/avatar\/517384810d242ca9e38c180f3c9fb973?s=96&d=mm&r=g","contentUrl":"https:\/\/secure.gravatar.com\/avatar\/517384810d242ca9e38c180f3c9fb973?s=96&d=mm&r=g","caption":"Administrador"},"url":"https:\/\/www.asajacyl.com\/palencia\/author\/carlosrm"}]}},"_links":{"self":[{"href":"https:\/\/www.asajacyl.com\/palencia\/wp-json\/wp\/v2\/posts\/15975"}],"collection":[{"href":"https:\/\/www.asajacyl.com\/palencia\/wp-json\/wp\/v2\/posts"}],"about":[{"href":"https:\/\/www.asajacyl.com\/palencia\/wp-json\/wp\/v2\/types\/post"}],"author":[{"embeddable":true,"href":"https:\/\/www.asajacyl.com\/palencia\/wp-json\/wp\/v2\/users\/9"}],"replies":[{"embeddable":true,"href":"https:\/\/www.asajacyl.com\/palencia\/wp-json\/wp\/v2\/comments?post=15975"}],"version-history":[{"count":1,"href":"https:\/\/www.asajacyl.com\/palencia\/wp-json\/wp\/v2\/posts\/15975\/revisions"}],"predecessor-version":[{"id":15976,"href":"https:\/\/www.asajacyl.com\/palencia\/wp-json\/wp\/v2\/posts\/15975\/revisions\/15976"}],"wp:featuredmedia":[{"embeddable":true,"href":"https:\/\/www.asajacyl.com\/palencia\/wp-json\/wp\/v2\/media\/14501"}],"wp:attachment":[{"href":"https:\/\/www.asajacyl.com\/palencia\/wp-json\/wp\/v2\/media?parent=15975"}],"wp:term":[{"taxonomy":"category","embeddable":true,"href":"https:\/\/www.asajacyl.com\/palencia\/wp-json\/wp\/v2\/categories?post=15975"},{"taxonomy":"post_tag","embeddable":true,"href":"https:\/\/www.asajacyl.com\/palencia\/wp-json\/wp\/v2\/tags?post=15975"}],"curies":[{"name":"wp","href":"https:\/\/api.w.org\/{rel}","templated":true}]}}