{"id":15991,"date":"2024-04-17T13:25:31","date_gmt":"2024-04-17T11:25:31","guid":{"rendered":"https:\/\/www.asajacyl.com\/palencia\/?p=15991"},"modified":"2024-04-17T13:48:04","modified_gmt":"2024-04-17T11:48:04","slug":"el-periodo-libre-de-vectores-de-lengua-azul-y-ehe-acaba-y-se-abre-un-periodo-transitorio-hasta-el-1-de-junio","status":"publish","type":"post","link":"https:\/\/www.asajacyl.com\/palencia\/asaja-palencia-informa\/el-periodo-libre-de-vectores-de-lengua-azul-y-ehe-acaba-y-se-abre-un-periodo-transitorio-hasta-el-1-de-junio","title":{"rendered":"El periodo libre de vectores de lengua azul y EHE acaba y se abre uno transitorio hasta el 1 de junio"},"content":{"rendered":"\n<h2 class=\"wp-block-heading\">El Ministerio de Agricultura, Pesca y Alimentaci\u00f3n comunic\u00f3 a la UE un periodo estacionalmente libre de los vectores transmisores de la enfermedad de la lengua azul y de la enfermedad hemorr\u00e1gica epizo\u00f3tica (EHE) en Espa\u00f1a, que ha finalizado este martes,\u00a016 de abril, teniendo en cuenta las previsiones de la Agencia Estatal de Meteorolog\u00eda (AEMET), los resultados obtenidos por el\u00a0Programa Nacional de Vigilancia Entomol\u00f3gica y los datos hist\u00f3ricos entomol\u00f3gicos disponibles. Ahora se abre un periodo transitorio hasta el 1 de junio, lo que deben tener en cuenta los ganaderos para el movimiento de animales para vida y sacrificio.<\/h2>\n\n\n\n<p>Como en otras ocasiones, se mantendr\u00e1 un\u00a0periodo transitorio hasta el pr\u00f3ximo 1 de junio\u00a0de 2024, inclusive, tiempo en el que se flexibilizan los requisitos de movimientos de animales para vida y sacrificio desde las zonas que se incorporaron al programa de erradicaci\u00f3n a partir del segundo semestre de 2023, proporcionando as\u00ed un tiempo adicional para finalizar la vacunaci\u00f3n en estas zonas.<\/p>\n\n\n\n<p>Durante este periodo transitorio se permitir\u00e1n<\/p>\n\n\n\n<ul>\n<li><strong>los\u00a0movimientos para vida \u00fanicamente con desinsectaci\u00f3n\u00a0animal y del medio de transporte<\/strong><\/li>\n\n\n\n<li><strong>y los movimientos para sacrificio s\u00f3lo con la desinsectaci\u00f3n del medio de transporte, sin necesidad de vacunar, ni hacer pruebas previas de PCR.<\/strong><\/li>\n<\/ul>\n\n\n\n<p><strong>MEDIDA PROVISIONAL DE LA JUNTA. <\/strong>La Consejer\u00eda de Agricultura, Ganader\u00eda y Desarrollo Rural de la Junta de Castilla y Le\u00f3n ha establecido una medida provisional de env\u00edo de terneros a cebadero <strong>desde este mi\u00e9rcoles 17 de abril hasta el 7 de mayo<\/strong>, con el fin de no perjudicar a los ganaderos. Los bovinos menores de doce meses que se trasladen de una explotaci\u00f3n de reproducci\u00f3n ubicada en Castilla y Le\u00f3n a un cebadero de ciclo cerrado ubicado en esta comunidad (ambos dentro de la zona de vacunaci\u00f3n obligatoria de lengua azul) podr\u00e1n moverse con una sola vacunaci\u00f3n de lengua azul,\u00a0<strong>siempre y cuando el cebadero de destino se comprometa a realizar la revacunaci\u00f3n del animal \u00a0a las tres semanas de la primera vacunaci\u00f3n.<\/strong><\/p>\n","protected":false},"excerpt":{"rendered":"<p>El Ministerio de Agricultura, Pesca y Alimentaci\u00f3n comunic\u00f3 a la UE un periodo estacionalmente libre de los vectores transmisores de la enfermedad de la lengua azul y de la enfermedad hemorr\u00e1gica epizo\u00f3tica (EHE) en Espa\u00f1a, que ha finalizado este martes,\u00a016 de abril, teniendo en cuenta las previsiones de la Agencia Estatal de Meteorolog\u00eda (AEMET), los [&hellip;]<\/p>\n","protected":false},"author":9,"featured_media":13354,"comment_status":"open","ping_status":"open","sticky":false,"template":"","format":"standard","meta":{"footnotes":""},"categories":[9,28],"tags":[112,142,426,425,77,66,361,92,110,365,259,462,496,362,449],"yoast_head":"<!-- This site is optimized with the Yoast SEO plugin v24.5 - https:\/\/yoast.com\/wordpress\/plugins\/seo\/ -->\n<title>El periodo libre de vectores de lengua azul y EHE acaba y se abre uno transitorio hasta el 1 de junio - ASAJA Palencia<\/title>\n<meta name=\"description\" content=\"El Ministerio de Agricultura, Pesca y Alimentaci\u00f3n comunic\u00f3 a la UE un periodo estacionalmente libre de los vectores transmisores de la enfermedad de la\" \/>\n<meta name=\"robots\" content=\"index, follow, max-snippet:-1, max-image-preview:large, max-video-preview:-1\" \/>\n<link rel=\"canonical\" href=\"https:\/\/www.asajacyl.com\/palencia\/asaja-palencia-informa\/el-periodo-libre-de-vectores-de-lengua-azul-y-ehe-acaba-y-se-abre-un-periodo-transitorio-hasta-el-1-de-junio\" \/>\n<meta property=\"og:locale\" content=\"es_ES\" \/>\n<meta property=\"og:type\" content=\"article\" \/>\n<meta property=\"og:title\" content=\"El periodo libre de vectores de lengua azul y EHE acaba y se abre uno transitorio hasta el 1 de junio - ASAJA Palencia\" \/>\n<meta property=\"og:description\" content=\"El Ministerio de Agricultura, Pesca y Alimentaci\u00f3n comunic\u00f3 a la UE un periodo estacionalmente libre de los vectores transmisores de la enfermedad de la\" \/>\n<meta property=\"og:url\" content=\"https:\/\/www.asajacyl.com\/palencia\/asaja-palencia-informa\/el-periodo-libre-de-vectores-de-lengua-azul-y-ehe-acaba-y-se-abre-un-periodo-transitorio-hasta-el-1-de-junio\" \/>\n<meta property=\"og:site_name\" content=\"ASAJA Palencia\" \/>\n<meta property=\"article:published_time\" content=\"2024-04-17T11:25:31+00:00\" \/>\n<meta property=\"article:modified_time\" content=\"2024-04-17T11:48:04+00:00\" \/>\n<meta property=\"og:image\" content=\"https:\/\/www.asajacyl.com\/palencia\/wp-content\/uploads\/sites\/3\/2023\/05\/foto-transporte-ganado.jpg\" \/>\n\t<meta property=\"og:image:width\" content=\"1562\" \/>\n\t<meta property=\"og:image:height\" content=\"1233\" \/>\n\t<meta property=\"og:image:type\" content=\"image\/jpeg\" \/>\n<meta name=\"author\" content=\"Administrador\" \/>\n<meta name=\"twitter:card\" content=\"summary_large_image\" \/>\n<meta name=\"twitter:label1\" content=\"Escrito por\" \/>\n\t<meta name=\"twitter:data1\" content=\"Administrador\" \/>\n\t<meta name=\"twitter:label2\" content=\"Tiempo de lectura\" \/>\n\t<meta name=\"twitter:data2\" content=\"2 minutos\" \/>\n<script type=\"application\/ld+json\" class=\"yoast-schema-graph\">{\"@context\":\"https:\/\/schema.org\",\"@graph\":[{\"@type\":\"WebPage\",\"@id\":\"https:\/\/www.asajacyl.com\/palencia\/asaja-palencia-informa\/el-periodo-libre-de-vectores-de-lengua-azul-y-ehe-acaba-y-se-abre-un-periodo-transitorio-hasta-el-1-de-junio\",\"url\":\"https:\/\/www.asajacyl.com\/palencia\/asaja-palencia-informa\/el-periodo-libre-de-vectores-de-lengua-azul-y-ehe-acaba-y-se-abre-un-periodo-transitorio-hasta-el-1-de-junio\",\"name\":\"El periodo libre de vectores de lengua azul y EHE acaba y se abre uno transitorio hasta el 1 de junio - ASAJA Palencia\",\"isPartOf\":{\"@id\":\"https:\/\/www.asajacyl.com\/palencia\/#website\"},\"primaryImageOfPage\":{\"@id\":\"https:\/\/www.asajacyl.com\/palencia\/asaja-palencia-informa\/el-periodo-libre-de-vectores-de-lengua-azul-y-ehe-acaba-y-se-abre-un-periodo-transitorio-hasta-el-1-de-junio#primaryimage\"},\"image\":{\"@id\":\"https:\/\/www.asajacyl.com\/palencia\/asaja-palencia-informa\/el-periodo-libre-de-vectores-de-lengua-azul-y-ehe-acaba-y-se-abre-un-periodo-transitorio-hasta-el-1-de-junio#primaryimage\"},\"thumbnailUrl\":\"https:\/\/www.asajacyl.com\/palencia\/wp-content\/uploads\/sites\/3\/2023\/05\/foto-transporte-ganado.jpg\",\"datePublished\":\"2024-04-17T11:25:31+00:00\",\"dateModified\":\"2024-04-17T11:48:04+00:00\",\"author\":{\"@id\":\"https:\/\/www.asajacyl.com\/palencia\/#\/schema\/person\/3ab17aeb03527485c317557fae64aab1\"},\"description\":\"El Ministerio de Agricultura, Pesca y Alimentaci\u00f3n comunic\u00f3 a la UE un periodo estacionalmente libre de los vectores transmisores de la enfermedad de la\",\"breadcrumb\":{\"@id\":\"https:\/\/www.asajacyl.com\/palencia\/asaja-palencia-informa\/el-periodo-libre-de-vectores-de-lengua-azul-y-ehe-acaba-y-se-abre-un-periodo-transitorio-hasta-el-1-de-junio#breadcrumb\"},\"inLanguage\":\"es\",\"potentialAction\":[{\"@type\":\"ReadAction\",\"target\":[\"https:\/\/www.asajacyl.com\/palencia\/asaja-palencia-informa\/el-periodo-libre-de-vectores-de-lengua-azul-y-ehe-acaba-y-se-abre-un-periodo-transitorio-hasta-el-1-de-junio\"]}]},{\"@type\":\"ImageObject\",\"inLanguage\":\"es\",\"@id\":\"https:\/\/www.asajacyl.com\/palencia\/asaja-palencia-informa\/el-periodo-libre-de-vectores-de-lengua-azul-y-ehe-acaba-y-se-abre-un-periodo-transitorio-hasta-el-1-de-junio#primaryimage\",\"url\":\"https:\/\/www.asajacyl.com\/palencia\/wp-content\/uploads\/sites\/3\/2023\/05\/foto-transporte-ganado.jpg\",\"contentUrl\":\"https:\/\/www.asajacyl.com\/palencia\/wp-content\/uploads\/sites\/3\/2023\/05\/foto-transporte-ganado.jpg\",\"width\":1562,\"height\":1233},{\"@type\":\"BreadcrumbList\",\"@id\":\"https:\/\/www.asajacyl.com\/palencia\/asaja-palencia-informa\/el-periodo-libre-de-vectores-de-lengua-azul-y-ehe-acaba-y-se-abre-un-periodo-transitorio-hasta-el-1-de-junio#breadcrumb\",\"itemListElement\":[{\"@type\":\"ListItem\",\"position\":1,\"name\":\"Portada\",\"item\":\"https:\/\/www.asajacyl.com\/palencia\/\"},{\"@type\":\"ListItem\",\"position\":2,\"name\":\"El periodo libre de vectores de lengua azul y EHE acaba y se abre uno transitorio hasta el 1 de junio\"}]},{\"@type\":\"WebSite\",\"@id\":\"https:\/\/www.asajacyl.com\/palencia\/#website\",\"url\":\"https:\/\/www.asajacyl.com\/palencia\/\",\"name\":\"ASAJA Palencia\",\"description\":\"Otro sitio m\u00e1s de Provincias ASAJA Castilla y Le\u00f3n\",\"potentialAction\":[{\"@type\":\"SearchAction\",\"target\":{\"@type\":\"EntryPoint\",\"urlTemplate\":\"https:\/\/www.asajacyl.com\/palencia\/?s={search_term_string}\"},\"query-input\":{\"@type\":\"PropertyValueSpecification\",\"valueRequired\":true,\"valueName\":\"search_term_string\"}}],\"inLanguage\":\"es\"},{\"@type\":\"Person\",\"@id\":\"https:\/\/www.asajacyl.com\/palencia\/#\/schema\/person\/3ab17aeb03527485c317557fae64aab1\",\"name\":\"Administrador\",\"image\":{\"@type\":\"ImageObject\",\"inLanguage\":\"es\",\"@id\":\"https:\/\/www.asajacyl.com\/palencia\/#\/schema\/person\/image\/\",\"url\":\"https:\/\/secure.gravatar.com\/avatar\/517384810d242ca9e38c180f3c9fb973?s=96&d=mm&r=g\",\"contentUrl\":\"https:\/\/secure.gravatar.com\/avatar\/517384810d242ca9e38c180f3c9fb973?s=96&d=mm&r=g\",\"caption\":\"Administrador\"},\"url\":\"https:\/\/www.asajacyl.com\/palencia\/author\/carlosrm\"}]}<\/script>\n<!-- \/ Yoast SEO plugin. -->","yoast_head_json":{"title":"El periodo libre de vectores de lengua azul y EHE acaba y se abre uno transitorio hasta el 1 de junio - ASAJA Palencia","description":"El Ministerio de Agricultura, Pesca y Alimentaci\u00f3n comunic\u00f3 a la UE un periodo estacionalmente libre de los vectores transmisores de la enfermedad de la","robots":{"index":"index","follow":"follow","max-snippet":"max-snippet:-1","max-image-preview":"max-image-preview:large","max-video-preview":"max-video-preview:-1"},"canonical":"https:\/\/www.asajacyl.com\/palencia\/asaja-palencia-informa\/el-periodo-libre-de-vectores-de-lengua-azul-y-ehe-acaba-y-se-abre-un-periodo-transitorio-hasta-el-1-de-junio","og_locale":"es_ES","og_type":"article","og_title":"El periodo libre de vectores de lengua azul y EHE acaba y se abre uno transitorio hasta el 1 de junio - ASAJA Palencia","og_description":"El Ministerio de Agricultura, Pesca y Alimentaci\u00f3n comunic\u00f3 a la UE un periodo estacionalmente libre de los vectores transmisores de la enfermedad de la","og_url":"https:\/\/www.asajacyl.com\/palencia\/asaja-palencia-informa\/el-periodo-libre-de-vectores-de-lengua-azul-y-ehe-acaba-y-se-abre-un-periodo-transitorio-hasta-el-1-de-junio","og_site_name":"ASAJA Palencia","article_published_time":"2024-04-17T11:25:31+00:00","article_modified_time":"2024-04-17T11:48:04+00:00","og_image":[{"width":1562,"height":1233,"url":"https:\/\/www.asajacyl.com\/palencia\/wp-content\/uploads\/sites\/3\/2023\/05\/foto-transporte-ganado.jpg","type":"image\/jpeg"}],"author":"Administrador","twitter_card":"summary_large_image","twitter_misc":{"Escrito por":"Administrador","Tiempo de lectura":"2 minutos"},"schema":{"@context":"https:\/\/schema.org","@graph":[{"@type":"WebPage","@id":"https:\/\/www.asajacyl.com\/palencia\/asaja-palencia-informa\/el-periodo-libre-de-vectores-de-lengua-azul-y-ehe-acaba-y-se-abre-un-periodo-transitorio-hasta-el-1-de-junio","url":"https:\/\/www.asajacyl.com\/palencia\/asaja-palencia-informa\/el-periodo-libre-de-vectores-de-lengua-azul-y-ehe-acaba-y-se-abre-un-periodo-transitorio-hasta-el-1-de-junio","name":"El periodo libre de vectores de lengua azul y EHE acaba y se abre uno transitorio hasta el 1 de junio - ASAJA Palencia","isPartOf":{"@id":"https:\/\/www.asajacyl.com\/palencia\/#website"},"primaryImageOfPage":{"@id":"https:\/\/www.asajacyl.com\/palencia\/asaja-palencia-informa\/el-periodo-libre-de-vectores-de-lengua-azul-y-ehe-acaba-y-se-abre-un-periodo-transitorio-hasta-el-1-de-junio#primaryimage"},"image":{"@id":"https:\/\/www.asajacyl.com\/palencia\/asaja-palencia-informa\/el-periodo-libre-de-vectores-de-lengua-azul-y-ehe-acaba-y-se-abre-un-periodo-transitorio-hasta-el-1-de-junio#primaryimage"},"thumbnailUrl":"https:\/\/www.asajacyl.com\/palencia\/wp-content\/uploads\/sites\/3\/2023\/05\/foto-transporte-ganado.jpg","datePublished":"2024-04-17T11:25:31+00:00","dateModified":"2024-04-17T11:48:04+00:00","author":{"@id":"https:\/\/www.asajacyl.com\/palencia\/#\/schema\/person\/3ab17aeb03527485c317557fae64aab1"},"description":"El Ministerio de Agricultura, Pesca y Alimentaci\u00f3n comunic\u00f3 a la UE un periodo estacionalmente libre de los vectores transmisores de la enfermedad de la","breadcrumb":{"@id":"https:\/\/www.asajacyl.com\/palencia\/asaja-palencia-informa\/el-periodo-libre-de-vectores-de-lengua-azul-y-ehe-acaba-y-se-abre-un-periodo-transitorio-hasta-el-1-de-junio#breadcrumb"},"inLanguage":"es","potentialAction":[{"@type":"ReadAction","target":["https:\/\/www.asajacyl.com\/palencia\/asaja-palencia-informa\/el-periodo-libre-de-vectores-de-lengua-azul-y-ehe-acaba-y-se-abre-un-periodo-transitorio-hasta-el-1-de-junio"]}]},{"@type":"ImageObject","inLanguage":"es","@id":"https:\/\/www.asajacyl.com\/palencia\/asaja-palencia-informa\/el-periodo-libre-de-vectores-de-lengua-azul-y-ehe-acaba-y-se-abre-un-periodo-transitorio-hasta-el-1-de-junio#primaryimage","url":"https:\/\/www.asajacyl.com\/palencia\/wp-content\/uploads\/sites\/3\/2023\/05\/foto-transporte-ganado.jpg","contentUrl":"https:\/\/www.asajacyl.com\/palencia\/wp-content\/uploads\/sites\/3\/2023\/05\/foto-transporte-ganado.jpg","width":1562,"height":1233},{"@type":"BreadcrumbList","@id":"https:\/\/www.asajacyl.com\/palencia\/asaja-palencia-informa\/el-periodo-libre-de-vectores-de-lengua-azul-y-ehe-acaba-y-se-abre-un-periodo-transitorio-hasta-el-1-de-junio#breadcrumb","itemListElement":[{"@type":"ListItem","position":1,"name":"Portada","item":"https:\/\/www.asajacyl.com\/palencia\/"},{"@type":"ListItem","position":2,"name":"El periodo libre de vectores de lengua azul y EHE acaba y se abre uno transitorio hasta el 1 de junio"}]},{"@type":"WebSite","@id":"https:\/\/www.asajacyl.com\/palencia\/#website","url":"https:\/\/www.asajacyl.com\/palencia\/","name":"ASAJA Palencia","description":"Otro sitio m\u00e1s de Provincias ASAJA Castilla y Le\u00f3n","potentialAction":[{"@type":"SearchAction","target":{"@type":"EntryPoint","urlTemplate":"https:\/\/www.asajacyl.com\/palencia\/?s={search_term_string}"},"query-input":{"@type":"PropertyValueSpecification","valueRequired":true,"valueName":"search_term_string"}}],"inLanguage":"es"},{"@type":"Person","@id":"https:\/\/www.asajacyl.com\/palencia\/#\/schema\/person\/3ab17aeb03527485c317557fae64aab1","name":"Administrador","image":{"@type":"ImageObject","inLanguage":"es","@id":"https:\/\/www.asajacyl.com\/palencia\/#\/schema\/person\/image\/","url":"https:\/\/secure.gravatar.com\/avatar\/517384810d242ca9e38c180f3c9fb973?s=96&d=mm&r=g","contentUrl":"https:\/\/secure.gravatar.com\/avatar\/517384810d242ca9e38c180f3c9fb973?s=96&d=mm&r=g","caption":"Administrador"},"url":"https:\/\/www.asajacyl.com\/palencia\/author\/carlosrm"}]}},"_links":{"self":[{"href":"https:\/\/www.asajacyl.com\/palencia\/wp-json\/wp\/v2\/posts\/15991"}],"collection":[{"href":"https:\/\/www.asajacyl.com\/palencia\/wp-json\/wp\/v2\/posts"}],"about":[{"href":"https:\/\/www.asajacyl.com\/palencia\/wp-json\/wp\/v2\/types\/post"}],"author":[{"embeddable":true,"href":"https:\/\/www.asajacyl.com\/palencia\/wp-json\/wp\/v2\/users\/9"}],"replies":[{"embeddable":true,"href":"https:\/\/www.asajacyl.com\/palencia\/wp-json\/wp\/v2\/comments?post=15991"}],"version-history":[{"count":3,"href":"https:\/\/www.asajacyl.com\/palencia\/wp-json\/wp\/v2\/posts\/15991\/revisions"}],"predecessor-version":[{"id":15994,"href":"https:\/\/www.asajacyl.com\/palencia\/wp-json\/wp\/v2\/posts\/15991\/revisions\/15994"}],"wp:featuredmedia":[{"embeddable":true,"href":"https:\/\/www.asajacyl.com\/palencia\/wp-json\/wp\/v2\/media\/13354"}],"wp:attachment":[{"href":"https:\/\/www.asajacyl.com\/palencia\/wp-json\/wp\/v2\/media?parent=15991"}],"wp:term":[{"taxonomy":"category","embeddable":true,"href":"https:\/\/www.asajacyl.com\/palencia\/wp-json\/wp\/v2\/categories?post=15991"},{"taxonomy":"post_tag","embeddable":true,"href":"https:\/\/www.asajacyl.com\/palencia\/wp-json\/wp\/v2\/tags?post=15991"}],"curies":[{"name":"wp","href":"https:\/\/api.w.org\/{rel}","templated":true}]}}