{"id":16008,"date":"2024-04-20T10:00:00","date_gmt":"2024-04-20T08:00:00","guid":{"rendered":"https:\/\/www.asajacyl.com\/palencia\/?p=16008"},"modified":"2024-04-19T12:56:17","modified_gmt":"2024-04-19T10:56:17","slug":"asaja-valora-la-revision-de-modulos-del-irpf-2023-pero-lamenta-que-el-limite-siga-en-los-250-000-e","status":"publish","type":"post","link":"https:\/\/www.asajacyl.com\/palencia\/asaja-palencia-informa\/asaja-valora-la-revision-de-modulos-del-irpf-2023-pero-lamenta-que-el-limite-siga-en-los-250-000-e","title":{"rendered":"ASAJA valora la revisi\u00f3n de m\u00f3dulos del IRPF 2023, pero lamenta que el l\u00edmite siga en los 250.000 \u20ac"},"content":{"rendered":"\n<h2 class=\"wp-block-heading\">ASAJA-Castilla y Le\u00f3n recibe positivamente la revisi\u00f3n a la baja de los \u00edndices de rendimiento neto aplicables en el m\u00e9todo de estimaci\u00f3n objetiva (los llamados m\u00f3dulos) del Impuesto sobre la Renta de las Personas F\u00edsicas para actividades agr\u00edcolas y ganaderas en el periodo impositivo de 2023. La revisi\u00f3n, que anualmente se ajusta tras escuchar las peticiones del sector, transmitidas por las organizaciones profesionales agrarias al finalizar la campa\u00f1a agr\u00edcola, ha sido especialmente sensible a los problemas causados por la sequ\u00eda en los productores cerealista y la ganader\u00eda extensiva, ambos fundamentales en Castilla y Le\u00f3n. No obstante, nuestra organizaci\u00f3n lamenta que algunas peticiones queden sin atender; entre ellas, que la facturaci\u00f3n m\u00e1xima de este r\u00e9gimen siga en 250.000 euros, pese a la tensi\u00f3n inflacionista de los \u00faltimos a\u00f1os.<\/h2>\n\n\n\n<p>El Bolet\u00edn Oficial del Estado (BOE) ha publicado este viernes, 19 de abril, la orden de modificaci\u00f3n del rendimiento neto y las reducciones aplicables a las actividades agr\u00edcolas y ganaderas en r\u00e9gimen de m\u00f3dulos del IRPF del pasado ejercicio, con la que el Gobierno de Espa\u00f1a da respuesta a una parte de las peticiones de\u00a0ASAJA.<\/p>\n\n\n\n<p>Nuestra organizaci\u00f3n ven\u00eda reclamando una reducci\u00f3n de la fiscalidad con motivo de las inclemencias meteorol\u00f3gicas (principalmente, la grav\u00edsima sequ\u00eda de 2023), as\u00ed como de circunstancias excepcionales, como las dificultades de mercado, entre otras; que afectaron a varias zonas y acarrearon p\u00e9rdidas en diversas producciones.<\/p>\n\n\n\n<p><strong>REDUCCI\u00d3N GENERAL DEL 15%. <\/strong>ASAJA-Castilla y Le\u00f3n valora la reducci\u00f3n general sobre el rendimiento neto de m\u00f3dulos, inicialmente previsto para 2023 en el 10 % y que se eleva al 15 % para las actividades agr\u00edcolas, ganaderas y forestales que determinen el rendimiento neto con estimaci\u00f3n objetiva.<\/p>\n\n\n\n<p>Pese a esa valoraci\u00f3n, el Gobierno sigue sin atender la demanda de ASAJA para que se eleve por encima de los 250.000 euros la facturaci\u00f3n m\u00e1xima que permite estar en el r\u00e9gimen fiscal de m\u00f3dulos. <\/p>\n\n\n\n<p>Nuestra organizaci\u00f3n quiere evitar que muchos agricultores y ganaderos se vean necesariamente obligados a dejar la estimaci\u00f3n directa cuando pasan de este umbral, que cada vez excluye a m\u00e1s explotaciones, que se ven obligadas a crecer si no quieren quedar fuera de las demandas del mercado actual; y m\u00e1xime con las tensiones inflacionistas de los \u00faltimos a\u00f1os que han hecho m\u00e1s accesible ese umbral. <\/p>\n\n\n\n<p><strong>GANADER\u00cdA, CAL Y ARENA. <\/strong>ASAJA ve positiva la reducci\u00f3n a la baja para toda Espa\u00f1a de los \u00edndices de la apicultura y de todos los sectores ganaderos extensivos, si bien se echa en falta el equino, tambi\u00e9n afectado por la falta de pasto y la carest\u00eda de la alimentaci\u00f3n. Sin embargo, se queda fuera de la reducci\u00f3n todo el intensivo. <\/p>\n\n\n\n<p>En agricultura, hay reducciones generales para toda Espa\u00f1a en cereales, leguminosas, uva para vino, entre otros cultivos; sin perjuicio de revisiones mayor en determinadas provincias y t\u00e9rminos municipales. Sin embargo, el Gobierno ha desatendido globalmente otras producciones agrarias.<\/p>\n\n\n\n<p><strong>COMO PEDREA LOTERA. <\/strong>La orden publicada este viernes en el BOE incluye las reducciones que, con car\u00e1cter general, se aplican en todo el pa\u00eds, as\u00ed como las espec\u00edficas para las nueve provincias de Castilla y Le\u00f3n, algunas con car\u00e1cter provincial y otras municipal, en las que de nuevo se ha producido una especie de loter\u00eda y su pedrea, donde situaciones similares se tratan de forma desigual.<\/p>\n\n\n\n<p>Estos ajustes anuales del sistema fiscal de estimaci\u00f3n objetiva, m\u00e1s conocido como de m\u00f3dulos, revisten importancia porque es mayoritario entre los profesionales del campo de Castilla y Le\u00f3n, ya que pueden acogerse quienes tienen ingresos inferiores a 250.000 euros anuales.<\/p>\n\n\n\n<p>Los profesionales del campo se inclinan por \u00e9l, junto con el r\u00e9gimen simplificado del IVA, debido a su menor carga burocr\u00e1tica y a que no obliga a llevar una contabilidad de gastos. Sin embargo, cada vez son m\u00e1s los agricultores y los ganaderos que se ven obligados al sistema de estimaci\u00f3n directa, al superar los umbrales de ingresos. <\/p>\n\n\n\n<p>Para cualquier consulta, ASAJA-Palencia ofrece asesoramiento a los agricultores y ganaderos en su red de oficinas. No obstante, detallamos a continuaci\u00f3n las modificaciones para el periodo impositivo de 2023 sobre los \u00edndices de rendimientos netos.<\/p>\n\n\n\n<p><strong>Adem\u00e1s de la reducci\u00f3n general del 15%, por los efectos de la sequ\u00eda en la ca\u00eda de los rendimientos, con car\u00e1cter general para TODA ESPA\u00d1A se reducen los siguientes \u00edndices por tipo de producci\u00f3n:<\/strong><\/p>\n\n\n\n<p><strong>AGRICULTURA<\/strong><\/p>\n\n\n\n<ul>\n<li>Cereales: de 0,26 a 0,13<\/li>\n\n\n\n<li>Leguminosas: de 0,26 a 0,13<\/li>\n\n\n\n<li>Uva para vino con DO: de 0,32 a 0,22<\/li>\n\n\n\n<li>Uva para vino sin DO: de 0,26 a 0,18<\/li>\n<\/ul>\n\n\n\n<p><strong>GANADER\u00cdA Y APICULTURA:<\/strong><\/p>\n\n\n\n<ul>\n<li>Bovino de carne extensivo: de 0,13 a 0,09<\/li>\n\n\n\n<li>Bovino de cr\u00eda extensivo: de 0,26 a 0,18<\/li>\n\n\n\n<li>Ovino y caprino de carne extensivo: de 0,13 a 0,09<\/li>\n\n\n\n<li>Apicultura: de 0,26 a 0,13<\/li>\n<\/ul>\n\n\n\n<p><strong>Adem\u00e1s, en <span style=\"text-decoration: underline\">todos los t\u00e9rminos municipales<\/span> de la PROVINCIA DE PALENCIA, se establecen los siguientes \u00edndices de rendimiento neto para estos cultivos:<\/strong><\/p>\n\n\n\n<ul>\n<li>Forrajes (alfalfa y veza): 0,07<\/li>\n\n\n\n<li>Leguminosas grano (guisantes): 0,05<\/li>\n\n\n\n<li>Leguminosas frano (veza): 0,09<\/li>\n\n\n\n<li>Oleaginosas (colza): 0,22<\/li>\n<\/ul>\n\n\n\n<p>El <strong>\u00edndice de rendimiento neto en CEREAL baja al 0,09 <\/strong>en sesenta t\u00e9rminos municipales de nuestra provincia:<\/p>\n\n\n\n<p>Aguilar de Campoo, Alba de Cerrato, Ampudia, Antig\u00fcedad, Astudillo, Baltan\u00e1s, Bustillo del P\u00e1ramo de Carri\u00f3n, Calzada de los Molinos, Capillas, Castrillo de Villavega, Cervatos de la Cueza, Cevico de la Torre, Cobos de Cerrato, Cordovilla la Real, Cubillas de Cerrato, Due\u00f1as, Espinosa de Cerrato, Fresno del R\u00edo, Fuentes de Valdepero, Grijota, Herrera de Valdeca\u00f1as, Hontoria de Cerrato, Hornillos de Cerrato, H\u00e9rmedes de Cerrato, Lagartos, Magaz de Pisuerga, Marcilla de Campos, Meneses de Campos, Monz\u00f3n de Campos, Olmos de Ojeda, Palencia, Palenzuela, Pedraza de Campos,  Poblaci\u00f3n de Cerrato, Poza de la Vega, Quintana del Puente, Reinoso de Cerrato, Ribas de Campos, Salda\u00f1a, Santa Cecilia del Alcor, Santoyo, La Serna, Tariego de Cerrato, Torquemada, Valbuena de Pisuerga, Valdeolmillos, Valle de Cerrato, Vertavillo, La Vid de Ojeda, Villaherreros, Villalob\u00f3n, Villamart\u00edn de Campos, Villamediana, Villamuera de la Cueza, Villamuriel de<br>Cerrato, Villaprovedo, Villaumbrales, Villaviudas, Viller\u00edas de Campos y Villodrigo.<\/p>\n\n\n\n<p>Y, finalmente, se establecen algunas revisiones m\u00e1s en cuatro municipios de la provincia de Palencia:<\/p>\n\n\n\n<ul>\n<li>Alba de Cerrato: 0,05 en productos hort\u00edcolas (ajo)<\/li>\n\n\n\n<li>Calzada de los Molinos: 0,13 en frutos secos<\/li>\n\n\n\n<li>Pedraza de Campos: 0,19 en forrajes<\/li>\n\n\n\n<li>Torremormoj\u00f3n: 0,26 en forrajes<strong>\/<\/strong><\/li>\n<\/ul>\n\n\n\n<p>Para cualquier duda o aclaraci\u00f3n, consulte al servicio de asesor\u00eda fiscal de ASAJA-Palencia.<strong>\/<\/strong><\/p>\n","protected":false},"excerpt":{"rendered":"<p>ASAJA-Castilla y Le\u00f3n recibe positivamente la revisi\u00f3n a la baja de los \u00edndices de rendimiento neto aplicables en el m\u00e9todo de estimaci\u00f3n objetiva (los llamados m\u00f3dulos) del Impuesto sobre la Renta de las Personas F\u00edsicas para actividades agr\u00edcolas y ganaderas en el periodo impositivo de 2023. La revisi\u00f3n, que anualmente se ajusta tras escuchar las [&hellip;]<\/p>\n","protected":false},"author":9,"featured_media":14779,"comment_status":"open","ping_status":"open","sticky":false,"template":"","format":"standard","meta":{"footnotes":""},"categories":[9,38,28,13],"tags":[58,823,51,478,213,261,128,99,825,77,474,137,223,822,194,174,583,96,546,824,93,294,292,545],"yoast_head":"<!-- This site is optimized with the Yoast SEO plugin v24.5 - https:\/\/yoast.com\/wordpress\/plugins\/seo\/ -->\n<title>ASAJA valora la revisi\u00f3n de m\u00f3dulos del IRPF 2023, pero lamenta que el l\u00edmite siga en los 250.000 \u20ac - ASAJA Palencia<\/title>\n<meta name=\"description\" content=\"ASAJA-Castilla y Le\u00f3n recibe positivamente la revisi\u00f3n a la baja de los \u00edndices de rendimiento neto aplicables en el m\u00e9todo de estimaci\u00f3n objetiva (los\" \/>\n<meta name=\"robots\" content=\"index, follow, max-snippet:-1, max-image-preview:large, max-video-preview:-1\" \/>\n<link rel=\"canonical\" href=\"https:\/\/www.asajacyl.com\/palencia\/asaja-palencia-informa\/asaja-valora-la-revision-de-modulos-del-irpf-2023-pero-lamenta-que-el-limite-siga-en-los-250-000-e\" \/>\n<meta property=\"og:locale\" content=\"es_ES\" \/>\n<meta property=\"og:type\" content=\"article\" \/>\n<meta property=\"og:title\" content=\"ASAJA valora la revisi\u00f3n de m\u00f3dulos del IRPF 2023, pero lamenta que el l\u00edmite siga en los 250.000 \u20ac - ASAJA Palencia\" \/>\n<meta property=\"og:description\" content=\"ASAJA-Castilla y Le\u00f3n recibe positivamente la revisi\u00f3n a la baja de los \u00edndices de rendimiento neto aplicables en el m\u00e9todo de estimaci\u00f3n objetiva (los\" \/>\n<meta property=\"og:url\" content=\"https:\/\/www.asajacyl.com\/palencia\/asaja-palencia-informa\/asaja-valora-la-revision-de-modulos-del-irpf-2023-pero-lamenta-que-el-limite-siga-en-los-250-000-e\" \/>\n<meta property=\"og:site_name\" content=\"ASAJA Palencia\" \/>\n<meta property=\"article:published_time\" content=\"2024-04-20T08:00:00+00:00\" \/>\n<meta property=\"og:image\" content=\"https:\/\/www.asajacyl.com\/palencia\/wp-content\/uploads\/sites\/3\/2023\/11\/Agencia-Tributaria.jpg\" \/>\n\t<meta property=\"og:image:width\" content=\"1890\" \/>\n\t<meta property=\"og:image:height\" content=\"1654\" \/>\n\t<meta property=\"og:image:type\" content=\"image\/jpeg\" \/>\n<meta name=\"author\" content=\"Administrador\" \/>\n<meta name=\"twitter:card\" content=\"summary_large_image\" \/>\n<meta name=\"twitter:label1\" content=\"Escrito por\" \/>\n\t<meta name=\"twitter:data1\" content=\"Administrador\" \/>\n\t<meta name=\"twitter:label2\" content=\"Tiempo de lectura\" \/>\n\t<meta name=\"twitter:data2\" content=\"5 minutos\" \/>\n<script type=\"application\/ld+json\" class=\"yoast-schema-graph\">{\"@context\":\"https:\/\/schema.org\",\"@graph\":[{\"@type\":\"WebPage\",\"@id\":\"https:\/\/www.asajacyl.com\/palencia\/asaja-palencia-informa\/asaja-valora-la-revision-de-modulos-del-irpf-2023-pero-lamenta-que-el-limite-siga-en-los-250-000-e\",\"url\":\"https:\/\/www.asajacyl.com\/palencia\/asaja-palencia-informa\/asaja-valora-la-revision-de-modulos-del-irpf-2023-pero-lamenta-que-el-limite-siga-en-los-250-000-e\",\"name\":\"ASAJA valora la revisi\u00f3n de m\u00f3dulos del IRPF 2023, pero lamenta que el l\u00edmite siga en los 250.000 \u20ac - ASAJA Palencia\",\"isPartOf\":{\"@id\":\"https:\/\/www.asajacyl.com\/palencia\/#website\"},\"primaryImageOfPage\":{\"@id\":\"https:\/\/www.asajacyl.com\/palencia\/asaja-palencia-informa\/asaja-valora-la-revision-de-modulos-del-irpf-2023-pero-lamenta-que-el-limite-siga-en-los-250-000-e#primaryimage\"},\"image\":{\"@id\":\"https:\/\/www.asajacyl.com\/palencia\/asaja-palencia-informa\/asaja-valora-la-revision-de-modulos-del-irpf-2023-pero-lamenta-que-el-limite-siga-en-los-250-000-e#primaryimage\"},\"thumbnailUrl\":\"https:\/\/www.asajacyl.com\/palencia\/wp-content\/uploads\/sites\/3\/2023\/11\/Agencia-Tributaria.jpg\",\"datePublished\":\"2024-04-20T08:00:00+00:00\",\"author\":{\"@id\":\"https:\/\/www.asajacyl.com\/palencia\/#\/schema\/person\/3ab17aeb03527485c317557fae64aab1\"},\"description\":\"ASAJA-Castilla y Le\u00f3n recibe positivamente la revisi\u00f3n a la baja de los \u00edndices de rendimiento neto aplicables en el m\u00e9todo de estimaci\u00f3n objetiva (los\",\"breadcrumb\":{\"@id\":\"https:\/\/www.asajacyl.com\/palencia\/asaja-palencia-informa\/asaja-valora-la-revision-de-modulos-del-irpf-2023-pero-lamenta-que-el-limite-siga-en-los-250-000-e#breadcrumb\"},\"inLanguage\":\"es\",\"potentialAction\":[{\"@type\":\"ReadAction\",\"target\":[\"https:\/\/www.asajacyl.com\/palencia\/asaja-palencia-informa\/asaja-valora-la-revision-de-modulos-del-irpf-2023-pero-lamenta-que-el-limite-siga-en-los-250-000-e\"]}]},{\"@type\":\"ImageObject\",\"inLanguage\":\"es\",\"@id\":\"https:\/\/www.asajacyl.com\/palencia\/asaja-palencia-informa\/asaja-valora-la-revision-de-modulos-del-irpf-2023-pero-lamenta-que-el-limite-siga-en-los-250-000-e#primaryimage\",\"url\":\"https:\/\/www.asajacyl.com\/palencia\/wp-content\/uploads\/sites\/3\/2023\/11\/Agencia-Tributaria.jpg\",\"contentUrl\":\"https:\/\/www.asajacyl.com\/palencia\/wp-content\/uploads\/sites\/3\/2023\/11\/Agencia-Tributaria.jpg\",\"width\":1890,\"height\":1654},{\"@type\":\"BreadcrumbList\",\"@id\":\"https:\/\/www.asajacyl.com\/palencia\/asaja-palencia-informa\/asaja-valora-la-revision-de-modulos-del-irpf-2023-pero-lamenta-que-el-limite-siga-en-los-250-000-e#breadcrumb\",\"itemListElement\":[{\"@type\":\"ListItem\",\"position\":1,\"name\":\"Portada\",\"item\":\"https:\/\/www.asajacyl.com\/palencia\/\"},{\"@type\":\"ListItem\",\"position\":2,\"name\":\"ASAJA valora la revisi\u00f3n de m\u00f3dulos del IRPF 2023, pero lamenta que el l\u00edmite siga en los 250.000 \u20ac\"}]},{\"@type\":\"WebSite\",\"@id\":\"https:\/\/www.asajacyl.com\/palencia\/#website\",\"url\":\"https:\/\/www.asajacyl.com\/palencia\/\",\"name\":\"ASAJA Palencia\",\"description\":\"Otro sitio m\u00e1s de Provincias ASAJA Castilla y Le\u00f3n\",\"potentialAction\":[{\"@type\":\"SearchAction\",\"target\":{\"@type\":\"EntryPoint\",\"urlTemplate\":\"https:\/\/www.asajacyl.com\/palencia\/?s={search_term_string}\"},\"query-input\":{\"@type\":\"PropertyValueSpecification\",\"valueRequired\":true,\"valueName\":\"search_term_string\"}}],\"inLanguage\":\"es\"},{\"@type\":\"Person\",\"@id\":\"https:\/\/www.asajacyl.com\/palencia\/#\/schema\/person\/3ab17aeb03527485c317557fae64aab1\",\"name\":\"Administrador\",\"image\":{\"@type\":\"ImageObject\",\"inLanguage\":\"es\",\"@id\":\"https:\/\/www.asajacyl.com\/palencia\/#\/schema\/person\/image\/\",\"url\":\"https:\/\/secure.gravatar.com\/avatar\/517384810d242ca9e38c180f3c9fb973?s=96&d=mm&r=g\",\"contentUrl\":\"https:\/\/secure.gravatar.com\/avatar\/517384810d242ca9e38c180f3c9fb973?s=96&d=mm&r=g\",\"caption\":\"Administrador\"},\"url\":\"https:\/\/www.asajacyl.com\/palencia\/author\/carlosrm\"}]}<\/script>\n<!-- \/ Yoast SEO plugin. -->","yoast_head_json":{"title":"ASAJA valora la revisi\u00f3n de m\u00f3dulos del IRPF 2023, pero lamenta que el l\u00edmite siga en los 250.000 \u20ac - ASAJA Palencia","description":"ASAJA-Castilla y Le\u00f3n recibe positivamente la revisi\u00f3n a la baja de los \u00edndices de rendimiento neto aplicables en el m\u00e9todo de estimaci\u00f3n objetiva (los","robots":{"index":"index","follow":"follow","max-snippet":"max-snippet:-1","max-image-preview":"max-image-preview:large","max-video-preview":"max-video-preview:-1"},"canonical":"https:\/\/www.asajacyl.com\/palencia\/asaja-palencia-informa\/asaja-valora-la-revision-de-modulos-del-irpf-2023-pero-lamenta-que-el-limite-siga-en-los-250-000-e","og_locale":"es_ES","og_type":"article","og_title":"ASAJA valora la revisi\u00f3n de m\u00f3dulos del IRPF 2023, pero lamenta que el l\u00edmite siga en los 250.000 \u20ac - ASAJA Palencia","og_description":"ASAJA-Castilla y Le\u00f3n recibe positivamente la revisi\u00f3n a la baja de los \u00edndices de rendimiento neto aplicables en el m\u00e9todo de estimaci\u00f3n objetiva (los","og_url":"https:\/\/www.asajacyl.com\/palencia\/asaja-palencia-informa\/asaja-valora-la-revision-de-modulos-del-irpf-2023-pero-lamenta-que-el-limite-siga-en-los-250-000-e","og_site_name":"ASAJA Palencia","article_published_time":"2024-04-20T08:00:00+00:00","og_image":[{"width":1890,"height":1654,"url":"https:\/\/www.asajacyl.com\/palencia\/wp-content\/uploads\/sites\/3\/2023\/11\/Agencia-Tributaria.jpg","type":"image\/jpeg"}],"author":"Administrador","twitter_card":"summary_large_image","twitter_misc":{"Escrito por":"Administrador","Tiempo de lectura":"5 minutos"},"schema":{"@context":"https:\/\/schema.org","@graph":[{"@type":"WebPage","@id":"https:\/\/www.asajacyl.com\/palencia\/asaja-palencia-informa\/asaja-valora-la-revision-de-modulos-del-irpf-2023-pero-lamenta-que-el-limite-siga-en-los-250-000-e","url":"https:\/\/www.asajacyl.com\/palencia\/asaja-palencia-informa\/asaja-valora-la-revision-de-modulos-del-irpf-2023-pero-lamenta-que-el-limite-siga-en-los-250-000-e","name":"ASAJA valora la revisi\u00f3n de m\u00f3dulos del IRPF 2023, pero lamenta que el l\u00edmite siga en los 250.000 \u20ac - ASAJA Palencia","isPartOf":{"@id":"https:\/\/www.asajacyl.com\/palencia\/#website"},"primaryImageOfPage":{"@id":"https:\/\/www.asajacyl.com\/palencia\/asaja-palencia-informa\/asaja-valora-la-revision-de-modulos-del-irpf-2023-pero-lamenta-que-el-limite-siga-en-los-250-000-e#primaryimage"},"image":{"@id":"https:\/\/www.asajacyl.com\/palencia\/asaja-palencia-informa\/asaja-valora-la-revision-de-modulos-del-irpf-2023-pero-lamenta-que-el-limite-siga-en-los-250-000-e#primaryimage"},"thumbnailUrl":"https:\/\/www.asajacyl.com\/palencia\/wp-content\/uploads\/sites\/3\/2023\/11\/Agencia-Tributaria.jpg","datePublished":"2024-04-20T08:00:00+00:00","author":{"@id":"https:\/\/www.asajacyl.com\/palencia\/#\/schema\/person\/3ab17aeb03527485c317557fae64aab1"},"description":"ASAJA-Castilla y Le\u00f3n recibe positivamente la revisi\u00f3n a la baja de los \u00edndices de rendimiento neto aplicables en el m\u00e9todo de estimaci\u00f3n objetiva (los","breadcrumb":{"@id":"https:\/\/www.asajacyl.com\/palencia\/asaja-palencia-informa\/asaja-valora-la-revision-de-modulos-del-irpf-2023-pero-lamenta-que-el-limite-siga-en-los-250-000-e#breadcrumb"},"inLanguage":"es","potentialAction":[{"@type":"ReadAction","target":["https:\/\/www.asajacyl.com\/palencia\/asaja-palencia-informa\/asaja-valora-la-revision-de-modulos-del-irpf-2023-pero-lamenta-que-el-limite-siga-en-los-250-000-e"]}]},{"@type":"ImageObject","inLanguage":"es","@id":"https:\/\/www.asajacyl.com\/palencia\/asaja-palencia-informa\/asaja-valora-la-revision-de-modulos-del-irpf-2023-pero-lamenta-que-el-limite-siga-en-los-250-000-e#primaryimage","url":"https:\/\/www.asajacyl.com\/palencia\/wp-content\/uploads\/sites\/3\/2023\/11\/Agencia-Tributaria.jpg","contentUrl":"https:\/\/www.asajacyl.com\/palencia\/wp-content\/uploads\/sites\/3\/2023\/11\/Agencia-Tributaria.jpg","width":1890,"height":1654},{"@type":"BreadcrumbList","@id":"https:\/\/www.asajacyl.com\/palencia\/asaja-palencia-informa\/asaja-valora-la-revision-de-modulos-del-irpf-2023-pero-lamenta-que-el-limite-siga-en-los-250-000-e#breadcrumb","itemListElement":[{"@type":"ListItem","position":1,"name":"Portada","item":"https:\/\/www.asajacyl.com\/palencia\/"},{"@type":"ListItem","position":2,"name":"ASAJA valora la revisi\u00f3n de m\u00f3dulos del IRPF 2023, pero lamenta que el l\u00edmite siga en los 250.000 \u20ac"}]},{"@type":"WebSite","@id":"https:\/\/www.asajacyl.com\/palencia\/#website","url":"https:\/\/www.asajacyl.com\/palencia\/","name":"ASAJA Palencia","description":"Otro sitio m\u00e1s de Provincias ASAJA Castilla y Le\u00f3n","potentialAction":[{"@type":"SearchAction","target":{"@type":"EntryPoint","urlTemplate":"https:\/\/www.asajacyl.com\/palencia\/?s={search_term_string}"},"query-input":{"@type":"PropertyValueSpecification","valueRequired":true,"valueName":"search_term_string"}}],"inLanguage":"es"},{"@type":"Person","@id":"https:\/\/www.asajacyl.com\/palencia\/#\/schema\/person\/3ab17aeb03527485c317557fae64aab1","name":"Administrador","image":{"@type":"ImageObject","inLanguage":"es","@id":"https:\/\/www.asajacyl.com\/palencia\/#\/schema\/person\/image\/","url":"https:\/\/secure.gravatar.com\/avatar\/517384810d242ca9e38c180f3c9fb973?s=96&d=mm&r=g","contentUrl":"https:\/\/secure.gravatar.com\/avatar\/517384810d242ca9e38c180f3c9fb973?s=96&d=mm&r=g","caption":"Administrador"},"url":"https:\/\/www.asajacyl.com\/palencia\/author\/carlosrm"}]}},"_links":{"self":[{"href":"https:\/\/www.asajacyl.com\/palencia\/wp-json\/wp\/v2\/posts\/16008"}],"collection":[{"href":"https:\/\/www.asajacyl.com\/palencia\/wp-json\/wp\/v2\/posts"}],"about":[{"href":"https:\/\/www.asajacyl.com\/palencia\/wp-json\/wp\/v2\/types\/post"}],"author":[{"embeddable":true,"href":"https:\/\/www.asajacyl.com\/palencia\/wp-json\/wp\/v2\/users\/9"}],"replies":[{"embeddable":true,"href":"https:\/\/www.asajacyl.com\/palencia\/wp-json\/wp\/v2\/comments?post=16008"}],"version-history":[{"count":5,"href":"https:\/\/www.asajacyl.com\/palencia\/wp-json\/wp\/v2\/posts\/16008\/revisions"}],"predecessor-version":[{"id":16013,"href":"https:\/\/www.asajacyl.com\/palencia\/wp-json\/wp\/v2\/posts\/16008\/revisions\/16013"}],"wp:featuredmedia":[{"embeddable":true,"href":"https:\/\/www.asajacyl.com\/palencia\/wp-json\/wp\/v2\/media\/14779"}],"wp:attachment":[{"href":"https:\/\/www.asajacyl.com\/palencia\/wp-json\/wp\/v2\/media?parent=16008"}],"wp:term":[{"taxonomy":"category","embeddable":true,"href":"https:\/\/www.asajacyl.com\/palencia\/wp-json\/wp\/v2\/categories?post=16008"},{"taxonomy":"post_tag","embeddable":true,"href":"https:\/\/www.asajacyl.com\/palencia\/wp-json\/wp\/v2\/tags?post=16008"}],"curies":[{"name":"wp","href":"https:\/\/api.w.org\/{rel}","templated":true}]}}