{"id":16046,"date":"2024-04-26T10:00:00","date_gmt":"2024-04-26T08:00:00","guid":{"rendered":"https:\/\/www.asajacyl.com\/palencia\/?p=16046"},"modified":"2024-04-24T13:52:24","modified_gmt":"2024-04-24T11:52:24","slug":"toma-de-contacto-con-pocos-avances-en-la-reunion-con-la-presidenta-de-la-confederacion-del-duero","status":"publish","type":"post","link":"https:\/\/www.asajacyl.com\/palencia\/asaja-palencia-informa\/toma-de-contacto-con-pocos-avances-en-la-reunion-con-la-presidenta-de-la-confederacion-del-duero","title":{"rendered":"Toma de contacto con pocos avances en la reuni\u00f3n con la presidenta de la Confederaci\u00f3n del Duero"},"content":{"rendered":"\n<h2 class=\"wp-block-heading\">La presidenta de la Confederaci\u00f3n Hidrogr\u00e1fica del Duero, Mar\u00eda Jes\u00fas Lafuente, se ha reunido el pasado 18 de abril con los responsables de ASAJA-Castilla y Le\u00f3n y de otras organizaciones profesionales agrarias para analizar las peticiones del sector agroganadero en relaci\u00f3n con la constituci\u00f3n de nuevas comunidad de usuarios del agua&nbsp;subterr\u00e1nea (CUAS), expedientes administrativos y concesiones, y otros asuntos relacionados con la gesti\u00f3n del agua.&nbsp;<\/h2>\n\n\n\n<p>En la reuni\u00f3n, la presidenta de la CHD estuvo acompa\u00f1ada por la Comisaria de Aguas, Diana Mart\u00edn; el jefe de la Oficina de Planificaci\u00f3n Hidrol\u00f3gica, \u00c1ngel Gonz\u00e1lez, y el director t\u00e9cnico, Alejandro Barriuso. ASAJA-Castilla y Le\u00f3n har\u00e1 un seguimiento de los compromisos marcados en esta reuni\u00f3n, que espera que sea la primera de otros encuentros m\u00e1s concretos y con mayores avances. <\/p>\n\n\n\n<p>Nuestro presidente regional, Donaciano Dujo considera que es esencial que se abra un canal de interlocuci\u00f3n claro y continuo de la Confederaci\u00f3n con el sector agrario y ganadero, algo que por desgracia no ha existido en los \u00faltimos tiempos. <\/p>\n\n\n\n<p><strong>MATERIAS SENSIBLES. <\/strong>Seg\u00fan explic\u00f3 Dujo al t\u00e9rmino de la reuni\u00f3n, lo tratado en este encuentro es solo una parte de los numerosos problemas y demandas del sector, ya que por la Confederaci\u00f3n pasan materias muy sensibles y necesarias para el sostenimiento de la agricultura y ganader\u00eda, desde las nuevas concesiones, al estado de las masas de aguas subterr\u00e1neas y superficiales, pasando por la gesti\u00f3n del riego, entre otros muchos temas, como es la ampliaci\u00f3n de la capacidad de embalsamiento, bien a trav\u00e9s de redimensionamiento, bien de nuevos acopios.<\/p>\n\n\n\n<p>Actualmente, en Castilla y Le\u00f3n hay 550.000 hect\u00e1reas regadas, 400.000 por aguas superficiales y 150.000 subterr\u00e1neas. Dadas las caracter\u00edsticas de la comunidad aut\u00f3noma, deber\u00eda aspirarse a lograr al menos la media nacional de superficie de regad\u00edo. La superficie de regad\u00edo total en Espa\u00f1a supera ya los&nbsp;3,7 millones de hect\u00e1reas y ronda el 20 % de la superficie agraria \u00fatil. <\/p>\n\n\n\n<p>Sin embargo, pese a que la\u00a0superficie regada en Castilla y Le\u00f3n ha experimentado un crecimiento del 24% en los \u00faltimos trece a\u00f1os, la superficie de regad\u00edo s\u00f3lo representa el 12,6% de la cultivada, cifra inferior a la de muchas comunidades aut\u00f3nomas, debido al d\u00e9ficit de regulaci\u00f3n y almacenamiento del Duero con respecto a otras cuencas, una cuesti\u00f3n reiteradamente denunciada por ASAJA, ya que est\u00e1 limitando el potencial agrario, y por tanto econ\u00f3mico, de esta comunidad.<\/p>\n\n\n\n<p>Castilla y Le\u00f3n dispone aproximadamente del 12 % de la superficie total regada de Espa\u00f1a, con lo que se sit\u00faa como tercera comunidad aut\u00f3noma en superficie, muy por detr\u00e1s de Andaluc\u00eda (28 %), pero tambi\u00e9n de Castilla La Mancha (15 %).<\/p>\n","protected":false},"excerpt":{"rendered":"<p>La presidenta de la Confederaci\u00f3n Hidrogr\u00e1fica del Duero, Mar\u00eda Jes\u00fas Lafuente, se ha reunido el pasado 18 de abril con los responsables de ASAJA-Castilla y Le\u00f3n y de otras organizaciones profesionales agrarias para analizar las peticiones del sector agroganadero en relaci\u00f3n con la constituci\u00f3n de nuevas comunidad de usuarios del agua&nbsp;subterr\u00e1nea (CUAS), expedientes administrativos y [&hellip;]<\/p>\n","protected":false},"author":9,"featured_media":16048,"comment_status":"open","ping_status":"open","sticky":false,"template":"","format":"standard","meta":{"footnotes":""},"categories":[9,29,28],"tags":[58,833,83,643,134,77,834,132,55],"yoast_head":"<!-- This site is optimized with the Yoast SEO plugin v24.5 - https:\/\/yoast.com\/wordpress\/plugins\/seo\/ -->\n<title>Toma de contacto con pocos avances en la reuni\u00f3n con la presidenta de la Confederaci\u00f3n del Duero - ASAJA Palencia<\/title>\n<meta name=\"description\" content=\"La presidenta de la Confederaci\u00f3n Hidrogr\u00e1fica del Duero, Mar\u00eda Jes\u00fas Lafuente, se ha reunido el pasado 18 de abril con los responsables de ASAJA-Castilla\" \/>\n<meta name=\"robots\" content=\"index, follow, max-snippet:-1, max-image-preview:large, max-video-preview:-1\" \/>\n<link rel=\"canonical\" href=\"https:\/\/www.asajacyl.com\/palencia\/asaja-palencia-informa\/toma-de-contacto-con-pocos-avances-en-la-reunion-con-la-presidenta-de-la-confederacion-del-duero\" \/>\n<meta property=\"og:locale\" content=\"es_ES\" \/>\n<meta property=\"og:type\" content=\"article\" \/>\n<meta property=\"og:title\" content=\"Toma de contacto con pocos avances en la reuni\u00f3n con la presidenta de la Confederaci\u00f3n del Duero - ASAJA Palencia\" \/>\n<meta property=\"og:description\" content=\"La presidenta de la Confederaci\u00f3n Hidrogr\u00e1fica del Duero, Mar\u00eda Jes\u00fas Lafuente, se ha reunido el pasado 18 de abril con los responsables de ASAJA-Castilla\" \/>\n<meta property=\"og:url\" content=\"https:\/\/www.asajacyl.com\/palencia\/asaja-palencia-informa\/toma-de-contacto-con-pocos-avances-en-la-reunion-con-la-presidenta-de-la-confederacion-del-duero\" \/>\n<meta property=\"og:site_name\" content=\"ASAJA Palencia\" \/>\n<meta property=\"article:published_time\" content=\"2024-04-26T08:00:00+00:00\" \/>\n<meta property=\"og:image\" content=\"https:\/\/www.asajacyl.com\/palencia\/wp-content\/uploads\/sites\/3\/2024\/04\/Reunion-CHD-18abril2024.jpg\" \/>\n\t<meta property=\"og:image:width\" content=\"1890\" \/>\n\t<meta property=\"og:image:height\" content=\"1654\" \/>\n\t<meta property=\"og:image:type\" content=\"image\/jpeg\" \/>\n<meta name=\"author\" content=\"Administrador\" \/>\n<meta name=\"twitter:card\" content=\"summary_large_image\" \/>\n<meta name=\"twitter:label1\" content=\"Escrito por\" \/>\n\t<meta name=\"twitter:data1\" content=\"Administrador\" \/>\n\t<meta name=\"twitter:label2\" content=\"Tiempo de lectura\" \/>\n\t<meta name=\"twitter:data2\" content=\"2 minutos\" \/>\n<script type=\"application\/ld+json\" class=\"yoast-schema-graph\">{\"@context\":\"https:\/\/schema.org\",\"@graph\":[{\"@type\":\"WebPage\",\"@id\":\"https:\/\/www.asajacyl.com\/palencia\/asaja-palencia-informa\/toma-de-contacto-con-pocos-avances-en-la-reunion-con-la-presidenta-de-la-confederacion-del-duero\",\"url\":\"https:\/\/www.asajacyl.com\/palencia\/asaja-palencia-informa\/toma-de-contacto-con-pocos-avances-en-la-reunion-con-la-presidenta-de-la-confederacion-del-duero\",\"name\":\"Toma de contacto con pocos avances en la reuni\u00f3n con la presidenta de la Confederaci\u00f3n del Duero - ASAJA Palencia\",\"isPartOf\":{\"@id\":\"https:\/\/www.asajacyl.com\/palencia\/#website\"},\"primaryImageOfPage\":{\"@id\":\"https:\/\/www.asajacyl.com\/palencia\/asaja-palencia-informa\/toma-de-contacto-con-pocos-avances-en-la-reunion-con-la-presidenta-de-la-confederacion-del-duero#primaryimage\"},\"image\":{\"@id\":\"https:\/\/www.asajacyl.com\/palencia\/asaja-palencia-informa\/toma-de-contacto-con-pocos-avances-en-la-reunion-con-la-presidenta-de-la-confederacion-del-duero#primaryimage\"},\"thumbnailUrl\":\"https:\/\/www.asajacyl.com\/palencia\/wp-content\/uploads\/sites\/3\/2024\/04\/Reunion-CHD-18abril2024.jpg\",\"datePublished\":\"2024-04-26T08:00:00+00:00\",\"author\":{\"@id\":\"https:\/\/www.asajacyl.com\/palencia\/#\/schema\/person\/3ab17aeb03527485c317557fae64aab1\"},\"description\":\"La presidenta de la Confederaci\u00f3n Hidrogr\u00e1fica del Duero, Mar\u00eda Jes\u00fas Lafuente, se ha reunido el pasado 18 de abril con los responsables de ASAJA-Castilla\",\"breadcrumb\":{\"@id\":\"https:\/\/www.asajacyl.com\/palencia\/asaja-palencia-informa\/toma-de-contacto-con-pocos-avances-en-la-reunion-con-la-presidenta-de-la-confederacion-del-duero#breadcrumb\"},\"inLanguage\":\"es\",\"potentialAction\":[{\"@type\":\"ReadAction\",\"target\":[\"https:\/\/www.asajacyl.com\/palencia\/asaja-palencia-informa\/toma-de-contacto-con-pocos-avances-en-la-reunion-con-la-presidenta-de-la-confederacion-del-duero\"]}]},{\"@type\":\"ImageObject\",\"inLanguage\":\"es\",\"@id\":\"https:\/\/www.asajacyl.com\/palencia\/asaja-palencia-informa\/toma-de-contacto-con-pocos-avances-en-la-reunion-con-la-presidenta-de-la-confederacion-del-duero#primaryimage\",\"url\":\"https:\/\/www.asajacyl.com\/palencia\/wp-content\/uploads\/sites\/3\/2024\/04\/Reunion-CHD-18abril2024.jpg\",\"contentUrl\":\"https:\/\/www.asajacyl.com\/palencia\/wp-content\/uploads\/sites\/3\/2024\/04\/Reunion-CHD-18abril2024.jpg\",\"width\":1890,\"height\":1654},{\"@type\":\"BreadcrumbList\",\"@id\":\"https:\/\/www.asajacyl.com\/palencia\/asaja-palencia-informa\/toma-de-contacto-con-pocos-avances-en-la-reunion-con-la-presidenta-de-la-confederacion-del-duero#breadcrumb\",\"itemListElement\":[{\"@type\":\"ListItem\",\"position\":1,\"name\":\"Portada\",\"item\":\"https:\/\/www.asajacyl.com\/palencia\/\"},{\"@type\":\"ListItem\",\"position\":2,\"name\":\"Toma de contacto con pocos avances en la reuni\u00f3n con la presidenta de la Confederaci\u00f3n del Duero\"}]},{\"@type\":\"WebSite\",\"@id\":\"https:\/\/www.asajacyl.com\/palencia\/#website\",\"url\":\"https:\/\/www.asajacyl.com\/palencia\/\",\"name\":\"ASAJA Palencia\",\"description\":\"Otro sitio m\u00e1s de Provincias ASAJA Castilla y Le\u00f3n\",\"potentialAction\":[{\"@type\":\"SearchAction\",\"target\":{\"@type\":\"EntryPoint\",\"urlTemplate\":\"https:\/\/www.asajacyl.com\/palencia\/?s={search_term_string}\"},\"query-input\":{\"@type\":\"PropertyValueSpecification\",\"valueRequired\":true,\"valueName\":\"search_term_string\"}}],\"inLanguage\":\"es\"},{\"@type\":\"Person\",\"@id\":\"https:\/\/www.asajacyl.com\/palencia\/#\/schema\/person\/3ab17aeb03527485c317557fae64aab1\",\"name\":\"Administrador\",\"image\":{\"@type\":\"ImageObject\",\"inLanguage\":\"es\",\"@id\":\"https:\/\/www.asajacyl.com\/palencia\/#\/schema\/person\/image\/\",\"url\":\"https:\/\/secure.gravatar.com\/avatar\/517384810d242ca9e38c180f3c9fb973?s=96&d=mm&r=g\",\"contentUrl\":\"https:\/\/secure.gravatar.com\/avatar\/517384810d242ca9e38c180f3c9fb973?s=96&d=mm&r=g\",\"caption\":\"Administrador\"},\"url\":\"https:\/\/www.asajacyl.com\/palencia\/author\/carlosrm\"}]}<\/script>\n<!-- \/ Yoast SEO plugin. -->","yoast_head_json":{"title":"Toma de contacto con pocos avances en la reuni\u00f3n con la presidenta de la Confederaci\u00f3n del Duero - ASAJA Palencia","description":"La presidenta de la Confederaci\u00f3n Hidrogr\u00e1fica del Duero, Mar\u00eda Jes\u00fas Lafuente, se ha reunido el pasado 18 de abril con los responsables de ASAJA-Castilla","robots":{"index":"index","follow":"follow","max-snippet":"max-snippet:-1","max-image-preview":"max-image-preview:large","max-video-preview":"max-video-preview:-1"},"canonical":"https:\/\/www.asajacyl.com\/palencia\/asaja-palencia-informa\/toma-de-contacto-con-pocos-avances-en-la-reunion-con-la-presidenta-de-la-confederacion-del-duero","og_locale":"es_ES","og_type":"article","og_title":"Toma de contacto con pocos avances en la reuni\u00f3n con la presidenta de la Confederaci\u00f3n del Duero - ASAJA Palencia","og_description":"La presidenta de la Confederaci\u00f3n Hidrogr\u00e1fica del Duero, Mar\u00eda Jes\u00fas Lafuente, se ha reunido el pasado 18 de abril con los responsables de ASAJA-Castilla","og_url":"https:\/\/www.asajacyl.com\/palencia\/asaja-palencia-informa\/toma-de-contacto-con-pocos-avances-en-la-reunion-con-la-presidenta-de-la-confederacion-del-duero","og_site_name":"ASAJA Palencia","article_published_time":"2024-04-26T08:00:00+00:00","og_image":[{"width":1890,"height":1654,"url":"https:\/\/www.asajacyl.com\/palencia\/wp-content\/uploads\/sites\/3\/2024\/04\/Reunion-CHD-18abril2024.jpg","type":"image\/jpeg"}],"author":"Administrador","twitter_card":"summary_large_image","twitter_misc":{"Escrito por":"Administrador","Tiempo de lectura":"2 minutos"},"schema":{"@context":"https:\/\/schema.org","@graph":[{"@type":"WebPage","@id":"https:\/\/www.asajacyl.com\/palencia\/asaja-palencia-informa\/toma-de-contacto-con-pocos-avances-en-la-reunion-con-la-presidenta-de-la-confederacion-del-duero","url":"https:\/\/www.asajacyl.com\/palencia\/asaja-palencia-informa\/toma-de-contacto-con-pocos-avances-en-la-reunion-con-la-presidenta-de-la-confederacion-del-duero","name":"Toma de contacto con pocos avances en la reuni\u00f3n con la presidenta de la Confederaci\u00f3n del Duero - ASAJA Palencia","isPartOf":{"@id":"https:\/\/www.asajacyl.com\/palencia\/#website"},"primaryImageOfPage":{"@id":"https:\/\/www.asajacyl.com\/palencia\/asaja-palencia-informa\/toma-de-contacto-con-pocos-avances-en-la-reunion-con-la-presidenta-de-la-confederacion-del-duero#primaryimage"},"image":{"@id":"https:\/\/www.asajacyl.com\/palencia\/asaja-palencia-informa\/toma-de-contacto-con-pocos-avances-en-la-reunion-con-la-presidenta-de-la-confederacion-del-duero#primaryimage"},"thumbnailUrl":"https:\/\/www.asajacyl.com\/palencia\/wp-content\/uploads\/sites\/3\/2024\/04\/Reunion-CHD-18abril2024.jpg","datePublished":"2024-04-26T08:00:00+00:00","author":{"@id":"https:\/\/www.asajacyl.com\/palencia\/#\/schema\/person\/3ab17aeb03527485c317557fae64aab1"},"description":"La presidenta de la Confederaci\u00f3n Hidrogr\u00e1fica del Duero, Mar\u00eda Jes\u00fas Lafuente, se ha reunido el pasado 18 de abril con los responsables de ASAJA-Castilla","breadcrumb":{"@id":"https:\/\/www.asajacyl.com\/palencia\/asaja-palencia-informa\/toma-de-contacto-con-pocos-avances-en-la-reunion-con-la-presidenta-de-la-confederacion-del-duero#breadcrumb"},"inLanguage":"es","potentialAction":[{"@type":"ReadAction","target":["https:\/\/www.asajacyl.com\/palencia\/asaja-palencia-informa\/toma-de-contacto-con-pocos-avances-en-la-reunion-con-la-presidenta-de-la-confederacion-del-duero"]}]},{"@type":"ImageObject","inLanguage":"es","@id":"https:\/\/www.asajacyl.com\/palencia\/asaja-palencia-informa\/toma-de-contacto-con-pocos-avances-en-la-reunion-con-la-presidenta-de-la-confederacion-del-duero#primaryimage","url":"https:\/\/www.asajacyl.com\/palencia\/wp-content\/uploads\/sites\/3\/2024\/04\/Reunion-CHD-18abril2024.jpg","contentUrl":"https:\/\/www.asajacyl.com\/palencia\/wp-content\/uploads\/sites\/3\/2024\/04\/Reunion-CHD-18abril2024.jpg","width":1890,"height":1654},{"@type":"BreadcrumbList","@id":"https:\/\/www.asajacyl.com\/palencia\/asaja-palencia-informa\/toma-de-contacto-con-pocos-avances-en-la-reunion-con-la-presidenta-de-la-confederacion-del-duero#breadcrumb","itemListElement":[{"@type":"ListItem","position":1,"name":"Portada","item":"https:\/\/www.asajacyl.com\/palencia\/"},{"@type":"ListItem","position":2,"name":"Toma de contacto con pocos avances en la reuni\u00f3n con la presidenta de la Confederaci\u00f3n del Duero"}]},{"@type":"WebSite","@id":"https:\/\/www.asajacyl.com\/palencia\/#website","url":"https:\/\/www.asajacyl.com\/palencia\/","name":"ASAJA Palencia","description":"Otro sitio m\u00e1s de Provincias ASAJA Castilla y Le\u00f3n","potentialAction":[{"@type":"SearchAction","target":{"@type":"EntryPoint","urlTemplate":"https:\/\/www.asajacyl.com\/palencia\/?s={search_term_string}"},"query-input":{"@type":"PropertyValueSpecification","valueRequired":true,"valueName":"search_term_string"}}],"inLanguage":"es"},{"@type":"Person","@id":"https:\/\/www.asajacyl.com\/palencia\/#\/schema\/person\/3ab17aeb03527485c317557fae64aab1","name":"Administrador","image":{"@type":"ImageObject","inLanguage":"es","@id":"https:\/\/www.asajacyl.com\/palencia\/#\/schema\/person\/image\/","url":"https:\/\/secure.gravatar.com\/avatar\/517384810d242ca9e38c180f3c9fb973?s=96&d=mm&r=g","contentUrl":"https:\/\/secure.gravatar.com\/avatar\/517384810d242ca9e38c180f3c9fb973?s=96&d=mm&r=g","caption":"Administrador"},"url":"https:\/\/www.asajacyl.com\/palencia\/author\/carlosrm"}]}},"_links":{"self":[{"href":"https:\/\/www.asajacyl.com\/palencia\/wp-json\/wp\/v2\/posts\/16046"}],"collection":[{"href":"https:\/\/www.asajacyl.com\/palencia\/wp-json\/wp\/v2\/posts"}],"about":[{"href":"https:\/\/www.asajacyl.com\/palencia\/wp-json\/wp\/v2\/types\/post"}],"author":[{"embeddable":true,"href":"https:\/\/www.asajacyl.com\/palencia\/wp-json\/wp\/v2\/users\/9"}],"replies":[{"embeddable":true,"href":"https:\/\/www.asajacyl.com\/palencia\/wp-json\/wp\/v2\/comments?post=16046"}],"version-history":[{"count":3,"href":"https:\/\/www.asajacyl.com\/palencia\/wp-json\/wp\/v2\/posts\/16046\/revisions"}],"predecessor-version":[{"id":16050,"href":"https:\/\/www.asajacyl.com\/palencia\/wp-json\/wp\/v2\/posts\/16046\/revisions\/16050"}],"wp:featuredmedia":[{"embeddable":true,"href":"https:\/\/www.asajacyl.com\/palencia\/wp-json\/wp\/v2\/media\/16048"}],"wp:attachment":[{"href":"https:\/\/www.asajacyl.com\/palencia\/wp-json\/wp\/v2\/media?parent=16046"}],"wp:term":[{"taxonomy":"category","embeddable":true,"href":"https:\/\/www.asajacyl.com\/palencia\/wp-json\/wp\/v2\/categories?post=16046"},{"taxonomy":"post_tag","embeddable":true,"href":"https:\/\/www.asajacyl.com\/palencia\/wp-json\/wp\/v2\/tags?post=16046"}],"curies":[{"name":"wp","href":"https:\/\/api.w.org\/{rel}","templated":true}]}}