{"id":16058,"date":"2024-04-28T12:33:13","date_gmt":"2024-04-28T10:33:13","guid":{"rendered":"https:\/\/www.asajacyl.com\/palencia\/?p=16058"},"modified":"2024-04-29T13:38:29","modified_gmt":"2024-04-29T11:38:29","slug":"la-junta-aprubea-el-estudio-previo-a-la-concentracion-parcelaria-de-la-comunidad-de-regantes-del-boedo","status":"publish","type":"post","link":"https:\/\/www.asajacyl.com\/palencia\/asaja-palencia-informa\/la-junta-aprubea-el-estudio-previo-a-la-concentracion-parcelaria-de-la-comunidad-de-regantes-del-boedo","title":{"rendered":"La Junta aprueba el estudio previo a la concentraci\u00f3n parcelaria de la comunidad de regantes del Boedo"},"content":{"rendered":"\n<p>La Junta de Castilla y Le\u00f3n aprob\u00f3 el pasado 10 de marzo de 2024, mediante resoluci\u00f3n de la Direcci\u00f3n General de Desarrollo Rural de la Consejer\u00eda de Agricultura, Ganader\u00eda y Desarrollo Rural, el estudio t\u00e9cnico previo de la zona de concentraci\u00f3n parcelaria de B\u00e1scones de Ojeda, Revilla de Collazos, Collazos de Boedo y Olea de Boedo. Los respectivos ayuntamientos solicitaron el inicio del procedimiento de concentraci\u00f3n para la zona de regad\u00edo del r\u00edo Boedo a su paso por sus t\u00e9rminos municipales, tras el acuerdo de las comunidades de regantes de la necesidad de modernizaci\u00f3n.<\/p>\n\n\n\n<p>El per\u00edmetro afectado tiene una superficie total de 2.393,12 hect\u00e1reas, de las que 804,2 se sit\u00faan en regad\u00edo (aproximadamente, un tercio) y 1.588,92 en secano, correspondiendo este secano fundamentalmente a Collazos de Boedo y Olea de Boedo.<\/p>\n\n\n\n<p>La superficie concentrable se aproxima a las 2.380 hect\u00e1reas, distribuida en 2.285 parcelas, que pertenecen a 733 propietarios y que se reparten de la siguiente manera entre los cuatro t\u00e9rminos municipales:<\/p>\n\n\n\n<ul>\n<li>B\u00e1scones de Ojeda:  651 parcelas<\/li>\n\n\n\n<li>Revilla de Collazos: 439 parcelas<\/li>\n\n\n\n<li>Collazos de Boedo 617 parcelas<\/li>\n\n\n\n<li>Olea de Boedo: 578 parcelas<\/li>\n<\/ul>\n\n\n\n<p>El promedio de parcelas por propietario es de 3,12; con una superficie media por propietario de 3,25 hect\u00e1reas. La superficie media por parcela apenas supera la hect\u00e1rea (1,04 ha).<\/p>\n\n\n\n<p>Seg\u00fan los datos de la Confederaci\u00f3n Hidrogr\u00e1fica del Duero, la superficie actual de regad\u00edo se aproxima a las 293,5 hect\u00e1reas entre las cuatro comunidades de regantes de la zona, con la siguiente distribuci\u00f3n:<\/p>\n\n\n\n<ul>\n<li>CR B\u00e1scones de Ojeda: 102 hect\u00e1reas<\/li>\n\n\n\n<li>CR Revilla de Collazos: 97,9 hect\u00e1reas<\/li>\n\n\n\n<li>CR Collazos de Boedo: 54,2 hect\u00e1reas<\/li>\n\n\n\n<li>CR Olea de Boedo: 39,4 hect\u00e1reas<\/li>\n<\/ul>\n\n\n\n<figure class=\"wp-block-image size-large is-resized\"><img loading=\"lazy\" decoding=\"async\" width=\"1024\" height=\"981\" src=\"https:\/\/www.asajacyl.com\/palencia\/wp-content\/uploads\/sites\/3\/2024\/04\/Concentracion-Boedo-1024x981.jpg\" alt=\"\" class=\"wp-image-16066\" style=\"width:1067px;height:auto\" srcset=\"https:\/\/www.asajacyl.com\/palencia\/wp-content\/uploads\/sites\/3\/2024\/04\/Concentracion-Boedo-1024x981.jpg 1024w, https:\/\/www.asajacyl.com\/palencia\/wp-content\/uploads\/sites\/3\/2024\/04\/Concentracion-Boedo-300x288.jpg 300w, https:\/\/www.asajacyl.com\/palencia\/wp-content\/uploads\/sites\/3\/2024\/04\/Concentracion-Boedo-768x736.jpg 768w, https:\/\/www.asajacyl.com\/palencia\/wp-content\/uploads\/sites\/3\/2024\/04\/Concentracion-Boedo-438x420.jpg 438w, https:\/\/www.asajacyl.com\/palencia\/wp-content\/uploads\/sites\/3\/2024\/04\/Concentracion-Boedo-696x667.jpg 696w, https:\/\/www.asajacyl.com\/palencia\/wp-content\/uploads\/sites\/3\/2024\/04\/Concentracion-Boedo-1068x1024.jpg 1068w, https:\/\/www.asajacyl.com\/palencia\/wp-content\/uploads\/sites\/3\/2024\/04\/Concentracion-Boedo.jpg 1274w\" sizes=\"(max-width: 1024px) 100vw, 1024px\" \/><figcaption class=\"wp-element-caption\">El per\u00edmetro de la zona de concentraci\u00f3n est\u00e1 marcado con una l\u00ednea morada.<\/figcaption><\/figure>\n\n\n\n<p>El estudio previo aprobado recoge las infraestructuras necesarias, tanto para las obras inherentes a la propia concentraci\u00f3n parcelaria (nuevas redes de caminos y de saneamientos, y restauraci\u00f3n del medio natural) como las obras propias de la modernizaci\u00f3n del regad\u00edo (balsa de acumulaci\u00f3n, red de distribuci\u00f3n y automatismos).<\/p>\n\n\n\n<p>El presupuesto de las obras de concentraci\u00f3n propiamente dicha se calcula en algo m\u00e1s de 2.575.000 euros y el de las actuaciones de modernizaci\u00f3n de regad\u00edo superan ligeramente los 16 millones de euros. El conjunto de la actuaci\u00f3n, por tanto, se presupuesta en 18.625.689 euros.<\/p>\n\n\n\n<p>Los datos estimados de propiedad tras la concentraci\u00f3n es dejar el n\u00famero de parcelas y del promedio de parcelas por propietario en la mitad (1.143 parcelas y 1,56 fincas\/propietario), con una superficie media de 2,08 hect\u00e1reas por finca; pero estos datos estimados se ajustar\u00e1n cuando se estudien las propiedades. <\/p>\n\n\n\n<p><strong>INFRAESTRUCTURAS DE REGAD\u00cdO. <\/strong>Las obras para conseguir la modernizaci\u00f3n del riego en la zona consisten en:<\/p>\n\n\n\n<ul>\n<li>La construcci\u00f3n en el t\u00e9rmino municipal de Castrej\u00f3n de la Pe\u00f1a de un azud de captaci\u00f3n de agua, del que partir\u00e1 una conducci\u00f3n principal para el llenado de una o varias balsas de acumulaci\u00f3n, con el fin de hacer llegar el agua almacenada a la zona regable y con la presi\u00f3n suficiente para que las parcelas puedan regarse por presi\u00f3n natural, sin necesidad de consumo energ\u00e9tico adicional.<\/li>\n\n\n\n<li>La construcci\u00f3n de una o dos balsas de acumulaci\u00f3n en el t\u00e9rmino de B\u00e1scones de Ojeda, con una capacidad total de 1,6 hect\u00f3metros c\u00fabicos.<\/li>\n\n\n\n<li>La instalaci\u00f3n de una red de riego de 23.880 metros, capaz de suministrar agua a presi\u00f3n suficiente como para cubrir las necesidades de los cultivos de la zona.<\/li>\n<\/ul>\n\n\n\n<p>Las perspectivas de aumento del regad\u00edo desde el r\u00edo Boedo, as\u00ed como del Burejo, se cerraron en el Plan Hidrol\u00f3gico del Duero 2022-2027, donde se declararon ampliaciones \u00abno viables\u00bb.<\/p>\n\n\n\n<p>Supuso un cambio sustancial con respecto a lo que recog\u00eda el plan anterior 2015-2021, donde se establec\u00eda expl\u00edcitamente que, en el sistema de explotaci\u00f3n del Pisuerga, podr\u00eda contarse con nuevas infraestructuras de almacenamiento y regulaci\u00f3n en Boedo, Burejo y una balsa de regulaci\u00f3n en la cuenca del r\u00edo Madrazos, que transcurre por El Cerrato.<\/p>\n\n\n\n<figure class=\"wp-block-image size-large is-resized\"><img loading=\"lazy\" decoding=\"async\" width=\"1024\" height=\"742\" src=\"https:\/\/www.asajacyl.com\/palencia\/wp-content\/uploads\/sites\/3\/2024\/04\/Regulacion-sistema-Pisuerga-Plan-Duero-anterior-1024x742.jpg\" alt=\"\" class=\"wp-image-16068\" style=\"width:1066px;height:auto\" srcset=\"https:\/\/www.asajacyl.com\/palencia\/wp-content\/uploads\/sites\/3\/2024\/04\/Regulacion-sistema-Pisuerga-Plan-Duero-anterior-1024x742.jpg 1024w, https:\/\/www.asajacyl.com\/palencia\/wp-content\/uploads\/sites\/3\/2024\/04\/Regulacion-sistema-Pisuerga-Plan-Duero-anterior-300x217.jpg 300w, https:\/\/www.asajacyl.com\/palencia\/wp-content\/uploads\/sites\/3\/2024\/04\/Regulacion-sistema-Pisuerga-Plan-Duero-anterior-768x556.jpg 768w, https:\/\/www.asajacyl.com\/palencia\/wp-content\/uploads\/sites\/3\/2024\/04\/Regulacion-sistema-Pisuerga-Plan-Duero-anterior-580x420.jpg 580w, https:\/\/www.asajacyl.com\/palencia\/wp-content\/uploads\/sites\/3\/2024\/04\/Regulacion-sistema-Pisuerga-Plan-Duero-anterior-696x504.jpg 696w, https:\/\/www.asajacyl.com\/palencia\/wp-content\/uploads\/sites\/3\/2024\/04\/Regulacion-sistema-Pisuerga-Plan-Duero-anterior-1068x773.jpg 1068w, https:\/\/www.asajacyl.com\/palencia\/wp-content\/uploads\/sites\/3\/2024\/04\/Regulacion-sistema-Pisuerga-Plan-Duero-anterior-324x235.jpg 324w, https:\/\/www.asajacyl.com\/palencia\/wp-content\/uploads\/sites\/3\/2024\/04\/Regulacion-sistema-Pisuerga-Plan-Duero-anterior.jpg 1512w\" sizes=\"(max-width: 1024px) 100vw, 1024px\" \/><figcaption class=\"wp-element-caption\">Embalses previstos en el sistema Pisuerga en el Plan Hidrol\u00f3gico del Duero 2015-2021, donde aparecen las presas en las cabeceras del Burejo y el Boedo, descartados en el siguiente plan.<\/figcaption><\/figure>\n\n\n\n<p><strong>EXPECTATIVAS ANULADAS. <\/strong>Dicho plan, anulado con la llegada al Gobierno del PSOE y Unidas Podemos, se\u00f1alaba con ese horizonte de 2027 una regulaci\u00f3n en la cabecera de los r\u00edos Boedo y Burejo, con una capacidad de embalse respectivamente de 15,1 y 2,51 hect\u00f3metros c\u00fabicos \u00abcon la finalidad de consolidar el regad\u00edo existente en las cuencas de ambos y el desarrollo de nuevas zonas regables\u00bb.<\/p>\n\n\n\n<p>Aquel plan hidrol\u00f3gico del Duero, por lo que respecta tambi\u00e9n al sistema Pisuerga en la provincia de Palencia, preve\u00eda con id\u00e9nticos fines sendos embalses en Las Cuevas y Villafr\u00eda, para regular ambos arroyos en sus cabeceras. La primera de las presas ya se ha construido y se encuentra desde este mes en fase de llenado para entrar en servicio, y la segunda se est\u00e1 ultimando.<\/p>\n\n\n\n<p>Desde ASAJA-Palencia volvemos a lamentar que el Plan Hidrol\u00f3gico del Duero en vigor (2022-2027) est\u00e9 limitando la capacidad de embalse y regulaci\u00f3n, lo que impide un desarrollo agrario mayor y, por tanto, una mejora de la econom\u00eda y el empleo en nuestra provincia, sin que por ello se vean perjudicados los caudales ecol\u00f3gicos, que tambi\u00e9n se garantizan mejor mediante la regulaci\u00f3n.<strong>\/<\/strong><\/p>\n","protected":false},"excerpt":{"rendered":"<p>La Junta de Castilla y Le\u00f3n aprob\u00f3 el pasado 10 de marzo de 2024, mediante resoluci\u00f3n de la Direcci\u00f3n General de Desarrollo Rural de la Consejer\u00eda de Agricultura, Ganader\u00eda y Desarrollo Rural, el estudio t\u00e9cnico previo de la zona de concentraci\u00f3n parcelaria de B\u00e1scones de Ojeda, Revilla de Collazos, Collazos de Boedo y Olea de [&hellip;]<\/p>\n","protected":false},"author":9,"featured_media":13545,"comment_status":"open","ping_status":"open","sticky":false,"template":"","format":"standard","meta":{"footnotes":""},"categories":[9,29,28],"tags":[58,83,169,134,142,351,66,837,838],"yoast_head":"<!-- This site is optimized with the Yoast SEO plugin v24.5 - https:\/\/yoast.com\/wordpress\/plugins\/seo\/ -->\n<title>La Junta aprueba el estudio previo a la concentraci\u00f3n parcelaria de la comunidad de regantes del Boedo - ASAJA Palencia<\/title>\n<meta name=\"description\" content=\"La Junta de Castilla y Le\u00f3n aprob\u00f3 el pasado 10 de marzo de 2024, mediante resoluci\u00f3n de la Direcci\u00f3n General de Desarrollo Rural de la Consejer\u00eda de\" \/>\n<meta name=\"robots\" content=\"index, follow, max-snippet:-1, max-image-preview:large, max-video-preview:-1\" \/>\n<link rel=\"canonical\" href=\"https:\/\/www.asajacyl.com\/palencia\/asaja-palencia-informa\/la-junta-aprubea-el-estudio-previo-a-la-concentracion-parcelaria-de-la-comunidad-de-regantes-del-boedo\" \/>\n<meta property=\"og:locale\" content=\"es_ES\" \/>\n<meta property=\"og:type\" content=\"article\" \/>\n<meta property=\"og:title\" content=\"La Junta aprueba el estudio previo a la concentraci\u00f3n parcelaria de la comunidad de regantes del Boedo - ASAJA Palencia\" \/>\n<meta property=\"og:description\" content=\"La Junta de Castilla y Le\u00f3n aprob\u00f3 el pasado 10 de marzo de 2024, mediante resoluci\u00f3n de la Direcci\u00f3n General de Desarrollo Rural de la Consejer\u00eda de\" \/>\n<meta property=\"og:url\" content=\"https:\/\/www.asajacyl.com\/palencia\/asaja-palencia-informa\/la-junta-aprubea-el-estudio-previo-a-la-concentracion-parcelaria-de-la-comunidad-de-regantes-del-boedo\" \/>\n<meta property=\"og:site_name\" content=\"ASAJA Palencia\" \/>\n<meta property=\"article:published_time\" content=\"2024-04-28T10:33:13+00:00\" \/>\n<meta property=\"article:modified_time\" content=\"2024-04-29T11:38:29+00:00\" \/>\n<meta property=\"og:image\" content=\"https:\/\/www.asajacyl.com\/palencia\/wp-content\/uploads\/sites\/3\/2023\/06\/Concentracion-Ojeda-Boedo-1024x896.jpg\" \/>\n\t<meta property=\"og:image:width\" content=\"1024\" \/>\n\t<meta property=\"og:image:height\" content=\"896\" \/>\n\t<meta property=\"og:image:type\" content=\"image\/jpeg\" \/>\n<meta name=\"author\" content=\"Administrador\" \/>\n<meta name=\"twitter:card\" content=\"summary_large_image\" \/>\n<meta name=\"twitter:label1\" content=\"Escrito por\" \/>\n\t<meta name=\"twitter:data1\" content=\"Administrador\" \/>\n\t<meta name=\"twitter:label2\" content=\"Tiempo de lectura\" \/>\n\t<meta name=\"twitter:data2\" content=\"5 minutos\" \/>\n<script type=\"application\/ld+json\" class=\"yoast-schema-graph\">{\"@context\":\"https:\/\/schema.org\",\"@graph\":[{\"@type\":\"WebPage\",\"@id\":\"https:\/\/www.asajacyl.com\/palencia\/asaja-palencia-informa\/la-junta-aprubea-el-estudio-previo-a-la-concentracion-parcelaria-de-la-comunidad-de-regantes-del-boedo\",\"url\":\"https:\/\/www.asajacyl.com\/palencia\/asaja-palencia-informa\/la-junta-aprubea-el-estudio-previo-a-la-concentracion-parcelaria-de-la-comunidad-de-regantes-del-boedo\",\"name\":\"La Junta aprueba el estudio previo a la concentraci\u00f3n parcelaria de la comunidad de regantes del Boedo - ASAJA Palencia\",\"isPartOf\":{\"@id\":\"https:\/\/www.asajacyl.com\/palencia\/#website\"},\"primaryImageOfPage\":{\"@id\":\"https:\/\/www.asajacyl.com\/palencia\/asaja-palencia-informa\/la-junta-aprubea-el-estudio-previo-a-la-concentracion-parcelaria-de-la-comunidad-de-regantes-del-boedo#primaryimage\"},\"image\":{\"@id\":\"https:\/\/www.asajacyl.com\/palencia\/asaja-palencia-informa\/la-junta-aprubea-el-estudio-previo-a-la-concentracion-parcelaria-de-la-comunidad-de-regantes-del-boedo#primaryimage\"},\"thumbnailUrl\":\"https:\/\/www.asajacyl.com\/palencia\/wp-content\/uploads\/sites\/3\/2023\/06\/Concentracion-Ojeda-Boedo.jpg\",\"datePublished\":\"2024-04-28T10:33:13+00:00\",\"dateModified\":\"2024-04-29T11:38:29+00:00\",\"author\":{\"@id\":\"https:\/\/www.asajacyl.com\/palencia\/#\/schema\/person\/3ab17aeb03527485c317557fae64aab1\"},\"description\":\"La Junta de Castilla y Le\u00f3n aprob\u00f3 el pasado 10 de marzo de 2024, mediante resoluci\u00f3n de la Direcci\u00f3n General de Desarrollo Rural de la Consejer\u00eda de\",\"breadcrumb\":{\"@id\":\"https:\/\/www.asajacyl.com\/palencia\/asaja-palencia-informa\/la-junta-aprubea-el-estudio-previo-a-la-concentracion-parcelaria-de-la-comunidad-de-regantes-del-boedo#breadcrumb\"},\"inLanguage\":\"es\",\"potentialAction\":[{\"@type\":\"ReadAction\",\"target\":[\"https:\/\/www.asajacyl.com\/palencia\/asaja-palencia-informa\/la-junta-aprubea-el-estudio-previo-a-la-concentracion-parcelaria-de-la-comunidad-de-regantes-del-boedo\"]}]},{\"@type\":\"ImageObject\",\"inLanguage\":\"es\",\"@id\":\"https:\/\/www.asajacyl.com\/palencia\/asaja-palencia-informa\/la-junta-aprubea-el-estudio-previo-a-la-concentracion-parcelaria-de-la-comunidad-de-regantes-del-boedo#primaryimage\",\"url\":\"https:\/\/www.asajacyl.com\/palencia\/wp-content\/uploads\/sites\/3\/2023\/06\/Concentracion-Ojeda-Boedo.jpg\",\"contentUrl\":\"https:\/\/www.asajacyl.com\/palencia\/wp-content\/uploads\/sites\/3\/2023\/06\/Concentracion-Ojeda-Boedo.jpg\",\"width\":1890,\"height\":1654},{\"@type\":\"BreadcrumbList\",\"@id\":\"https:\/\/www.asajacyl.com\/palencia\/asaja-palencia-informa\/la-junta-aprubea-el-estudio-previo-a-la-concentracion-parcelaria-de-la-comunidad-de-regantes-del-boedo#breadcrumb\",\"itemListElement\":[{\"@type\":\"ListItem\",\"position\":1,\"name\":\"Portada\",\"item\":\"https:\/\/www.asajacyl.com\/palencia\/\"},{\"@type\":\"ListItem\",\"position\":2,\"name\":\"La Junta aprueba el estudio previo a la concentraci\u00f3n parcelaria de la comunidad de regantes del Boedo\"}]},{\"@type\":\"WebSite\",\"@id\":\"https:\/\/www.asajacyl.com\/palencia\/#website\",\"url\":\"https:\/\/www.asajacyl.com\/palencia\/\",\"name\":\"ASAJA Palencia\",\"description\":\"Otro sitio m\u00e1s de Provincias ASAJA Castilla y Le\u00f3n\",\"potentialAction\":[{\"@type\":\"SearchAction\",\"target\":{\"@type\":\"EntryPoint\",\"urlTemplate\":\"https:\/\/www.asajacyl.com\/palencia\/?s={search_term_string}\"},\"query-input\":{\"@type\":\"PropertyValueSpecification\",\"valueRequired\":true,\"valueName\":\"search_term_string\"}}],\"inLanguage\":\"es\"},{\"@type\":\"Person\",\"@id\":\"https:\/\/www.asajacyl.com\/palencia\/#\/schema\/person\/3ab17aeb03527485c317557fae64aab1\",\"name\":\"Administrador\",\"image\":{\"@type\":\"ImageObject\",\"inLanguage\":\"es\",\"@id\":\"https:\/\/www.asajacyl.com\/palencia\/#\/schema\/person\/image\/\",\"url\":\"https:\/\/secure.gravatar.com\/avatar\/517384810d242ca9e38c180f3c9fb973?s=96&d=mm&r=g\",\"contentUrl\":\"https:\/\/secure.gravatar.com\/avatar\/517384810d242ca9e38c180f3c9fb973?s=96&d=mm&r=g\",\"caption\":\"Administrador\"},\"url\":\"https:\/\/www.asajacyl.com\/palencia\/author\/carlosrm\"}]}<\/script>\n<!-- \/ Yoast SEO plugin. -->","yoast_head_json":{"title":"La Junta aprueba el estudio previo a la concentraci\u00f3n parcelaria de la comunidad de regantes del Boedo - ASAJA Palencia","description":"La Junta de Castilla y Le\u00f3n aprob\u00f3 el pasado 10 de marzo de 2024, mediante resoluci\u00f3n de la Direcci\u00f3n General de Desarrollo Rural de la Consejer\u00eda de","robots":{"index":"index","follow":"follow","max-snippet":"max-snippet:-1","max-image-preview":"max-image-preview:large","max-video-preview":"max-video-preview:-1"},"canonical":"https:\/\/www.asajacyl.com\/palencia\/asaja-palencia-informa\/la-junta-aprubea-el-estudio-previo-a-la-concentracion-parcelaria-de-la-comunidad-de-regantes-del-boedo","og_locale":"es_ES","og_type":"article","og_title":"La Junta aprueba el estudio previo a la concentraci\u00f3n parcelaria de la comunidad de regantes del Boedo - ASAJA Palencia","og_description":"La Junta de Castilla y Le\u00f3n aprob\u00f3 el pasado 10 de marzo de 2024, mediante resoluci\u00f3n de la Direcci\u00f3n General de Desarrollo Rural de la Consejer\u00eda de","og_url":"https:\/\/www.asajacyl.com\/palencia\/asaja-palencia-informa\/la-junta-aprubea-el-estudio-previo-a-la-concentracion-parcelaria-de-la-comunidad-de-regantes-del-boedo","og_site_name":"ASAJA Palencia","article_published_time":"2024-04-28T10:33:13+00:00","article_modified_time":"2024-04-29T11:38:29+00:00","og_image":[{"width":1024,"height":896,"url":"https:\/\/www.asajacyl.com\/palencia\/wp-content\/uploads\/sites\/3\/2023\/06\/Concentracion-Ojeda-Boedo-1024x896.jpg","type":"image\/jpeg"}],"author":"Administrador","twitter_card":"summary_large_image","twitter_misc":{"Escrito por":"Administrador","Tiempo de lectura":"5 minutos"},"schema":{"@context":"https:\/\/schema.org","@graph":[{"@type":"WebPage","@id":"https:\/\/www.asajacyl.com\/palencia\/asaja-palencia-informa\/la-junta-aprubea-el-estudio-previo-a-la-concentracion-parcelaria-de-la-comunidad-de-regantes-del-boedo","url":"https:\/\/www.asajacyl.com\/palencia\/asaja-palencia-informa\/la-junta-aprubea-el-estudio-previo-a-la-concentracion-parcelaria-de-la-comunidad-de-regantes-del-boedo","name":"La Junta aprueba el estudio previo a la concentraci\u00f3n parcelaria de la comunidad de regantes del Boedo - ASAJA Palencia","isPartOf":{"@id":"https:\/\/www.asajacyl.com\/palencia\/#website"},"primaryImageOfPage":{"@id":"https:\/\/www.asajacyl.com\/palencia\/asaja-palencia-informa\/la-junta-aprubea-el-estudio-previo-a-la-concentracion-parcelaria-de-la-comunidad-de-regantes-del-boedo#primaryimage"},"image":{"@id":"https:\/\/www.asajacyl.com\/palencia\/asaja-palencia-informa\/la-junta-aprubea-el-estudio-previo-a-la-concentracion-parcelaria-de-la-comunidad-de-regantes-del-boedo#primaryimage"},"thumbnailUrl":"https:\/\/www.asajacyl.com\/palencia\/wp-content\/uploads\/sites\/3\/2023\/06\/Concentracion-Ojeda-Boedo.jpg","datePublished":"2024-04-28T10:33:13+00:00","dateModified":"2024-04-29T11:38:29+00:00","author":{"@id":"https:\/\/www.asajacyl.com\/palencia\/#\/schema\/person\/3ab17aeb03527485c317557fae64aab1"},"description":"La Junta de Castilla y Le\u00f3n aprob\u00f3 el pasado 10 de marzo de 2024, mediante resoluci\u00f3n de la Direcci\u00f3n General de Desarrollo Rural de la Consejer\u00eda de","breadcrumb":{"@id":"https:\/\/www.asajacyl.com\/palencia\/asaja-palencia-informa\/la-junta-aprubea-el-estudio-previo-a-la-concentracion-parcelaria-de-la-comunidad-de-regantes-del-boedo#breadcrumb"},"inLanguage":"es","potentialAction":[{"@type":"ReadAction","target":["https:\/\/www.asajacyl.com\/palencia\/asaja-palencia-informa\/la-junta-aprubea-el-estudio-previo-a-la-concentracion-parcelaria-de-la-comunidad-de-regantes-del-boedo"]}]},{"@type":"ImageObject","inLanguage":"es","@id":"https:\/\/www.asajacyl.com\/palencia\/asaja-palencia-informa\/la-junta-aprubea-el-estudio-previo-a-la-concentracion-parcelaria-de-la-comunidad-de-regantes-del-boedo#primaryimage","url":"https:\/\/www.asajacyl.com\/palencia\/wp-content\/uploads\/sites\/3\/2023\/06\/Concentracion-Ojeda-Boedo.jpg","contentUrl":"https:\/\/www.asajacyl.com\/palencia\/wp-content\/uploads\/sites\/3\/2023\/06\/Concentracion-Ojeda-Boedo.jpg","width":1890,"height":1654},{"@type":"BreadcrumbList","@id":"https:\/\/www.asajacyl.com\/palencia\/asaja-palencia-informa\/la-junta-aprubea-el-estudio-previo-a-la-concentracion-parcelaria-de-la-comunidad-de-regantes-del-boedo#breadcrumb","itemListElement":[{"@type":"ListItem","position":1,"name":"Portada","item":"https:\/\/www.asajacyl.com\/palencia\/"},{"@type":"ListItem","position":2,"name":"La Junta aprueba el estudio previo a la concentraci\u00f3n parcelaria de la comunidad de regantes del Boedo"}]},{"@type":"WebSite","@id":"https:\/\/www.asajacyl.com\/palencia\/#website","url":"https:\/\/www.asajacyl.com\/palencia\/","name":"ASAJA Palencia","description":"Otro sitio m\u00e1s de Provincias ASAJA Castilla y Le\u00f3n","potentialAction":[{"@type":"SearchAction","target":{"@type":"EntryPoint","urlTemplate":"https:\/\/www.asajacyl.com\/palencia\/?s={search_term_string}"},"query-input":{"@type":"PropertyValueSpecification","valueRequired":true,"valueName":"search_term_string"}}],"inLanguage":"es"},{"@type":"Person","@id":"https:\/\/www.asajacyl.com\/palencia\/#\/schema\/person\/3ab17aeb03527485c317557fae64aab1","name":"Administrador","image":{"@type":"ImageObject","inLanguage":"es","@id":"https:\/\/www.asajacyl.com\/palencia\/#\/schema\/person\/image\/","url":"https:\/\/secure.gravatar.com\/avatar\/517384810d242ca9e38c180f3c9fb973?s=96&d=mm&r=g","contentUrl":"https:\/\/secure.gravatar.com\/avatar\/517384810d242ca9e38c180f3c9fb973?s=96&d=mm&r=g","caption":"Administrador"},"url":"https:\/\/www.asajacyl.com\/palencia\/author\/carlosrm"}]}},"_links":{"self":[{"href":"https:\/\/www.asajacyl.com\/palencia\/wp-json\/wp\/v2\/posts\/16058"}],"collection":[{"href":"https:\/\/www.asajacyl.com\/palencia\/wp-json\/wp\/v2\/posts"}],"about":[{"href":"https:\/\/www.asajacyl.com\/palencia\/wp-json\/wp\/v2\/types\/post"}],"author":[{"embeddable":true,"href":"https:\/\/www.asajacyl.com\/palencia\/wp-json\/wp\/v2\/users\/9"}],"replies":[{"embeddable":true,"href":"https:\/\/www.asajacyl.com\/palencia\/wp-json\/wp\/v2\/comments?post=16058"}],"version-history":[{"count":7,"href":"https:\/\/www.asajacyl.com\/palencia\/wp-json\/wp\/v2\/posts\/16058\/revisions"}],"predecessor-version":[{"id":16095,"href":"https:\/\/www.asajacyl.com\/palencia\/wp-json\/wp\/v2\/posts\/16058\/revisions\/16095"}],"wp:featuredmedia":[{"embeddable":true,"href":"https:\/\/www.asajacyl.com\/palencia\/wp-json\/wp\/v2\/media\/13545"}],"wp:attachment":[{"href":"https:\/\/www.asajacyl.com\/palencia\/wp-json\/wp\/v2\/media?parent=16058"}],"wp:term":[{"taxonomy":"category","embeddable":true,"href":"https:\/\/www.asajacyl.com\/palencia\/wp-json\/wp\/v2\/categories?post=16058"},{"taxonomy":"post_tag","embeddable":true,"href":"https:\/\/www.asajacyl.com\/palencia\/wp-json\/wp\/v2\/tags?post=16058"}],"curies":[{"name":"wp","href":"https:\/\/api.w.org\/{rel}","templated":true}]}}