{"id":16079,"date":"2024-04-29T08:49:59","date_gmt":"2024-04-29T06:49:59","guid":{"rendered":"https:\/\/www.asajacyl.com\/palencia\/?p=16079"},"modified":"2024-04-29T08:50:03","modified_gmt":"2024-04-29T06:50:03","slug":"cuando-protestamos-los-agricultores","status":"publish","type":"post","link":"https:\/\/www.asajacyl.com\/palencia\/asaja-palencia-informa\/cuando-protestamos-los-agricultores","title":{"rendered":"Cu\u00e1ndo protestamos los agricultores"},"content":{"rendered":"\n<h2 class=\"wp-block-heading\">JOS\u00c9 ANTONIO TURRADO | Secretario general de ASAJA-Castilla y Le\u00f3n<\/h2>\n\n\n<div class=\"wp-block-image\">\n<figure class=\"alignleft is-resized\"><a href=\"https:\/\/www.asajacyl.com\/wp-content\/uploads\/2024\/04\/isidoro.jpg\"><img decoding=\"async\" src=\"https:\/\/www.asajacyl.com\/wp-content\/uploads\/2024\/04\/isidoro.jpg\" alt=\"\" class=\"wp-image-23495\" style=\"width:512px;height:auto\" \/><\/a><\/figure><\/div>\n\n\n<p>Con una mirada retrospectiva, las movilizaciones en el sector agrario espa\u00f1ol, la reivindicaci\u00f3n desde un punto de vista estricto, datan de los a\u00f1os setenta del pasado siglo, con la instauraci\u00f3n de la democracia. En aquellos momentos surgieron tambi\u00e9n la mayor\u00eda de las organizaciones agrarias actuales, y todav\u00eda haya agricultores, ya con cierta edad, que fueron protagonistas de aquellas protestas agrarias o campesinas. Desde entonces hasta la actualidad las quejas del sector se han canalizado mayoritariamente a trav\u00e9s de las organizaciones agrarias legalmente constituidas, y social y pol\u00edticamente reconocidas.<\/p>\n\n\n\n<p>Mantengo que la defensa del sector se debe de hacer todos los d\u00edas, que ha de ser constante y permanente, que hay muchas formas de reivindicar y de hacerse o\u00edr, y que los actos de protesta, las manifestaciones, y ni qu\u00e9 decir las huelgas, deben de ser la opci\u00f3n cuando no quede m\u00e1s remedio, y siempre valorando las fuerzas, la capacidad de convocatoria. <\/p>\n\n\n\n<p>Porque la respuesta de los agricultores y ganaderos siempre ha sido escasa, muy escasa, tanto cuando ha habido muchos motivos, como cuando no. Escasa porque somos poco solidarios, porque damos poco en beneficio de la colectividad, porque pensamos que se arreglar\u00e1 igual aunque no participemos -porque lo van a hacer otros-, o porque pensamos que no se va a arreglar nada aunque seamos miembros activos. Yo realmente pienso que muchos agricultores s\u00ed han cre\u00eddo en las protestas pero que no participan en ellas porque esa responsabilidad se la atribuyen a los dirigentes y trabajadores de las organizaciones (\u00abya soy socio y pago la cuota para que me defiendan\u00bb).<\/p>\n\n\n\n<p>Los que pens\u00e1bamos que las manifestaciones, que las protestas, y que la presi\u00f3n la hab\u00eda que hacer cuando era el momento, y ped\u00edamos justo en ese momento el apoyo de los socios, hemos fracasado. Con explotaciones cada vez m\u00e1s grandes, los agricultores solamente van a estar dispuestos a protestar cuando tengan tiempo, cuando no haya labores que hacer; mientras que los ganaderos, que tienen labores todos los d\u00edas, protestar\u00e1n cuando les apriete much\u00edsimo el zapato, como han hecho hasta ahora. Esto es lo que justifica gran parte del \u00e9xito que tuvo la movilizaci\u00f3n del sector en el final del pasado invierno, el tener tiempo, el poder salir a la calle sin perder apenas nada de hacer en casa.<\/p>\n\n\n\n<p>En esos calendarios de la antig\u00fcedad que ilustran los meses con las actividades campesinas, como el que se puede ver en los frescos de San Isidoro en Le\u00f3n, la iconograf\u00eda de febrero es la de un campesino calent\u00e1ndose a la lumbre, sin otra ocupaci\u00f3n, debido al mal tiempo y al momento de los cultivos. Pues han pasado siglos, y todo ha cambiado mucho, tambi\u00e9n la agricultura, pero enero y febrero siguen siendo los meses en los que los agricultores y ganaderos estamos menos ocupados y por lo tanto cuando podemos dedicarnos a otras cosas, como por ejemplo protestar, reivindicar y manifestar nuestro descontento en calles y carreteras. No comparto que la movilizaci\u00f3n del sector la marque el calendario agron\u00f3mico pero, a partir de ahora, las protestas del campo, las protestas numerosas y con respaldo popular, las tractoradas, ser\u00e1n en febrero. O no ser\u00e1n.<strong>\/<\/strong><\/p>\n","protected":false},"excerpt":{"rendered":"<p>JOS\u00c9 ANTONIO TURRADO | Secretario general de ASAJA-Castilla y Le\u00f3n Con una mirada retrospectiva, las movilizaciones en el sector agrario espa\u00f1ol, la reivindicaci\u00f3n desde un punto de vista estricto, datan de los a\u00f1os setenta del pasado siglo, con la instauraci\u00f3n de la democracia. En aquellos momentos surgieron tambi\u00e9n la mayor\u00eda de las organizaciones agrarias actuales, [&hellip;]<\/p>\n","protected":false},"author":9,"featured_media":13195,"comment_status":"open","ping_status":"open","sticky":false,"template":"","format":"standard","meta":{"footnotes":""},"categories":[9,29,30,28],"tags":[58,351,77,703,706,352,310],"yoast_head":"<!-- This site is optimized with the Yoast SEO plugin v24.5 - https:\/\/yoast.com\/wordpress\/plugins\/seo\/ -->\n<title>Cu\u00e1ndo protestamos los agricultores - ASAJA Palencia<\/title>\n<meta name=\"description\" content=\"JOS\u00c9 ANTONIO TURRADO | Secretario general de ASAJA-Castilla y Le\u00f3n Con una mirada retrospectiva, las movilizaciones en el sector agrario espa\u00f1ol, la\" \/>\n<meta name=\"robots\" content=\"index, follow, max-snippet:-1, max-image-preview:large, max-video-preview:-1\" \/>\n<link rel=\"canonical\" href=\"https:\/\/www.asajacyl.com\/palencia\/asaja-palencia-informa\/cuando-protestamos-los-agricultores\" \/>\n<meta property=\"og:locale\" content=\"es_ES\" \/>\n<meta property=\"og:type\" content=\"article\" \/>\n<meta property=\"og:title\" content=\"Cu\u00e1ndo protestamos los agricultores - ASAJA Palencia\" \/>\n<meta property=\"og:description\" content=\"JOS\u00c9 ANTONIO TURRADO | Secretario general de ASAJA-Castilla y Le\u00f3n Con una mirada retrospectiva, las movilizaciones en el sector agrario espa\u00f1ol, la\" \/>\n<meta property=\"og:url\" content=\"https:\/\/www.asajacyl.com\/palencia\/asaja-palencia-informa\/cuando-protestamos-los-agricultores\" \/>\n<meta property=\"og:site_name\" content=\"ASAJA Palencia\" \/>\n<meta property=\"article:published_time\" content=\"2024-04-29T06:49:59+00:00\" \/>\n<meta property=\"article:modified_time\" content=\"2024-04-29T06:50:03+00:00\" \/>\n<meta property=\"og:image\" content=\"https:\/\/www.asajacyl.com\/palencia\/wp-content\/uploads\/sites\/3\/2023\/05\/Turrado-retocada-horizontal.jpg\" \/>\n\t<meta property=\"og:image:width\" content=\"1649\" \/>\n\t<meta property=\"og:image:height\" content=\"1191\" \/>\n\t<meta property=\"og:image:type\" content=\"image\/jpeg\" \/>\n<meta name=\"author\" content=\"Administrador\" \/>\n<meta name=\"twitter:card\" content=\"summary_large_image\" \/>\n<meta name=\"twitter:label1\" content=\"Escrito por\" \/>\n\t<meta name=\"twitter:data1\" content=\"Administrador\" \/>\n\t<meta name=\"twitter:label2\" content=\"Tiempo de lectura\" \/>\n\t<meta name=\"twitter:data2\" content=\"3 minutos\" \/>\n<script type=\"application\/ld+json\" class=\"yoast-schema-graph\">{\"@context\":\"https:\/\/schema.org\",\"@graph\":[{\"@type\":\"WebPage\",\"@id\":\"https:\/\/www.asajacyl.com\/palencia\/asaja-palencia-informa\/cuando-protestamos-los-agricultores\",\"url\":\"https:\/\/www.asajacyl.com\/palencia\/asaja-palencia-informa\/cuando-protestamos-los-agricultores\",\"name\":\"Cu\u00e1ndo protestamos los agricultores - ASAJA Palencia\",\"isPartOf\":{\"@id\":\"https:\/\/www.asajacyl.com\/palencia\/#website\"},\"primaryImageOfPage\":{\"@id\":\"https:\/\/www.asajacyl.com\/palencia\/asaja-palencia-informa\/cuando-protestamos-los-agricultores#primaryimage\"},\"image\":{\"@id\":\"https:\/\/www.asajacyl.com\/palencia\/asaja-palencia-informa\/cuando-protestamos-los-agricultores#primaryimage\"},\"thumbnailUrl\":\"https:\/\/www.asajacyl.com\/palencia\/wp-content\/uploads\/sites\/3\/2023\/05\/Turrado-retocada-horizontal.jpg\",\"datePublished\":\"2024-04-29T06:49:59+00:00\",\"dateModified\":\"2024-04-29T06:50:03+00:00\",\"author\":{\"@id\":\"https:\/\/www.asajacyl.com\/palencia\/#\/schema\/person\/3ab17aeb03527485c317557fae64aab1\"},\"description\":\"JOS\u00c9 ANTONIO TURRADO | Secretario general de ASAJA-Castilla y Le\u00f3n Con una mirada retrospectiva, las movilizaciones en el sector agrario espa\u00f1ol, la\",\"breadcrumb\":{\"@id\":\"https:\/\/www.asajacyl.com\/palencia\/asaja-palencia-informa\/cuando-protestamos-los-agricultores#breadcrumb\"},\"inLanguage\":\"es\",\"potentialAction\":[{\"@type\":\"ReadAction\",\"target\":[\"https:\/\/www.asajacyl.com\/palencia\/asaja-palencia-informa\/cuando-protestamos-los-agricultores\"]}]},{\"@type\":\"ImageObject\",\"inLanguage\":\"es\",\"@id\":\"https:\/\/www.asajacyl.com\/palencia\/asaja-palencia-informa\/cuando-protestamos-los-agricultores#primaryimage\",\"url\":\"https:\/\/www.asajacyl.com\/palencia\/wp-content\/uploads\/sites\/3\/2023\/05\/Turrado-retocada-horizontal.jpg\",\"contentUrl\":\"https:\/\/www.asajacyl.com\/palencia\/wp-content\/uploads\/sites\/3\/2023\/05\/Turrado-retocada-horizontal.jpg\",\"width\":1649,\"height\":1191},{\"@type\":\"BreadcrumbList\",\"@id\":\"https:\/\/www.asajacyl.com\/palencia\/asaja-palencia-informa\/cuando-protestamos-los-agricultores#breadcrumb\",\"itemListElement\":[{\"@type\":\"ListItem\",\"position\":1,\"name\":\"Portada\",\"item\":\"https:\/\/www.asajacyl.com\/palencia\/\"},{\"@type\":\"ListItem\",\"position\":2,\"name\":\"Cu\u00e1ndo protestamos los agricultores\"}]},{\"@type\":\"WebSite\",\"@id\":\"https:\/\/www.asajacyl.com\/palencia\/#website\",\"url\":\"https:\/\/www.asajacyl.com\/palencia\/\",\"name\":\"ASAJA Palencia\",\"description\":\"Otro sitio m\u00e1s de Provincias ASAJA Castilla y Le\u00f3n\",\"potentialAction\":[{\"@type\":\"SearchAction\",\"target\":{\"@type\":\"EntryPoint\",\"urlTemplate\":\"https:\/\/www.asajacyl.com\/palencia\/?s={search_term_string}\"},\"query-input\":{\"@type\":\"PropertyValueSpecification\",\"valueRequired\":true,\"valueName\":\"search_term_string\"}}],\"inLanguage\":\"es\"},{\"@type\":\"Person\",\"@id\":\"https:\/\/www.asajacyl.com\/palencia\/#\/schema\/person\/3ab17aeb03527485c317557fae64aab1\",\"name\":\"Administrador\",\"image\":{\"@type\":\"ImageObject\",\"inLanguage\":\"es\",\"@id\":\"https:\/\/www.asajacyl.com\/palencia\/#\/schema\/person\/image\/\",\"url\":\"https:\/\/secure.gravatar.com\/avatar\/517384810d242ca9e38c180f3c9fb973?s=96&d=mm&r=g\",\"contentUrl\":\"https:\/\/secure.gravatar.com\/avatar\/517384810d242ca9e38c180f3c9fb973?s=96&d=mm&r=g\",\"caption\":\"Administrador\"},\"url\":\"https:\/\/www.asajacyl.com\/palencia\/author\/carlosrm\"}]}<\/script>\n<!-- \/ Yoast SEO plugin. -->","yoast_head_json":{"title":"Cu\u00e1ndo protestamos los agricultores - ASAJA Palencia","description":"JOS\u00c9 ANTONIO TURRADO | Secretario general de ASAJA-Castilla y Le\u00f3n Con una mirada retrospectiva, las movilizaciones en el sector agrario espa\u00f1ol, la","robots":{"index":"index","follow":"follow","max-snippet":"max-snippet:-1","max-image-preview":"max-image-preview:large","max-video-preview":"max-video-preview:-1"},"canonical":"https:\/\/www.asajacyl.com\/palencia\/asaja-palencia-informa\/cuando-protestamos-los-agricultores","og_locale":"es_ES","og_type":"article","og_title":"Cu\u00e1ndo protestamos los agricultores - ASAJA Palencia","og_description":"JOS\u00c9 ANTONIO TURRADO | Secretario general de ASAJA-Castilla y Le\u00f3n Con una mirada retrospectiva, las movilizaciones en el sector agrario espa\u00f1ol, la","og_url":"https:\/\/www.asajacyl.com\/palencia\/asaja-palencia-informa\/cuando-protestamos-los-agricultores","og_site_name":"ASAJA Palencia","article_published_time":"2024-04-29T06:49:59+00:00","article_modified_time":"2024-04-29T06:50:03+00:00","og_image":[{"width":1649,"height":1191,"url":"https:\/\/www.asajacyl.com\/palencia\/wp-content\/uploads\/sites\/3\/2023\/05\/Turrado-retocada-horizontal.jpg","type":"image\/jpeg"}],"author":"Administrador","twitter_card":"summary_large_image","twitter_misc":{"Escrito por":"Administrador","Tiempo de lectura":"3 minutos"},"schema":{"@context":"https:\/\/schema.org","@graph":[{"@type":"WebPage","@id":"https:\/\/www.asajacyl.com\/palencia\/asaja-palencia-informa\/cuando-protestamos-los-agricultores","url":"https:\/\/www.asajacyl.com\/palencia\/asaja-palencia-informa\/cuando-protestamos-los-agricultores","name":"Cu\u00e1ndo protestamos los agricultores - ASAJA Palencia","isPartOf":{"@id":"https:\/\/www.asajacyl.com\/palencia\/#website"},"primaryImageOfPage":{"@id":"https:\/\/www.asajacyl.com\/palencia\/asaja-palencia-informa\/cuando-protestamos-los-agricultores#primaryimage"},"image":{"@id":"https:\/\/www.asajacyl.com\/palencia\/asaja-palencia-informa\/cuando-protestamos-los-agricultores#primaryimage"},"thumbnailUrl":"https:\/\/www.asajacyl.com\/palencia\/wp-content\/uploads\/sites\/3\/2023\/05\/Turrado-retocada-horizontal.jpg","datePublished":"2024-04-29T06:49:59+00:00","dateModified":"2024-04-29T06:50:03+00:00","author":{"@id":"https:\/\/www.asajacyl.com\/palencia\/#\/schema\/person\/3ab17aeb03527485c317557fae64aab1"},"description":"JOS\u00c9 ANTONIO TURRADO | Secretario general de ASAJA-Castilla y Le\u00f3n Con una mirada retrospectiva, las movilizaciones en el sector agrario espa\u00f1ol, la","breadcrumb":{"@id":"https:\/\/www.asajacyl.com\/palencia\/asaja-palencia-informa\/cuando-protestamos-los-agricultores#breadcrumb"},"inLanguage":"es","potentialAction":[{"@type":"ReadAction","target":["https:\/\/www.asajacyl.com\/palencia\/asaja-palencia-informa\/cuando-protestamos-los-agricultores"]}]},{"@type":"ImageObject","inLanguage":"es","@id":"https:\/\/www.asajacyl.com\/palencia\/asaja-palencia-informa\/cuando-protestamos-los-agricultores#primaryimage","url":"https:\/\/www.asajacyl.com\/palencia\/wp-content\/uploads\/sites\/3\/2023\/05\/Turrado-retocada-horizontal.jpg","contentUrl":"https:\/\/www.asajacyl.com\/palencia\/wp-content\/uploads\/sites\/3\/2023\/05\/Turrado-retocada-horizontal.jpg","width":1649,"height":1191},{"@type":"BreadcrumbList","@id":"https:\/\/www.asajacyl.com\/palencia\/asaja-palencia-informa\/cuando-protestamos-los-agricultores#breadcrumb","itemListElement":[{"@type":"ListItem","position":1,"name":"Portada","item":"https:\/\/www.asajacyl.com\/palencia\/"},{"@type":"ListItem","position":2,"name":"Cu\u00e1ndo protestamos los agricultores"}]},{"@type":"WebSite","@id":"https:\/\/www.asajacyl.com\/palencia\/#website","url":"https:\/\/www.asajacyl.com\/palencia\/","name":"ASAJA Palencia","description":"Otro sitio m\u00e1s de Provincias ASAJA Castilla y Le\u00f3n","potentialAction":[{"@type":"SearchAction","target":{"@type":"EntryPoint","urlTemplate":"https:\/\/www.asajacyl.com\/palencia\/?s={search_term_string}"},"query-input":{"@type":"PropertyValueSpecification","valueRequired":true,"valueName":"search_term_string"}}],"inLanguage":"es"},{"@type":"Person","@id":"https:\/\/www.asajacyl.com\/palencia\/#\/schema\/person\/3ab17aeb03527485c317557fae64aab1","name":"Administrador","image":{"@type":"ImageObject","inLanguage":"es","@id":"https:\/\/www.asajacyl.com\/palencia\/#\/schema\/person\/image\/","url":"https:\/\/secure.gravatar.com\/avatar\/517384810d242ca9e38c180f3c9fb973?s=96&d=mm&r=g","contentUrl":"https:\/\/secure.gravatar.com\/avatar\/517384810d242ca9e38c180f3c9fb973?s=96&d=mm&r=g","caption":"Administrador"},"url":"https:\/\/www.asajacyl.com\/palencia\/author\/carlosrm"}]}},"_links":{"self":[{"href":"https:\/\/www.asajacyl.com\/palencia\/wp-json\/wp\/v2\/posts\/16079"}],"collection":[{"href":"https:\/\/www.asajacyl.com\/palencia\/wp-json\/wp\/v2\/posts"}],"about":[{"href":"https:\/\/www.asajacyl.com\/palencia\/wp-json\/wp\/v2\/types\/post"}],"author":[{"embeddable":true,"href":"https:\/\/www.asajacyl.com\/palencia\/wp-json\/wp\/v2\/users\/9"}],"replies":[{"embeddable":true,"href":"https:\/\/www.asajacyl.com\/palencia\/wp-json\/wp\/v2\/comments?post=16079"}],"version-history":[{"count":1,"href":"https:\/\/www.asajacyl.com\/palencia\/wp-json\/wp\/v2\/posts\/16079\/revisions"}],"predecessor-version":[{"id":16081,"href":"https:\/\/www.asajacyl.com\/palencia\/wp-json\/wp\/v2\/posts\/16079\/revisions\/16081"}],"wp:featuredmedia":[{"embeddable":true,"href":"https:\/\/www.asajacyl.com\/palencia\/wp-json\/wp\/v2\/media\/13195"}],"wp:attachment":[{"href":"https:\/\/www.asajacyl.com\/palencia\/wp-json\/wp\/v2\/media?parent=16079"}],"wp:term":[{"taxonomy":"category","embeddable":true,"href":"https:\/\/www.asajacyl.com\/palencia\/wp-json\/wp\/v2\/categories?post=16079"},{"taxonomy":"post_tag","embeddable":true,"href":"https:\/\/www.asajacyl.com\/palencia\/wp-json\/wp\/v2\/tags?post=16079"}],"curies":[{"name":"wp","href":"https:\/\/api.w.org\/{rel}","templated":true}]}}