{"id":16098,"date":"2024-05-01T09:49:08","date_gmt":"2024-05-01T07:49:08","guid":{"rendered":"https:\/\/www.asajacyl.com\/palencia\/?p=16098"},"modified":"2024-04-30T10:10:36","modified_gmt":"2024-04-30T08:10:36","slug":"fallo-de-los-concursos-de-la-xxxvii-feria-nacional-de-ovino-selecto-de-raza-churra-organizada-por-anche","status":"publish","type":"post","link":"https:\/\/www.asajacyl.com\/palencia\/asaja-palencia-informa\/fallo-de-los-concursos-de-la-xxxvii-feria-nacional-de-ovino-selecto-de-raza-churra-organizada-por-anche","title":{"rendered":"Fallo de los concursos de la XXXVII Feria Nacional de Ovino Selecto de Raza Churra organizada por ANCHE"},"content":{"rendered":"\n<h2 class=\"wp-block-heading\">La Asociaci\u00f3n Nacional de Criadores de Ganado Ovino de Raza Churra (ANCHE) ha comunicado el fallo de los concursos celebrados en el marco de la XXXVII Feria Nacional de Ganado Ovino Selecto de Raza Churra celebrada los pasados d\u00edas 27 y 28 de abril en el Mercado Comarcal de Ganado de Palencia. La feria est\u00e1 organizada por ANCHE, la Diputaci\u00f3n de Palencia, la Junta de Castilla y Le\u00f3n, el Ministerio de Agricultura y la Uni\u00f3n Europea. Dos de los ganaderos galardonados, C\u00e9sar Garc\u00eda Guti\u00e9rrez (Villaumbrales) y Julia Prieto Guti\u00e9rrez (Due\u00f1as), son socios de ASAJA-Palencia.<\/h2>\n\n\n\n<p>Los premiados en el <strong>XXXVII Concurso Morfol\u00f3gico de Ganado Ovino de Raza Churra<\/strong>, en las diferentes categor\u00edas, son los siguientes:<\/p>\n\n\n\n<ul>\n<li>Secci\u00f3n primera (lote de cuatro hembras mayores de dos a\u00f1os):\n<ul>\n<li>1.\u00ba S. A. T. BONISA,\u00a0Mayorga (Valladolid).<\/li>\n\n\n\n<li>2.\u00ba C\u00c9SAR GARC\u00cdA GUTI\u00c9RREZ,\u00a0Villaumbrales (Palencia).<br><\/li>\n<\/ul>\n<\/li>\n\n\n\n<li>Secci\u00f3n segunda (lote de dos machos mayores de dos a\u00f1os):\n<ul>\n<li>1.\u00ba S. A. T. BONISA,\u00a0Mayorga (Valladolid).<\/li>\n\n\n\n<li>2\u00ba JOS\u00c9 LUIS BLANCO MART\u00cdN,\u00a0Carrasco (Salamanca).<br><\/li>\n<\/ul>\n<\/li>\n\n\n\n<li>Secci\u00f3n tercera (lote de cuatro hembras de uno a dos a\u00f1os)\n<ul>\n<li>1.\u00ba BERNARDO SILVO SANTOS,\u00a0Cozcurrita (Zamora).<\/li>\n\n\n\n<li>2.\u00ba EL FORNAZO, S. C.,\u00a0Fariza de Sayago (Zamora).<br><\/li>\n<\/ul>\n<\/li>\n\n\n\n<li>Secci\u00f3n cuarta (lote de dos machos de uno a dos a\u00f1os)\n<ul>\n<li>1.\u00ba DIPUTACI\u00d3N DE PALENCIA, Dehesa de Tablares,\u00a0Congosto de Valdavia.<\/li>\n\n\n\n<li>2.\u00ba DIPUTACI\u00d3N DE PALENCIA,\u00a0Dehesa de Tablares, Congosto de Valdavia.<br><\/li>\n<\/ul>\n<\/li>\n\n\n\n<li>Secci\u00f3n quinta (lote de cuatro hembras hasta doce meses).\n<ul>\n<li>1.\u00ba S. A. T. BONISA,\u00a0Mayorga (Valladolid).<\/li>\n\n\n\n<li>2.\u00ba LUIS CARRERO PASCUAL,\u00a0Torregamones (Zamora).<br><\/li>\n<\/ul>\n<\/li>\n\n\n\n<li>Secci\u00f3n sexta (lote de dos machos hasta doce meses).\n<ul>\n<li>1.\u00ba S. A. T. BONISA,\u00a0Mayorga\u00a0(Valladolid).<\/li>\n\n\n\n<li>2.\u00ba E. C. LA SANTA ESPINA,\u00a0Castromonte (Valladolid).<br><\/li>\n<\/ul>\n<\/li>\n\n\n\n<li>Mejor canc\u00edn (entre un a\u00f1o y dos)\n<ul>\n<li>N.\u00ba\u00a0\u00a0YGYG22100\u00a0presentado por JOS\u00c9 LUIS BLANCO MART\u00cdN,\u00a0Carrasco (Salamanca).<\/li>\n<\/ul>\n<\/li>\n<\/ul>\n\n\n\n<p>Los premiados en el<strong> XVIII Concurso de Calidad de Lechazo de Raza Churra<\/strong> son los siguientes:<\/p>\n\n\n\n<ul>\n<li>Primer premio: JULIA PRIETO GUTI\u00c9RREZ, Due\u00f1as (Palencia). \u00cdndice: 177,40 y\u00a098,78\u00a0%\u00a0Lechazos IGP.<\/li>\n\n\n\n<li>Segundo premio: BERNARDO SILVO SANTOS, Cozcurrita (Zamora). \u00cdndice: 155,40 y 97,81\u00a0%\u00a0Lechazos IGP.<\/li>\n\n\n\n<li>Tercer premio: PEDRO ANTONIO DELGADO GARC\u00cdA, Monleras (Salamanca). \u00cdndice: 147,39 y 97,92\u00a0%\u00a0Lechazos IGP.<\/li>\n<\/ul>\n\n\n\n<p>Los premiados en el <strong>XVII Concurso de Inseminaci\u00f3n de Raza Churra<\/strong>, inseminaci\u00f3n cervical, son los siguientes:<\/p>\n\n\n\n<ul>\n<li>Primer premio: JOS\u00c9 LUIS BLANCO MART\u00cdN, Carrasco (Salamanca). Fertilidad del\u00a076 %\u00a0 en un\u00a0lote de\u00a025\u00a0ovejas.<\/li>\n\n\n\n<li>Segundo premio: DIPUTACI\u00d3N DE PALENCIA; Dehesa de Tablares, Congosto de Valdavia (Palencia). Fertilidad del 74 %\u00a0en un\u00a0lote de\u00a055\u00a0ovejas.<\/li>\n\n\n\n<li>Tercer premio: CENTRO INTEGRADO DE FORMACI\u00d3N PROFESIONAL VI\u00d1ALTA, Palencia. Fertilidad del 73,47\u00a0%\u00a0en un\u00a0lote de\u00a050\u00a0ovejas.<\/li>\n<\/ul>\n\n\n\n<p>Los premiados en el <strong>XIX Concurso de Calidad de la Leche de Raza Churra<\/strong> son:<\/p>\n\n\n\n<ul>\n<li>Primer premio: CENTRO INTEGRADO DE FORMACI\u00d3N PROFESIONAL VI\u00d1ALTA, Palencia. Extracto seco del\u00a018,34 %.\u00a0671.000\u00a0c\u00e9lulas som\u00e1ticas. 122.000 bacterias.<\/li>\n\n\n\n<li>Segundo premio: ANTONIO PERDIG\u00d3N BLANCO, Moralina de Sayago (Zamora). Extracto seco del 16,87 %. 582.000\u00a0c\u00e9lulas som\u00e1ticas.\u00a0178.000\u00a0bacterias.<\/li>\n\n\n\n<li>Tercer premio: LUIS CARRERO PASCUAL, Torregamones (Zamora). Extracto seco\u00a0del 18,44%. 946.000 c\u00e9lulas som\u00e1ticas. 109.000\u00a0bacterias.<\/li>\n<\/ul>\n\n\n\n<p>Los premiados en el <strong>XIII Concurso de Cantidad de la Leche Orde\u00f1ada de Raza Churra<\/strong> son:<\/p>\n\n\n\n<ul>\n<li>Primer\u00a0premio: HEGRADECA, SOCIEDAD COOPERATIVA, Villalpando (Zamora). Media de\u00a0222\u00a0litros\u00a0en\u00a0123\u00a0d\u00edas.<\/li>\n\n\n\n<li>Segundo premio: ANTONIO PERDIG\u00d3N BLANCO, Moralina de Sayago (Zamora). Media de 210\u00a0litros en\u00a0127\u00a0d\u00edas.<\/li>\n\n\n\n<li>Tercer premio: JES\u00daS \u00c1NGEL SAHAG\u00daN MART\u00cdN, Villabr\u00e1gima (Valladolid). Media de\u00a0208\u00a0litros\u00a0en\u00a0188\u00a0d\u00edas.<\/li>\n<\/ul>\n\n\n\n<p><strong>Premio Especial Oveja con mayor producci\u00f3n ANCHE<\/strong>: Oveja MS18057, con\u00a0638\u00a0litros en 306\u00a0d\u00edas\u00a0de lactaci\u00f3n, de la ganader\u00eda de\u00a0JES\u00daS \u00c1NGEL SAHAG\u00daN MART\u00cdN, Villabr\u00e1gima (Valladolid).<\/p>\n\n\n\n<p>Adem\u00e1s, la feria fall\u00f3 el <strong>XI Concurso de Fotograf\u00eda de la Raza Churra<\/strong>, cuyos dos premiados fueron:<\/p>\n\n\n\n<ul>\n<li>VIRGINIA URCHIPIA PUERTAS, por su fotograf\u00eda <em>Tranquilidad de vuelta a casa<\/em> (primer premio) y<\/li>\n\n\n\n<li>\u00c1LVARO RENEDO BUSTILLO, por su fotograf\u00eda<em> R\u00edo de ovejas<\/em> (segundo premio)<br>Reproducimos las dos im\u00e1genes galardonadas.<\/li>\n<\/ul>\n\n\n\n<figure class=\"wp-block-image size-full is-resized\"><img loading=\"lazy\" decoding=\"async\" width=\"980\" height=\"458\" src=\"https:\/\/www.asajacyl.com\/palencia\/wp-content\/uploads\/sites\/3\/2024\/04\/Tranquilidad-de-vuelta-a-casa-c-Virginia-Urchipia-I-Premio-Feria-Churra-2024.jpg\" alt=\"\" class=\"wp-image-16100\" style=\"width:1066px;height:auto\" srcset=\"https:\/\/www.asajacyl.com\/palencia\/wp-content\/uploads\/sites\/3\/2024\/04\/Tranquilidad-de-vuelta-a-casa-c-Virginia-Urchipia-I-Premio-Feria-Churra-2024.jpg 980w, https:\/\/www.asajacyl.com\/palencia\/wp-content\/uploads\/sites\/3\/2024\/04\/Tranquilidad-de-vuelta-a-casa-c-Virginia-Urchipia-I-Premio-Feria-Churra-2024-300x140.jpg 300w, https:\/\/www.asajacyl.com\/palencia\/wp-content\/uploads\/sites\/3\/2024\/04\/Tranquilidad-de-vuelta-a-casa-c-Virginia-Urchipia-I-Premio-Feria-Churra-2024-768x359.jpg 768w, https:\/\/www.asajacyl.com\/palencia\/wp-content\/uploads\/sites\/3\/2024\/04\/Tranquilidad-de-vuelta-a-casa-c-Virginia-Urchipia-I-Premio-Feria-Churra-2024-899x420.jpg 899w, https:\/\/www.asajacyl.com\/palencia\/wp-content\/uploads\/sites\/3\/2024\/04\/Tranquilidad-de-vuelta-a-casa-c-Virginia-Urchipia-I-Premio-Feria-Churra-2024-696x325.jpg 696w\" sizes=\"(max-width: 980px) 100vw, 980px\" \/><\/figure>\n\n\n\n<figure class=\"wp-block-image size-full is-resized\"><img loading=\"lazy\" decoding=\"async\" width=\"980\" height=\"735\" src=\"https:\/\/www.asajacyl.com\/palencia\/wp-content\/uploads\/sites\/3\/2024\/04\/Rio-de-ovejas-c-Alvaro-Renedo-II-Premio-Feria-Churra-2024.jpg\" alt=\"\" class=\"wp-image-16101\" style=\"width:1068px;height:auto\" srcset=\"https:\/\/www.asajacyl.com\/palencia\/wp-content\/uploads\/sites\/3\/2024\/04\/Rio-de-ovejas-c-Alvaro-Renedo-II-Premio-Feria-Churra-2024.jpg 980w, https:\/\/www.asajacyl.com\/palencia\/wp-content\/uploads\/sites\/3\/2024\/04\/Rio-de-ovejas-c-Alvaro-Renedo-II-Premio-Feria-Churra-2024-300x225.jpg 300w, https:\/\/www.asajacyl.com\/palencia\/wp-content\/uploads\/sites\/3\/2024\/04\/Rio-de-ovejas-c-Alvaro-Renedo-II-Premio-Feria-Churra-2024-768x576.jpg 768w, https:\/\/www.asajacyl.com\/palencia\/wp-content\/uploads\/sites\/3\/2024\/04\/Rio-de-ovejas-c-Alvaro-Renedo-II-Premio-Feria-Churra-2024-560x420.jpg 560w, https:\/\/www.asajacyl.com\/palencia\/wp-content\/uploads\/sites\/3\/2024\/04\/Rio-de-ovejas-c-Alvaro-Renedo-II-Premio-Feria-Churra-2024-80x60.jpg 80w, https:\/\/www.asajacyl.com\/palencia\/wp-content\/uploads\/sites\/3\/2024\/04\/Rio-de-ovejas-c-Alvaro-Renedo-II-Premio-Feria-Churra-2024-696x522.jpg 696w\" sizes=\"(max-width: 980px) 100vw, 980px\" \/><\/figure>\n","protected":false},"excerpt":{"rendered":"<p>La Asociaci\u00f3n Nacional de Criadores de Ganado Ovino de Raza Churra (ANCHE) ha comunicado el fallo de los concursos celebrados en el marco de la XXXVII Feria Nacional de Ganado Ovino Selecto de Raza Churra celebrada los pasados d\u00edas 27 y 28 de abril en el Mercado Comarcal de Ganado de Palencia. La feria est\u00e1 [&hellip;]<\/p>\n","protected":false},"author":9,"featured_media":16104,"comment_status":"open","ping_status":"open","sticky":false,"template":"","format":"standard","meta":{"footnotes":""},"categories":[9,29,28],"tags":[764,767,804,848,847,73,77,143,311,312,204],"yoast_head":"<!-- This site is optimized with the Yoast SEO plugin v24.5 - https:\/\/yoast.com\/wordpress\/plugins\/seo\/ -->\n<title>Fallo de los concursos de la XXXVII Feria Nacional de Ovino Selecto de Raza Churra organizada por ANCHE - ASAJA Palencia<\/title>\n<meta name=\"description\" content=\"La Asociaci\u00f3n Nacional de Criadores de Ganado Ovino de Raza Churra (ANCHE) ha comunicado el fallo de los concursos celebrados en el marco de la XXXVII\" \/>\n<meta name=\"robots\" content=\"index, follow, max-snippet:-1, max-image-preview:large, max-video-preview:-1\" \/>\n<link rel=\"canonical\" href=\"https:\/\/www.asajacyl.com\/palencia\/asaja-palencia-informa\/fallo-de-los-concursos-de-la-xxxvii-feria-nacional-de-ovino-selecto-de-raza-churra-organizada-por-anche\" \/>\n<meta property=\"og:locale\" content=\"es_ES\" \/>\n<meta property=\"og:type\" content=\"article\" \/>\n<meta property=\"og:title\" content=\"Fallo de los concursos de la XXXVII Feria Nacional de Ovino Selecto de Raza Churra organizada por ANCHE - ASAJA Palencia\" \/>\n<meta property=\"og:description\" content=\"La Asociaci\u00f3n Nacional de Criadores de Ganado Ovino de Raza Churra (ANCHE) ha comunicado el fallo de los concursos celebrados en el marco de la XXXVII\" \/>\n<meta property=\"og:url\" content=\"https:\/\/www.asajacyl.com\/palencia\/asaja-palencia-informa\/fallo-de-los-concursos-de-la-xxxvii-feria-nacional-de-ovino-selecto-de-raza-churra-organizada-por-anche\" \/>\n<meta property=\"og:site_name\" content=\"ASAJA Palencia\" \/>\n<meta property=\"article:published_time\" content=\"2024-05-01T07:49:08+00:00\" \/>\n<meta property=\"og:image\" content=\"https:\/\/www.asajacyl.com\/palencia\/wp-content\/uploads\/sites\/3\/2024\/05\/Concursos-ANCHE-2024-1-980x735-1.jpg\" \/>\n\t<meta property=\"og:image:width\" content=\"1890\" \/>\n\t<meta property=\"og:image:height\" content=\"1654\" \/>\n\t<meta property=\"og:image:type\" content=\"image\/jpeg\" \/>\n<meta name=\"author\" content=\"Administrador\" \/>\n<meta name=\"twitter:card\" content=\"summary_large_image\" \/>\n<meta name=\"twitter:label1\" content=\"Escrito por\" \/>\n\t<meta name=\"twitter:data1\" content=\"Administrador\" \/>\n\t<meta name=\"twitter:label2\" content=\"Tiempo de lectura\" \/>\n\t<meta name=\"twitter:data2\" content=\"4 minutos\" \/>\n<script type=\"application\/ld+json\" class=\"yoast-schema-graph\">{\"@context\":\"https:\/\/schema.org\",\"@graph\":[{\"@type\":\"WebPage\",\"@id\":\"https:\/\/www.asajacyl.com\/palencia\/asaja-palencia-informa\/fallo-de-los-concursos-de-la-xxxvii-feria-nacional-de-ovino-selecto-de-raza-churra-organizada-por-anche\",\"url\":\"https:\/\/www.asajacyl.com\/palencia\/asaja-palencia-informa\/fallo-de-los-concursos-de-la-xxxvii-feria-nacional-de-ovino-selecto-de-raza-churra-organizada-por-anche\",\"name\":\"Fallo de los concursos de la XXXVII Feria Nacional de Ovino Selecto de Raza Churra organizada por ANCHE - ASAJA Palencia\",\"isPartOf\":{\"@id\":\"https:\/\/www.asajacyl.com\/palencia\/#website\"},\"primaryImageOfPage\":{\"@id\":\"https:\/\/www.asajacyl.com\/palencia\/asaja-palencia-informa\/fallo-de-los-concursos-de-la-xxxvii-feria-nacional-de-ovino-selecto-de-raza-churra-organizada-por-anche#primaryimage\"},\"image\":{\"@id\":\"https:\/\/www.asajacyl.com\/palencia\/asaja-palencia-informa\/fallo-de-los-concursos-de-la-xxxvii-feria-nacional-de-ovino-selecto-de-raza-churra-organizada-por-anche#primaryimage\"},\"thumbnailUrl\":\"https:\/\/www.asajacyl.com\/palencia\/wp-content\/uploads\/sites\/3\/2024\/05\/Concursos-ANCHE-2024-1-980x735-1.jpg\",\"datePublished\":\"2024-05-01T07:49:08+00:00\",\"author\":{\"@id\":\"https:\/\/www.asajacyl.com\/palencia\/#\/schema\/person\/3ab17aeb03527485c317557fae64aab1\"},\"description\":\"La Asociaci\u00f3n Nacional de Criadores de Ganado Ovino de Raza Churra (ANCHE) ha comunicado el fallo de los concursos celebrados en el marco de la XXXVII\",\"breadcrumb\":{\"@id\":\"https:\/\/www.asajacyl.com\/palencia\/asaja-palencia-informa\/fallo-de-los-concursos-de-la-xxxvii-feria-nacional-de-ovino-selecto-de-raza-churra-organizada-por-anche#breadcrumb\"},\"inLanguage\":\"es\",\"potentialAction\":[{\"@type\":\"ReadAction\",\"target\":[\"https:\/\/www.asajacyl.com\/palencia\/asaja-palencia-informa\/fallo-de-los-concursos-de-la-xxxvii-feria-nacional-de-ovino-selecto-de-raza-churra-organizada-por-anche\"]}]},{\"@type\":\"ImageObject\",\"inLanguage\":\"es\",\"@id\":\"https:\/\/www.asajacyl.com\/palencia\/asaja-palencia-informa\/fallo-de-los-concursos-de-la-xxxvii-feria-nacional-de-ovino-selecto-de-raza-churra-organizada-por-anche#primaryimage\",\"url\":\"https:\/\/www.asajacyl.com\/palencia\/wp-content\/uploads\/sites\/3\/2024\/05\/Concursos-ANCHE-2024-1-980x735-1.jpg\",\"contentUrl\":\"https:\/\/www.asajacyl.com\/palencia\/wp-content\/uploads\/sites\/3\/2024\/05\/Concursos-ANCHE-2024-1-980x735-1.jpg\",\"width\":1890,\"height\":1654},{\"@type\":\"BreadcrumbList\",\"@id\":\"https:\/\/www.asajacyl.com\/palencia\/asaja-palencia-informa\/fallo-de-los-concursos-de-la-xxxvii-feria-nacional-de-ovino-selecto-de-raza-churra-organizada-por-anche#breadcrumb\",\"itemListElement\":[{\"@type\":\"ListItem\",\"position\":1,\"name\":\"Portada\",\"item\":\"https:\/\/www.asajacyl.com\/palencia\/\"},{\"@type\":\"ListItem\",\"position\":2,\"name\":\"Fallo de los concursos de la XXXVII Feria Nacional de Ovino Selecto de Raza Churra organizada por ANCHE\"}]},{\"@type\":\"WebSite\",\"@id\":\"https:\/\/www.asajacyl.com\/palencia\/#website\",\"url\":\"https:\/\/www.asajacyl.com\/palencia\/\",\"name\":\"ASAJA Palencia\",\"description\":\"Otro sitio m\u00e1s de Provincias ASAJA Castilla y Le\u00f3n\",\"potentialAction\":[{\"@type\":\"SearchAction\",\"target\":{\"@type\":\"EntryPoint\",\"urlTemplate\":\"https:\/\/www.asajacyl.com\/palencia\/?s={search_term_string}\"},\"query-input\":{\"@type\":\"PropertyValueSpecification\",\"valueRequired\":true,\"valueName\":\"search_term_string\"}}],\"inLanguage\":\"es\"},{\"@type\":\"Person\",\"@id\":\"https:\/\/www.asajacyl.com\/palencia\/#\/schema\/person\/3ab17aeb03527485c317557fae64aab1\",\"name\":\"Administrador\",\"image\":{\"@type\":\"ImageObject\",\"inLanguage\":\"es\",\"@id\":\"https:\/\/www.asajacyl.com\/palencia\/#\/schema\/person\/image\/\",\"url\":\"https:\/\/secure.gravatar.com\/avatar\/517384810d242ca9e38c180f3c9fb973?s=96&d=mm&r=g\",\"contentUrl\":\"https:\/\/secure.gravatar.com\/avatar\/517384810d242ca9e38c180f3c9fb973?s=96&d=mm&r=g\",\"caption\":\"Administrador\"},\"url\":\"https:\/\/www.asajacyl.com\/palencia\/author\/carlosrm\"}]}<\/script>\n<!-- \/ Yoast SEO plugin. -->","yoast_head_json":{"title":"Fallo de los concursos de la XXXVII Feria Nacional de Ovino Selecto de Raza Churra organizada por ANCHE - ASAJA Palencia","description":"La Asociaci\u00f3n Nacional de Criadores de Ganado Ovino de Raza Churra (ANCHE) ha comunicado el fallo de los concursos celebrados en el marco de la XXXVII","robots":{"index":"index","follow":"follow","max-snippet":"max-snippet:-1","max-image-preview":"max-image-preview:large","max-video-preview":"max-video-preview:-1"},"canonical":"https:\/\/www.asajacyl.com\/palencia\/asaja-palencia-informa\/fallo-de-los-concursos-de-la-xxxvii-feria-nacional-de-ovino-selecto-de-raza-churra-organizada-por-anche","og_locale":"es_ES","og_type":"article","og_title":"Fallo de los concursos de la XXXVII Feria Nacional de Ovino Selecto de Raza Churra organizada por ANCHE - ASAJA Palencia","og_description":"La Asociaci\u00f3n Nacional de Criadores de Ganado Ovino de Raza Churra (ANCHE) ha comunicado el fallo de los concursos celebrados en el marco de la XXXVII","og_url":"https:\/\/www.asajacyl.com\/palencia\/asaja-palencia-informa\/fallo-de-los-concursos-de-la-xxxvii-feria-nacional-de-ovino-selecto-de-raza-churra-organizada-por-anche","og_site_name":"ASAJA Palencia","article_published_time":"2024-05-01T07:49:08+00:00","og_image":[{"width":1890,"height":1654,"url":"https:\/\/www.asajacyl.com\/palencia\/wp-content\/uploads\/sites\/3\/2024\/05\/Concursos-ANCHE-2024-1-980x735-1.jpg","type":"image\/jpeg"}],"author":"Administrador","twitter_card":"summary_large_image","twitter_misc":{"Escrito por":"Administrador","Tiempo de lectura":"4 minutos"},"schema":{"@context":"https:\/\/schema.org","@graph":[{"@type":"WebPage","@id":"https:\/\/www.asajacyl.com\/palencia\/asaja-palencia-informa\/fallo-de-los-concursos-de-la-xxxvii-feria-nacional-de-ovino-selecto-de-raza-churra-organizada-por-anche","url":"https:\/\/www.asajacyl.com\/palencia\/asaja-palencia-informa\/fallo-de-los-concursos-de-la-xxxvii-feria-nacional-de-ovino-selecto-de-raza-churra-organizada-por-anche","name":"Fallo de los concursos de la XXXVII Feria Nacional de Ovino Selecto de Raza Churra organizada por ANCHE - ASAJA Palencia","isPartOf":{"@id":"https:\/\/www.asajacyl.com\/palencia\/#website"},"primaryImageOfPage":{"@id":"https:\/\/www.asajacyl.com\/palencia\/asaja-palencia-informa\/fallo-de-los-concursos-de-la-xxxvii-feria-nacional-de-ovino-selecto-de-raza-churra-organizada-por-anche#primaryimage"},"image":{"@id":"https:\/\/www.asajacyl.com\/palencia\/asaja-palencia-informa\/fallo-de-los-concursos-de-la-xxxvii-feria-nacional-de-ovino-selecto-de-raza-churra-organizada-por-anche#primaryimage"},"thumbnailUrl":"https:\/\/www.asajacyl.com\/palencia\/wp-content\/uploads\/sites\/3\/2024\/05\/Concursos-ANCHE-2024-1-980x735-1.jpg","datePublished":"2024-05-01T07:49:08+00:00","author":{"@id":"https:\/\/www.asajacyl.com\/palencia\/#\/schema\/person\/3ab17aeb03527485c317557fae64aab1"},"description":"La Asociaci\u00f3n Nacional de Criadores de Ganado Ovino de Raza Churra (ANCHE) ha comunicado el fallo de los concursos celebrados en el marco de la XXXVII","breadcrumb":{"@id":"https:\/\/www.asajacyl.com\/palencia\/asaja-palencia-informa\/fallo-de-los-concursos-de-la-xxxvii-feria-nacional-de-ovino-selecto-de-raza-churra-organizada-por-anche#breadcrumb"},"inLanguage":"es","potentialAction":[{"@type":"ReadAction","target":["https:\/\/www.asajacyl.com\/palencia\/asaja-palencia-informa\/fallo-de-los-concursos-de-la-xxxvii-feria-nacional-de-ovino-selecto-de-raza-churra-organizada-por-anche"]}]},{"@type":"ImageObject","inLanguage":"es","@id":"https:\/\/www.asajacyl.com\/palencia\/asaja-palencia-informa\/fallo-de-los-concursos-de-la-xxxvii-feria-nacional-de-ovino-selecto-de-raza-churra-organizada-por-anche#primaryimage","url":"https:\/\/www.asajacyl.com\/palencia\/wp-content\/uploads\/sites\/3\/2024\/05\/Concursos-ANCHE-2024-1-980x735-1.jpg","contentUrl":"https:\/\/www.asajacyl.com\/palencia\/wp-content\/uploads\/sites\/3\/2024\/05\/Concursos-ANCHE-2024-1-980x735-1.jpg","width":1890,"height":1654},{"@type":"BreadcrumbList","@id":"https:\/\/www.asajacyl.com\/palencia\/asaja-palencia-informa\/fallo-de-los-concursos-de-la-xxxvii-feria-nacional-de-ovino-selecto-de-raza-churra-organizada-por-anche#breadcrumb","itemListElement":[{"@type":"ListItem","position":1,"name":"Portada","item":"https:\/\/www.asajacyl.com\/palencia\/"},{"@type":"ListItem","position":2,"name":"Fallo de los concursos de la XXXVII Feria Nacional de Ovino Selecto de Raza Churra organizada por ANCHE"}]},{"@type":"WebSite","@id":"https:\/\/www.asajacyl.com\/palencia\/#website","url":"https:\/\/www.asajacyl.com\/palencia\/","name":"ASAJA Palencia","description":"Otro sitio m\u00e1s de Provincias ASAJA Castilla y Le\u00f3n","potentialAction":[{"@type":"SearchAction","target":{"@type":"EntryPoint","urlTemplate":"https:\/\/www.asajacyl.com\/palencia\/?s={search_term_string}"},"query-input":{"@type":"PropertyValueSpecification","valueRequired":true,"valueName":"search_term_string"}}],"inLanguage":"es"},{"@type":"Person","@id":"https:\/\/www.asajacyl.com\/palencia\/#\/schema\/person\/3ab17aeb03527485c317557fae64aab1","name":"Administrador","image":{"@type":"ImageObject","inLanguage":"es","@id":"https:\/\/www.asajacyl.com\/palencia\/#\/schema\/person\/image\/","url":"https:\/\/secure.gravatar.com\/avatar\/517384810d242ca9e38c180f3c9fb973?s=96&d=mm&r=g","contentUrl":"https:\/\/secure.gravatar.com\/avatar\/517384810d242ca9e38c180f3c9fb973?s=96&d=mm&r=g","caption":"Administrador"},"url":"https:\/\/www.asajacyl.com\/palencia\/author\/carlosrm"}]}},"_links":{"self":[{"href":"https:\/\/www.asajacyl.com\/palencia\/wp-json\/wp\/v2\/posts\/16098"}],"collection":[{"href":"https:\/\/www.asajacyl.com\/palencia\/wp-json\/wp\/v2\/posts"}],"about":[{"href":"https:\/\/www.asajacyl.com\/palencia\/wp-json\/wp\/v2\/types\/post"}],"author":[{"embeddable":true,"href":"https:\/\/www.asajacyl.com\/palencia\/wp-json\/wp\/v2\/users\/9"}],"replies":[{"embeddable":true,"href":"https:\/\/www.asajacyl.com\/palencia\/wp-json\/wp\/v2\/comments?post=16098"}],"version-history":[{"count":2,"href":"https:\/\/www.asajacyl.com\/palencia\/wp-json\/wp\/v2\/posts\/16098\/revisions"}],"predecessor-version":[{"id":16102,"href":"https:\/\/www.asajacyl.com\/palencia\/wp-json\/wp\/v2\/posts\/16098\/revisions\/16102"}],"wp:featuredmedia":[{"embeddable":true,"href":"https:\/\/www.asajacyl.com\/palencia\/wp-json\/wp\/v2\/media\/16104"}],"wp:attachment":[{"href":"https:\/\/www.asajacyl.com\/palencia\/wp-json\/wp\/v2\/media?parent=16098"}],"wp:term":[{"taxonomy":"category","embeddable":true,"href":"https:\/\/www.asajacyl.com\/palencia\/wp-json\/wp\/v2\/categories?post=16098"},{"taxonomy":"post_tag","embeddable":true,"href":"https:\/\/www.asajacyl.com\/palencia\/wp-json\/wp\/v2\/tags?post=16098"}],"curies":[{"name":"wp","href":"https:\/\/api.w.org\/{rel}","templated":true}]}}