{"id":16169,"date":"2024-05-09T09:18:48","date_gmt":"2024-05-09T07:18:48","guid":{"rendered":"https:\/\/www.asajacyl.com\/palencia\/?p=16169"},"modified":"2024-05-09T09:18:50","modified_gmt":"2024-05-09T07:18:50","slug":"subidas-de-hasta-siete-euros-la-tonelada-de-cereal-por-los-fenomenos-atmosfericos-y-politicos-mundiales","status":"publish","type":"post","link":"https:\/\/www.asajacyl.com\/palencia\/sin-categoria\/subidas-de-hasta-siete-euros-la-tonelada-de-cereal-por-los-fenomenos-atmosfericos-y-politicos-mundiales","title":{"rendered":"Subidas de hasta siete euros la tonelada de cereal por los fen\u00f3menos atmosf\u00e9ricos y pol\u00edticos mundiales"},"content":{"rendered":"\n<h2 class=\"wp-block-heading\">La Lonja de Le\u00f3n ha marcado esta semana una subida generalizada de los cereales, que llega a los siete euros por tonelada en el caso del trigo, reflejo de las noticias sobre el clima y la pol\u00edtica a escala global. Salvo la avena, todos los productos de la mesa del cereal registraron alzas de mayor o menor medida.<\/h2>\n\n\n\n<p>Inesperados movimientos alcistas del cereal en la sesi\u00f3n de la lonja de Le\u00f3n celebrada este mi\u00e9rcoles, 8 de mayo. Tras dos sesiones de estancamiento, el riesgo clim\u00e1tico mundial y las tensiones pol\u00edticas han elevado los precios, con el <strong>trigo <\/strong>como producto con una mayor subida, siete euros por tonelada, hasta situarse en los 212 euros. Es la cotizaci\u00f3n m\u00e1s alta de este producto en el mercado leon\u00e9s en el \u00faltimo trimestre.<\/p>\n\n\n\n<p>El <strong>ma\u00edz <\/strong>tambi\u00e9n experimenta una correcci\u00f3n al alza importante, de seis euros por tonelada, y alcanza los 209 euros, tambi\u00e9n su mejor cotizaci\u00f3n en el \u00faltimo trimeste.<\/p>\n\n\n\n<p>Seg\u00fan la Lonja de Le\u00f3n, hay reveses atmosf\u00e9ricos en diversos pa\u00edses que explicar\u00edan este cambio de tendencia, ante una perspectiva de menor cosecha cerealista a nivel global: la sequ\u00eda en Rusia, principal exportador de trigo; las heladas de los \u00faltimos d\u00edas en Espa\u00f1a, el exceso de lluvias en muchas regiones de Europa, las inundaciones en la regi\u00f3n brasile\u00f1a de R\u00edo Grande y la sequ\u00f3a en el centro del pa\u00eds sudamericano, y finalmente el retraso en la siembra del ma\u00edz en Estados Unidos, tambi\u00e9n por una escasez de precipitaciones.<\/p>\n\n\n\n<p>\u00abTambi\u00e9n las razones geopol\u00edticas respecto a que Israel rechace un alto el fuego en Gaza, y el incremento de la escalada verbal de Rusia y varios pa\u00edses de occidente, aumenta las tensiones y pone nerviosos a los mercados\u00bb, a\u00f1aden desde la lonja leonesa, donde la <strong>cebada <\/strong>ha recuperado esta semana el list\u00f3n psicol\u00f3gico de los doscientos euros por tonelada y, seg\u00fan los contratos m\u00e1s recientes visados, retorna a los precios de hace un mes (201 euros\/tonemada).<\/p>\n\n\n\n<p>La <strong>avena<\/strong>, mucho menos afectada por los vaivenes internacionales, repite cotizaci\u00f3n y se mantiene en los 270 euros\/tonelada, tras irse recuperando paulatinamente conforme avanzaban los meses, tras haber iniciado la campa\u00f1a en torno a los 275 euros\/tonelada y despu\u00e9s de haber alcanzando los 300 euros\/tonelada en pleno verano de 2023.<\/p>\n\n\n\n<p>Por su parte, el <strong>centeno<\/strong> se revaloriza en tres euros por tonelada, hasta los 180 euros, muy lejos de los 225 euros\/tonelada que marcaba en julio de 2023, lo que representa una ca\u00edda del 20 % con respecto al inicio de la actual campa\u00f1a.<\/p>\n\n\n\n<p>La Lonja de Le\u00f3n comenta que \u00abhabr\u00e1 que estar muy atentos al informe del USDA \u2014el Departamento de Agricultura de Estados Unidos\u2014 de este viernes, sobre todo en el caso del ma\u00edz, puesto que las estimaciones de producci\u00f3n de los analistas privados est\u00e1n muy por debajo de las estimaciones del \u00faltimo informe y, por tanto, si elhubiese un ajuste importante, la tendencia podr\u00eda ser claramente positiva\u00bb.<strong>\/<\/strong><\/p>\n\n\n\n<figure class=\"wp-block-image size-full is-resized\"><img loading=\"lazy\" decoding=\"async\" width=\"1024\" height=\"768\" src=\"https:\/\/www.asajacyl.com\/palencia\/wp-content\/uploads\/sites\/3\/2024\/05\/Tabla-precios-agricultura-8mayo2024.png\" alt=\"\" class=\"wp-image-16170\" style=\"width:1069px;height:auto\" srcset=\"https:\/\/www.asajacyl.com\/palencia\/wp-content\/uploads\/sites\/3\/2024\/05\/Tabla-precios-agricultura-8mayo2024.png 1024w, https:\/\/www.asajacyl.com\/palencia\/wp-content\/uploads\/sites\/3\/2024\/05\/Tabla-precios-agricultura-8mayo2024-300x225.png 300w, https:\/\/www.asajacyl.com\/palencia\/wp-content\/uploads\/sites\/3\/2024\/05\/Tabla-precios-agricultura-8mayo2024-768x576.png 768w, https:\/\/www.asajacyl.com\/palencia\/wp-content\/uploads\/sites\/3\/2024\/05\/Tabla-precios-agricultura-8mayo2024-560x420.png 560w, https:\/\/www.asajacyl.com\/palencia\/wp-content\/uploads\/sites\/3\/2024\/05\/Tabla-precios-agricultura-8mayo2024-80x60.png 80w, https:\/\/www.asajacyl.com\/palencia\/wp-content\/uploads\/sites\/3\/2024\/05\/Tabla-precios-agricultura-8mayo2024-696x522.png 696w\" sizes=\"(max-width: 1024px) 100vw, 1024px\" \/><\/figure>\n","protected":false},"excerpt":{"rendered":"<p>La Lonja de Le\u00f3n ha marcado esta semana una subida generalizada de los cereales, que llega a los siete euros por tonelada en el caso del trigo, reflejo de las noticias sobre el clima y la pol\u00edtica a escala global. Salvo la avena, todos los productos de la mesa del cereal registraron alzas de mayor [&hellip;]<\/p>\n","protected":false},"author":9,"featured_media":16172,"comment_status":"open","ping_status":"open","sticky":false,"template":"","format":"standard","meta":{"footnotes":""},"categories":[9,29,36,28,13,1],"tags":[58,290,221,289,46,77,293,554,219,92,93,220,862],"yoast_head":"<!-- This site is optimized with the Yoast SEO plugin v24.5 - https:\/\/yoast.com\/wordpress\/plugins\/seo\/ -->\n<title>Subidas de hasta siete euros la tonelada de cereal por los fen\u00f3menos atmosf\u00e9ricos y pol\u00edticos mundiales - ASAJA Palencia<\/title>\n<meta name=\"description\" content=\"La Lonja de Le\u00f3n ha marcado esta semana una subida generalizada de los cereales, que llega a los siete euros por tonelada en el caso del trigo, reflejo de\" \/>\n<meta name=\"robots\" content=\"index, follow, max-snippet:-1, max-image-preview:large, max-video-preview:-1\" \/>\n<link rel=\"canonical\" href=\"https:\/\/www.asajacyl.com\/palencia\/sin-categoria\/subidas-de-hasta-siete-euros-la-tonelada-de-cereal-por-los-fenomenos-atmosfericos-y-politicos-mundiales\" \/>\n<meta property=\"og:locale\" content=\"es_ES\" \/>\n<meta property=\"og:type\" content=\"article\" \/>\n<meta property=\"og:title\" content=\"Subidas de hasta siete euros la tonelada de cereal por los fen\u00f3menos atmosf\u00e9ricos y pol\u00edticos mundiales - ASAJA Palencia\" \/>\n<meta property=\"og:description\" content=\"La Lonja de Le\u00f3n ha marcado esta semana una subida generalizada de los cereales, que llega a los siete euros por tonelada en el caso del trigo, reflejo de\" \/>\n<meta property=\"og:url\" content=\"https:\/\/www.asajacyl.com\/palencia\/sin-categoria\/subidas-de-hasta-siete-euros-la-tonelada-de-cereal-por-los-fenomenos-atmosfericos-y-politicos-mundiales\" \/>\n<meta property=\"og:site_name\" content=\"ASAJA Palencia\" \/>\n<meta property=\"article:published_time\" content=\"2024-05-09T07:18:48+00:00\" \/>\n<meta property=\"article:modified_time\" content=\"2024-05-09T07:18:50+00:00\" \/>\n<meta property=\"og:image\" content=\"https:\/\/www.asajacyl.com\/palencia\/wp-content\/uploads\/sites\/3\/2024\/05\/Cebada-Cerrato-Alfonso-Sanc-1024x896.jpg\" \/>\n\t<meta property=\"og:image:width\" content=\"1024\" \/>\n\t<meta property=\"og:image:height\" content=\"896\" \/>\n\t<meta property=\"og:image:type\" content=\"image\/jpeg\" \/>\n<meta name=\"author\" content=\"Administrador\" \/>\n<meta name=\"twitter:card\" content=\"summary_large_image\" \/>\n<meta name=\"twitter:label1\" content=\"Escrito por\" \/>\n\t<meta name=\"twitter:data1\" content=\"Administrador\" \/>\n\t<meta name=\"twitter:label2\" content=\"Tiempo de lectura\" \/>\n\t<meta name=\"twitter:data2\" content=\"3 minutos\" \/>\n<script type=\"application\/ld+json\" class=\"yoast-schema-graph\">{\"@context\":\"https:\/\/schema.org\",\"@graph\":[{\"@type\":\"WebPage\",\"@id\":\"https:\/\/www.asajacyl.com\/palencia\/sin-categoria\/subidas-de-hasta-siete-euros-la-tonelada-de-cereal-por-los-fenomenos-atmosfericos-y-politicos-mundiales\",\"url\":\"https:\/\/www.asajacyl.com\/palencia\/sin-categoria\/subidas-de-hasta-siete-euros-la-tonelada-de-cereal-por-los-fenomenos-atmosfericos-y-politicos-mundiales\",\"name\":\"Subidas de hasta siete euros la tonelada de cereal por los fen\u00f3menos atmosf\u00e9ricos y pol\u00edticos mundiales - ASAJA Palencia\",\"isPartOf\":{\"@id\":\"https:\/\/www.asajacyl.com\/palencia\/#website\"},\"primaryImageOfPage\":{\"@id\":\"https:\/\/www.asajacyl.com\/palencia\/sin-categoria\/subidas-de-hasta-siete-euros-la-tonelada-de-cereal-por-los-fenomenos-atmosfericos-y-politicos-mundiales#primaryimage\"},\"image\":{\"@id\":\"https:\/\/www.asajacyl.com\/palencia\/sin-categoria\/subidas-de-hasta-siete-euros-la-tonelada-de-cereal-por-los-fenomenos-atmosfericos-y-politicos-mundiales#primaryimage\"},\"thumbnailUrl\":\"https:\/\/www.asajacyl.com\/palencia\/wp-content\/uploads\/sites\/3\/2024\/05\/Cebada-Cerrato-Alfonso-Sanc.jpg\",\"datePublished\":\"2024-05-09T07:18:48+00:00\",\"dateModified\":\"2024-05-09T07:18:50+00:00\",\"author\":{\"@id\":\"https:\/\/www.asajacyl.com\/palencia\/#\/schema\/person\/3ab17aeb03527485c317557fae64aab1\"},\"description\":\"La Lonja de Le\u00f3n ha marcado esta semana una subida generalizada de los cereales, que llega a los siete euros por tonelada en el caso del trigo, reflejo de\",\"breadcrumb\":{\"@id\":\"https:\/\/www.asajacyl.com\/palencia\/sin-categoria\/subidas-de-hasta-siete-euros-la-tonelada-de-cereal-por-los-fenomenos-atmosfericos-y-politicos-mundiales#breadcrumb\"},\"inLanguage\":\"es\",\"potentialAction\":[{\"@type\":\"ReadAction\",\"target\":[\"https:\/\/www.asajacyl.com\/palencia\/sin-categoria\/subidas-de-hasta-siete-euros-la-tonelada-de-cereal-por-los-fenomenos-atmosfericos-y-politicos-mundiales\"]}]},{\"@type\":\"ImageObject\",\"inLanguage\":\"es\",\"@id\":\"https:\/\/www.asajacyl.com\/palencia\/sin-categoria\/subidas-de-hasta-siete-euros-la-tonelada-de-cereal-por-los-fenomenos-atmosfericos-y-politicos-mundiales#primaryimage\",\"url\":\"https:\/\/www.asajacyl.com\/palencia\/wp-content\/uploads\/sites\/3\/2024\/05\/Cebada-Cerrato-Alfonso-Sanc.jpg\",\"contentUrl\":\"https:\/\/www.asajacyl.com\/palencia\/wp-content\/uploads\/sites\/3\/2024\/05\/Cebada-Cerrato-Alfonso-Sanc.jpg\",\"width\":1890,\"height\":1654},{\"@type\":\"BreadcrumbList\",\"@id\":\"https:\/\/www.asajacyl.com\/palencia\/sin-categoria\/subidas-de-hasta-siete-euros-la-tonelada-de-cereal-por-los-fenomenos-atmosfericos-y-politicos-mundiales#breadcrumb\",\"itemListElement\":[{\"@type\":\"ListItem\",\"position\":1,\"name\":\"Portada\",\"item\":\"https:\/\/www.asajacyl.com\/palencia\/\"},{\"@type\":\"ListItem\",\"position\":2,\"name\":\"Subidas de hasta siete euros la tonelada de cereal por los fen\u00f3menos atmosf\u00e9ricos y pol\u00edticos mundiales\"}]},{\"@type\":\"WebSite\",\"@id\":\"https:\/\/www.asajacyl.com\/palencia\/#website\",\"url\":\"https:\/\/www.asajacyl.com\/palencia\/\",\"name\":\"ASAJA Palencia\",\"description\":\"Otro sitio m\u00e1s de Provincias ASAJA Castilla y Le\u00f3n\",\"potentialAction\":[{\"@type\":\"SearchAction\",\"target\":{\"@type\":\"EntryPoint\",\"urlTemplate\":\"https:\/\/www.asajacyl.com\/palencia\/?s={search_term_string}\"},\"query-input\":{\"@type\":\"PropertyValueSpecification\",\"valueRequired\":true,\"valueName\":\"search_term_string\"}}],\"inLanguage\":\"es\"},{\"@type\":\"Person\",\"@id\":\"https:\/\/www.asajacyl.com\/palencia\/#\/schema\/person\/3ab17aeb03527485c317557fae64aab1\",\"name\":\"Administrador\",\"image\":{\"@type\":\"ImageObject\",\"inLanguage\":\"es\",\"@id\":\"https:\/\/www.asajacyl.com\/palencia\/#\/schema\/person\/image\/\",\"url\":\"https:\/\/secure.gravatar.com\/avatar\/517384810d242ca9e38c180f3c9fb973?s=96&d=mm&r=g\",\"contentUrl\":\"https:\/\/secure.gravatar.com\/avatar\/517384810d242ca9e38c180f3c9fb973?s=96&d=mm&r=g\",\"caption\":\"Administrador\"},\"url\":\"https:\/\/www.asajacyl.com\/palencia\/author\/carlosrm\"}]}<\/script>\n<!-- \/ Yoast SEO plugin. -->","yoast_head_json":{"title":"Subidas de hasta siete euros la tonelada de cereal por los fen\u00f3menos atmosf\u00e9ricos y pol\u00edticos mundiales - ASAJA Palencia","description":"La Lonja de Le\u00f3n ha marcado esta semana una subida generalizada de los cereales, que llega a los siete euros por tonelada en el caso del trigo, reflejo de","robots":{"index":"index","follow":"follow","max-snippet":"max-snippet:-1","max-image-preview":"max-image-preview:large","max-video-preview":"max-video-preview:-1"},"canonical":"https:\/\/www.asajacyl.com\/palencia\/sin-categoria\/subidas-de-hasta-siete-euros-la-tonelada-de-cereal-por-los-fenomenos-atmosfericos-y-politicos-mundiales","og_locale":"es_ES","og_type":"article","og_title":"Subidas de hasta siete euros la tonelada de cereal por los fen\u00f3menos atmosf\u00e9ricos y pol\u00edticos mundiales - ASAJA Palencia","og_description":"La Lonja de Le\u00f3n ha marcado esta semana una subida generalizada de los cereales, que llega a los siete euros por tonelada en el caso del trigo, reflejo de","og_url":"https:\/\/www.asajacyl.com\/palencia\/sin-categoria\/subidas-de-hasta-siete-euros-la-tonelada-de-cereal-por-los-fenomenos-atmosfericos-y-politicos-mundiales","og_site_name":"ASAJA Palencia","article_published_time":"2024-05-09T07:18:48+00:00","article_modified_time":"2024-05-09T07:18:50+00:00","og_image":[{"width":1024,"height":896,"url":"https:\/\/www.asajacyl.com\/palencia\/wp-content\/uploads\/sites\/3\/2024\/05\/Cebada-Cerrato-Alfonso-Sanc-1024x896.jpg","type":"image\/jpeg"}],"author":"Administrador","twitter_card":"summary_large_image","twitter_misc":{"Escrito por":"Administrador","Tiempo de lectura":"3 minutos"},"schema":{"@context":"https:\/\/schema.org","@graph":[{"@type":"WebPage","@id":"https:\/\/www.asajacyl.com\/palencia\/sin-categoria\/subidas-de-hasta-siete-euros-la-tonelada-de-cereal-por-los-fenomenos-atmosfericos-y-politicos-mundiales","url":"https:\/\/www.asajacyl.com\/palencia\/sin-categoria\/subidas-de-hasta-siete-euros-la-tonelada-de-cereal-por-los-fenomenos-atmosfericos-y-politicos-mundiales","name":"Subidas de hasta siete euros la tonelada de cereal por los fen\u00f3menos atmosf\u00e9ricos y pol\u00edticos mundiales - ASAJA Palencia","isPartOf":{"@id":"https:\/\/www.asajacyl.com\/palencia\/#website"},"primaryImageOfPage":{"@id":"https:\/\/www.asajacyl.com\/palencia\/sin-categoria\/subidas-de-hasta-siete-euros-la-tonelada-de-cereal-por-los-fenomenos-atmosfericos-y-politicos-mundiales#primaryimage"},"image":{"@id":"https:\/\/www.asajacyl.com\/palencia\/sin-categoria\/subidas-de-hasta-siete-euros-la-tonelada-de-cereal-por-los-fenomenos-atmosfericos-y-politicos-mundiales#primaryimage"},"thumbnailUrl":"https:\/\/www.asajacyl.com\/palencia\/wp-content\/uploads\/sites\/3\/2024\/05\/Cebada-Cerrato-Alfonso-Sanc.jpg","datePublished":"2024-05-09T07:18:48+00:00","dateModified":"2024-05-09T07:18:50+00:00","author":{"@id":"https:\/\/www.asajacyl.com\/palencia\/#\/schema\/person\/3ab17aeb03527485c317557fae64aab1"},"description":"La Lonja de Le\u00f3n ha marcado esta semana una subida generalizada de los cereales, que llega a los siete euros por tonelada en el caso del trigo, reflejo de","breadcrumb":{"@id":"https:\/\/www.asajacyl.com\/palencia\/sin-categoria\/subidas-de-hasta-siete-euros-la-tonelada-de-cereal-por-los-fenomenos-atmosfericos-y-politicos-mundiales#breadcrumb"},"inLanguage":"es","potentialAction":[{"@type":"ReadAction","target":["https:\/\/www.asajacyl.com\/palencia\/sin-categoria\/subidas-de-hasta-siete-euros-la-tonelada-de-cereal-por-los-fenomenos-atmosfericos-y-politicos-mundiales"]}]},{"@type":"ImageObject","inLanguage":"es","@id":"https:\/\/www.asajacyl.com\/palencia\/sin-categoria\/subidas-de-hasta-siete-euros-la-tonelada-de-cereal-por-los-fenomenos-atmosfericos-y-politicos-mundiales#primaryimage","url":"https:\/\/www.asajacyl.com\/palencia\/wp-content\/uploads\/sites\/3\/2024\/05\/Cebada-Cerrato-Alfonso-Sanc.jpg","contentUrl":"https:\/\/www.asajacyl.com\/palencia\/wp-content\/uploads\/sites\/3\/2024\/05\/Cebada-Cerrato-Alfonso-Sanc.jpg","width":1890,"height":1654},{"@type":"BreadcrumbList","@id":"https:\/\/www.asajacyl.com\/palencia\/sin-categoria\/subidas-de-hasta-siete-euros-la-tonelada-de-cereal-por-los-fenomenos-atmosfericos-y-politicos-mundiales#breadcrumb","itemListElement":[{"@type":"ListItem","position":1,"name":"Portada","item":"https:\/\/www.asajacyl.com\/palencia\/"},{"@type":"ListItem","position":2,"name":"Subidas de hasta siete euros la tonelada de cereal por los fen\u00f3menos atmosf\u00e9ricos y pol\u00edticos mundiales"}]},{"@type":"WebSite","@id":"https:\/\/www.asajacyl.com\/palencia\/#website","url":"https:\/\/www.asajacyl.com\/palencia\/","name":"ASAJA Palencia","description":"Otro sitio m\u00e1s de Provincias ASAJA Castilla y Le\u00f3n","potentialAction":[{"@type":"SearchAction","target":{"@type":"EntryPoint","urlTemplate":"https:\/\/www.asajacyl.com\/palencia\/?s={search_term_string}"},"query-input":{"@type":"PropertyValueSpecification","valueRequired":true,"valueName":"search_term_string"}}],"inLanguage":"es"},{"@type":"Person","@id":"https:\/\/www.asajacyl.com\/palencia\/#\/schema\/person\/3ab17aeb03527485c317557fae64aab1","name":"Administrador","image":{"@type":"ImageObject","inLanguage":"es","@id":"https:\/\/www.asajacyl.com\/palencia\/#\/schema\/person\/image\/","url":"https:\/\/secure.gravatar.com\/avatar\/517384810d242ca9e38c180f3c9fb973?s=96&d=mm&r=g","contentUrl":"https:\/\/secure.gravatar.com\/avatar\/517384810d242ca9e38c180f3c9fb973?s=96&d=mm&r=g","caption":"Administrador"},"url":"https:\/\/www.asajacyl.com\/palencia\/author\/carlosrm"}]}},"_links":{"self":[{"href":"https:\/\/www.asajacyl.com\/palencia\/wp-json\/wp\/v2\/posts\/16169"}],"collection":[{"href":"https:\/\/www.asajacyl.com\/palencia\/wp-json\/wp\/v2\/posts"}],"about":[{"href":"https:\/\/www.asajacyl.com\/palencia\/wp-json\/wp\/v2\/types\/post"}],"author":[{"embeddable":true,"href":"https:\/\/www.asajacyl.com\/palencia\/wp-json\/wp\/v2\/users\/9"}],"replies":[{"embeddable":true,"href":"https:\/\/www.asajacyl.com\/palencia\/wp-json\/wp\/v2\/comments?post=16169"}],"version-history":[{"count":2,"href":"https:\/\/www.asajacyl.com\/palencia\/wp-json\/wp\/v2\/posts\/16169\/revisions"}],"predecessor-version":[{"id":16173,"href":"https:\/\/www.asajacyl.com\/palencia\/wp-json\/wp\/v2\/posts\/16169\/revisions\/16173"}],"wp:featuredmedia":[{"embeddable":true,"href":"https:\/\/www.asajacyl.com\/palencia\/wp-json\/wp\/v2\/media\/16172"}],"wp:attachment":[{"href":"https:\/\/www.asajacyl.com\/palencia\/wp-json\/wp\/v2\/media?parent=16169"}],"wp:term":[{"taxonomy":"category","embeddable":true,"href":"https:\/\/www.asajacyl.com\/palencia\/wp-json\/wp\/v2\/categories?post=16169"},{"taxonomy":"post_tag","embeddable":true,"href":"https:\/\/www.asajacyl.com\/palencia\/wp-json\/wp\/v2\/tags?post=16169"}],"curies":[{"name":"wp","href":"https:\/\/api.w.org\/{rel}","templated":true}]}}