{"id":16182,"date":"2024-05-10T09:48:48","date_gmt":"2024-05-10T07:48:48","guid":{"rendered":"https:\/\/www.asajacyl.com\/palencia\/?p=16182"},"modified":"2024-05-10T10:28:59","modified_gmt":"2024-05-10T08:28:59","slug":"el-fega-aprueba-los-importes-para-el-saldo-definitivo-de-las-ayudas-asociadas-agricolas-de-2023","status":"publish","type":"post","link":"https:\/\/www.asajacyl.com\/palencia\/sin-categoria\/el-fega-aprueba-los-importes-para-el-saldo-definitivo-de-las-ayudas-asociadas-agricolas-de-2023","title":{"rendered":"El FEGA aprueba los importes para el saldo definitivo de las ayudas asociadas agr\u00edcolas de 2023"},"content":{"rendered":"\n<p>El Fondo Espa\u00f1ol de Garant\u00eda Agraria (FEGA) ha establecido esta semana el importe unitario definitivo de las ayudas asociadas a los agricultores del a\u00f1o 2023, con los que se realizar\u00e1 el pago del segundo saldo no m\u00e1s tarde del pr\u00f3ximo 30 de junio, con el que se alcanza la totalidad de la ayuda. Se incluyen, por lo que afecta a los cultivos en la provincia de Palencia, las ayudas asociadas a las producciones sostenibles de prote\u00ednas de origen vegetal, de remolacha azucarera y de frutos secos en \u00e1reas con riesgo de desertificaci\u00f3n.<\/p>\n\n\n\n<p>El organismo del Ministerio de Agricultura, Pesca y Alimentaci\u00f3n calcula estos importes sobre la base de las superficies determinadas con arreglo a los datos que facilitan las comunidades aut\u00f3nomas; y son diferentes para las zonas insulares y para la Espa\u00f1a peninsular.<\/p>\n\n\n\n<p>Las ayudas se abonan en dos pagos. El primero es un anticipo que se libr\u00f3 entre el 16 de octubre y el 30 de noviembre del pasado a\u00f1o. El segundo es este saldo que los beneficiarios percibir\u00e1n en este primer semestre del a\u00f1o actual.<\/p>\n\n\n\n<p>Los importes unitarios definitivos del FEGA para los cultivos con presencia en la provincia de Palencia, en euros por hect\u00e1rea, son los siguientes:<\/p>\n\n\n\n<ul>\n<li><strong>Ayuda asociada a la producci\u00f3n sostenible de prote\u00ednas de origen vegetal (Plan proteico):<\/strong> \n<ul>\n<li>Ayuda a la producci\u00f3n de garbanzo, lenteja y jud\u00eda seca: 80 \u20ac\/ha<\/li>\n\n\n\n<li>Ayuda a la producci\u00f3n del resto de leguminosas: 63,802313 \u20ac\/ha<\/li>\n\n\n\n<li>Ayuda a la producci\u00f3n de semillas certificadas de leguminosas: 120 \u20ac\/ha<\/li>\n<\/ul>\n<\/li>\n\n\n\n<li><strong>Ayuda asociada a la producci\u00f3n sostenible de remolacha azucarera (siembra primaveral): 591,75 \u20ac\/ha<\/strong><\/li>\n\n\n\n<li><strong>Ayuda asociada a los productores de frutos secos en \u00e1reas con reisgo de desertificaci\u00f3n: 71,04 \u20ac\/ha<\/strong><\/li>\n<\/ul>\n\n\n\n<p>La asignaci\u00f3n financiera total de estas ayudas para los distintos programas en la campa\u00f1a 2023 ronda los 194 millones de euros. Seg\u00fan el Ministerio, el objetivo de estas ayudas es \u00abgarantizar la viabilidad econ\u00f3mica de las explotaciones a trav\u00e9s de su sostenibilidad y competitividad, reduciendo as\u00ed el riesgo de abandono de una actividad productiva que tambi\u00e9n juega un importante papel desde el punto de vista medioambiental\u00bb.<strong>\/<\/strong><\/p>\n\n\n\n<p><\/p>\n","protected":false},"excerpt":{"rendered":"<p>El Fondo Espa\u00f1ol de Garant\u00eda Agraria (FEGA) ha establecido esta semana el importe unitario definitivo de las ayudas asociadas a los agricultores del a\u00f1o 2023, con los que se realizar\u00e1 el pago del segundo saldo no m\u00e1s tarde del pr\u00f3ximo 30 de junio, con el que se alcanza la totalidad de la ayuda. Se incluyen, [&hellip;]<\/p>\n","protected":false},"author":9,"featured_media":16184,"comment_status":"open","ping_status":"open","sticky":false,"template":"","format":"standard","meta":{"footnotes":""},"categories":[9,31,29,28,13,1],"tags":[59,142,769,825,66,96,546,110,867,54,578,866],"yoast_head":"<!-- This site is optimized with the Yoast SEO plugin v24.5 - https:\/\/yoast.com\/wordpress\/plugins\/seo\/ -->\n<title>El FEGA aprueba los importes para el saldo definitivo de las ayudas asociadas agr\u00edcolas de 2023 - ASAJA Palencia<\/title>\n<meta name=\"description\" content=\"El Fondo Espa\u00f1ol de Garant\u00eda Agraria (FEGA) ha establecido esta semana el importe unitario definitivo de las ayudas asociadas a los agricultores del a\u00f1o\" \/>\n<meta name=\"robots\" content=\"index, follow, max-snippet:-1, max-image-preview:large, max-video-preview:-1\" \/>\n<link rel=\"canonical\" href=\"https:\/\/www.asajacyl.com\/palencia\/sin-categoria\/el-fega-aprueba-los-importes-para-el-saldo-definitivo-de-las-ayudas-asociadas-agricolas-de-2023\" \/>\n<meta property=\"og:locale\" content=\"es_ES\" \/>\n<meta property=\"og:type\" content=\"article\" \/>\n<meta property=\"og:title\" content=\"El FEGA aprueba los importes para el saldo definitivo de las ayudas asociadas agr\u00edcolas de 2023 - ASAJA Palencia\" \/>\n<meta property=\"og:description\" content=\"El Fondo Espa\u00f1ol de Garant\u00eda Agraria (FEGA) ha establecido esta semana el importe unitario definitivo de las ayudas asociadas a los agricultores del a\u00f1o\" \/>\n<meta property=\"og:url\" content=\"https:\/\/www.asajacyl.com\/palencia\/sin-categoria\/el-fega-aprueba-los-importes-para-el-saldo-definitivo-de-las-ayudas-asociadas-agricolas-de-2023\" \/>\n<meta property=\"og:site_name\" content=\"ASAJA Palencia\" \/>\n<meta property=\"article:published_time\" content=\"2024-05-10T07:48:48+00:00\" \/>\n<meta property=\"article:modified_time\" content=\"2024-05-10T08:28:59+00:00\" \/>\n<meta property=\"og:image\" content=\"https:\/\/www.asajacyl.com\/palencia\/wp-content\/uploads\/sites\/3\/2024\/05\/Lenteja-web-1024x896.jpg\" \/>\n\t<meta property=\"og:image:width\" content=\"1024\" \/>\n\t<meta property=\"og:image:height\" content=\"896\" \/>\n\t<meta property=\"og:image:type\" content=\"image\/jpeg\" \/>\n<meta name=\"author\" content=\"Administrador\" \/>\n<meta name=\"twitter:card\" content=\"summary_large_image\" \/>\n<meta name=\"twitter:label1\" content=\"Escrito por\" \/>\n\t<meta name=\"twitter:data1\" content=\"Administrador\" \/>\n\t<meta name=\"twitter:label2\" content=\"Tiempo de lectura\" \/>\n\t<meta name=\"twitter:data2\" content=\"2 minutos\" \/>\n<script type=\"application\/ld+json\" class=\"yoast-schema-graph\">{\"@context\":\"https:\/\/schema.org\",\"@graph\":[{\"@type\":\"WebPage\",\"@id\":\"https:\/\/www.asajacyl.com\/palencia\/sin-categoria\/el-fega-aprueba-los-importes-para-el-saldo-definitivo-de-las-ayudas-asociadas-agricolas-de-2023\",\"url\":\"https:\/\/www.asajacyl.com\/palencia\/sin-categoria\/el-fega-aprueba-los-importes-para-el-saldo-definitivo-de-las-ayudas-asociadas-agricolas-de-2023\",\"name\":\"El FEGA aprueba los importes para el saldo definitivo de las ayudas asociadas agr\u00edcolas de 2023 - ASAJA Palencia\",\"isPartOf\":{\"@id\":\"https:\/\/www.asajacyl.com\/palencia\/#website\"},\"primaryImageOfPage\":{\"@id\":\"https:\/\/www.asajacyl.com\/palencia\/sin-categoria\/el-fega-aprueba-los-importes-para-el-saldo-definitivo-de-las-ayudas-asociadas-agricolas-de-2023#primaryimage\"},\"image\":{\"@id\":\"https:\/\/www.asajacyl.com\/palencia\/sin-categoria\/el-fega-aprueba-los-importes-para-el-saldo-definitivo-de-las-ayudas-asociadas-agricolas-de-2023#primaryimage\"},\"thumbnailUrl\":\"https:\/\/www.asajacyl.com\/palencia\/wp-content\/uploads\/sites\/3\/2024\/05\/Lenteja-web.jpg\",\"datePublished\":\"2024-05-10T07:48:48+00:00\",\"dateModified\":\"2024-05-10T08:28:59+00:00\",\"author\":{\"@id\":\"https:\/\/www.asajacyl.com\/palencia\/#\/schema\/person\/3ab17aeb03527485c317557fae64aab1\"},\"description\":\"El Fondo Espa\u00f1ol de Garant\u00eda Agraria (FEGA) ha establecido esta semana el importe unitario definitivo de las ayudas asociadas a los agricultores del a\u00f1o\",\"breadcrumb\":{\"@id\":\"https:\/\/www.asajacyl.com\/palencia\/sin-categoria\/el-fega-aprueba-los-importes-para-el-saldo-definitivo-de-las-ayudas-asociadas-agricolas-de-2023#breadcrumb\"},\"inLanguage\":\"es\",\"potentialAction\":[{\"@type\":\"ReadAction\",\"target\":[\"https:\/\/www.asajacyl.com\/palencia\/sin-categoria\/el-fega-aprueba-los-importes-para-el-saldo-definitivo-de-las-ayudas-asociadas-agricolas-de-2023\"]}]},{\"@type\":\"ImageObject\",\"inLanguage\":\"es\",\"@id\":\"https:\/\/www.asajacyl.com\/palencia\/sin-categoria\/el-fega-aprueba-los-importes-para-el-saldo-definitivo-de-las-ayudas-asociadas-agricolas-de-2023#primaryimage\",\"url\":\"https:\/\/www.asajacyl.com\/palencia\/wp-content\/uploads\/sites\/3\/2024\/05\/Lenteja-web.jpg\",\"contentUrl\":\"https:\/\/www.asajacyl.com\/palencia\/wp-content\/uploads\/sites\/3\/2024\/05\/Lenteja-web.jpg\",\"width\":1890,\"height\":1654},{\"@type\":\"BreadcrumbList\",\"@id\":\"https:\/\/www.asajacyl.com\/palencia\/sin-categoria\/el-fega-aprueba-los-importes-para-el-saldo-definitivo-de-las-ayudas-asociadas-agricolas-de-2023#breadcrumb\",\"itemListElement\":[{\"@type\":\"ListItem\",\"position\":1,\"name\":\"Portada\",\"item\":\"https:\/\/www.asajacyl.com\/palencia\/\"},{\"@type\":\"ListItem\",\"position\":2,\"name\":\"El FEGA aprueba los importes para el saldo definitivo de las ayudas asociadas agr\u00edcolas de 2023\"}]},{\"@type\":\"WebSite\",\"@id\":\"https:\/\/www.asajacyl.com\/palencia\/#website\",\"url\":\"https:\/\/www.asajacyl.com\/palencia\/\",\"name\":\"ASAJA Palencia\",\"description\":\"Otro sitio m\u00e1s de Provincias ASAJA Castilla y Le\u00f3n\",\"potentialAction\":[{\"@type\":\"SearchAction\",\"target\":{\"@type\":\"EntryPoint\",\"urlTemplate\":\"https:\/\/www.asajacyl.com\/palencia\/?s={search_term_string}\"},\"query-input\":{\"@type\":\"PropertyValueSpecification\",\"valueRequired\":true,\"valueName\":\"search_term_string\"}}],\"inLanguage\":\"es\"},{\"@type\":\"Person\",\"@id\":\"https:\/\/www.asajacyl.com\/palencia\/#\/schema\/person\/3ab17aeb03527485c317557fae64aab1\",\"name\":\"Administrador\",\"image\":{\"@type\":\"ImageObject\",\"inLanguage\":\"es\",\"@id\":\"https:\/\/www.asajacyl.com\/palencia\/#\/schema\/person\/image\/\",\"url\":\"https:\/\/secure.gravatar.com\/avatar\/517384810d242ca9e38c180f3c9fb973?s=96&d=mm&r=g\",\"contentUrl\":\"https:\/\/secure.gravatar.com\/avatar\/517384810d242ca9e38c180f3c9fb973?s=96&d=mm&r=g\",\"caption\":\"Administrador\"},\"url\":\"https:\/\/www.asajacyl.com\/palencia\/author\/carlosrm\"}]}<\/script>\n<!-- \/ Yoast SEO plugin. -->","yoast_head_json":{"title":"El FEGA aprueba los importes para el saldo definitivo de las ayudas asociadas agr\u00edcolas de 2023 - ASAJA Palencia","description":"El Fondo Espa\u00f1ol de Garant\u00eda Agraria (FEGA) ha establecido esta semana el importe unitario definitivo de las ayudas asociadas a los agricultores del a\u00f1o","robots":{"index":"index","follow":"follow","max-snippet":"max-snippet:-1","max-image-preview":"max-image-preview:large","max-video-preview":"max-video-preview:-1"},"canonical":"https:\/\/www.asajacyl.com\/palencia\/sin-categoria\/el-fega-aprueba-los-importes-para-el-saldo-definitivo-de-las-ayudas-asociadas-agricolas-de-2023","og_locale":"es_ES","og_type":"article","og_title":"El FEGA aprueba los importes para el saldo definitivo de las ayudas asociadas agr\u00edcolas de 2023 - ASAJA Palencia","og_description":"El Fondo Espa\u00f1ol de Garant\u00eda Agraria (FEGA) ha establecido esta semana el importe unitario definitivo de las ayudas asociadas a los agricultores del a\u00f1o","og_url":"https:\/\/www.asajacyl.com\/palencia\/sin-categoria\/el-fega-aprueba-los-importes-para-el-saldo-definitivo-de-las-ayudas-asociadas-agricolas-de-2023","og_site_name":"ASAJA Palencia","article_published_time":"2024-05-10T07:48:48+00:00","article_modified_time":"2024-05-10T08:28:59+00:00","og_image":[{"width":1024,"height":896,"url":"https:\/\/www.asajacyl.com\/palencia\/wp-content\/uploads\/sites\/3\/2024\/05\/Lenteja-web-1024x896.jpg","type":"image\/jpeg"}],"author":"Administrador","twitter_card":"summary_large_image","twitter_misc":{"Escrito por":"Administrador","Tiempo de lectura":"2 minutos"},"schema":{"@context":"https:\/\/schema.org","@graph":[{"@type":"WebPage","@id":"https:\/\/www.asajacyl.com\/palencia\/sin-categoria\/el-fega-aprueba-los-importes-para-el-saldo-definitivo-de-las-ayudas-asociadas-agricolas-de-2023","url":"https:\/\/www.asajacyl.com\/palencia\/sin-categoria\/el-fega-aprueba-los-importes-para-el-saldo-definitivo-de-las-ayudas-asociadas-agricolas-de-2023","name":"El FEGA aprueba los importes para el saldo definitivo de las ayudas asociadas agr\u00edcolas de 2023 - ASAJA Palencia","isPartOf":{"@id":"https:\/\/www.asajacyl.com\/palencia\/#website"},"primaryImageOfPage":{"@id":"https:\/\/www.asajacyl.com\/palencia\/sin-categoria\/el-fega-aprueba-los-importes-para-el-saldo-definitivo-de-las-ayudas-asociadas-agricolas-de-2023#primaryimage"},"image":{"@id":"https:\/\/www.asajacyl.com\/palencia\/sin-categoria\/el-fega-aprueba-los-importes-para-el-saldo-definitivo-de-las-ayudas-asociadas-agricolas-de-2023#primaryimage"},"thumbnailUrl":"https:\/\/www.asajacyl.com\/palencia\/wp-content\/uploads\/sites\/3\/2024\/05\/Lenteja-web.jpg","datePublished":"2024-05-10T07:48:48+00:00","dateModified":"2024-05-10T08:28:59+00:00","author":{"@id":"https:\/\/www.asajacyl.com\/palencia\/#\/schema\/person\/3ab17aeb03527485c317557fae64aab1"},"description":"El Fondo Espa\u00f1ol de Garant\u00eda Agraria (FEGA) ha establecido esta semana el importe unitario definitivo de las ayudas asociadas a los agricultores del a\u00f1o","breadcrumb":{"@id":"https:\/\/www.asajacyl.com\/palencia\/sin-categoria\/el-fega-aprueba-los-importes-para-el-saldo-definitivo-de-las-ayudas-asociadas-agricolas-de-2023#breadcrumb"},"inLanguage":"es","potentialAction":[{"@type":"ReadAction","target":["https:\/\/www.asajacyl.com\/palencia\/sin-categoria\/el-fega-aprueba-los-importes-para-el-saldo-definitivo-de-las-ayudas-asociadas-agricolas-de-2023"]}]},{"@type":"ImageObject","inLanguage":"es","@id":"https:\/\/www.asajacyl.com\/palencia\/sin-categoria\/el-fega-aprueba-los-importes-para-el-saldo-definitivo-de-las-ayudas-asociadas-agricolas-de-2023#primaryimage","url":"https:\/\/www.asajacyl.com\/palencia\/wp-content\/uploads\/sites\/3\/2024\/05\/Lenteja-web.jpg","contentUrl":"https:\/\/www.asajacyl.com\/palencia\/wp-content\/uploads\/sites\/3\/2024\/05\/Lenteja-web.jpg","width":1890,"height":1654},{"@type":"BreadcrumbList","@id":"https:\/\/www.asajacyl.com\/palencia\/sin-categoria\/el-fega-aprueba-los-importes-para-el-saldo-definitivo-de-las-ayudas-asociadas-agricolas-de-2023#breadcrumb","itemListElement":[{"@type":"ListItem","position":1,"name":"Portada","item":"https:\/\/www.asajacyl.com\/palencia\/"},{"@type":"ListItem","position":2,"name":"El FEGA aprueba los importes para el saldo definitivo de las ayudas asociadas agr\u00edcolas de 2023"}]},{"@type":"WebSite","@id":"https:\/\/www.asajacyl.com\/palencia\/#website","url":"https:\/\/www.asajacyl.com\/palencia\/","name":"ASAJA Palencia","description":"Otro sitio m\u00e1s de Provincias ASAJA Castilla y Le\u00f3n","potentialAction":[{"@type":"SearchAction","target":{"@type":"EntryPoint","urlTemplate":"https:\/\/www.asajacyl.com\/palencia\/?s={search_term_string}"},"query-input":{"@type":"PropertyValueSpecification","valueRequired":true,"valueName":"search_term_string"}}],"inLanguage":"es"},{"@type":"Person","@id":"https:\/\/www.asajacyl.com\/palencia\/#\/schema\/person\/3ab17aeb03527485c317557fae64aab1","name":"Administrador","image":{"@type":"ImageObject","inLanguage":"es","@id":"https:\/\/www.asajacyl.com\/palencia\/#\/schema\/person\/image\/","url":"https:\/\/secure.gravatar.com\/avatar\/517384810d242ca9e38c180f3c9fb973?s=96&d=mm&r=g","contentUrl":"https:\/\/secure.gravatar.com\/avatar\/517384810d242ca9e38c180f3c9fb973?s=96&d=mm&r=g","caption":"Administrador"},"url":"https:\/\/www.asajacyl.com\/palencia\/author\/carlosrm"}]}},"_links":{"self":[{"href":"https:\/\/www.asajacyl.com\/palencia\/wp-json\/wp\/v2\/posts\/16182"}],"collection":[{"href":"https:\/\/www.asajacyl.com\/palencia\/wp-json\/wp\/v2\/posts"}],"about":[{"href":"https:\/\/www.asajacyl.com\/palencia\/wp-json\/wp\/v2\/types\/post"}],"author":[{"embeddable":true,"href":"https:\/\/www.asajacyl.com\/palencia\/wp-json\/wp\/v2\/users\/9"}],"replies":[{"embeddable":true,"href":"https:\/\/www.asajacyl.com\/palencia\/wp-json\/wp\/v2\/comments?post=16182"}],"version-history":[{"count":4,"href":"https:\/\/www.asajacyl.com\/palencia\/wp-json\/wp\/v2\/posts\/16182\/revisions"}],"predecessor-version":[{"id":16188,"href":"https:\/\/www.asajacyl.com\/palencia\/wp-json\/wp\/v2\/posts\/16182\/revisions\/16188"}],"wp:featuredmedia":[{"embeddable":true,"href":"https:\/\/www.asajacyl.com\/palencia\/wp-json\/wp\/v2\/media\/16184"}],"wp:attachment":[{"href":"https:\/\/www.asajacyl.com\/palencia\/wp-json\/wp\/v2\/media?parent=16182"}],"wp:term":[{"taxonomy":"category","embeddable":true,"href":"https:\/\/www.asajacyl.com\/palencia\/wp-json\/wp\/v2\/categories?post=16182"},{"taxonomy":"post_tag","embeddable":true,"href":"https:\/\/www.asajacyl.com\/palencia\/wp-json\/wp\/v2\/tags?post=16182"}],"curies":[{"name":"wp","href":"https:\/\/api.w.org\/{rel}","templated":true}]}}