{"id":16192,"date":"2024-05-12T12:15:22","date_gmt":"2024-05-12T10:15:22","guid":{"rendered":"https:\/\/www.asajacyl.com\/palencia\/?p=16192"},"modified":"2024-05-10T13:59:26","modified_gmt":"2024-05-10T11:59:26","slug":"la-incorporacion-a-los-compromisos-ambientales-y-climaticos-puede-solicitarse-hasta-el-10-de-junio","status":"publish","type":"post","link":"https:\/\/www.asajacyl.com\/palencia\/asaja-palencia-informa\/la-incorporacion-a-los-compromisos-ambientales-y-climaticos-puede-solicitarse-hasta-el-10-de-junio","title":{"rendered":"Nuevo plazo hasta el 10 de junio para incorporase a los compromisos medioambientales y clim\u00e1ticos"},"content":{"rendered":"\n<h2 class=\"wp-block-heading\">La Consejer\u00eda de Agricultura, Ganader\u00eda y Desarrollo Rural de la Junta de Castilla y Le\u00f3n ha convocado la incorporaci\u00f3n de titulares de explotaciones agrarias a las intervenciones de desarrollo rural medioambientales y clim\u00e1ticas para los compromisos iniciados en la campa\u00f1a agr\u00edcola 2023-2024, o en este a\u00f1o, con una duraci\u00f3n de cinco anualidades. Podr\u00e1n presentarse solicitudes ante la administraci\u00f3n auton\u00f3mica no m\u00e1s tarde del 10 de junio.<\/h2>\n\n\n\n<p>Hay que tener en cuenta que se trata de los nuevos compromisos plurianuales que hay que mantener por un per\u00edodo de cinco a\u00f1os; es decir, para el per\u00edodo comprendido entre la campa\u00f1a agr\u00edcola 2023-2024 y la 2027-2028, o entre los a\u00f1os 2024 y 2028, ambos incluidos. <\/p>\n\n\n\n<p>Es importante recordar tambi\u00e9n que adem\u00e1s de solicitar la incorporaci\u00f3n al amparo de esta convocatoria ha de pedirse el pago correspondiente a la primera anualidad en la solicitud \u00fanica de la PAC 2024, cuyo plazo de presentaci\u00f3n se ampli\u00f3 a todo este mes de mayo, con posibilidad de modificaciones hasta el 15 de junio.<\/p>\n\n\n\n<p>Las intervenciones agroambientales constituyen una muestra de la compatibilizaci\u00f3n de determinadas pr\u00e1cticas agrarias y ganaderas con la conservaci\u00f3n del medio ambiente en los ecosistemas agrarios, como en las Zonas de Especial Protecci\u00f3n para las Aves (ZEPA) de Castilla y Le\u00f3n. <\/p>\n\n\n\n<p><strong>32,5 MILLONES. <\/strong>Esta convocatoria, dotada en total con 32,5 millones de euros para las cinco anualidades, engloba las siguientes actuaciones agroganaderas, con la distrribuci\u00f3n entre ellas de la asignaci\u00f3n presupuestaria para el quinquenio de referencia (ejercicios 2024 a 2028):<\/p>\n\n\n\n<ul>\n<li><strong>Cultivos agroindustriales sostenibles<\/strong>, como la remolacha azucarera (5.000.000 \u20ac)<\/li>\n\n\n\n<li><strong>Aprovechamiento forrajero extensivo mediante pastoreo con ganado ovino o caprino<\/strong> (2.500.000 \u20ac)<\/li>\n\n\n\n<li><strong>Apicultura para la mejora de la biodiversidad <\/strong>(1.000.000 \u20ac)<\/li>\n\n\n\n<li><strong>Agroecosistemas extensivos de secano <\/strong>(2.500.000 \u20ac)<\/li>\n\n\n\n<li><strong>Introducci\u00f3n de cultivos minoritarios<\/strong>, como \u00e1rboles de frutos secos, cultivos arom\u00e1ticos y cultivos micorrizados con trufa (5.000.000 \u20ac)<\/li>\n\n\n\n<li><strong>Abonado org\u00e1nico<\/strong>, que busca dar salida a los problemas del residuo ganadero y de la fertilizaci\u00f3n qu\u00edmica, promoviendo esta alternativa org\u00e1nica (5.000.000 \u20ac)<\/li>\n\n\n\n<li><strong>Agricultura ecol\u00f3gica<\/strong> (7.500.000 \u20ac) y<\/li>\n\n\n\n<li><strong>Mantenimiento de razas aut\u00f3ctonas puras en peligro de extinci\u00f3n <\/strong>(4.000.000 \u20ac).<\/li>\n<\/ul>\n\n\n\n<p>Los beneficiarios son las personas titulares de explotaciones agrarias ubicadas en Castilla y Le\u00f3n que se comprometan voluntariamente a adoptar pr\u00e1cticas y m\u00e9todos agroambientales y de agricultura ecol\u00f3gica, que cumplan los requisitos y los compromisos establecidos en las bases reguladoras recogidas en la Orden AGR\/227\/2023, de 20 de febrero.<\/p>\n\n\n\n<p>Esta convocatoria se enmarca en el nuevo plan estrat\u00e9gico de la PAC 2023-2027, que incluye, adem\u00e1s de los pagos directos, las intervenciones de desarrollo rural medioambientales y clim\u00e1ticas. Tanto las medidas agroambientales como la medida de agricultura ecol\u00f3gica est\u00e1n cofinanciadas por el Fondo Europeo Agr\u00edcola de Desarrollo Rural (Feader), el Ministerio de Agricultura, Pesca y Alimentaci\u00f3n y la Consejer\u00eda de Agricultura, Ganader\u00eda y Desarrollo Rural de la Junta de Castilla y Le\u00f3n.<\/p>\n\n\n\n<p>La administraci\u00f3n auton\u00f3mica espera que, tras la resoluci\u00f3n de esta convocatoria, siga aumentando de manera notable la superficie acogida a agricultura ecol\u00f3gica e incluso supere las cien mil hect\u00e1reas en el conjunto de Castilla y Le\u00f3n.<\/p>\n\n\n\n<p>Esta convocatoria de incorporaci\u00f3n es la segunda dentro del marco de financiaci\u00f3n de la PAC 2023-2027 y, seg\u00fan la Junta, \u00abpersigue el objetivo de situar a Castilla y Le\u00f3n como una de las primeras regiones a nivel europeo en realizaciones en materia de ayudas agroambientales, al modo como sucedi\u00f3 con el Programa de Desarrollo Rural en el pasado per\u00edodo 2014-2022\u00bb.<\/p>\n\n\n\n<p>Los t\u00e9cnicos de ASAJA-Palencia est\u00e1n a disposici\u00f3n de los asociados para informar sobre los requisitos de la convocatoria en cada una de las modalidades de estos compromisos agroambientales y clim\u00e1ticos.<strong>\/<\/strong><\/p>\n","protected":false},"excerpt":{"rendered":"<p>La Consejer\u00eda de Agricultura, Ganader\u00eda y Desarrollo Rural de la Junta de Castilla y Le\u00f3n ha convocado la incorporaci\u00f3n de titulares de explotaciones agrarias a las intervenciones de desarrollo rural medioambientales y clim\u00e1ticas para los compromisos iniciados en la campa\u00f1a agr\u00edcola 2023-2024, o en este a\u00f1o, con una duraci\u00f3n de cinco anualidades. Podr\u00e1n presentarse solicitudes [&hellip;]<\/p>\n","protected":false},"author":9,"featured_media":16203,"comment_status":"open","ping_status":"open","sticky":false,"template":"","format":"standard","meta":{"footnotes":""},"categories":[9,31,38,29,28,13],"tags":[876,58,76,51,59,183,142,873,880,77,66,110,45,458,249,877],"yoast_head":"<!-- This site is optimized with the Yoast SEO plugin v24.5 - https:\/\/yoast.com\/wordpress\/plugins\/seo\/ -->\n<title>Nuevo plazo hasta el 10 de junio para incorporase a los compromisos medioambientales y clim\u00e1ticos - ASAJA Palencia<\/title>\n<meta name=\"description\" content=\"La Consejer\u00eda de Agricultura, Ganader\u00eda y Desarrollo Rural de la Junta de Castilla y Le\u00f3n ha convocado la incorporaci\u00f3n de titulares de explotaciones\" \/>\n<meta name=\"robots\" content=\"index, follow, max-snippet:-1, max-image-preview:large, max-video-preview:-1\" \/>\n<link rel=\"canonical\" href=\"https:\/\/www.asajacyl.com\/palencia\/asaja-palencia-informa\/la-incorporacion-a-los-compromisos-ambientales-y-climaticos-puede-solicitarse-hasta-el-10-de-junio\" \/>\n<meta property=\"og:locale\" content=\"es_ES\" \/>\n<meta property=\"og:type\" content=\"article\" \/>\n<meta property=\"og:title\" content=\"Nuevo plazo hasta el 10 de junio para incorporase a los compromisos medioambientales y clim\u00e1ticos - ASAJA Palencia\" \/>\n<meta property=\"og:description\" content=\"La Consejer\u00eda de Agricultura, Ganader\u00eda y Desarrollo Rural de la Junta de Castilla y Le\u00f3n ha convocado la incorporaci\u00f3n de titulares de explotaciones\" \/>\n<meta property=\"og:url\" content=\"https:\/\/www.asajacyl.com\/palencia\/asaja-palencia-informa\/la-incorporacion-a-los-compromisos-ambientales-y-climaticos-puede-solicitarse-hasta-el-10-de-junio\" \/>\n<meta property=\"og:site_name\" content=\"ASAJA Palencia\" \/>\n<meta property=\"article:published_time\" content=\"2024-05-12T10:15:22+00:00\" \/>\n<meta property=\"og:image\" content=\"https:\/\/www.asajacyl.com\/palencia\/wp-content\/uploads\/sites\/3\/2024\/05\/Abono-organico.jpg\" \/>\n\t<meta property=\"og:image:width\" content=\"1890\" \/>\n\t<meta property=\"og:image:height\" content=\"1654\" \/>\n\t<meta property=\"og:image:type\" content=\"image\/jpeg\" \/>\n<meta name=\"author\" content=\"Administrador\" \/>\n<meta name=\"twitter:card\" content=\"summary_large_image\" \/>\n<meta name=\"twitter:label1\" content=\"Escrito por\" \/>\n\t<meta name=\"twitter:data1\" content=\"Administrador\" \/>\n\t<meta name=\"twitter:label2\" content=\"Tiempo de lectura\" \/>\n\t<meta name=\"twitter:data2\" content=\"1 minuto\" \/>\n<script type=\"application\/ld+json\" class=\"yoast-schema-graph\">{\"@context\":\"https:\/\/schema.org\",\"@graph\":[{\"@type\":\"WebPage\",\"@id\":\"https:\/\/www.asajacyl.com\/palencia\/asaja-palencia-informa\/la-incorporacion-a-los-compromisos-ambientales-y-climaticos-puede-solicitarse-hasta-el-10-de-junio\",\"url\":\"https:\/\/www.asajacyl.com\/palencia\/asaja-palencia-informa\/la-incorporacion-a-los-compromisos-ambientales-y-climaticos-puede-solicitarse-hasta-el-10-de-junio\",\"name\":\"Nuevo plazo hasta el 10 de junio para incorporase a los compromisos medioambientales y clim\u00e1ticos - ASAJA Palencia\",\"isPartOf\":{\"@id\":\"https:\/\/www.asajacyl.com\/palencia\/#website\"},\"primaryImageOfPage\":{\"@id\":\"https:\/\/www.asajacyl.com\/palencia\/asaja-palencia-informa\/la-incorporacion-a-los-compromisos-ambientales-y-climaticos-puede-solicitarse-hasta-el-10-de-junio#primaryimage\"},\"image\":{\"@id\":\"https:\/\/www.asajacyl.com\/palencia\/asaja-palencia-informa\/la-incorporacion-a-los-compromisos-ambientales-y-climaticos-puede-solicitarse-hasta-el-10-de-junio#primaryimage\"},\"thumbnailUrl\":\"https:\/\/www.asajacyl.com\/palencia\/wp-content\/uploads\/sites\/3\/2024\/05\/Abono-organico.jpg\",\"datePublished\":\"2024-05-12T10:15:22+00:00\",\"author\":{\"@id\":\"https:\/\/www.asajacyl.com\/palencia\/#\/schema\/person\/3ab17aeb03527485c317557fae64aab1\"},\"description\":\"La Consejer\u00eda de Agricultura, Ganader\u00eda y Desarrollo Rural de la Junta de Castilla y Le\u00f3n ha convocado la incorporaci\u00f3n de titulares de explotaciones\",\"breadcrumb\":{\"@id\":\"https:\/\/www.asajacyl.com\/palencia\/asaja-palencia-informa\/la-incorporacion-a-los-compromisos-ambientales-y-climaticos-puede-solicitarse-hasta-el-10-de-junio#breadcrumb\"},\"inLanguage\":\"es\",\"potentialAction\":[{\"@type\":\"ReadAction\",\"target\":[\"https:\/\/www.asajacyl.com\/palencia\/asaja-palencia-informa\/la-incorporacion-a-los-compromisos-ambientales-y-climaticos-puede-solicitarse-hasta-el-10-de-junio\"]}]},{\"@type\":\"ImageObject\",\"inLanguage\":\"es\",\"@id\":\"https:\/\/www.asajacyl.com\/palencia\/asaja-palencia-informa\/la-incorporacion-a-los-compromisos-ambientales-y-climaticos-puede-solicitarse-hasta-el-10-de-junio#primaryimage\",\"url\":\"https:\/\/www.asajacyl.com\/palencia\/wp-content\/uploads\/sites\/3\/2024\/05\/Abono-organico.jpg\",\"contentUrl\":\"https:\/\/www.asajacyl.com\/palencia\/wp-content\/uploads\/sites\/3\/2024\/05\/Abono-organico.jpg\",\"width\":1890,\"height\":1654},{\"@type\":\"BreadcrumbList\",\"@id\":\"https:\/\/www.asajacyl.com\/palencia\/asaja-palencia-informa\/la-incorporacion-a-los-compromisos-ambientales-y-climaticos-puede-solicitarse-hasta-el-10-de-junio#breadcrumb\",\"itemListElement\":[{\"@type\":\"ListItem\",\"position\":1,\"name\":\"Portada\",\"item\":\"https:\/\/www.asajacyl.com\/palencia\/\"},{\"@type\":\"ListItem\",\"position\":2,\"name\":\"Nuevo plazo hasta el 10 de junio para incorporase a los compromisos medioambientales y clim\u00e1ticos\"}]},{\"@type\":\"WebSite\",\"@id\":\"https:\/\/www.asajacyl.com\/palencia\/#website\",\"url\":\"https:\/\/www.asajacyl.com\/palencia\/\",\"name\":\"ASAJA Palencia\",\"description\":\"Otro sitio m\u00e1s de Provincias ASAJA Castilla y Le\u00f3n\",\"potentialAction\":[{\"@type\":\"SearchAction\",\"target\":{\"@type\":\"EntryPoint\",\"urlTemplate\":\"https:\/\/www.asajacyl.com\/palencia\/?s={search_term_string}\"},\"query-input\":{\"@type\":\"PropertyValueSpecification\",\"valueRequired\":true,\"valueName\":\"search_term_string\"}}],\"inLanguage\":\"es\"},{\"@type\":\"Person\",\"@id\":\"https:\/\/www.asajacyl.com\/palencia\/#\/schema\/person\/3ab17aeb03527485c317557fae64aab1\",\"name\":\"Administrador\",\"image\":{\"@type\":\"ImageObject\",\"inLanguage\":\"es\",\"@id\":\"https:\/\/www.asajacyl.com\/palencia\/#\/schema\/person\/image\/\",\"url\":\"https:\/\/secure.gravatar.com\/avatar\/517384810d242ca9e38c180f3c9fb973?s=96&d=mm&r=g\",\"contentUrl\":\"https:\/\/secure.gravatar.com\/avatar\/517384810d242ca9e38c180f3c9fb973?s=96&d=mm&r=g\",\"caption\":\"Administrador\"},\"url\":\"https:\/\/www.asajacyl.com\/palencia\/author\/carlosrm\"}]}<\/script>\n<!-- \/ Yoast SEO plugin. -->","yoast_head_json":{"title":"Nuevo plazo hasta el 10 de junio para incorporase a los compromisos medioambientales y clim\u00e1ticos - ASAJA Palencia","description":"La Consejer\u00eda de Agricultura, Ganader\u00eda y Desarrollo Rural de la Junta de Castilla y Le\u00f3n ha convocado la incorporaci\u00f3n de titulares de explotaciones","robots":{"index":"index","follow":"follow","max-snippet":"max-snippet:-1","max-image-preview":"max-image-preview:large","max-video-preview":"max-video-preview:-1"},"canonical":"https:\/\/www.asajacyl.com\/palencia\/asaja-palencia-informa\/la-incorporacion-a-los-compromisos-ambientales-y-climaticos-puede-solicitarse-hasta-el-10-de-junio","og_locale":"es_ES","og_type":"article","og_title":"Nuevo plazo hasta el 10 de junio para incorporase a los compromisos medioambientales y clim\u00e1ticos - ASAJA Palencia","og_description":"La Consejer\u00eda de Agricultura, Ganader\u00eda y Desarrollo Rural de la Junta de Castilla y Le\u00f3n ha convocado la incorporaci\u00f3n de titulares de explotaciones","og_url":"https:\/\/www.asajacyl.com\/palencia\/asaja-palencia-informa\/la-incorporacion-a-los-compromisos-ambientales-y-climaticos-puede-solicitarse-hasta-el-10-de-junio","og_site_name":"ASAJA Palencia","article_published_time":"2024-05-12T10:15:22+00:00","og_image":[{"width":1890,"height":1654,"url":"https:\/\/www.asajacyl.com\/palencia\/wp-content\/uploads\/sites\/3\/2024\/05\/Abono-organico.jpg","type":"image\/jpeg"}],"author":"Administrador","twitter_card":"summary_large_image","twitter_misc":{"Escrito por":"Administrador","Tiempo de lectura":"1 minuto"},"schema":{"@context":"https:\/\/schema.org","@graph":[{"@type":"WebPage","@id":"https:\/\/www.asajacyl.com\/palencia\/asaja-palencia-informa\/la-incorporacion-a-los-compromisos-ambientales-y-climaticos-puede-solicitarse-hasta-el-10-de-junio","url":"https:\/\/www.asajacyl.com\/palencia\/asaja-palencia-informa\/la-incorporacion-a-los-compromisos-ambientales-y-climaticos-puede-solicitarse-hasta-el-10-de-junio","name":"Nuevo plazo hasta el 10 de junio para incorporase a los compromisos medioambientales y clim\u00e1ticos - ASAJA Palencia","isPartOf":{"@id":"https:\/\/www.asajacyl.com\/palencia\/#website"},"primaryImageOfPage":{"@id":"https:\/\/www.asajacyl.com\/palencia\/asaja-palencia-informa\/la-incorporacion-a-los-compromisos-ambientales-y-climaticos-puede-solicitarse-hasta-el-10-de-junio#primaryimage"},"image":{"@id":"https:\/\/www.asajacyl.com\/palencia\/asaja-palencia-informa\/la-incorporacion-a-los-compromisos-ambientales-y-climaticos-puede-solicitarse-hasta-el-10-de-junio#primaryimage"},"thumbnailUrl":"https:\/\/www.asajacyl.com\/palencia\/wp-content\/uploads\/sites\/3\/2024\/05\/Abono-organico.jpg","datePublished":"2024-05-12T10:15:22+00:00","author":{"@id":"https:\/\/www.asajacyl.com\/palencia\/#\/schema\/person\/3ab17aeb03527485c317557fae64aab1"},"description":"La Consejer\u00eda de Agricultura, Ganader\u00eda y Desarrollo Rural de la Junta de Castilla y Le\u00f3n ha convocado la incorporaci\u00f3n de titulares de explotaciones","breadcrumb":{"@id":"https:\/\/www.asajacyl.com\/palencia\/asaja-palencia-informa\/la-incorporacion-a-los-compromisos-ambientales-y-climaticos-puede-solicitarse-hasta-el-10-de-junio#breadcrumb"},"inLanguage":"es","potentialAction":[{"@type":"ReadAction","target":["https:\/\/www.asajacyl.com\/palencia\/asaja-palencia-informa\/la-incorporacion-a-los-compromisos-ambientales-y-climaticos-puede-solicitarse-hasta-el-10-de-junio"]}]},{"@type":"ImageObject","inLanguage":"es","@id":"https:\/\/www.asajacyl.com\/palencia\/asaja-palencia-informa\/la-incorporacion-a-los-compromisos-ambientales-y-climaticos-puede-solicitarse-hasta-el-10-de-junio#primaryimage","url":"https:\/\/www.asajacyl.com\/palencia\/wp-content\/uploads\/sites\/3\/2024\/05\/Abono-organico.jpg","contentUrl":"https:\/\/www.asajacyl.com\/palencia\/wp-content\/uploads\/sites\/3\/2024\/05\/Abono-organico.jpg","width":1890,"height":1654},{"@type":"BreadcrumbList","@id":"https:\/\/www.asajacyl.com\/palencia\/asaja-palencia-informa\/la-incorporacion-a-los-compromisos-ambientales-y-climaticos-puede-solicitarse-hasta-el-10-de-junio#breadcrumb","itemListElement":[{"@type":"ListItem","position":1,"name":"Portada","item":"https:\/\/www.asajacyl.com\/palencia\/"},{"@type":"ListItem","position":2,"name":"Nuevo plazo hasta el 10 de junio para incorporase a los compromisos medioambientales y clim\u00e1ticos"}]},{"@type":"WebSite","@id":"https:\/\/www.asajacyl.com\/palencia\/#website","url":"https:\/\/www.asajacyl.com\/palencia\/","name":"ASAJA Palencia","description":"Otro sitio m\u00e1s de Provincias ASAJA Castilla y Le\u00f3n","potentialAction":[{"@type":"SearchAction","target":{"@type":"EntryPoint","urlTemplate":"https:\/\/www.asajacyl.com\/palencia\/?s={search_term_string}"},"query-input":{"@type":"PropertyValueSpecification","valueRequired":true,"valueName":"search_term_string"}}],"inLanguage":"es"},{"@type":"Person","@id":"https:\/\/www.asajacyl.com\/palencia\/#\/schema\/person\/3ab17aeb03527485c317557fae64aab1","name":"Administrador","image":{"@type":"ImageObject","inLanguage":"es","@id":"https:\/\/www.asajacyl.com\/palencia\/#\/schema\/person\/image\/","url":"https:\/\/secure.gravatar.com\/avatar\/517384810d242ca9e38c180f3c9fb973?s=96&d=mm&r=g","contentUrl":"https:\/\/secure.gravatar.com\/avatar\/517384810d242ca9e38c180f3c9fb973?s=96&d=mm&r=g","caption":"Administrador"},"url":"https:\/\/www.asajacyl.com\/palencia\/author\/carlosrm"}]}},"_links":{"self":[{"href":"https:\/\/www.asajacyl.com\/palencia\/wp-json\/wp\/v2\/posts\/16192"}],"collection":[{"href":"https:\/\/www.asajacyl.com\/palencia\/wp-json\/wp\/v2\/posts"}],"about":[{"href":"https:\/\/www.asajacyl.com\/palencia\/wp-json\/wp\/v2\/types\/post"}],"author":[{"embeddable":true,"href":"https:\/\/www.asajacyl.com\/palencia\/wp-json\/wp\/v2\/users\/9"}],"replies":[{"embeddable":true,"href":"https:\/\/www.asajacyl.com\/palencia\/wp-json\/wp\/v2\/comments?post=16192"}],"version-history":[{"count":13,"href":"https:\/\/www.asajacyl.com\/palencia\/wp-json\/wp\/v2\/posts\/16192\/revisions"}],"predecessor-version":[{"id":16213,"href":"https:\/\/www.asajacyl.com\/palencia\/wp-json\/wp\/v2\/posts\/16192\/revisions\/16213"}],"wp:featuredmedia":[{"embeddable":true,"href":"https:\/\/www.asajacyl.com\/palencia\/wp-json\/wp\/v2\/media\/16203"}],"wp:attachment":[{"href":"https:\/\/www.asajacyl.com\/palencia\/wp-json\/wp\/v2\/media?parent=16192"}],"wp:term":[{"taxonomy":"category","embeddable":true,"href":"https:\/\/www.asajacyl.com\/palencia\/wp-json\/wp\/v2\/categories?post=16192"},{"taxonomy":"post_tag","embeddable":true,"href":"https:\/\/www.asajacyl.com\/palencia\/wp-json\/wp\/v2\/tags?post=16192"}],"curies":[{"name":"wp","href":"https:\/\/api.w.org\/{rel}","templated":true}]}}