{"id":16230,"date":"2024-05-15T09:30:00","date_gmt":"2024-05-15T07:30:00","guid":{"rendered":"https:\/\/www.asajacyl.com\/palencia\/?p=16230"},"modified":"2024-05-14T19:04:34","modified_gmt":"2024-05-14T17:04:34","slug":"sigue-el-repunte-del-cereal-en-la-lonja-de-leon-por-la-menor-prevision-de-cosecha-mundial","status":"publish","type":"post","link":"https:\/\/www.asajacyl.com\/palencia\/asaja-palencia-informa\/sigue-el-repunte-del-cereal-en-la-lonja-de-leon-por-la-menor-prevision-de-cosecha-mundial","title":{"rendered":"Los cereales siguen remontando en la lonja de Le\u00f3n por la menor previsi\u00f3n de cosecha mundial"},"content":{"rendered":"\n<h2 class=\"wp-block-heading\">La mesa de cereales de la Lonja de Le\u00f3n de esta semana, adelantada al martes por la festividad de San Isidro Labrador, ha reflejado que sigue el repunte de los precios, como consecuencia de una menor expectativa de cosecha mundial. Con la excepci\u00f3n de la avena, la tonelada de cereal subi\u00f3 entre cuatro y ocho euros.<\/h2>\n\n\n\n<p>Seg\u00fan subrayan desde la lonja leonesa, con la subida de ocho euros, la tonelada de <strong>trigo <\/strong>se est\u00e1 facturando a 220 euros, el precio m\u00e1s alto desde el pasado mes de enero. S\u00f3lo la <strong>avena<\/strong>, que se mantiene en los 270 euros\/tonelada, permanece ajena al cambio de tendencia.<\/p>\n\n\n\n<p>\u00abEl principal motivo de estas \u00faltimas subidas se encuentra en las previsiones a la baja de la futura cosecha a nivel mundial que est\u00e1n haciendo los analistas del sector, motivadas por diversas circunstancias clim\u00e1ticas en los principales pa\u00edses productores\u00bb, explica la Lonja de Le\u00f3n, donde se constata una revalorizaci\u00f3n de los cereales generalizada en los mercados de Espa\u00f1a.<\/p>\n\n\n\n<p>Tambi\u00e9n reviste importancia la subida de siete euros por tonelada en la <strong>cebada<\/strong>, que recupera cotizaci\u00f3n hasta los 208 euros. Seis euros se revaloriza esta semana con respecto a la anterior la tonelada de <strong>ma\u00edz<\/strong>, que sube hasta los 215 euros, mientras el <strong>centeno <\/strong>contin\u00faa como el cereal con precio m\u00e1s bajo y con una recuperaci\u00f3n m\u00e1s lenta y moderada, y sigue por debajo del nivel psicol\u00f3gico de los doscientos euros tonelada (184 \u20ac\/t).<\/p>\n\n\n\n<p>Este cambio de tendencia llega como agua de mayo, nunca mejor dicho, para los cerealistas de la provincia de Palencia, puesto que a los precios actuales ni siquiera una cosecha superior a la media garantizaba la rentabilidad de la campa\u00f1a. En ese sentido, los precios siguen en niveles bajos, consecuencia en gran medida de la importaci\u00f3n masiva de grano sin aranceles que entra en los puertos espa\u00f1oles, como viene denunciando ASAJA desde hace meses.<\/p>\n\n\n\n<figure class=\"wp-block-image size-full is-resized\"><img loading=\"lazy\" decoding=\"async\" width=\"1024\" height=\"768\" src=\"https:\/\/www.asajacyl.com\/palencia\/wp-content\/uploads\/sites\/3\/2024\/05\/Tabla-precios-agricultura-14mayo2024.png\" alt=\"\" class=\"wp-image-16231\" style=\"width:1065px;height:auto\" srcset=\"https:\/\/www.asajacyl.com\/palencia\/wp-content\/uploads\/sites\/3\/2024\/05\/Tabla-precios-agricultura-14mayo2024.png 1024w, https:\/\/www.asajacyl.com\/palencia\/wp-content\/uploads\/sites\/3\/2024\/05\/Tabla-precios-agricultura-14mayo2024-300x225.png 300w, https:\/\/www.asajacyl.com\/palencia\/wp-content\/uploads\/sites\/3\/2024\/05\/Tabla-precios-agricultura-14mayo2024-768x576.png 768w, https:\/\/www.asajacyl.com\/palencia\/wp-content\/uploads\/sites\/3\/2024\/05\/Tabla-precios-agricultura-14mayo2024-560x420.png 560w, https:\/\/www.asajacyl.com\/palencia\/wp-content\/uploads\/sites\/3\/2024\/05\/Tabla-precios-agricultura-14mayo2024-80x60.png 80w, https:\/\/www.asajacyl.com\/palencia\/wp-content\/uploads\/sites\/3\/2024\/05\/Tabla-precios-agricultura-14mayo2024-696x522.png 696w\" sizes=\"(max-width: 1024px) 100vw, 1024px\" \/><\/figure>\n","protected":false},"excerpt":{"rendered":"<p>La mesa de cereales de la Lonja de Le\u00f3n de esta semana, adelantada al martes por la festividad de San Isidro Labrador, ha reflejado que sigue el repunte de los precios, como consecuencia de una menor expectativa de cosecha mundial. Con la excepci\u00f3n de la avena, la tonelada de cereal subi\u00f3 entre cuatro y ocho [&hellip;]<\/p>\n","protected":false},"author":9,"featured_media":16234,"comment_status":"open","ping_status":"open","sticky":false,"template":"","format":"standard","meta":{"footnotes":""},"categories":[9,29,36,28,13],"tags":[],"yoast_head":"<!-- This site is optimized with the Yoast SEO plugin v24.5 - https:\/\/yoast.com\/wordpress\/plugins\/seo\/ -->\n<title>Los cereales siguen remontando en la lonja de Le\u00f3n por la menor previsi\u00f3n de cosecha mundial - ASAJA Palencia<\/title>\n<meta name=\"description\" content=\"La mesa de cereales de la Lonja de Le\u00f3n de esta semana, adelantada al martes por la festividad de San Isidro Labrador, ha reflejado que sigue el repunte\" \/>\n<meta name=\"robots\" content=\"index, follow, max-snippet:-1, max-image-preview:large, max-video-preview:-1\" \/>\n<link rel=\"canonical\" href=\"https:\/\/www.asajacyl.com\/palencia\/asaja-palencia-informa\/sigue-el-repunte-del-cereal-en-la-lonja-de-leon-por-la-menor-prevision-de-cosecha-mundial\" \/>\n<meta property=\"og:locale\" content=\"es_ES\" \/>\n<meta property=\"og:type\" content=\"article\" \/>\n<meta property=\"og:title\" content=\"Los cereales siguen remontando en la lonja de Le\u00f3n por la menor previsi\u00f3n de cosecha mundial - ASAJA Palencia\" \/>\n<meta property=\"og:description\" content=\"La mesa de cereales de la Lonja de Le\u00f3n de esta semana, adelantada al martes por la festividad de San Isidro Labrador, ha reflejado que sigue el repunte\" \/>\n<meta property=\"og:url\" content=\"https:\/\/www.asajacyl.com\/palencia\/asaja-palencia-informa\/sigue-el-repunte-del-cereal-en-la-lonja-de-leon-por-la-menor-prevision-de-cosecha-mundial\" \/>\n<meta property=\"og:site_name\" content=\"ASAJA Palencia\" \/>\n<meta property=\"article:published_time\" content=\"2024-05-15T07:30:00+00:00\" \/>\n<meta property=\"og:image\" content=\"https:\/\/www.asajacyl.com\/palencia\/wp-content\/uploads\/sites\/3\/2024\/05\/Cebada-en-primavera.jpg\" \/>\n\t<meta property=\"og:image:width\" content=\"1583\" \/>\n\t<meta property=\"og:image:height\" content=\"1057\" \/>\n\t<meta property=\"og:image:type\" content=\"image\/jpeg\" \/>\n<meta name=\"author\" content=\"Administrador\" \/>\n<meta name=\"twitter:card\" content=\"summary_large_image\" \/>\n<meta name=\"twitter:label1\" content=\"Escrito por\" \/>\n\t<meta name=\"twitter:data1\" content=\"Administrador\" \/>\n\t<meta name=\"twitter:label2\" content=\"Tiempo de lectura\" \/>\n\t<meta name=\"twitter:data2\" content=\"2 minutos\" \/>\n<script type=\"application\/ld+json\" class=\"yoast-schema-graph\">{\"@context\":\"https:\/\/schema.org\",\"@graph\":[{\"@type\":\"WebPage\",\"@id\":\"https:\/\/www.asajacyl.com\/palencia\/asaja-palencia-informa\/sigue-el-repunte-del-cereal-en-la-lonja-de-leon-por-la-menor-prevision-de-cosecha-mundial\",\"url\":\"https:\/\/www.asajacyl.com\/palencia\/asaja-palencia-informa\/sigue-el-repunte-del-cereal-en-la-lonja-de-leon-por-la-menor-prevision-de-cosecha-mundial\",\"name\":\"Los cereales siguen remontando en la lonja de Le\u00f3n por la menor previsi\u00f3n de cosecha mundial - ASAJA Palencia\",\"isPartOf\":{\"@id\":\"https:\/\/www.asajacyl.com\/palencia\/#website\"},\"primaryImageOfPage\":{\"@id\":\"https:\/\/www.asajacyl.com\/palencia\/asaja-palencia-informa\/sigue-el-repunte-del-cereal-en-la-lonja-de-leon-por-la-menor-prevision-de-cosecha-mundial#primaryimage\"},\"image\":{\"@id\":\"https:\/\/www.asajacyl.com\/palencia\/asaja-palencia-informa\/sigue-el-repunte-del-cereal-en-la-lonja-de-leon-por-la-menor-prevision-de-cosecha-mundial#primaryimage\"},\"thumbnailUrl\":\"https:\/\/www.asajacyl.com\/palencia\/wp-content\/uploads\/sites\/3\/2024\/05\/Cebada-en-primavera.jpg\",\"datePublished\":\"2024-05-15T07:30:00+00:00\",\"author\":{\"@id\":\"https:\/\/www.asajacyl.com\/palencia\/#\/schema\/person\/3ab17aeb03527485c317557fae64aab1\"},\"description\":\"La mesa de cereales de la Lonja de Le\u00f3n de esta semana, adelantada al martes por la festividad de San Isidro Labrador, ha reflejado que sigue el repunte\",\"breadcrumb\":{\"@id\":\"https:\/\/www.asajacyl.com\/palencia\/asaja-palencia-informa\/sigue-el-repunte-del-cereal-en-la-lonja-de-leon-por-la-menor-prevision-de-cosecha-mundial#breadcrumb\"},\"inLanguage\":\"es\",\"potentialAction\":[{\"@type\":\"ReadAction\",\"target\":[\"https:\/\/www.asajacyl.com\/palencia\/asaja-palencia-informa\/sigue-el-repunte-del-cereal-en-la-lonja-de-leon-por-la-menor-prevision-de-cosecha-mundial\"]}]},{\"@type\":\"ImageObject\",\"inLanguage\":\"es\",\"@id\":\"https:\/\/www.asajacyl.com\/palencia\/asaja-palencia-informa\/sigue-el-repunte-del-cereal-en-la-lonja-de-leon-por-la-menor-prevision-de-cosecha-mundial#primaryimage\",\"url\":\"https:\/\/www.asajacyl.com\/palencia\/wp-content\/uploads\/sites\/3\/2024\/05\/Cebada-en-primavera.jpg\",\"contentUrl\":\"https:\/\/www.asajacyl.com\/palencia\/wp-content\/uploads\/sites\/3\/2024\/05\/Cebada-en-primavera.jpg\",\"width\":1583,\"height\":1057},{\"@type\":\"BreadcrumbList\",\"@id\":\"https:\/\/www.asajacyl.com\/palencia\/asaja-palencia-informa\/sigue-el-repunte-del-cereal-en-la-lonja-de-leon-por-la-menor-prevision-de-cosecha-mundial#breadcrumb\",\"itemListElement\":[{\"@type\":\"ListItem\",\"position\":1,\"name\":\"Portada\",\"item\":\"https:\/\/www.asajacyl.com\/palencia\/\"},{\"@type\":\"ListItem\",\"position\":2,\"name\":\"Los cereales siguen remontando en la lonja de Le\u00f3n por la menor previsi\u00f3n de cosecha mundial\"}]},{\"@type\":\"WebSite\",\"@id\":\"https:\/\/www.asajacyl.com\/palencia\/#website\",\"url\":\"https:\/\/www.asajacyl.com\/palencia\/\",\"name\":\"ASAJA Palencia\",\"description\":\"Otro sitio m\u00e1s de Provincias ASAJA Castilla y Le\u00f3n\",\"potentialAction\":[{\"@type\":\"SearchAction\",\"target\":{\"@type\":\"EntryPoint\",\"urlTemplate\":\"https:\/\/www.asajacyl.com\/palencia\/?s={search_term_string}\"},\"query-input\":{\"@type\":\"PropertyValueSpecification\",\"valueRequired\":true,\"valueName\":\"search_term_string\"}}],\"inLanguage\":\"es\"},{\"@type\":\"Person\",\"@id\":\"https:\/\/www.asajacyl.com\/palencia\/#\/schema\/person\/3ab17aeb03527485c317557fae64aab1\",\"name\":\"Administrador\",\"image\":{\"@type\":\"ImageObject\",\"inLanguage\":\"es\",\"@id\":\"https:\/\/www.asajacyl.com\/palencia\/#\/schema\/person\/image\/\",\"url\":\"https:\/\/secure.gravatar.com\/avatar\/517384810d242ca9e38c180f3c9fb973?s=96&d=mm&r=g\",\"contentUrl\":\"https:\/\/secure.gravatar.com\/avatar\/517384810d242ca9e38c180f3c9fb973?s=96&d=mm&r=g\",\"caption\":\"Administrador\"},\"url\":\"https:\/\/www.asajacyl.com\/palencia\/author\/carlosrm\"}]}<\/script>\n<!-- \/ Yoast SEO plugin. -->","yoast_head_json":{"title":"Los cereales siguen remontando en la lonja de Le\u00f3n por la menor previsi\u00f3n de cosecha mundial - ASAJA Palencia","description":"La mesa de cereales de la Lonja de Le\u00f3n de esta semana, adelantada al martes por la festividad de San Isidro Labrador, ha reflejado que sigue el repunte","robots":{"index":"index","follow":"follow","max-snippet":"max-snippet:-1","max-image-preview":"max-image-preview:large","max-video-preview":"max-video-preview:-1"},"canonical":"https:\/\/www.asajacyl.com\/palencia\/asaja-palencia-informa\/sigue-el-repunte-del-cereal-en-la-lonja-de-leon-por-la-menor-prevision-de-cosecha-mundial","og_locale":"es_ES","og_type":"article","og_title":"Los cereales siguen remontando en la lonja de Le\u00f3n por la menor previsi\u00f3n de cosecha mundial - ASAJA Palencia","og_description":"La mesa de cereales de la Lonja de Le\u00f3n de esta semana, adelantada al martes por la festividad de San Isidro Labrador, ha reflejado que sigue el repunte","og_url":"https:\/\/www.asajacyl.com\/palencia\/asaja-palencia-informa\/sigue-el-repunte-del-cereal-en-la-lonja-de-leon-por-la-menor-prevision-de-cosecha-mundial","og_site_name":"ASAJA Palencia","article_published_time":"2024-05-15T07:30:00+00:00","og_image":[{"width":1583,"height":1057,"url":"https:\/\/www.asajacyl.com\/palencia\/wp-content\/uploads\/sites\/3\/2024\/05\/Cebada-en-primavera.jpg","type":"image\/jpeg"}],"author":"Administrador","twitter_card":"summary_large_image","twitter_misc":{"Escrito por":"Administrador","Tiempo de lectura":"2 minutos"},"schema":{"@context":"https:\/\/schema.org","@graph":[{"@type":"WebPage","@id":"https:\/\/www.asajacyl.com\/palencia\/asaja-palencia-informa\/sigue-el-repunte-del-cereal-en-la-lonja-de-leon-por-la-menor-prevision-de-cosecha-mundial","url":"https:\/\/www.asajacyl.com\/palencia\/asaja-palencia-informa\/sigue-el-repunte-del-cereal-en-la-lonja-de-leon-por-la-menor-prevision-de-cosecha-mundial","name":"Los cereales siguen remontando en la lonja de Le\u00f3n por la menor previsi\u00f3n de cosecha mundial - ASAJA Palencia","isPartOf":{"@id":"https:\/\/www.asajacyl.com\/palencia\/#website"},"primaryImageOfPage":{"@id":"https:\/\/www.asajacyl.com\/palencia\/asaja-palencia-informa\/sigue-el-repunte-del-cereal-en-la-lonja-de-leon-por-la-menor-prevision-de-cosecha-mundial#primaryimage"},"image":{"@id":"https:\/\/www.asajacyl.com\/palencia\/asaja-palencia-informa\/sigue-el-repunte-del-cereal-en-la-lonja-de-leon-por-la-menor-prevision-de-cosecha-mundial#primaryimage"},"thumbnailUrl":"https:\/\/www.asajacyl.com\/palencia\/wp-content\/uploads\/sites\/3\/2024\/05\/Cebada-en-primavera.jpg","datePublished":"2024-05-15T07:30:00+00:00","author":{"@id":"https:\/\/www.asajacyl.com\/palencia\/#\/schema\/person\/3ab17aeb03527485c317557fae64aab1"},"description":"La mesa de cereales de la Lonja de Le\u00f3n de esta semana, adelantada al martes por la festividad de San Isidro Labrador, ha reflejado que sigue el repunte","breadcrumb":{"@id":"https:\/\/www.asajacyl.com\/palencia\/asaja-palencia-informa\/sigue-el-repunte-del-cereal-en-la-lonja-de-leon-por-la-menor-prevision-de-cosecha-mundial#breadcrumb"},"inLanguage":"es","potentialAction":[{"@type":"ReadAction","target":["https:\/\/www.asajacyl.com\/palencia\/asaja-palencia-informa\/sigue-el-repunte-del-cereal-en-la-lonja-de-leon-por-la-menor-prevision-de-cosecha-mundial"]}]},{"@type":"ImageObject","inLanguage":"es","@id":"https:\/\/www.asajacyl.com\/palencia\/asaja-palencia-informa\/sigue-el-repunte-del-cereal-en-la-lonja-de-leon-por-la-menor-prevision-de-cosecha-mundial#primaryimage","url":"https:\/\/www.asajacyl.com\/palencia\/wp-content\/uploads\/sites\/3\/2024\/05\/Cebada-en-primavera.jpg","contentUrl":"https:\/\/www.asajacyl.com\/palencia\/wp-content\/uploads\/sites\/3\/2024\/05\/Cebada-en-primavera.jpg","width":1583,"height":1057},{"@type":"BreadcrumbList","@id":"https:\/\/www.asajacyl.com\/palencia\/asaja-palencia-informa\/sigue-el-repunte-del-cereal-en-la-lonja-de-leon-por-la-menor-prevision-de-cosecha-mundial#breadcrumb","itemListElement":[{"@type":"ListItem","position":1,"name":"Portada","item":"https:\/\/www.asajacyl.com\/palencia\/"},{"@type":"ListItem","position":2,"name":"Los cereales siguen remontando en la lonja de Le\u00f3n por la menor previsi\u00f3n de cosecha mundial"}]},{"@type":"WebSite","@id":"https:\/\/www.asajacyl.com\/palencia\/#website","url":"https:\/\/www.asajacyl.com\/palencia\/","name":"ASAJA Palencia","description":"Otro sitio m\u00e1s de Provincias ASAJA Castilla y Le\u00f3n","potentialAction":[{"@type":"SearchAction","target":{"@type":"EntryPoint","urlTemplate":"https:\/\/www.asajacyl.com\/palencia\/?s={search_term_string}"},"query-input":{"@type":"PropertyValueSpecification","valueRequired":true,"valueName":"search_term_string"}}],"inLanguage":"es"},{"@type":"Person","@id":"https:\/\/www.asajacyl.com\/palencia\/#\/schema\/person\/3ab17aeb03527485c317557fae64aab1","name":"Administrador","image":{"@type":"ImageObject","inLanguage":"es","@id":"https:\/\/www.asajacyl.com\/palencia\/#\/schema\/person\/image\/","url":"https:\/\/secure.gravatar.com\/avatar\/517384810d242ca9e38c180f3c9fb973?s=96&d=mm&r=g","contentUrl":"https:\/\/secure.gravatar.com\/avatar\/517384810d242ca9e38c180f3c9fb973?s=96&d=mm&r=g","caption":"Administrador"},"url":"https:\/\/www.asajacyl.com\/palencia\/author\/carlosrm"}]}},"_links":{"self":[{"href":"https:\/\/www.asajacyl.com\/palencia\/wp-json\/wp\/v2\/posts\/16230"}],"collection":[{"href":"https:\/\/www.asajacyl.com\/palencia\/wp-json\/wp\/v2\/posts"}],"about":[{"href":"https:\/\/www.asajacyl.com\/palencia\/wp-json\/wp\/v2\/types\/post"}],"author":[{"embeddable":true,"href":"https:\/\/www.asajacyl.com\/palencia\/wp-json\/wp\/v2\/users\/9"}],"replies":[{"embeddable":true,"href":"https:\/\/www.asajacyl.com\/palencia\/wp-json\/wp\/v2\/comments?post=16230"}],"version-history":[{"count":3,"href":"https:\/\/www.asajacyl.com\/palencia\/wp-json\/wp\/v2\/posts\/16230\/revisions"}],"predecessor-version":[{"id":16236,"href":"https:\/\/www.asajacyl.com\/palencia\/wp-json\/wp\/v2\/posts\/16230\/revisions\/16236"}],"wp:featuredmedia":[{"embeddable":true,"href":"https:\/\/www.asajacyl.com\/palencia\/wp-json\/wp\/v2\/media\/16234"}],"wp:attachment":[{"href":"https:\/\/www.asajacyl.com\/palencia\/wp-json\/wp\/v2\/media?parent=16230"}],"wp:term":[{"taxonomy":"category","embeddable":true,"href":"https:\/\/www.asajacyl.com\/palencia\/wp-json\/wp\/v2\/categories?post=16230"},{"taxonomy":"post_tag","embeddable":true,"href":"https:\/\/www.asajacyl.com\/palencia\/wp-json\/wp\/v2\/tags?post=16230"}],"curies":[{"name":"wp","href":"https:\/\/api.w.org\/{rel}","templated":true}]}}