{"id":16237,"date":"2024-05-15T14:18:11","date_gmt":"2024-05-15T12:18:11","guid":{"rendered":"https:\/\/www.asajacyl.com\/palencia\/?p=16237"},"modified":"2024-05-15T14:21:16","modified_gmt":"2024-05-15T12:21:16","slug":"el-campo-de-palencia-honra-al-patron-san-isidro-labrador-con-la-esperanza-en-una-buena-cosecha","status":"publish","type":"post","link":"https:\/\/www.asajacyl.com\/palencia\/asaja-palencia-informa\/el-campo-de-palencia-honra-al-patron-san-isidro-labrador-con-la-esperanza-en-una-buena-cosecha","title":{"rendered":"El campo de Palencia honra al patr\u00f3n San Isidro Labrador con la esperanza en una buena cosecha"},"content":{"rendered":"\n<h2 class=\"wp-block-heading\">El campo de Palencia ha celebrado este 15 de mayo la festividad de su patr\u00f3n, San Isidro Labrador, con los tradicionales actos religiosos (misas, procesiones y rogativas) y encuentros de hermandad entre los profesionales del sector agrloganadero, sus familiares y amigos. En la capital, la catedral acogi\u00f3 una eucarist\u00eda presidida por el obispo de la Di\u00f3cesis, Mikel Garciand\u00eda, organizada por la Cofrad\u00eda de San Isidro, al igual que la procesi\u00f3n posterior por el centro de la ciudad. Asistieron el presidente regional de ASAJA, Donaciano Dujo, y el presidente de ASAJA-Palencia, Jos\u00e9 Luis Marcos, y el secretario provincial, Luis Mar\u00eda Santiago, entre numerosos socios y empleados de nuestra organizaci\u00f3n.<\/h2>\n\n\n\n<figure class=\"wp-block-image size-large is-resized\"><img loading=\"lazy\" decoding=\"async\" width=\"1024\" height=\"485\" src=\"https:\/\/www.asajacyl.com\/palencia\/wp-content\/uploads\/sites\/3\/2024\/05\/San-Isidro-Salida-Catedral1-15mayo2024-1024x485.jpg\" alt=\"\" class=\"wp-image-16241\" style=\"width:1067px;height:auto\" srcset=\"https:\/\/www.asajacyl.com\/palencia\/wp-content\/uploads\/sites\/3\/2024\/05\/San-Isidro-Salida-Catedral1-15mayo2024-1024x485.jpg 1024w, https:\/\/www.asajacyl.com\/palencia\/wp-content\/uploads\/sites\/3\/2024\/05\/San-Isidro-Salida-Catedral1-15mayo2024-300x142.jpg 300w, https:\/\/www.asajacyl.com\/palencia\/wp-content\/uploads\/sites\/3\/2024\/05\/San-Isidro-Salida-Catedral1-15mayo2024-768x364.jpg 768w, https:\/\/www.asajacyl.com\/palencia\/wp-content\/uploads\/sites\/3\/2024\/05\/San-Isidro-Salida-Catedral1-15mayo2024-1536x728.jpg 1536w, https:\/\/www.asajacyl.com\/palencia\/wp-content\/uploads\/sites\/3\/2024\/05\/San-Isidro-Salida-Catedral1-15mayo2024-2048x971.jpg 2048w, https:\/\/www.asajacyl.com\/palencia\/wp-content\/uploads\/sites\/3\/2024\/05\/San-Isidro-Salida-Catedral1-15mayo2024-886x420.jpg 886w, https:\/\/www.asajacyl.com\/palencia\/wp-content\/uploads\/sites\/3\/2024\/05\/San-Isidro-Salida-Catedral1-15mayo2024-696x330.jpg 696w, https:\/\/www.asajacyl.com\/palencia\/wp-content\/uploads\/sites\/3\/2024\/05\/San-Isidro-Salida-Catedral1-15mayo2024-1068x506.jpg 1068w, https:\/\/www.asajacyl.com\/palencia\/wp-content\/uploads\/sites\/3\/2024\/05\/San-Isidro-Salida-Catedral1-15mayo2024-1920x910.jpg 1920w\" sizes=\"(max-width: 1024px) 100vw, 1024px\" \/><\/figure>\n\n\n\n<p>En un d\u00eda primaveral fresco, el mundo del campo palentino ha honrado hoy a San Isidro Labrador, proclamado el 16 de diciembre de 1960 patrono de los agricultores y campesinos espa\u00f1oles por Juan XXIII, \u00e9l mismo \u00abnacido de familia dedicada a la agricultura, oficio el mejor, el m\u00e1s fecundo, el m\u00e1s dulce y el m\u00e1s digno del hombre, aun del hombre libre\u00bb, seg\u00fan expres\u00f3 este papa en su bula <em>Agri Culturam, <\/em>para tal fin y citando a Cicer\u00f3n.<\/p>\n\n\n\n<p>Una meteorolog\u00eda benefactora en los dos pr\u00f3ximos meses, ante la expectativa de una buena cosecha, se ha convertido en la petici\u00f3n generalizada de los agricultores de la provincia en la jornada, que tambi\u00e9n se ha celebrado en numerosas localidades de la provincia, de norte a sur y de este a oeste. En muchos pueblos es un d\u00eda de fiesta mayor, como sucede en Due\u00f1as, y en otros hay una gran tradici\u00f3n de celebraci\u00f3n del santo patrono del campo espa\u00f1ol.<strong>\/<\/strong><\/p>\n\n\n\n<figure class=\"wp-block-image size-large is-resized\"><img loading=\"lazy\" decoding=\"async\" width=\"1024\" height=\"485\" src=\"https:\/\/www.asajacyl.com\/palencia\/wp-content\/uploads\/sites\/3\/2024\/05\/20240515_121109-1024x485.jpg\" alt=\"\" class=\"wp-image-16242\" style=\"width:1068px;height:auto\" srcset=\"https:\/\/www.asajacyl.com\/palencia\/wp-content\/uploads\/sites\/3\/2024\/05\/20240515_121109-1024x485.jpg 1024w, https:\/\/www.asajacyl.com\/palencia\/wp-content\/uploads\/sites\/3\/2024\/05\/20240515_121109-300x142.jpg 300w, https:\/\/www.asajacyl.com\/palencia\/wp-content\/uploads\/sites\/3\/2024\/05\/20240515_121109-768x364.jpg 768w, https:\/\/www.asajacyl.com\/palencia\/wp-content\/uploads\/sites\/3\/2024\/05\/20240515_121109-1536x728.jpg 1536w, https:\/\/www.asajacyl.com\/palencia\/wp-content\/uploads\/sites\/3\/2024\/05\/20240515_121109-2048x971.jpg 2048w, https:\/\/www.asajacyl.com\/palencia\/wp-content\/uploads\/sites\/3\/2024\/05\/20240515_121109-886x420.jpg 886w, https:\/\/www.asajacyl.com\/palencia\/wp-content\/uploads\/sites\/3\/2024\/05\/20240515_121109-696x330.jpg 696w, https:\/\/www.asajacyl.com\/palencia\/wp-content\/uploads\/sites\/3\/2024\/05\/20240515_121109-1068x506.jpg 1068w, https:\/\/www.asajacyl.com\/palencia\/wp-content\/uploads\/sites\/3\/2024\/05\/20240515_121109-1920x910.jpg 1920w\" sizes=\"(max-width: 1024px) 100vw, 1024px\" \/><\/figure>\n\n\n\n<p><\/p>\n","protected":false},"excerpt":{"rendered":"<p>El campo de Palencia ha celebrado este 15 de mayo la festividad de su patr\u00f3n, San Isidro Labrador, con los tradicionales actos religiosos (misas, procesiones y rogativas) y encuentros de hermandad entre los profesionales del sector agrloganadero, sus familiares y amigos. En la capital, la catedral acogi\u00f3 una eucarist\u00eda presidida por el obispo de la [&hellip;]<\/p>\n","protected":false},"author":9,"featured_media":16240,"comment_status":"open","ping_status":"open","sticky":false,"template":"","format":"standard","meta":{"footnotes":""},"categories":[9,29,28],"tags":[58,351,349,77,350,883,325],"yoast_head":"<!-- This site is optimized with the Yoast SEO plugin v24.5 - https:\/\/yoast.com\/wordpress\/plugins\/seo\/ -->\n<title>El campo de Palencia honra al patr\u00f3n San Isidro Labrador con la esperanza en una buena cosecha - ASAJA Palencia<\/title>\n<meta name=\"description\" content=\"El campo de Palencia ha celebrado este 15 de mayo la festividad de su patr\u00f3n, San Isidro Labrador, con los tradicionales actos religiosos (misas,\" \/>\n<meta name=\"robots\" content=\"index, follow, max-snippet:-1, max-image-preview:large, max-video-preview:-1\" \/>\n<link rel=\"canonical\" href=\"https:\/\/www.asajacyl.com\/palencia\/asaja-palencia-informa\/el-campo-de-palencia-honra-al-patron-san-isidro-labrador-con-la-esperanza-en-una-buena-cosecha\" \/>\n<meta property=\"og:locale\" content=\"es_ES\" \/>\n<meta property=\"og:type\" content=\"article\" \/>\n<meta property=\"og:title\" content=\"El campo de Palencia honra al patr\u00f3n San Isidro Labrador con la esperanza en una buena cosecha - ASAJA Palencia\" \/>\n<meta property=\"og:description\" content=\"El campo de Palencia ha celebrado este 15 de mayo la festividad de su patr\u00f3n, San Isidro Labrador, con los tradicionales actos religiosos (misas,\" \/>\n<meta property=\"og:url\" content=\"https:\/\/www.asajacyl.com\/palencia\/asaja-palencia-informa\/el-campo-de-palencia-honra-al-patron-san-isidro-labrador-con-la-esperanza-en-una-buena-cosecha\" \/>\n<meta property=\"og:site_name\" content=\"ASAJA Palencia\" \/>\n<meta property=\"article:published_time\" content=\"2024-05-15T12:18:11+00:00\" \/>\n<meta property=\"article:modified_time\" content=\"2024-05-15T12:21:16+00:00\" \/>\n<meta property=\"og:image\" content=\"https:\/\/www.asajacyl.com\/palencia\/wp-content\/uploads\/sites\/3\/2024\/05\/Salida-procesion-San-Isidro-2024.jpg\" \/>\n\t<meta property=\"og:image:width\" content=\"2500\" \/>\n\t<meta property=\"og:image:height\" content=\"1379\" \/>\n\t<meta property=\"og:image:type\" content=\"image\/jpeg\" \/>\n<meta name=\"author\" content=\"Administrador\" \/>\n<meta name=\"twitter:card\" content=\"summary_large_image\" \/>\n<meta name=\"twitter:label1\" content=\"Escrito por\" \/>\n\t<meta name=\"twitter:data1\" content=\"Administrador\" \/>\n\t<meta name=\"twitter:label2\" content=\"Tiempo de lectura\" \/>\n\t<meta name=\"twitter:data2\" content=\"2 minutos\" \/>\n<script type=\"application\/ld+json\" class=\"yoast-schema-graph\">{\"@context\":\"https:\/\/schema.org\",\"@graph\":[{\"@type\":\"WebPage\",\"@id\":\"https:\/\/www.asajacyl.com\/palencia\/asaja-palencia-informa\/el-campo-de-palencia-honra-al-patron-san-isidro-labrador-con-la-esperanza-en-una-buena-cosecha\",\"url\":\"https:\/\/www.asajacyl.com\/palencia\/asaja-palencia-informa\/el-campo-de-palencia-honra-al-patron-san-isidro-labrador-con-la-esperanza-en-una-buena-cosecha\",\"name\":\"El campo de Palencia honra al patr\u00f3n San Isidro Labrador con la esperanza en una buena cosecha - ASAJA Palencia\",\"isPartOf\":{\"@id\":\"https:\/\/www.asajacyl.com\/palencia\/#website\"},\"primaryImageOfPage\":{\"@id\":\"https:\/\/www.asajacyl.com\/palencia\/asaja-palencia-informa\/el-campo-de-palencia-honra-al-patron-san-isidro-labrador-con-la-esperanza-en-una-buena-cosecha#primaryimage\"},\"image\":{\"@id\":\"https:\/\/www.asajacyl.com\/palencia\/asaja-palencia-informa\/el-campo-de-palencia-honra-al-patron-san-isidro-labrador-con-la-esperanza-en-una-buena-cosecha#primaryimage\"},\"thumbnailUrl\":\"https:\/\/www.asajacyl.com\/palencia\/wp-content\/uploads\/sites\/3\/2024\/05\/Salida-procesion-San-Isidro-2024.jpg\",\"datePublished\":\"2024-05-15T12:18:11+00:00\",\"dateModified\":\"2024-05-15T12:21:16+00:00\",\"author\":{\"@id\":\"https:\/\/www.asajacyl.com\/palencia\/#\/schema\/person\/3ab17aeb03527485c317557fae64aab1\"},\"description\":\"El campo de Palencia ha celebrado este 15 de mayo la festividad de su patr\u00f3n, San Isidro Labrador, con los tradicionales actos religiosos (misas,\",\"breadcrumb\":{\"@id\":\"https:\/\/www.asajacyl.com\/palencia\/asaja-palencia-informa\/el-campo-de-palencia-honra-al-patron-san-isidro-labrador-con-la-esperanza-en-una-buena-cosecha#breadcrumb\"},\"inLanguage\":\"es\",\"potentialAction\":[{\"@type\":\"ReadAction\",\"target\":[\"https:\/\/www.asajacyl.com\/palencia\/asaja-palencia-informa\/el-campo-de-palencia-honra-al-patron-san-isidro-labrador-con-la-esperanza-en-una-buena-cosecha\"]}]},{\"@type\":\"ImageObject\",\"inLanguage\":\"es\",\"@id\":\"https:\/\/www.asajacyl.com\/palencia\/asaja-palencia-informa\/el-campo-de-palencia-honra-al-patron-san-isidro-labrador-con-la-esperanza-en-una-buena-cosecha#primaryimage\",\"url\":\"https:\/\/www.asajacyl.com\/palencia\/wp-content\/uploads\/sites\/3\/2024\/05\/Salida-procesion-San-Isidro-2024.jpg\",\"contentUrl\":\"https:\/\/www.asajacyl.com\/palencia\/wp-content\/uploads\/sites\/3\/2024\/05\/Salida-procesion-San-Isidro-2024.jpg\",\"width\":2500,\"height\":1379},{\"@type\":\"BreadcrumbList\",\"@id\":\"https:\/\/www.asajacyl.com\/palencia\/asaja-palencia-informa\/el-campo-de-palencia-honra-al-patron-san-isidro-labrador-con-la-esperanza-en-una-buena-cosecha#breadcrumb\",\"itemListElement\":[{\"@type\":\"ListItem\",\"position\":1,\"name\":\"Portada\",\"item\":\"https:\/\/www.asajacyl.com\/palencia\/\"},{\"@type\":\"ListItem\",\"position\":2,\"name\":\"El campo de Palencia honra al patr\u00f3n San Isidro Labrador con la esperanza en una buena cosecha\"}]},{\"@type\":\"WebSite\",\"@id\":\"https:\/\/www.asajacyl.com\/palencia\/#website\",\"url\":\"https:\/\/www.asajacyl.com\/palencia\/\",\"name\":\"ASAJA Palencia\",\"description\":\"Otro sitio m\u00e1s de Provincias ASAJA Castilla y Le\u00f3n\",\"potentialAction\":[{\"@type\":\"SearchAction\",\"target\":{\"@type\":\"EntryPoint\",\"urlTemplate\":\"https:\/\/www.asajacyl.com\/palencia\/?s={search_term_string}\"},\"query-input\":{\"@type\":\"PropertyValueSpecification\",\"valueRequired\":true,\"valueName\":\"search_term_string\"}}],\"inLanguage\":\"es\"},{\"@type\":\"Person\",\"@id\":\"https:\/\/www.asajacyl.com\/palencia\/#\/schema\/person\/3ab17aeb03527485c317557fae64aab1\",\"name\":\"Administrador\",\"image\":{\"@type\":\"ImageObject\",\"inLanguage\":\"es\",\"@id\":\"https:\/\/www.asajacyl.com\/palencia\/#\/schema\/person\/image\/\",\"url\":\"https:\/\/secure.gravatar.com\/avatar\/517384810d242ca9e38c180f3c9fb973?s=96&d=mm&r=g\",\"contentUrl\":\"https:\/\/secure.gravatar.com\/avatar\/517384810d242ca9e38c180f3c9fb973?s=96&d=mm&r=g\",\"caption\":\"Administrador\"},\"url\":\"https:\/\/www.asajacyl.com\/palencia\/author\/carlosrm\"}]}<\/script>\n<!-- \/ Yoast SEO plugin. -->","yoast_head_json":{"title":"El campo de Palencia honra al patr\u00f3n San Isidro Labrador con la esperanza en una buena cosecha - ASAJA Palencia","description":"El campo de Palencia ha celebrado este 15 de mayo la festividad de su patr\u00f3n, San Isidro Labrador, con los tradicionales actos religiosos (misas,","robots":{"index":"index","follow":"follow","max-snippet":"max-snippet:-1","max-image-preview":"max-image-preview:large","max-video-preview":"max-video-preview:-1"},"canonical":"https:\/\/www.asajacyl.com\/palencia\/asaja-palencia-informa\/el-campo-de-palencia-honra-al-patron-san-isidro-labrador-con-la-esperanza-en-una-buena-cosecha","og_locale":"es_ES","og_type":"article","og_title":"El campo de Palencia honra al patr\u00f3n San Isidro Labrador con la esperanza en una buena cosecha - ASAJA Palencia","og_description":"El campo de Palencia ha celebrado este 15 de mayo la festividad de su patr\u00f3n, San Isidro Labrador, con los tradicionales actos religiosos (misas,","og_url":"https:\/\/www.asajacyl.com\/palencia\/asaja-palencia-informa\/el-campo-de-palencia-honra-al-patron-san-isidro-labrador-con-la-esperanza-en-una-buena-cosecha","og_site_name":"ASAJA Palencia","article_published_time":"2024-05-15T12:18:11+00:00","article_modified_time":"2024-05-15T12:21:16+00:00","og_image":[{"width":2500,"height":1379,"url":"https:\/\/www.asajacyl.com\/palencia\/wp-content\/uploads\/sites\/3\/2024\/05\/Salida-procesion-San-Isidro-2024.jpg","type":"image\/jpeg"}],"author":"Administrador","twitter_card":"summary_large_image","twitter_misc":{"Escrito por":"Administrador","Tiempo de lectura":"2 minutos"},"schema":{"@context":"https:\/\/schema.org","@graph":[{"@type":"WebPage","@id":"https:\/\/www.asajacyl.com\/palencia\/asaja-palencia-informa\/el-campo-de-palencia-honra-al-patron-san-isidro-labrador-con-la-esperanza-en-una-buena-cosecha","url":"https:\/\/www.asajacyl.com\/palencia\/asaja-palencia-informa\/el-campo-de-palencia-honra-al-patron-san-isidro-labrador-con-la-esperanza-en-una-buena-cosecha","name":"El campo de Palencia honra al patr\u00f3n San Isidro Labrador con la esperanza en una buena cosecha - ASAJA Palencia","isPartOf":{"@id":"https:\/\/www.asajacyl.com\/palencia\/#website"},"primaryImageOfPage":{"@id":"https:\/\/www.asajacyl.com\/palencia\/asaja-palencia-informa\/el-campo-de-palencia-honra-al-patron-san-isidro-labrador-con-la-esperanza-en-una-buena-cosecha#primaryimage"},"image":{"@id":"https:\/\/www.asajacyl.com\/palencia\/asaja-palencia-informa\/el-campo-de-palencia-honra-al-patron-san-isidro-labrador-con-la-esperanza-en-una-buena-cosecha#primaryimage"},"thumbnailUrl":"https:\/\/www.asajacyl.com\/palencia\/wp-content\/uploads\/sites\/3\/2024\/05\/Salida-procesion-San-Isidro-2024.jpg","datePublished":"2024-05-15T12:18:11+00:00","dateModified":"2024-05-15T12:21:16+00:00","author":{"@id":"https:\/\/www.asajacyl.com\/palencia\/#\/schema\/person\/3ab17aeb03527485c317557fae64aab1"},"description":"El campo de Palencia ha celebrado este 15 de mayo la festividad de su patr\u00f3n, San Isidro Labrador, con los tradicionales actos religiosos (misas,","breadcrumb":{"@id":"https:\/\/www.asajacyl.com\/palencia\/asaja-palencia-informa\/el-campo-de-palencia-honra-al-patron-san-isidro-labrador-con-la-esperanza-en-una-buena-cosecha#breadcrumb"},"inLanguage":"es","potentialAction":[{"@type":"ReadAction","target":["https:\/\/www.asajacyl.com\/palencia\/asaja-palencia-informa\/el-campo-de-palencia-honra-al-patron-san-isidro-labrador-con-la-esperanza-en-una-buena-cosecha"]}]},{"@type":"ImageObject","inLanguage":"es","@id":"https:\/\/www.asajacyl.com\/palencia\/asaja-palencia-informa\/el-campo-de-palencia-honra-al-patron-san-isidro-labrador-con-la-esperanza-en-una-buena-cosecha#primaryimage","url":"https:\/\/www.asajacyl.com\/palencia\/wp-content\/uploads\/sites\/3\/2024\/05\/Salida-procesion-San-Isidro-2024.jpg","contentUrl":"https:\/\/www.asajacyl.com\/palencia\/wp-content\/uploads\/sites\/3\/2024\/05\/Salida-procesion-San-Isidro-2024.jpg","width":2500,"height":1379},{"@type":"BreadcrumbList","@id":"https:\/\/www.asajacyl.com\/palencia\/asaja-palencia-informa\/el-campo-de-palencia-honra-al-patron-san-isidro-labrador-con-la-esperanza-en-una-buena-cosecha#breadcrumb","itemListElement":[{"@type":"ListItem","position":1,"name":"Portada","item":"https:\/\/www.asajacyl.com\/palencia\/"},{"@type":"ListItem","position":2,"name":"El campo de Palencia honra al patr\u00f3n San Isidro Labrador con la esperanza en una buena cosecha"}]},{"@type":"WebSite","@id":"https:\/\/www.asajacyl.com\/palencia\/#website","url":"https:\/\/www.asajacyl.com\/palencia\/","name":"ASAJA Palencia","description":"Otro sitio m\u00e1s de Provincias ASAJA Castilla y Le\u00f3n","potentialAction":[{"@type":"SearchAction","target":{"@type":"EntryPoint","urlTemplate":"https:\/\/www.asajacyl.com\/palencia\/?s={search_term_string}"},"query-input":{"@type":"PropertyValueSpecification","valueRequired":true,"valueName":"search_term_string"}}],"inLanguage":"es"},{"@type":"Person","@id":"https:\/\/www.asajacyl.com\/palencia\/#\/schema\/person\/3ab17aeb03527485c317557fae64aab1","name":"Administrador","image":{"@type":"ImageObject","inLanguage":"es","@id":"https:\/\/www.asajacyl.com\/palencia\/#\/schema\/person\/image\/","url":"https:\/\/secure.gravatar.com\/avatar\/517384810d242ca9e38c180f3c9fb973?s=96&d=mm&r=g","contentUrl":"https:\/\/secure.gravatar.com\/avatar\/517384810d242ca9e38c180f3c9fb973?s=96&d=mm&r=g","caption":"Administrador"},"url":"https:\/\/www.asajacyl.com\/palencia\/author\/carlosrm"}]}},"_links":{"self":[{"href":"https:\/\/www.asajacyl.com\/palencia\/wp-json\/wp\/v2\/posts\/16237"}],"collection":[{"href":"https:\/\/www.asajacyl.com\/palencia\/wp-json\/wp\/v2\/posts"}],"about":[{"href":"https:\/\/www.asajacyl.com\/palencia\/wp-json\/wp\/v2\/types\/post"}],"author":[{"embeddable":true,"href":"https:\/\/www.asajacyl.com\/palencia\/wp-json\/wp\/v2\/users\/9"}],"replies":[{"embeddable":true,"href":"https:\/\/www.asajacyl.com\/palencia\/wp-json\/wp\/v2\/comments?post=16237"}],"version-history":[{"count":4,"href":"https:\/\/www.asajacyl.com\/palencia\/wp-json\/wp\/v2\/posts\/16237\/revisions"}],"predecessor-version":[{"id":16244,"href":"https:\/\/www.asajacyl.com\/palencia\/wp-json\/wp\/v2\/posts\/16237\/revisions\/16244"}],"wp:featuredmedia":[{"embeddable":true,"href":"https:\/\/www.asajacyl.com\/palencia\/wp-json\/wp\/v2\/media\/16240"}],"wp:attachment":[{"href":"https:\/\/www.asajacyl.com\/palencia\/wp-json\/wp\/v2\/media?parent=16237"}],"wp:term":[{"taxonomy":"category","embeddable":true,"href":"https:\/\/www.asajacyl.com\/palencia\/wp-json\/wp\/v2\/categories?post=16237"},{"taxonomy":"post_tag","embeddable":true,"href":"https:\/\/www.asajacyl.com\/palencia\/wp-json\/wp\/v2\/tags?post=16237"}],"curies":[{"name":"wp","href":"https:\/\/api.w.org\/{rel}","templated":true}]}}