{"id":16247,"date":"2024-05-17T11:30:47","date_gmt":"2024-05-17T09:30:47","guid":{"rendered":"https:\/\/www.asajacyl.com\/palencia\/?p=16247"},"modified":"2024-05-17T11:30:50","modified_gmt":"2024-05-17T09:30:50","slug":"rebajas-en-los-importes-definitivos-de-algunos-ecorregimenes-de-2023-con-respecto-a-lo-previsto","status":"publish","type":"post","link":"https:\/\/www.asajacyl.com\/palencia\/asaja-palencia-informa\/rebajas-en-los-importes-definitivos-de-algunos-ecorregimenes-de-2023-con-respecto-a-lo-previsto","title":{"rendered":"Rebajas en los importes definitivos de algunos ecorreg\u00edmenes de 2023 con respecto a lo previsto"},"content":{"rendered":"\n<h2 class=\"wp-block-heading\">El Fondo Espa\u00f1ol de Garant\u00eda Agraria (FEGA) ha publicado los importes unitarios definitivos de la campa\u00f1a 2023 para el pago de los ecorreg\u00edmenes, una de las novedades de la actual PAC, cantidades que permitir\u00e1n el saldo tanto a los pagos pendientes como de los pagos complementarios\u00a0a los ya realizados, con lo que se abonar\u00e1 la totalidad de la ayuda no m\u00e1s tarde del pr\u00f3ximo 30 de junio. Los agricultores que se acogieron a estas pr\u00e1cticas van a percibir unas ayudas que, en algunos casos, se sit\u00faan por debajo de los importes inicialmente planificados.<\/h2>\n\n\n\n<p>Una de las principales novedades de la Pol\u00edtica Agr\u00edcola Com\u00fan (PAC) que entr\u00f3 en vigor en 2023 son estos reg\u00edmenes en favor del clima y el medio ambiente, m\u00e1s conocidos como ecorreg\u00edmenes. Se trata de reg\u00edmenes voluntarios para el agricultor, que asume pr\u00e1cticas m\u00e1s all\u00e1 de las b\u00e1sicas (condicionalidad reforzada). <\/p>\n\n\n\n<p>Los importes unitarios definitivos que ha comunicado recientemente el organismo dependiente del Ministerio de Agricultura, se establecen con arreglo a los los datos de superficies que comunican los agricultores y ganaderos en su solicitud \u00fanica de ayudas de la PAC, y que las comunidades aut\u00f3nomas trasladan al FEGA.<\/p>\n\n\n\n<p><strong>COMPLEMENTO. <\/strong>El organismo recuerda adem\u00e1s que, en las pr\u00e1cticas de siembra directa y de cubiertas vegetales, la normativa establece un complemento de plurianualidad por importe de veinticinco euros por hect\u00e1rea, que debe pagarse \u00edntegramente a los titulares que se comprometen a realizar nuevamente estas pr\u00e1cticas la siguiente campa\u00f1a. Asimismo, algunas pr\u00e1cticas se modulan por factores como el tama\u00f1o de la superficie acogida, la insularidad y la pendiente del terreno, en el caso de las cubiertas vegetales e inertes en los cultivos le\u00f1osos. La siguiente table refleja esos importes en los cultivos habituales en la provincia de Palencia, donde puede apreciarse la diferencia entre los importes unitarios planificados, que son una estimaci\u00f3n inicial (primera columna de cifras por la izquierda), y las cantidades  definitivas tras conocerse las hect\u00e1reas totales acogidas en Espa\u00f1a a cada pr\u00e1ctica:<\/p>\n\n\n\n<figure class=\"wp-block-image size-large is-resized\"><img loading=\"lazy\" decoding=\"async\" width=\"1024\" height=\"440\" src=\"https:\/\/www.asajacyl.com\/palencia\/wp-content\/uploads\/sites\/3\/2024\/05\/Pago-ecorregimenes-2023-def-1024x440.png\" alt=\"\" class=\"wp-image-16248\" style=\"width:1066px;height:auto\" srcset=\"https:\/\/www.asajacyl.com\/palencia\/wp-content\/uploads\/sites\/3\/2024\/05\/Pago-ecorregimenes-2023-def-1024x440.png 1024w, https:\/\/www.asajacyl.com\/palencia\/wp-content\/uploads\/sites\/3\/2024\/05\/Pago-ecorregimenes-2023-def-300x129.png 300w, https:\/\/www.asajacyl.com\/palencia\/wp-content\/uploads\/sites\/3\/2024\/05\/Pago-ecorregimenes-2023-def-768x330.png 768w, https:\/\/www.asajacyl.com\/palencia\/wp-content\/uploads\/sites\/3\/2024\/05\/Pago-ecorregimenes-2023-def-1536x660.png 1536w, https:\/\/www.asajacyl.com\/palencia\/wp-content\/uploads\/sites\/3\/2024\/05\/Pago-ecorregimenes-2023-def-2048x880.png 2048w, https:\/\/www.asajacyl.com\/palencia\/wp-content\/uploads\/sites\/3\/2024\/05\/Pago-ecorregimenes-2023-def-978x420.png 978w, https:\/\/www.asajacyl.com\/palencia\/wp-content\/uploads\/sites\/3\/2024\/05\/Pago-ecorregimenes-2023-def-696x299.png 696w, https:\/\/www.asajacyl.com\/palencia\/wp-content\/uploads\/sites\/3\/2024\/05\/Pago-ecorregimenes-2023-def-1068x459.png 1068w, https:\/\/www.asajacyl.com\/palencia\/wp-content\/uploads\/sites\/3\/2024\/05\/Pago-ecorregimenes-2023-def-1920x825.png 1920w\" sizes=\"(max-width: 1024px) 100vw, 1024px\" \/><figcaption class=\"wp-element-caption\">FUENTE: Fondo Espa\u00f1ol de Garant\u00eda Agraria (FEGA). Ministerio de Agricultura, Pesca y Alimentaci\u00f3n (MAPA).<\/figcaption><\/figure>\n","protected":false},"excerpt":{"rendered":"<p>El Fondo Espa\u00f1ol de Garant\u00eda Agraria (FEGA) ha publicado los importes unitarios definitivos de la campa\u00f1a 2023 para el pago de los ecorreg\u00edmenes, una de las novedades de la actual PAC, cantidades que permitir\u00e1n el saldo tanto a los pagos pendientes como de los pagos complementarios\u00a0a los ya realizados, con lo que se abonar\u00e1 la [&hellip;]<\/p>\n","protected":false},"author":9,"featured_media":11773,"comment_status":"open","ping_status":"open","sticky":false,"template":"","format":"standard","meta":{"footnotes":""},"categories":[9,31,38,29,28,13],"tags":[58,436,884,59,142,769,250,66,110,45,342,458,89],"yoast_head":"<!-- This site is optimized with the Yoast SEO plugin v24.5 - https:\/\/yoast.com\/wordpress\/plugins\/seo\/ -->\n<title>Rebajas en los importes definitivos de algunos ecorreg\u00edmenes de 2023 con respecto a lo previsto - ASAJA Palencia<\/title>\n<meta name=\"description\" content=\"El Fondo Espa\u00f1ol de Garant\u00eda Agraria (FEGA) ha publicado los importes unitarios definitivos de la campa\u00f1a 2023 para el pago de los ecorreg\u00edmenes, una de\" \/>\n<meta name=\"robots\" content=\"index, follow, max-snippet:-1, max-image-preview:large, max-video-preview:-1\" \/>\n<link rel=\"canonical\" href=\"https:\/\/www.asajacyl.com\/palencia\/asaja-palencia-informa\/rebajas-en-los-importes-definitivos-de-algunos-ecorregimenes-de-2023-con-respecto-a-lo-previsto\" \/>\n<meta property=\"og:locale\" content=\"es_ES\" \/>\n<meta property=\"og:type\" content=\"article\" \/>\n<meta property=\"og:title\" content=\"Rebajas en los importes definitivos de algunos ecorreg\u00edmenes de 2023 con respecto a lo previsto - ASAJA Palencia\" \/>\n<meta property=\"og:description\" content=\"El Fondo Espa\u00f1ol de Garant\u00eda Agraria (FEGA) ha publicado los importes unitarios definitivos de la campa\u00f1a 2023 para el pago de los ecorreg\u00edmenes, una de\" \/>\n<meta property=\"og:url\" content=\"https:\/\/www.asajacyl.com\/palencia\/asaja-palencia-informa\/rebajas-en-los-importes-definitivos-de-algunos-ecorregimenes-de-2023-con-respecto-a-lo-previsto\" \/>\n<meta property=\"og:site_name\" content=\"ASAJA Palencia\" \/>\n<meta property=\"article:published_time\" content=\"2024-05-17T09:30:47+00:00\" \/>\n<meta property=\"article:modified_time\" content=\"2024-05-17T09:30:50+00:00\" \/>\n<meta property=\"og:image\" content=\"https:\/\/www.asajacyl.com\/palencia\/wp-content\/uploads\/sites\/3\/2022\/11\/SIEMBRA-DIRECTA-TRIGO.jpg\" \/>\n\t<meta property=\"og:image:width\" content=\"2500\" \/>\n\t<meta property=\"og:image:height\" content=\"1875\" \/>\n\t<meta property=\"og:image:type\" content=\"image\/jpeg\" \/>\n<meta name=\"author\" content=\"Administrador\" \/>\n<meta name=\"twitter:card\" content=\"summary_large_image\" \/>\n<meta name=\"twitter:label1\" content=\"Escrito por\" \/>\n\t<meta name=\"twitter:data1\" content=\"Administrador\" \/>\n\t<meta name=\"twitter:label2\" content=\"Tiempo de lectura\" \/>\n\t<meta name=\"twitter:data2\" content=\"2 minutos\" \/>\n<script type=\"application\/ld+json\" class=\"yoast-schema-graph\">{\"@context\":\"https:\/\/schema.org\",\"@graph\":[{\"@type\":\"WebPage\",\"@id\":\"https:\/\/www.asajacyl.com\/palencia\/asaja-palencia-informa\/rebajas-en-los-importes-definitivos-de-algunos-ecorregimenes-de-2023-con-respecto-a-lo-previsto\",\"url\":\"https:\/\/www.asajacyl.com\/palencia\/asaja-palencia-informa\/rebajas-en-los-importes-definitivos-de-algunos-ecorregimenes-de-2023-con-respecto-a-lo-previsto\",\"name\":\"Rebajas en los importes definitivos de algunos ecorreg\u00edmenes de 2023 con respecto a lo previsto - ASAJA Palencia\",\"isPartOf\":{\"@id\":\"https:\/\/www.asajacyl.com\/palencia\/#website\"},\"primaryImageOfPage\":{\"@id\":\"https:\/\/www.asajacyl.com\/palencia\/asaja-palencia-informa\/rebajas-en-los-importes-definitivos-de-algunos-ecorregimenes-de-2023-con-respecto-a-lo-previsto#primaryimage\"},\"image\":{\"@id\":\"https:\/\/www.asajacyl.com\/palencia\/asaja-palencia-informa\/rebajas-en-los-importes-definitivos-de-algunos-ecorregimenes-de-2023-con-respecto-a-lo-previsto#primaryimage\"},\"thumbnailUrl\":\"https:\/\/www.asajacyl.com\/palencia\/wp-content\/uploads\/sites\/3\/2022\/11\/SIEMBRA-DIRECTA-TRIGO.jpg\",\"datePublished\":\"2024-05-17T09:30:47+00:00\",\"dateModified\":\"2024-05-17T09:30:50+00:00\",\"author\":{\"@id\":\"https:\/\/www.asajacyl.com\/palencia\/#\/schema\/person\/3ab17aeb03527485c317557fae64aab1\"},\"description\":\"El Fondo Espa\u00f1ol de Garant\u00eda Agraria (FEGA) ha publicado los importes unitarios definitivos de la campa\u00f1a 2023 para el pago de los ecorreg\u00edmenes, una de\",\"breadcrumb\":{\"@id\":\"https:\/\/www.asajacyl.com\/palencia\/asaja-palencia-informa\/rebajas-en-los-importes-definitivos-de-algunos-ecorregimenes-de-2023-con-respecto-a-lo-previsto#breadcrumb\"},\"inLanguage\":\"es\",\"potentialAction\":[{\"@type\":\"ReadAction\",\"target\":[\"https:\/\/www.asajacyl.com\/palencia\/asaja-palencia-informa\/rebajas-en-los-importes-definitivos-de-algunos-ecorregimenes-de-2023-con-respecto-a-lo-previsto\"]}]},{\"@type\":\"ImageObject\",\"inLanguage\":\"es\",\"@id\":\"https:\/\/www.asajacyl.com\/palencia\/asaja-palencia-informa\/rebajas-en-los-importes-definitivos-de-algunos-ecorregimenes-de-2023-con-respecto-a-lo-previsto#primaryimage\",\"url\":\"https:\/\/www.asajacyl.com\/palencia\/wp-content\/uploads\/sites\/3\/2022\/11\/SIEMBRA-DIRECTA-TRIGO.jpg\",\"contentUrl\":\"https:\/\/www.asajacyl.com\/palencia\/wp-content\/uploads\/sites\/3\/2022\/11\/SIEMBRA-DIRECTA-TRIGO.jpg\",\"width\":2500,\"height\":1875},{\"@type\":\"BreadcrumbList\",\"@id\":\"https:\/\/www.asajacyl.com\/palencia\/asaja-palencia-informa\/rebajas-en-los-importes-definitivos-de-algunos-ecorregimenes-de-2023-con-respecto-a-lo-previsto#breadcrumb\",\"itemListElement\":[{\"@type\":\"ListItem\",\"position\":1,\"name\":\"Portada\",\"item\":\"https:\/\/www.asajacyl.com\/palencia\/\"},{\"@type\":\"ListItem\",\"position\":2,\"name\":\"Rebajas en los importes definitivos de algunos ecorreg\u00edmenes de 2023 con respecto a lo previsto\"}]},{\"@type\":\"WebSite\",\"@id\":\"https:\/\/www.asajacyl.com\/palencia\/#website\",\"url\":\"https:\/\/www.asajacyl.com\/palencia\/\",\"name\":\"ASAJA Palencia\",\"description\":\"Otro sitio m\u00e1s de Provincias ASAJA Castilla y Le\u00f3n\",\"potentialAction\":[{\"@type\":\"SearchAction\",\"target\":{\"@type\":\"EntryPoint\",\"urlTemplate\":\"https:\/\/www.asajacyl.com\/palencia\/?s={search_term_string}\"},\"query-input\":{\"@type\":\"PropertyValueSpecification\",\"valueRequired\":true,\"valueName\":\"search_term_string\"}}],\"inLanguage\":\"es\"},{\"@type\":\"Person\",\"@id\":\"https:\/\/www.asajacyl.com\/palencia\/#\/schema\/person\/3ab17aeb03527485c317557fae64aab1\",\"name\":\"Administrador\",\"image\":{\"@type\":\"ImageObject\",\"inLanguage\":\"es\",\"@id\":\"https:\/\/www.asajacyl.com\/palencia\/#\/schema\/person\/image\/\",\"url\":\"https:\/\/secure.gravatar.com\/avatar\/517384810d242ca9e38c180f3c9fb973?s=96&d=mm&r=g\",\"contentUrl\":\"https:\/\/secure.gravatar.com\/avatar\/517384810d242ca9e38c180f3c9fb973?s=96&d=mm&r=g\",\"caption\":\"Administrador\"},\"url\":\"https:\/\/www.asajacyl.com\/palencia\/author\/carlosrm\"}]}<\/script>\n<!-- \/ Yoast SEO plugin. -->","yoast_head_json":{"title":"Rebajas en los importes definitivos de algunos ecorreg\u00edmenes de 2023 con respecto a lo previsto - ASAJA Palencia","description":"El Fondo Espa\u00f1ol de Garant\u00eda Agraria (FEGA) ha publicado los importes unitarios definitivos de la campa\u00f1a 2023 para el pago de los ecorreg\u00edmenes, una de","robots":{"index":"index","follow":"follow","max-snippet":"max-snippet:-1","max-image-preview":"max-image-preview:large","max-video-preview":"max-video-preview:-1"},"canonical":"https:\/\/www.asajacyl.com\/palencia\/asaja-palencia-informa\/rebajas-en-los-importes-definitivos-de-algunos-ecorregimenes-de-2023-con-respecto-a-lo-previsto","og_locale":"es_ES","og_type":"article","og_title":"Rebajas en los importes definitivos de algunos ecorreg\u00edmenes de 2023 con respecto a lo previsto - ASAJA Palencia","og_description":"El Fondo Espa\u00f1ol de Garant\u00eda Agraria (FEGA) ha publicado los importes unitarios definitivos de la campa\u00f1a 2023 para el pago de los ecorreg\u00edmenes, una de","og_url":"https:\/\/www.asajacyl.com\/palencia\/asaja-palencia-informa\/rebajas-en-los-importes-definitivos-de-algunos-ecorregimenes-de-2023-con-respecto-a-lo-previsto","og_site_name":"ASAJA Palencia","article_published_time":"2024-05-17T09:30:47+00:00","article_modified_time":"2024-05-17T09:30:50+00:00","og_image":[{"width":2500,"height":1875,"url":"https:\/\/www.asajacyl.com\/palencia\/wp-content\/uploads\/sites\/3\/2022\/11\/SIEMBRA-DIRECTA-TRIGO.jpg","type":"image\/jpeg"}],"author":"Administrador","twitter_card":"summary_large_image","twitter_misc":{"Escrito por":"Administrador","Tiempo de lectura":"2 minutos"},"schema":{"@context":"https:\/\/schema.org","@graph":[{"@type":"WebPage","@id":"https:\/\/www.asajacyl.com\/palencia\/asaja-palencia-informa\/rebajas-en-los-importes-definitivos-de-algunos-ecorregimenes-de-2023-con-respecto-a-lo-previsto","url":"https:\/\/www.asajacyl.com\/palencia\/asaja-palencia-informa\/rebajas-en-los-importes-definitivos-de-algunos-ecorregimenes-de-2023-con-respecto-a-lo-previsto","name":"Rebajas en los importes definitivos de algunos ecorreg\u00edmenes de 2023 con respecto a lo previsto - ASAJA Palencia","isPartOf":{"@id":"https:\/\/www.asajacyl.com\/palencia\/#website"},"primaryImageOfPage":{"@id":"https:\/\/www.asajacyl.com\/palencia\/asaja-palencia-informa\/rebajas-en-los-importes-definitivos-de-algunos-ecorregimenes-de-2023-con-respecto-a-lo-previsto#primaryimage"},"image":{"@id":"https:\/\/www.asajacyl.com\/palencia\/asaja-palencia-informa\/rebajas-en-los-importes-definitivos-de-algunos-ecorregimenes-de-2023-con-respecto-a-lo-previsto#primaryimage"},"thumbnailUrl":"https:\/\/www.asajacyl.com\/palencia\/wp-content\/uploads\/sites\/3\/2022\/11\/SIEMBRA-DIRECTA-TRIGO.jpg","datePublished":"2024-05-17T09:30:47+00:00","dateModified":"2024-05-17T09:30:50+00:00","author":{"@id":"https:\/\/www.asajacyl.com\/palencia\/#\/schema\/person\/3ab17aeb03527485c317557fae64aab1"},"description":"El Fondo Espa\u00f1ol de Garant\u00eda Agraria (FEGA) ha publicado los importes unitarios definitivos de la campa\u00f1a 2023 para el pago de los ecorreg\u00edmenes, una de","breadcrumb":{"@id":"https:\/\/www.asajacyl.com\/palencia\/asaja-palencia-informa\/rebajas-en-los-importes-definitivos-de-algunos-ecorregimenes-de-2023-con-respecto-a-lo-previsto#breadcrumb"},"inLanguage":"es","potentialAction":[{"@type":"ReadAction","target":["https:\/\/www.asajacyl.com\/palencia\/asaja-palencia-informa\/rebajas-en-los-importes-definitivos-de-algunos-ecorregimenes-de-2023-con-respecto-a-lo-previsto"]}]},{"@type":"ImageObject","inLanguage":"es","@id":"https:\/\/www.asajacyl.com\/palencia\/asaja-palencia-informa\/rebajas-en-los-importes-definitivos-de-algunos-ecorregimenes-de-2023-con-respecto-a-lo-previsto#primaryimage","url":"https:\/\/www.asajacyl.com\/palencia\/wp-content\/uploads\/sites\/3\/2022\/11\/SIEMBRA-DIRECTA-TRIGO.jpg","contentUrl":"https:\/\/www.asajacyl.com\/palencia\/wp-content\/uploads\/sites\/3\/2022\/11\/SIEMBRA-DIRECTA-TRIGO.jpg","width":2500,"height":1875},{"@type":"BreadcrumbList","@id":"https:\/\/www.asajacyl.com\/palencia\/asaja-palencia-informa\/rebajas-en-los-importes-definitivos-de-algunos-ecorregimenes-de-2023-con-respecto-a-lo-previsto#breadcrumb","itemListElement":[{"@type":"ListItem","position":1,"name":"Portada","item":"https:\/\/www.asajacyl.com\/palencia\/"},{"@type":"ListItem","position":2,"name":"Rebajas en los importes definitivos de algunos ecorreg\u00edmenes de 2023 con respecto a lo previsto"}]},{"@type":"WebSite","@id":"https:\/\/www.asajacyl.com\/palencia\/#website","url":"https:\/\/www.asajacyl.com\/palencia\/","name":"ASAJA Palencia","description":"Otro sitio m\u00e1s de Provincias ASAJA Castilla y Le\u00f3n","potentialAction":[{"@type":"SearchAction","target":{"@type":"EntryPoint","urlTemplate":"https:\/\/www.asajacyl.com\/palencia\/?s={search_term_string}"},"query-input":{"@type":"PropertyValueSpecification","valueRequired":true,"valueName":"search_term_string"}}],"inLanguage":"es"},{"@type":"Person","@id":"https:\/\/www.asajacyl.com\/palencia\/#\/schema\/person\/3ab17aeb03527485c317557fae64aab1","name":"Administrador","image":{"@type":"ImageObject","inLanguage":"es","@id":"https:\/\/www.asajacyl.com\/palencia\/#\/schema\/person\/image\/","url":"https:\/\/secure.gravatar.com\/avatar\/517384810d242ca9e38c180f3c9fb973?s=96&d=mm&r=g","contentUrl":"https:\/\/secure.gravatar.com\/avatar\/517384810d242ca9e38c180f3c9fb973?s=96&d=mm&r=g","caption":"Administrador"},"url":"https:\/\/www.asajacyl.com\/palencia\/author\/carlosrm"}]}},"_links":{"self":[{"href":"https:\/\/www.asajacyl.com\/palencia\/wp-json\/wp\/v2\/posts\/16247"}],"collection":[{"href":"https:\/\/www.asajacyl.com\/palencia\/wp-json\/wp\/v2\/posts"}],"about":[{"href":"https:\/\/www.asajacyl.com\/palencia\/wp-json\/wp\/v2\/types\/post"}],"author":[{"embeddable":true,"href":"https:\/\/www.asajacyl.com\/palencia\/wp-json\/wp\/v2\/users\/9"}],"replies":[{"embeddable":true,"href":"https:\/\/www.asajacyl.com\/palencia\/wp-json\/wp\/v2\/comments?post=16247"}],"version-history":[{"count":1,"href":"https:\/\/www.asajacyl.com\/palencia\/wp-json\/wp\/v2\/posts\/16247\/revisions"}],"predecessor-version":[{"id":16249,"href":"https:\/\/www.asajacyl.com\/palencia\/wp-json\/wp\/v2\/posts\/16247\/revisions\/16249"}],"wp:featuredmedia":[{"embeddable":true,"href":"https:\/\/www.asajacyl.com\/palencia\/wp-json\/wp\/v2\/media\/11773"}],"wp:attachment":[{"href":"https:\/\/www.asajacyl.com\/palencia\/wp-json\/wp\/v2\/media?parent=16247"}],"wp:term":[{"taxonomy":"category","embeddable":true,"href":"https:\/\/www.asajacyl.com\/palencia\/wp-json\/wp\/v2\/categories?post=16247"},{"taxonomy":"post_tag","embeddable":true,"href":"https:\/\/www.asajacyl.com\/palencia\/wp-json\/wp\/v2\/tags?post=16247"}],"curies":[{"name":"wp","href":"https:\/\/api.w.org\/{rel}","templated":true}]}}