{"id":16279,"date":"2024-05-23T09:00:00","date_gmt":"2024-05-23T07:00:00","guid":{"rendered":"https:\/\/www.asajacyl.com\/palencia\/?p=16279"},"modified":"2024-05-21T14:08:02","modified_gmt":"2024-05-21T12:08:02","slug":"el-campo-vota-en-europa","status":"publish","type":"post","link":"https:\/\/www.asajacyl.com\/palencia\/asaja-palencia-informa\/el-campo-vota-en-europa","title":{"rendered":"El campo vota en Europa"},"content":{"rendered":"\n<h2 class=\"wp-block-heading\">DONACIANO DUJO | Presidente de ASAJA-Castilla y Le\u00f3n<\/h2>\n\n\n<div class=\"wp-block-image\">\n<figure class=\"alignright size-large is-resized\"><img loading=\"lazy\" decoding=\"async\" width=\"1024\" height=\"896\" src=\"https:\/\/www.asajacyl.com\/palencia\/wp-content\/uploads\/sites\/3\/2023\/10\/Donaciano-chaleco-sede-1024x896.jpg\" alt=\"\" class=\"wp-image-14501\" style=\"width:533px;height:auto\" srcset=\"https:\/\/www.asajacyl.com\/palencia\/wp-content\/uploads\/sites\/3\/2023\/10\/Donaciano-chaleco-sede-1024x896.jpg 1024w, https:\/\/www.asajacyl.com\/palencia\/wp-content\/uploads\/sites\/3\/2023\/10\/Donaciano-chaleco-sede-300x263.jpg 300w, https:\/\/www.asajacyl.com\/palencia\/wp-content\/uploads\/sites\/3\/2023\/10\/Donaciano-chaleco-sede-768x672.jpg 768w, https:\/\/www.asajacyl.com\/palencia\/wp-content\/uploads\/sites\/3\/2023\/10\/Donaciano-chaleco-sede-1536x1344.jpg 1536w, https:\/\/www.asajacyl.com\/palencia\/wp-content\/uploads\/sites\/3\/2023\/10\/Donaciano-chaleco-sede-696x609.jpg 696w, https:\/\/www.asajacyl.com\/palencia\/wp-content\/uploads\/sites\/3\/2023\/10\/Donaciano-chaleco-sede-1068x935.jpg 1068w, https:\/\/www.asajacyl.com\/palencia\/wp-content\/uploads\/sites\/3\/2023\/10\/Donaciano-chaleco-sede-480x420.jpg 480w, https:\/\/www.asajacyl.com\/palencia\/wp-content\/uploads\/sites\/3\/2023\/10\/Donaciano-chaleco-sede.jpg 1890w\" sizes=\"(max-width: 1024px) 100vw, 1024px\" \/><\/figure><\/div>\n\n\n<p>El pr\u00f3ximo 9 de junio los espa\u00f1oles elegiremos los eurodiputados que nos representar\u00e1n en Bruselas, 61 de un total de 720 que completan el Parlamento Europeo. La participaci\u00f3n a estas elecciones ha sido siempre m\u00e1s baja que en otros comicios. La mayor\u00eda de los ciudadanos dan menos importancia a las europeas que a las municipales, auton\u00f3micas o nacionales, y cuando vota lo suele hacer a su partido de referencia, sin fijarse demasiado qui\u00e9nes van en la lista o qu\u00e9 programa defender\u00e1n. <\/p>\n\n\n\n<p>Y no ser\u00e1 por falta de posibilidades de elegir: son 33 las formaciones que presentan lista, desde los partidos consolidados a agrupaciones de todo tipo, algunas muy alejadas del medio rural y totalmente contrarias a los intereses del sector agr\u00edcola y ganadero.<\/p>\n\n\n\n<p>Esa lejan\u00eda que pueden sentir otros votantes no puede darse en nuestro sector. Las movilizaciones que arrastramos desde 2020, agudizadas este a\u00f1o, tienen mucho que ver con el viraje err\u00f3neo de la pol\u00edtica comunitaria en esta \u00faltima legislatura, que podemos afirmar con rotundidad que para el campo de Castilla y Le\u00f3n ha sido el peor de los \u00faltimos tiempos. En ella se ha puesto en marcha la PAC m\u00e1s compleja e incongruente, con una mara\u00f1a de medidas casi imposibles de llevar a la pr\u00e1ctica en las explotaciones, y con innumerables limitaciones en aras de supuestos beneficios medioambientales o de cualquier otro tipo, muchas veces no probados.<\/p>\n\n\n\n<p><strong>CAMBIO DR\u00c1STICO. <\/strong>Las personas que vamos a elegir el pr\u00f3ximo 9 de junio estar\u00e1n en el meollo de la gestaci\u00f3n de la PAC 2028-2034; ser\u00e1n las que atiendan -o en el peor de los casos ignoren- las reivindicaciones del campo de Castilla y Le\u00f3n y de Espa\u00f1a para que haya un cambio dr\u00e1stico en el rumbo de la pol\u00edtica agraria comunitaria. <\/p>\n\n\n\n<p>Votaremos a los eurodiputados que elegir\u00e1n qui\u00e9n sustentar\u00e1 la presidencia europea y los comisarios. Ser\u00e1 el momento de que se pruebe si han escuchado el grito de los agricultores y ganaderos europeos, que no es otro que basta ya de criminalizarnos y convertir nuestra profesi\u00f3n en un laberinto burocr\u00e1tico, mientras que se da v\u00eda libre a importaciones de terceros pa\u00edses que no cumplen ni de lejos las mismas normas medioambientales, sanitarias, calidad, bienestar animal, ni de condiciones sociales y laborales.<\/p>\n\n\n\n<p>Tal como qued\u00f3 probado durante la pandemia, es necesario proteger la soberan\u00eda alimentaria de la UE para garantizar el abastecimiento, en cantidad y calidad, de la ciudadan\u00eda. Y no puede haber producci\u00f3n sin rentabilidad. <\/p>\n\n\n\n<p>Por ello, basta ya de permitir la entrada masiva de productos que hunden los precios y compiten deslealmente con los nuestros, como sigue ocurriendo con los cereales y oleaginosas ucranios, o la carne de pa\u00edses del Mercosur y Nueva Zelanda, la miel de China o los hort\u00edcolas de Marruecos, acuerdos comerciales en los que se utiliza la agricultura europea como moneda de cambio.<\/p>\n\n\n\n<p>El campo se juega mucho el pr\u00f3ximo 9 de junio: una PAC sensata, que nos permita recuperar la libertad y la ilusi\u00f3n de producir alimentos; un presupuesto suficiente, actualizado a las necesidades actuales y a una UE m\u00e1s grande; unas cl\u00e1usulas espejo que equilibren las relaciones comerciales con otros pa\u00edses&#8230; <\/p>\n\n\n\n<p>Desde ASAJA, animamos a los agricultores a acudir a las urnas. Que revisen los programas electorales y las personas que conforman las listas, porque algunas m\u00e1s que defender al campo lo han crucificado. Y despu\u00e9s, que voten en consecuencia y con responsabilidad.<\/p>\n\n\n\n<blockquote class=\"wp-block-quote is-layout-flow wp-block-quote-is-layout-flow\">\n<p>\u00abel caMPO SE JUEGA MUCHO EL 9 DE JUNIO: UNA PAC SENSATA, QUE NOS PERMITA RECUPERAR LA LIBERTAD Y LA ILUSI\u00d3N DE PRODUCIR ALIMENTOS; un presupuesto suficiente para una Uni\u00f3n europea m\u00e1s grande; unas cla\u00fasulas espejo&#8230;\u00bb<\/p>\n<\/blockquote>\n","protected":false},"excerpt":{"rendered":"<p>DONACIANO DUJO | Presidente de ASAJA-Castilla y Le\u00f3n El pr\u00f3ximo 9 de junio los espa\u00f1oles elegiremos los eurodiputados que nos representar\u00e1n en Bruselas, 61 de un total de 720 que completan el Parlamento Europeo. La participaci\u00f3n a estas elecciones ha sido siempre m\u00e1s baja que en otros comicios. La mayor\u00eda de los ciudadanos dan menos [&hellip;]<\/p>\n","protected":false},"author":9,"featured_media":14501,"comment_status":"open","ping_status":"open","sticky":false,"template":"","format":"standard","meta":{"footnotes":""},"categories":[9,29,30,28],"tags":[58,742,351,890,77,654,45,458,262,891,338,573],"yoast_head":"<!-- This site is optimized with the Yoast SEO plugin v24.5 - https:\/\/yoast.com\/wordpress\/plugins\/seo\/ -->\n<title>El campo vota en Europa - ASAJA Palencia<\/title>\n<meta name=\"description\" content=\"DONACIANO DUJO | Presidente de ASAJA-Castilla y Le\u00f3n El pr\u00f3ximo 9 de junio los espa\u00f1oles elegiremos los eurodiputados que nos representar\u00e1n en Bruselas,\" \/>\n<meta name=\"robots\" content=\"index, follow, max-snippet:-1, max-image-preview:large, max-video-preview:-1\" \/>\n<link rel=\"canonical\" href=\"https:\/\/www.asajacyl.com\/palencia\/asaja-palencia-informa\/el-campo-vota-en-europa\" \/>\n<meta property=\"og:locale\" content=\"es_ES\" \/>\n<meta property=\"og:type\" content=\"article\" \/>\n<meta property=\"og:title\" content=\"El campo vota en Europa - ASAJA Palencia\" \/>\n<meta property=\"og:description\" content=\"DONACIANO DUJO | Presidente de ASAJA-Castilla y Le\u00f3n El pr\u00f3ximo 9 de junio los espa\u00f1oles elegiremos los eurodiputados que nos representar\u00e1n en Bruselas,\" \/>\n<meta property=\"og:url\" content=\"https:\/\/www.asajacyl.com\/palencia\/asaja-palencia-informa\/el-campo-vota-en-europa\" \/>\n<meta property=\"og:site_name\" content=\"ASAJA Palencia\" \/>\n<meta property=\"article:published_time\" content=\"2024-05-23T07:00:00+00:00\" \/>\n<meta property=\"og:image\" content=\"https:\/\/www.asajacyl.com\/palencia\/wp-content\/uploads\/sites\/3\/2023\/10\/Donaciano-chaleco-sede-1024x896.jpg\" \/>\n\t<meta property=\"og:image:width\" content=\"1024\" \/>\n\t<meta property=\"og:image:height\" content=\"896\" \/>\n\t<meta property=\"og:image:type\" content=\"image\/jpeg\" \/>\n<meta name=\"author\" content=\"Administrador\" \/>\n<meta name=\"twitter:card\" content=\"summary_large_image\" \/>\n<meta name=\"twitter:label1\" content=\"Escrito por\" \/>\n\t<meta name=\"twitter:data1\" content=\"Administrador\" \/>\n\t<meta name=\"twitter:label2\" content=\"Tiempo de lectura\" \/>\n\t<meta name=\"twitter:data2\" content=\"4 minutos\" \/>\n<script type=\"application\/ld+json\" class=\"yoast-schema-graph\">{\"@context\":\"https:\/\/schema.org\",\"@graph\":[{\"@type\":\"WebPage\",\"@id\":\"https:\/\/www.asajacyl.com\/palencia\/asaja-palencia-informa\/el-campo-vota-en-europa\",\"url\":\"https:\/\/www.asajacyl.com\/palencia\/asaja-palencia-informa\/el-campo-vota-en-europa\",\"name\":\"El campo vota en Europa - ASAJA Palencia\",\"isPartOf\":{\"@id\":\"https:\/\/www.asajacyl.com\/palencia\/#website\"},\"primaryImageOfPage\":{\"@id\":\"https:\/\/www.asajacyl.com\/palencia\/asaja-palencia-informa\/el-campo-vota-en-europa#primaryimage\"},\"image\":{\"@id\":\"https:\/\/www.asajacyl.com\/palencia\/asaja-palencia-informa\/el-campo-vota-en-europa#primaryimage\"},\"thumbnailUrl\":\"https:\/\/www.asajacyl.com\/palencia\/wp-content\/uploads\/sites\/3\/2023\/10\/Donaciano-chaleco-sede.jpg\",\"datePublished\":\"2024-05-23T07:00:00+00:00\",\"author\":{\"@id\":\"https:\/\/www.asajacyl.com\/palencia\/#\/schema\/person\/3ab17aeb03527485c317557fae64aab1\"},\"description\":\"DONACIANO DUJO | Presidente de ASAJA-Castilla y Le\u00f3n El pr\u00f3ximo 9 de junio los espa\u00f1oles elegiremos los eurodiputados que nos representar\u00e1n en Bruselas,\",\"breadcrumb\":{\"@id\":\"https:\/\/www.asajacyl.com\/palencia\/asaja-palencia-informa\/el-campo-vota-en-europa#breadcrumb\"},\"inLanguage\":\"es\",\"potentialAction\":[{\"@type\":\"ReadAction\",\"target\":[\"https:\/\/www.asajacyl.com\/palencia\/asaja-palencia-informa\/el-campo-vota-en-europa\"]}]},{\"@type\":\"ImageObject\",\"inLanguage\":\"es\",\"@id\":\"https:\/\/www.asajacyl.com\/palencia\/asaja-palencia-informa\/el-campo-vota-en-europa#primaryimage\",\"url\":\"https:\/\/www.asajacyl.com\/palencia\/wp-content\/uploads\/sites\/3\/2023\/10\/Donaciano-chaleco-sede.jpg\",\"contentUrl\":\"https:\/\/www.asajacyl.com\/palencia\/wp-content\/uploads\/sites\/3\/2023\/10\/Donaciano-chaleco-sede.jpg\",\"width\":1890,\"height\":1654},{\"@type\":\"BreadcrumbList\",\"@id\":\"https:\/\/www.asajacyl.com\/palencia\/asaja-palencia-informa\/el-campo-vota-en-europa#breadcrumb\",\"itemListElement\":[{\"@type\":\"ListItem\",\"position\":1,\"name\":\"Portada\",\"item\":\"https:\/\/www.asajacyl.com\/palencia\/\"},{\"@type\":\"ListItem\",\"position\":2,\"name\":\"El campo vota en Europa\"}]},{\"@type\":\"WebSite\",\"@id\":\"https:\/\/www.asajacyl.com\/palencia\/#website\",\"url\":\"https:\/\/www.asajacyl.com\/palencia\/\",\"name\":\"ASAJA Palencia\",\"description\":\"Otro sitio m\u00e1s de Provincias ASAJA Castilla y Le\u00f3n\",\"potentialAction\":[{\"@type\":\"SearchAction\",\"target\":{\"@type\":\"EntryPoint\",\"urlTemplate\":\"https:\/\/www.asajacyl.com\/palencia\/?s={search_term_string}\"},\"query-input\":{\"@type\":\"PropertyValueSpecification\",\"valueRequired\":true,\"valueName\":\"search_term_string\"}}],\"inLanguage\":\"es\"},{\"@type\":\"Person\",\"@id\":\"https:\/\/www.asajacyl.com\/palencia\/#\/schema\/person\/3ab17aeb03527485c317557fae64aab1\",\"name\":\"Administrador\",\"image\":{\"@type\":\"ImageObject\",\"inLanguage\":\"es\",\"@id\":\"https:\/\/www.asajacyl.com\/palencia\/#\/schema\/person\/image\/\",\"url\":\"https:\/\/secure.gravatar.com\/avatar\/517384810d242ca9e38c180f3c9fb973?s=96&d=mm&r=g\",\"contentUrl\":\"https:\/\/secure.gravatar.com\/avatar\/517384810d242ca9e38c180f3c9fb973?s=96&d=mm&r=g\",\"caption\":\"Administrador\"},\"url\":\"https:\/\/www.asajacyl.com\/palencia\/author\/carlosrm\"}]}<\/script>\n<!-- \/ Yoast SEO plugin. -->","yoast_head_json":{"title":"El campo vota en Europa - ASAJA Palencia","description":"DONACIANO DUJO | Presidente de ASAJA-Castilla y Le\u00f3n El pr\u00f3ximo 9 de junio los espa\u00f1oles elegiremos los eurodiputados que nos representar\u00e1n en Bruselas,","robots":{"index":"index","follow":"follow","max-snippet":"max-snippet:-1","max-image-preview":"max-image-preview:large","max-video-preview":"max-video-preview:-1"},"canonical":"https:\/\/www.asajacyl.com\/palencia\/asaja-palencia-informa\/el-campo-vota-en-europa","og_locale":"es_ES","og_type":"article","og_title":"El campo vota en Europa - ASAJA Palencia","og_description":"DONACIANO DUJO | Presidente de ASAJA-Castilla y Le\u00f3n El pr\u00f3ximo 9 de junio los espa\u00f1oles elegiremos los eurodiputados que nos representar\u00e1n en Bruselas,","og_url":"https:\/\/www.asajacyl.com\/palencia\/asaja-palencia-informa\/el-campo-vota-en-europa","og_site_name":"ASAJA Palencia","article_published_time":"2024-05-23T07:00:00+00:00","og_image":[{"width":1024,"height":896,"url":"https:\/\/www.asajacyl.com\/palencia\/wp-content\/uploads\/sites\/3\/2023\/10\/Donaciano-chaleco-sede-1024x896.jpg","type":"image\/jpeg"}],"author":"Administrador","twitter_card":"summary_large_image","twitter_misc":{"Escrito por":"Administrador","Tiempo de lectura":"4 minutos"},"schema":{"@context":"https:\/\/schema.org","@graph":[{"@type":"WebPage","@id":"https:\/\/www.asajacyl.com\/palencia\/asaja-palencia-informa\/el-campo-vota-en-europa","url":"https:\/\/www.asajacyl.com\/palencia\/asaja-palencia-informa\/el-campo-vota-en-europa","name":"El campo vota en Europa - ASAJA Palencia","isPartOf":{"@id":"https:\/\/www.asajacyl.com\/palencia\/#website"},"primaryImageOfPage":{"@id":"https:\/\/www.asajacyl.com\/palencia\/asaja-palencia-informa\/el-campo-vota-en-europa#primaryimage"},"image":{"@id":"https:\/\/www.asajacyl.com\/palencia\/asaja-palencia-informa\/el-campo-vota-en-europa#primaryimage"},"thumbnailUrl":"https:\/\/www.asajacyl.com\/palencia\/wp-content\/uploads\/sites\/3\/2023\/10\/Donaciano-chaleco-sede.jpg","datePublished":"2024-05-23T07:00:00+00:00","author":{"@id":"https:\/\/www.asajacyl.com\/palencia\/#\/schema\/person\/3ab17aeb03527485c317557fae64aab1"},"description":"DONACIANO DUJO | Presidente de ASAJA-Castilla y Le\u00f3n El pr\u00f3ximo 9 de junio los espa\u00f1oles elegiremos los eurodiputados que nos representar\u00e1n en Bruselas,","breadcrumb":{"@id":"https:\/\/www.asajacyl.com\/palencia\/asaja-palencia-informa\/el-campo-vota-en-europa#breadcrumb"},"inLanguage":"es","potentialAction":[{"@type":"ReadAction","target":["https:\/\/www.asajacyl.com\/palencia\/asaja-palencia-informa\/el-campo-vota-en-europa"]}]},{"@type":"ImageObject","inLanguage":"es","@id":"https:\/\/www.asajacyl.com\/palencia\/asaja-palencia-informa\/el-campo-vota-en-europa#primaryimage","url":"https:\/\/www.asajacyl.com\/palencia\/wp-content\/uploads\/sites\/3\/2023\/10\/Donaciano-chaleco-sede.jpg","contentUrl":"https:\/\/www.asajacyl.com\/palencia\/wp-content\/uploads\/sites\/3\/2023\/10\/Donaciano-chaleco-sede.jpg","width":1890,"height":1654},{"@type":"BreadcrumbList","@id":"https:\/\/www.asajacyl.com\/palencia\/asaja-palencia-informa\/el-campo-vota-en-europa#breadcrumb","itemListElement":[{"@type":"ListItem","position":1,"name":"Portada","item":"https:\/\/www.asajacyl.com\/palencia\/"},{"@type":"ListItem","position":2,"name":"El campo vota en Europa"}]},{"@type":"WebSite","@id":"https:\/\/www.asajacyl.com\/palencia\/#website","url":"https:\/\/www.asajacyl.com\/palencia\/","name":"ASAJA Palencia","description":"Otro sitio m\u00e1s de Provincias ASAJA Castilla y Le\u00f3n","potentialAction":[{"@type":"SearchAction","target":{"@type":"EntryPoint","urlTemplate":"https:\/\/www.asajacyl.com\/palencia\/?s={search_term_string}"},"query-input":{"@type":"PropertyValueSpecification","valueRequired":true,"valueName":"search_term_string"}}],"inLanguage":"es"},{"@type":"Person","@id":"https:\/\/www.asajacyl.com\/palencia\/#\/schema\/person\/3ab17aeb03527485c317557fae64aab1","name":"Administrador","image":{"@type":"ImageObject","inLanguage":"es","@id":"https:\/\/www.asajacyl.com\/palencia\/#\/schema\/person\/image\/","url":"https:\/\/secure.gravatar.com\/avatar\/517384810d242ca9e38c180f3c9fb973?s=96&d=mm&r=g","contentUrl":"https:\/\/secure.gravatar.com\/avatar\/517384810d242ca9e38c180f3c9fb973?s=96&d=mm&r=g","caption":"Administrador"},"url":"https:\/\/www.asajacyl.com\/palencia\/author\/carlosrm"}]}},"_links":{"self":[{"href":"https:\/\/www.asajacyl.com\/palencia\/wp-json\/wp\/v2\/posts\/16279"}],"collection":[{"href":"https:\/\/www.asajacyl.com\/palencia\/wp-json\/wp\/v2\/posts"}],"about":[{"href":"https:\/\/www.asajacyl.com\/palencia\/wp-json\/wp\/v2\/types\/post"}],"author":[{"embeddable":true,"href":"https:\/\/www.asajacyl.com\/palencia\/wp-json\/wp\/v2\/users\/9"}],"replies":[{"embeddable":true,"href":"https:\/\/www.asajacyl.com\/palencia\/wp-json\/wp\/v2\/comments?post=16279"}],"version-history":[{"count":3,"href":"https:\/\/www.asajacyl.com\/palencia\/wp-json\/wp\/v2\/posts\/16279\/revisions"}],"predecessor-version":[{"id":16282,"href":"https:\/\/www.asajacyl.com\/palencia\/wp-json\/wp\/v2\/posts\/16279\/revisions\/16282"}],"wp:featuredmedia":[{"embeddable":true,"href":"https:\/\/www.asajacyl.com\/palencia\/wp-json\/wp\/v2\/media\/14501"}],"wp:attachment":[{"href":"https:\/\/www.asajacyl.com\/palencia\/wp-json\/wp\/v2\/media?parent=16279"}],"wp:term":[{"taxonomy":"category","embeddable":true,"href":"https:\/\/www.asajacyl.com\/palencia\/wp-json\/wp\/v2\/categories?post=16279"},{"taxonomy":"post_tag","embeddable":true,"href":"https:\/\/www.asajacyl.com\/palencia\/wp-json\/wp\/v2\/tags?post=16279"}],"curies":[{"name":"wp","href":"https:\/\/api.w.org\/{rel}","templated":true}]}}